{"id":13940,"date":"2018-05-24T13:15:32","date_gmt":"2018-05-24T11:15:32","guid":{"rendered":"http:\/\/www.cklcomunicaciones.es\/?p=13940"},"modified":"2025-01-17T16:40:50","modified_gmt":"2025-01-17T15:40:50","slug":"noticias-info-ckl-no-2-134-24-05-18","status":"publish","type":"post","link":"https:\/\/cklcomunicaciones.es\/coop\/noticias-info-ckl-no-2-134-24-05-18\/","title":{"rendered":"Noticias Info CKL n\u00ba 2.134-24\/05\/18"},"content":{"rendered":"<div id=\"pl-13940\"  class=\"panel-layout\" >\n<div id=\"pg-13940-0\"  class=\"panel-grid panel-no-style\"  data-style=\"{&quot;background_display&quot;:&quot;tile&quot;,&quot;lsow_dark_bg&quot;:&quot;&quot;,&quot;cell_alignment&quot;:&quot;flex-start&quot;}\" >\n<div id=\"pgc-13940-0-0\"  class=\"panel-grid-cell\"  data-weight=\"1\" >\n<div id=\"panel-13940-0-0-0\" class=\"so-panel widget widget_sow-editor panel-first-child panel-last-child\" data-index=\"0\" data-style=\"{&quot;background_image_attachment&quot;:false,&quot;background_display&quot;:&quot;tile&quot;}\" >\n<div class=\"so-widget-sow-editor so-widget-sow-editor-base\">\n<div class=\"siteorigin-widget-tinymce textwidget\">\n<p><img decoding=\"async\" class=\"lazyload  wp-image-13726\" src=\"http:\/\/www.cklcomunicaciones.es\/wp-content\/uploads\/2018\/03\/CKL_comunicacion-con-perspetiva-de-genero-300x300.jpg\" data-orig-src=\"http:\/\/www.cklcomunicaciones.es\/wp-content\/uploads\/2018\/03\/CKL_comunicacion-con-perspetiva-de-genero-300x300.jpg\" alt=\"CKL_comunicacion con perspetiva de genero\" width=\"132\" height=\"132\" srcset=\"data:image\/svg+xml,%3Csvg%20xmlns%3D%27http%3A%2F%2Fwww.w3.org%2F2000%2Fsvg%27%20width%3D%27132%27%20height%3D%27132%27%20viewBox%3D%270%200%20132%20132%27%3E%3Crect%20width%3D%27132%27%20height%3D%27132%27%20fill-opacity%3D%220%22%2F%3E%3C%2Fsvg%3E\" data-srcset=\"https:\/\/cklcomunicaciones.es\/coop\/wp-content\/uploads\/2018\/03\/CKL_comunicacion-con-perspetiva-de-genero-150x150.jpg 150w, https:\/\/cklcomunicaciones.es\/coop\/wp-content\/uploads\/2018\/03\/CKL_comunicacion-con-perspetiva-de-genero-300x300.jpg 300w, https:\/\/cklcomunicaciones.es\/coop\/wp-content\/uploads\/2018\/03\/CKL_comunicacion-con-perspetiva-de-genero-450x450.jpg 450w, https:\/\/cklcomunicaciones.es\/coop\/wp-content\/uploads\/2018\/03\/CKL_comunicacion-con-perspetiva-de-genero.jpg 500w\" data-sizes=\"auto\" data-orig-sizes=\"(max-width: 132px) 100vw, 132px\" \/><\/p>\n<p tabindex=\"-1\" data-thread-perm-id=\"162ce27a51932733\" data-legacy-thread-id=\"162ce27a51932733\"><strong>Espa\u00f1a sigue obviando la ley de igualdad en las embajadas: hay 14 mujeres frente a 102 hombres-Fred Vargas, Premio Princesa de Asturias de las Letras-Suecia considerar\u00e1 violaci\u00f3n cualquier acto sexual sin consentimiento<\/strong><\/p>\n<p>[toggle type=\u00bbfirst\u00bb title=\u00bbComunicaci\u00f3n\u00bb]<\/p>\n<p><a href=\"http:\/\/www.elmundo.es\/economia\/empresas\/2018\/05\/24\/5b0686a7468aebdc1a8b45f6.html\">La periodista de El Mundo Raquel Villa\u00e9cija, Premio ACES<\/a> \u2013 El Mundo<\/p>\n<p><a href=\"http:\/\/www.publico.es\/tremending\/2018\/05\/23\/las-mujeres-de-rtve-vuelven-a-la-carga-y-denuncian-que-el-programa-la-manana-no-ha-contado-la-detencion-de-zaplana\/\">Las mujeres de RTVE denuncian que el programa &#8216;La Ma\u00f1ana&#8217; no cont\u00f3 la detenci\u00f3n de Zaplana<\/a> &#8211; P\u00fablico<\/p>\n<p><a href=\"http:\/\/www.publico.es\/sociedad\/conferencia-ataques-libertad-expresion-europa.html\">Ana Pardo de Vera, directora de P\u00fablico, participa en Bruselas en una conferencia sobre los ataques a la libertad de expresi\u00f3n en Europa<\/a> &#8211; P\u00fablico<\/p>\n<p><a href=\"http:\/\/www.marca.com\/baloncesto\/mundial-femenino\/2018\/05\/23\/5b0573b022601d24788b4636.html\">Marca ser\u00e1 el diario oficial de la selecci\u00f3n femenina de Baloncesto en el Mundial<\/a> &#8211; Marca.com<\/p>\n<p><a href=\"https:\/\/elpais.com\/economia\/2018\/05\/22\/actualidad\/1527003631_400767.html\">Mar Espa\u00f1a, Directora de la Agencia Espa\u00f1ola de Protecci\u00f3n de Datos: \u201c Seremos beligerantes con todas las redes sociales\u201d<\/a> \u2013 El Pa\u00eds<\/p>\n<p><a href=\"https:\/\/www.elperiodico.com\/es\/sociedad\/20180523\/facebook-igualdad-mujeres-gitanas-6835295\">Facebook defiende la igualdad de las gitanas<\/a> &#8211; El Peri\u00f3dico<\/p>\n<p><a href=\"https:\/\/www.cnet.com\/es\/noticias\/frida-kahlo-mexico-google-arts-culture\/\">Google pone las obras de <em>arte<\/em> de Frida Kahlo en la palma de tu mano<\/a> &#8211; CNET en Espa\u00f1ol<\/p>\n<p><a href=\"http:\/\/www.elmundo.es\/tecnologia\/2018\/05\/24\/5b066fa422601d6e568b4584.html\">El buscador de empleo de Google llega a Espa\u00f1a<\/a> \u2013 El Mundo<\/p>\n<p>[\/toggle]<\/p>\n<p>[toggle type=\u00bbfirst\u00bb title=\u00bbAndaluc\u00eda\u00bb]<\/p>\n<p><strong>Institucional<\/strong><\/p>\n<p><a href=\"http:\/\/www.juntadeandalucia.es\/presidencia\/portavoz\/133022\/SusanaDiaz\/JuntadeAndalucia\/segundamodernizacion\/PremiosDiadelaProvincia\/DiputaciondeSevilla\">Susana D\u00edaz defiende que Andaluc\u00eda reciba la \u00aboportunidad hist\u00f3rica\u00bb que merece<\/a> \u2013 Oficina del Portavoz<\/p>\n<p><strong>Econom\u00eda y Empresas<\/strong><\/p>\n<p><a href=\"http:\/\/www.motrildigital.com\/70-las-empleadas-del-hogar-inmigrantes\/\">El 70% de las empleadas del hogar son inmigrantes<\/a> &#8211; Motril@Digital<\/p>\n<p><a href=\"http:\/\/www.huelvainformacion.es\/provincia\/Acuerdan-medidas-garantizar-derechos-temporeras_0_1248175416.html\">Acuerdan medidas para garantizar los derechos de las temporeras<\/a> &#8211; Huelva Informaci\u00f3n<\/p>\n<p><a href=\"http:\/\/elcorreoweb.es\/economia\/un-andaluz-necesita-trabajar-22-meses-para-cobrar-lo-mismo-que-un-aleman-DY4199335\">Un andaluz necesita trabajar 22 meses para cobrar lo mismo que un alem\u00e1n<\/a> \u2013 El Correo de Andaluc\u00eda<\/p>\n<p><a href=\"http:\/\/www.mujeremprendedora.net\/camara-comercio-sevilla-ayuda-4-950-euros-empresas-contraten-menores-30-anos\/\">La C\u00e1mara de Comercio de Sevilla ayuda con 4.950 euros a las empresas que contraten a menores de 30 a\u00f1os<\/a> \u2013 Mujeremprendedora.net<\/p>\n<p><strong>Actualidad<\/strong><\/p>\n<p><a href=\"https:\/\/www.google.com\/url?sa=t&amp;rct=j&amp;q=&amp;esrc=s&amp;source=newssearch&amp;cd=59&amp;ved=0ahUKEwiwr-qIj57bAhVJPFAKHcm4BlM4MhCpAgg-KAAwCA&amp;url=http%3A%2F%2Fwww.europapress.es%2Fesandalucia%2Fsevilla%2Fnoticia-consejeria-salud-presenta-jornadas-corazonadas-vida-concienciar-mujer-sintomas-infarto-20180523150510.html&amp;usg=AOvVaw0sLdE5XexGzRUzTxbXBpof\">Consejer\u00eda de Salud presenta las jornadas &#8216;Corazonadas de Vida\u201d para concienciar &#8230;<\/a> &#8211; Europa Press<\/p>\n<p><a href=\"https:\/\/www.google.com\/url?rct=j&amp;sa=t&amp;url=http:\/\/www.diariojaen.es\/provincia\/mujeres-jiennenses-que-se-unen-para-perder-el-miedo-JJ4182964&amp;ct=ga&amp;cd=CAEYACoUMTExMTA3NTIxNDIxNzE1OTIxNTgyGWMwMzcyZWJjMmZlYWRhNTk6ZXM6ZXM6RVM&amp;usg=AFQjCNGC1qr2Jvxzbh6pqadtjmzy2D3xIA\">Mujeres jiennenses que se unen para \u201cperder el miedo\u201d <\/a>&#8211; Diario Ja\u00e9n<\/p>\n<p><strong>Violencias<\/strong><\/p>\n<p><a href=\"https:\/\/www.google.com\/url?sa=t&amp;rct=j&amp;q=&amp;esrc=s&amp;source=newssearch&amp;cd=37&amp;ved=0ahUKEwjQosCpkp7bAhVQJVAKHeZkDtY4HhCpAgg3KAAwBg&amp;url=http%3A%2F%2Fwww.sevillaactualidad.com%2Fsevilla%2F95043-inician-la-red-de-espacios-libres-de-violencia-de-genero%2F&amp;usg=AOvVaw3_GpgEKLVvu7byQsRwxXD5\">M\u00e1s de 50 asociaciones formar\u00e1n la Red de Espacios Libres de Violencia &#8230;<\/a> &#8211; Sevilla Actualidad<\/p>\n<p><a href=\"https:\/\/www.google.com\/url?rct=j&amp;sa=t&amp;url=http:\/\/www.diariojaen.es\/provincia\/martos\/los-jovenes-reciben-formacion-contra-las-agresiones-sexuales-DI4183162&amp;ct=ga&amp;cd=CAEYACoTNjg1MDg1OTAxOTkxNDk5Mjk2NDIZM2FkOWUwNWFiOGY2MzczYTplczplczpFUw&amp;usg=AFQjCNGbnfzmi8ahH3UIzbOQ0fHjQxF3jg\">Los j\u00f3venes reciben formaci\u00f3n contra las agresiones sexuales <\/a>&#8211; Diario Ja\u00e9n<\/p>\n<p><a href=\"https:\/\/www.google.com\/url?sa=t&amp;rct=j&amp;q=&amp;esrc=s&amp;source=newssearch&amp;cd=93&amp;ved=0ahUKEwjVkrjhjp7bAhUPmbQKHca7AFU4WhCpAggsKAAwAg&amp;url=http%3A%2F%2Fwww.diariocordoba.com%2Fnoticias%2Ftemadia%2Fmujeres-ya-no-callan_1227452.html&amp;usg=AOvVaw3baz0I7T9v_wU5vJkUNTRv\">Las mujeres ya no callan<\/a> &#8211; Diario C\u00f3rdoba<\/p>\n<p><a href=\"https:\/\/www.google.com\/url?sa=t&amp;rct=j&amp;q=&amp;esrc=s&amp;source=newssearch&amp;cd=14&amp;ved=0ahUKEwiVieKlk57bAhUBZVAKHbWyA9I4ChCpAggvKAAwAw&amp;url=https%3A%2F%2Fwww.20minutos.es%2Fnoticia%2F3348370%2F0%2Ftribunal-jurado-enjuiciara-al-investigado-por-crimen-machista-huercal-almeria%2F&amp;usg=AOvVaw22Ch7GOn7_bhld9-MBXkXW\">Un tribunal de jurado enjuiciar\u00e1 al investigado por el crimen machista &#8230;<\/a>&#8211; <a href=\"http:\/\/20minutos.es\">20minutos.es<\/a><\/p>\n<p><strong>Ciencia y Cultura<\/strong><\/p>\n<p><a href=\"https:\/\/www.elmira.es\/24\/05\/2018\/objetivo-recuperar-a-las-mujeres-cientificas-de-la-historia\/\">Objetivo: Recuperar a las cient\u00edficas de la historia<\/a> \u2013 El Mira<\/p>\n<p><a href=\"https:\/\/www.google.com\/url?sa=t&amp;rct=j&amp;q=&amp;esrc=s&amp;source=newssearch&amp;cd=5&amp;ved=0ahUKEwjdn5CTjJ7bAhVNalAKHbUUBOUQqQIIMigAMAQ&amp;url=https%3A%2F%2Fwww.lavozdelsur.es%2Fecofeminismo-mujeres-en-el-sindicalismo-y-en-politica-en-un-seminario-internacional-en-el-campus-de-jerez%2F&amp;usg=AOvVaw2iO2CD1DP_3kJ0zPOqZtgs\">Ecofeminismo, mujeres en el sindicalismo y en pol\u00edtica, en un Seminario Internacional en el Campus de Jerez&#8230;<\/a> &#8211; La Voz del Sur<\/p>\n<p><strong>Deporte<\/strong><\/p>\n<p><a href=\"https:\/\/www.google.com\/url?sa=t&amp;rct=j&amp;q=&amp;esrc=s&amp;source=newssearch&amp;cd=9&amp;ved=0ahUKEwj0ivPqj57bAhUEPVAKHWUkAU0QqQIIPigAMAg&amp;url=http%3A%2F%2Fwww.ideal.es%2Fgranada%2Fcosta%2Fprimera-piloto-bull-20180524235435-ntvo.html&amp;usg=AOvVaw2izassnyNmUeK4OWyEbOCH\">La primera piloto de Red Bull, M\u00e9lanie Astles, volar\u00e1 en el XIII Festival A\u00e9reo de Motril<\/a> &#8211; Ideal Digital<\/p>\n<p><a href=\"http:\/\/cadenaser.com\/emisora\/2018\/05\/23\/radio_ubeda\/1527101986_992325.html\">Aplazado el I Gran Premio de Andaluc\u00eda &#8216;Mujeres y Deporte&#8217; de tiro con arco al segundo fin de semana de agosto&#8230;<\/a> &#8211; Cadena SER<\/p>\n<p>[\/toggle]<\/p>\n<p>[toggle type=\u00bbfirst\u00bb title=\u00bbEstado\u00bb]<\/p>\n<p><strong>Institucional-CCAA<\/strong><\/p>\n<p><a href=\"https:\/\/www.google.com\/url?rct=j&amp;sa=t&amp;url=http:\/\/www.lacerca.com\/noticias\/castilla_la_mancha\/gobierno-regional-cooperativas-mujeres-formula-fomentar-autoempleo-femenino-422031-1.html&amp;ct=ga&amp;cd=CAEYACoTNTc1MzU2MDM0NzIwOTM3MjU2MTIZYzAzNzJlYmMyZmVhZGE1OTplczplczpFUw&amp;usg=AFQjCNFkR_jp-Itc9hcmIgLR4JxsScN5Lg\">El Gobierno de CLM se\u00f1ala a las cooperativas de mujeres como f\u00f3rmula para fomentar el \u2026 <\/a>&#8211; La Cerca<\/p>\n<p><a href=\"https:\/\/www.google.com\/url?rct=j&amp;sa=t&amp;url=https:\/\/www.regiondigital.com\/noticias\/portada\/294291-imex-anima-a-las-mujeres-con-discapacidad-intelectual-a-crear-asociaciones-para-participar.html&amp;ct=ga&amp;cd=CAEYACoTODIyMTMxNzUzNDM5NTIzNTU4NTIZYzAzNzJlYmMyZmVhZGE1OTplczplczpFUw&amp;usg=AFQjCNEjRKdaPv-ZT8HJnezsB5JkyyPJAA\">IMEX anima a las mujeres con discapacidad intelectual a crear asociaciones para participar <\/a>&#8211; Regi\u00f3n Digital<\/p>\n<p><a href=\"https:\/\/www.google.com\/url?rct=j&amp;sa=t&amp;url=http:\/\/agencias.abc.es\/agencias\/noticia.asp%3Fnoticia%3D2825567&amp;ct=ga&amp;cd=CAEYBCoTMTI4Nzk2MjA2MDg2OTg5OTg5MjIZYzAzNzJlYmMyZmVhZGE1OTplczplczpFUw&amp;usg=AFQjCNHRkl5Uw70zv7HR0JV7Dkw2Nvqt5Q\">Comercios de Catalu\u00f1a difundir\u00e1n el tel\u00e9fono de atenci\u00f3n violencia machista <\/a>&#8211; Abc.es<strong>\u00a0<\/strong><\/p>\n<p><strong>Econom\u00eda y Empresa<\/strong><\/p>\n<p><a href=\"http:\/\/www.elmundo.es\/blogs\/elmundo\/extrarosa\/2018\/05\/23\/ana-patricia-botin-el-feminismo-entra-en.html\">Ana Patricia Bot\u00edn: el feminismo entra en la gran banca<\/a> \u2013 El Mundo<\/p>\n<p><a href=\"http:\/\/www.mujeremprendedora.net\/lola-merino-las-mujeres-rurales-debemos-ser-valientes-para-emprender\/\">Lola Merino, Presidenta de AMFAR: \u201clas mujeres rurales debemos ser valientes para emprender\u201d<\/a> \u2013 Mujeremprendedora.net<\/p>\n<p><a href=\"http:\/\/www.mujeremprendedora.net\/salario-medio-espanoles-361-euros-inferior-union-europea-segun-adecco\/\">El salario medio de los espa\u00f1oles es 361 euros inferior al de la UE, seg\u00fan Adecco<\/a> \u2013 Mujeremprendedora.net<\/p>\n<p><a href=\"https:\/\/www.google.com\/url?sa=t&amp;rct=j&amp;q=&amp;esrc=s&amp;source=newssearch&amp;cd=30&amp;ved=0ahUKEwiq8eeMkp7bAhWEIVAKHesaCLQ4FBCpAghBKAAwCQ&amp;url=http%3A%2F%2Fwww.europapress.es%2Fsociedad%2Fnoticia-novedades-sociales-pge-2018-permisos-paternidad-mas-fondos-violencia-machista-baja-iva-dependencia-20180523203305.html&amp;usg=AOvVaw0kNGrGB6k023kKkysO_phu\">Novedades sociales en PGE 2018: Permisos de paternidad, m\u00e1s fondos para violencia y baja el IVA en dependencia &#8230;<\/a>&#8211; Europa Press<\/p>\n<p><strong>Actualidad<\/strong><\/p>\n<p><a href=\"https:\/\/www.google.com\/url?rct=j&amp;sa=t&amp;url=https:\/\/www.eldiario.es\/sociedad\/diplomacia-hombres-frente-embajada-embajadores_0_774472928.html&amp;ct=ga&amp;cd=CAEYACoTNzU4NjU1MDAzODYxMzkzMjg0ODIZYzAzNzJlYmMyZmVhZGE1OTplczplczpFUw&amp;usg=AFQjCNG93Ga0byKhLfnqBid9cBEuB1CZ5Q\">Espa\u00f1a sigue obviando la ley de igualdad en las embajadas: hay 14 mujeres frente a 102 hombres <\/a>&#8211; <a href=\"http:\/\/eldiario.es\">eldiario.es<\/a><\/p>\n<p><a href=\"https:\/\/www.google.com\/url?sa=t&amp;rct=j&amp;q=&amp;esrc=s&amp;source=newssearch&amp;cd=86&amp;ved=0ahUKEwiBnNe3jp7bAhWLKFAKHQ86DTM4UBCpAgg1KAAwBQ&amp;url=http%3A%2F%2Fwww.rtve.es%2Fradio%2F20180523%2Fnace-digitalizadas-formacion-mujeres-alfabetizacion-digital-empleabilidad%2F1738294.shtml&amp;usg=AOvVaw1qeeOLQo1aPwn3pnsFbaqz\">Nace Digitalizadas, formaci\u00f3n a <em>mujeres<\/em> en alfabetizaci\u00f3n digital y &#8230;<\/a> &#8211; RTVE<\/p>\n<p><a href=\"https:\/\/elpais.com\/elpais\/2018\/05\/23\/mamas_papas\/1527074010_334774.html\">\u00bfPor qu\u00e9 hay mujeres que prefieren alargar el permiso maternal a igualar el paternal?<\/a> \u2013 El Pa\u00eds<\/p>\n<p><a href=\"http:\/\/www.mujeremprendedora.net\/silvia-gil-premio-mujer-lider-2018-de-aliter\/\">Silvia Gil, Premio Mujer L\u00edder 2018 de Aliter<\/a>\u2013 Mujeremprendedora.net<\/p>\n<p><a href=\"https:\/\/www.google.com\/url?sa=t&amp;rct=j&amp;q=&amp;esrc=s&amp;source=newssearch&amp;cd=1&amp;ved=0ahUKEwibtfvfjZ7bAhXQI1AKHa5kBssQqQIIJygAMAA&amp;url=http%3A%2F%2Fwww.infosalus.com%2Fmujer%2Fnoticia-diabetes-aumenta-72-riesgo-muerte-despues-ictus-mujeres-20180524120150.html&amp;usg=AOvVaw3cdjhvK_94fzpw8is-OlyJ\">La diabetes aumenta un 72% el riesgo de muerte despu\u00e9s de un ictus en mujeres &#8230;<\/a> &#8211; <a href=\"http:\/\/infosalus.com\">infosalus.com<\/a><\/p>\n<p><a href=\"https:\/\/www.google.com\/url?sa=t&amp;rct=j&amp;q=&amp;esrc=s&amp;source=newssearch&amp;cd=3&amp;ved=0ahUKEwiJxo2VlZ7bAhXRfFAKHXSfAyIQqQIILygAMAI&amp;url=https%3A%2F%2Fblogs.20minutos.es%2Fmas-de-la-mitad%2F2018%2F05%2F24%2Fel-feministrometro%2F&amp;usg=AOvVaw1Fv1jC_aM6I2v8Dwpv0aJX\">El feministr\u00f3metro<\/a> &#8211; <a href=\"http:\/\/20minutos.es\">20minutos.es<\/a><\/p>\n<p><strong>Violencias<\/strong><\/p>\n<p><a href=\"https:\/\/www.google.com\/url?rct=j&amp;sa=t&amp;url=http:\/\/www.rtve.es\/noticias\/20180523\/campana-sin-eufemismos-dirigida-hombres-si-has-hecho-algo-esto-has-cometido-violencia-sexual\/1738740.shtml&amp;ct=ga&amp;cd=CAEYAyoTMTI4Nzk2MjA2MDg2OTg5OTg5MjIZYzAzNzJlYmMyZmVhZGE1OTplczplczpFUw&amp;usg=AFQjCNEsNvzhM1qd88du5Z4lRKWRkgClvg\">Una campa\u00f1a sin eufemismos dirigida a los hombres: \u00abSi has hecho algo de esto, has cometido violencia sexual&#8230; <\/a>&#8211; Rtve<\/p>\n<p><strong>Ciencia y Cultura<\/strong><\/p>\n<p><a href=\"https:\/\/www.google.com\/url?sa=t&amp;rct=j&amp;q=&amp;esrc=s&amp;source=newssearch&amp;cd=1&amp;ved=0ahUKEwjJ5Y-Olp7bAhUGKFAKHSIdCyQQqQIIJygAMAA&amp;url=https%3A%2F%2Fwww.infolibre.es%2Fnoticias%2Fcultura%2F2018%2F05%2F24%2Fla_escritora_francesa_fred_vargas_premio_princesa_asturias_las_letras_2018_83182_1026.html&amp;usg=AOvVaw2pObsmEUluFZJmkXupslVH\">La escritora francesa Fred Vargas, Premio Princesa de Asturias de las Letras\u2026<\/a> &#8211; infoLibre<\/p>\n<p><a href=\"http:\/\/www.librujula.com\/entrevistas\/2150-simone-de-beauvoir-era-mejor-novelista-que-sartre\">Carmen Garc\u00eda de la Cueva, \u201cSimone de Beauvoir era mejor novelista que Sartre\u00bb<\/a> &#8211; P\u00fablico<\/p>\n<p><a href=\"https:\/\/www.google.com\/url?sa=t&amp;rct=j&amp;q=&amp;esrc=s&amp;source=newssearch&amp;cd=29&amp;ved=0ahUKEwjR18WQjZ7bAhUMKVAKHUq3Dik4FBCpAgg-KAAwCA&amp;url=https%3A%2F%2Fwww.yorokobu.es%2Fpaula-bonet-cartel-feria-libro%2F&amp;usg=AOvVaw2aPnRtKo-AkmWhl93fq41F\">Paula Bonet homenajea a las mujeres &#8216;despertadoras&#8217; en el cartel de la Feria del Libro de Madrid &#8230;<\/a> &#8211; Yorokobu<\/p>\n<p><a href=\"http:\/\/www.deia.eus\/2018\/05\/23\/ocio-y-cultura\/cultura\/grupos-feministas-denuncian-la-escasa-presencia-de-mujeres-en-el-azkena-rock\">Grupos feministas denuncian la escasa presencia de mujeres en el Azkena Rock&#8230;<\/a> &#8211; Deia<\/p>\n<p><strong>Deporte<\/strong><\/p>\n<p><a href=\"https:\/\/www.google.com\/url?rct=j&amp;sa=t&amp;url=http:\/\/www.laopiniondemurcia.es\/deportes\/2018\/05\/23\/murciana-martinez-madrona-primera-mujer\/924585.html&amp;ct=ga&amp;cd=CAEYBCoTOTE0MDc1NzA5NTgwNTkzMzIxMzIZYzAzNzJlYmMyZmVhZGE1OTplczplczpFUw&amp;usg=AFQjCNFuaTP0AvoN2QNTx5VciOObzVvTUg\">La murciana Mart\u00ednez Madrona, primera mujer en la directiva de la Federaci\u00f3n Espa\u00f1ola de Futbol \u2026- <\/a>La Opini\u00f3n de Murcia<\/p>\n<p><a href=\"https:\/\/www.google.com\/url?sa=t&amp;rct=j&amp;q=&amp;esrc=s&amp;source=newssearch&amp;cd=31&amp;ved=0ahUKEwjk0M7wk57bAhVObFAKHfAcAgo4HhCpAggmKAAwAA&amp;url=https%3A%2F%2Fwww.yosoynoticia.es%2Fbalonmano%2Fla-fase-de-ascenso-del-balonmano-femenino-revoluciona-sagunto&amp;usg=AOvVaw0VwEGk0VHAh77R3-E-sAsv\">La fase de ascenso del balonmano femenino revoluciona Sagunto<\/a> &#8211; YoSoyNoticia-<\/p>\n<p><a href=\"http:\/\/www.marca.com\/otros-deportes\/opinion\/2018\/05\/23\/5b05549f46163f69648b45e0.html\">El machismo en el deporte<em>,<\/em> tambi\u00e9n cuesti\u00f3n de educaci\u00f3n<\/a> &#8211; Marca.com<\/p>\n<p>[\/toggle]<\/p>\n<p>[toggle type=\u00bbfirst\u00bb title=\u00bbInternacional\u00bb]<\/p>\n<p><a href=\"https:\/\/elpais.com\/internacional\/2018\/05\/24\/america\/1527122188_059542.html\">Pi\u00f1era reformar\u00e1 la Constituci\u00f3n de Chile para garantizar la igualdad de g\u00e9nero<\/a>\u2013 El Pa\u00eds<\/p>\n<p><a href=\"http:\/\/www.abc.es\/internacional\/abci-cuatro-mujeres-aspiran-vicepresidencia-colombia-inedita-eleccion-201805231423_noticia.html\">Cuatro <em>mujeres<\/em> aspiran a la vicepresidencia de Colombia en in\u00e9dita &#8230;<\/a>-Abc.es<\/p>\n<p><a href=\"https:\/\/www.elperiodico.com\/es\/sociedad\/20180523\/mujer-africa-alfabetizacion-desigualdad-6834958\">La mitad de las africanas no saben leer ni escribir<\/a> &#8211; El Peri\u00f3dico<\/p>\n<p><a href=\"https:\/\/elpais.com\/internacional\/2018\/05\/23\/actualidad\/1527101735_801848.html\">Irlanda se enfrenta a su \u00faltimo tab\u00fa: el aborto<\/a> \u2013 El Pa\u00eds<\/p>\n<p><a href=\"https:\/\/www.google.com\/url?rct=j&amp;sa=t&amp;url=https:\/\/www.biobiochile.cl\/noticias\/nacional\/chile\/2018\/05\/23\/mujeres-libres-de-violencia-el-proyecto-de-bachelet-que-recibio-el-impulso-de-pinera.shtml&amp;ct=ga&amp;cd=CAEYASoUMTYyNDAzMTg5Mjc3ODQwODY5NzMyGWMwMzcyZWJjMmZlYWRhNTk6ZXM6ZXM6RVM&amp;usg=AFQjCNEMfWzSTcKkSC_FK3nJIvCqVR7-jw\">Mujeres libres de violencia: el proyecto de Bachelet que recibi\u00f3 el impulso de Pi\u00f1era <\/a>&#8211; BioBioChile<\/p>\n<p><a href=\"http:\/\/www.publico.es\/sociedad\/violencia-machista-suecia-considerara-violacion-acto-sexual-consentimiento-expreso.html\">Suecia considerar\u00e1 violaci\u00f3n cualquier acto sexual sin consentimiento expreso<\/a> \u2013 P\u00fablico<\/p>\n<p><a href=\"https:\/\/www.google.com\/url?sa=t&amp;rct=j&amp;q=&amp;esrc=s&amp;source=newssearch&amp;cd=33&amp;ved=0ahUKEwj4yPmtjZ7bAhVKKlAKHewuAJ84HhCpAggsKAAwAg&amp;url=https%3A%2F%2Fwww.es.amnesty.org%2Fen-que-estamos%2Fnoticias%2Fnoticia%2Farticulo%2Fnigeria-mujeres-afectadas-por-el-hambre-violadas-por-soldados-y-milicias-que-afirman-estar-rescat%2F&amp;usg=AOvVaw09GvtABMHhpYdb1Gh6VQjC\">Nigeria: Mujeres afectadas por el hambre, violadas por soldados y &#8230;<\/a> &#8211; Amnist\u00eda Internacional<\/p>\n<h3 style=\"margin: 0cm; margin-bottom: .0001pt;\"><span style=\"font-size: 11.0pt; font-family: 'Futura Lt BT','sans-serif'; font-weight: normal;\"><a href=\"https:\/\/www.google.com\/url?sa=t&amp;rct=j&amp;q=&amp;esrc=s&amp;source=newssearch&amp;cd=48&amp;ved=0ahUKEwjr18-alJ7bAhXFalAKHZVdAno4KBCpAgg6KAAwBw&amp;url=https%3A%2F%2Fwww.elconfidencial.com%2Fdeportes%2Ffutbol%2Fchampions%2F2018-05-23%2Ffinal-champions-femenina-horario-donde-ver_1568111%2F&amp;usg=AOvVaw3-A_FUgitLAgLleUMAW0Oy\" target=\"_blank\" rel=\"noopener\">Final de la Champions <em><span style=\"font-family: 'Futura Lt BT','sans-serif';\">femenina<\/span><\/em>: horario y d\u00f3nde ver el partido &#8230;<\/a> &#8211; <span class=\"m-3589341077605591971xq82c\">El Confidencial<\/span><\/span><\/h3>\n<p>[\/toggle]<\/p>\n<\/div>\n<\/div>\n<\/div>\n<\/div>\n<\/div>\n<\/div>\n","protected":false},"excerpt":{"rendered":"<p>Espa\u00f1a sigue obviando la ley de igualdad en las embajadas: <a href=\"https:\/\/cklcomunicaciones.es\/coop\/noticias-info-ckl-no-2-134-24-05-18\/\">[&#8230;]<\/a><\/p>\n","protected":false},"author":3,"featured_media":0,"comment_status":"closed","ping_status":"closed","sticky":false,"template":"","format":"standard","meta":{"footnotes":""},"categories":[298,623],"tags":[],"class_list":["post-13940","post","type-post","status-publish","format-standard","hentry","category-newsletter","category-nwl-2-0"],"yoast_head":"<!-- This site is optimized with the Yoast SEO plugin v27.5 - https:\/\/yoast.com\/product\/yoast-seo-wordpress\/ -->\n<title>Noticias Info CKL n\u00ba 2.134-24\/05\/18-Comunicar con perspectiva de g\u00e9nero<\/title>\n<meta name=\"description\" content=\"Comunicar con perspectiva de g\u00e9nero: Andaluc\u00eda: Espa\u00f1a sigue obviando la ley de igualdad en las embajadas: hay 14 mujeres frente a 102 hombres-Fred Vargas, Premio Princesa de Asturias de las Letras-Suecia considerar\u00e1 violaci\u00f3n cualquier acto sexual sin consentimiento\" \/>\n<meta name=\"robots\" content=\"index, follow, max-snippet:-1, max-image-preview:large, max-video-preview:-1\" \/>\n<link rel=\"canonical\" href=\"https:\/\/cklcomunicaciones.es\/coop\/noticias-info-ckl-no-2-134-24-05-18\/\" \/>\n<meta property=\"og:locale\" content=\"es_ES\" \/>\n<meta property=\"og:type\" content=\"article\" \/>\n<meta property=\"og:title\" content=\"Noticias Info CKL n\u00ba 2.134-24\/05\/18-Comunicar con perspectiva de g\u00e9nero\" \/>\n<meta property=\"og:description\" content=\"Comunicar con perspectiva de g\u00e9nero: Andaluc\u00eda: Espa\u00f1a sigue obviando la ley de igualdad en las embajadas: hay 14 mujeres frente a 102 hombres-Fred Vargas, Premio Princesa de Asturias de las Letras-Suecia considerar\u00e1 violaci\u00f3n cualquier acto sexual sin consentimiento\" \/>\n<meta property=\"og:url\" content=\"https:\/\/cklcomunicaciones.es\/coop\/noticias-info-ckl-no-2-134-24-05-18\/\" \/>\n<meta property=\"og:site_name\" content=\"CKL Comunicaciones\" \/>\n<meta property=\"article:published_time\" content=\"2018-05-24T11:15:32+00:00\" \/>\n<meta property=\"article:modified_time\" content=\"2025-01-17T15:40:50+00:00\" \/>\n<meta property=\"og:image\" content=\"https:\/\/cklcomunicaciones.es\/coop\/wp-content\/uploads\/2018\/03\/CKL_comunicacion-con-perspetiva-de-genero.jpg\" \/>\n\t<meta property=\"og:image:width\" content=\"500\" \/>\n\t<meta property=\"og:image:height\" content=\"500\" \/>\n\t<meta property=\"og:image:type\" content=\"image\/jpeg\" \/>\n<meta name=\"author\" content=\"ckl\" \/>\n<meta name=\"twitter:card\" content=\"summary_large_image\" \/>\n<meta name=\"twitter:label1\" content=\"Escrito por\" \/>\n\t<meta name=\"twitter:data1\" content=\"ckl\" \/>\n\t<meta name=\"twitter:label2\" content=\"Tiempo de lectura\" \/>\n\t<meta name=\"twitter:data2\" content=\"5 minutos\" \/>\n<script type=\"application\/ld+json\" class=\"yoast-schema-graph\">{\"@context\":\"https:\\\/\\\/schema.org\",\"@graph\":[{\"@type\":\"Article\",\"@id\":\"https:\\\/\\\/cklcomunicaciones.es\\\/coop\\\/noticias-info-ckl-no-2-134-24-05-18\\\/#article\",\"isPartOf\":{\"@id\":\"https:\\\/\\\/cklcomunicaciones.es\\\/coop\\\/noticias-info-ckl-no-2-134-24-05-18\\\/\"},\"author\":{\"name\":\"ckl\",\"@id\":\"https:\\\/\\\/cklcomunicaciones.es\\\/coop\\\/#\\\/schema\\\/person\\\/929a6837f7626450bbb50cee1aef266e\"},\"headline\":\"Noticias Info CKL n\u00ba 2.134-24\\\/05\\\/18\",\"datePublished\":\"2018-05-24T11:15:32+00:00\",\"dateModified\":\"2025-01-17T15:40:50+00:00\",\"mainEntityOfPage\":{\"@id\":\"https:\\\/\\\/cklcomunicaciones.es\\\/coop\\\/noticias-info-ckl-no-2-134-24-05-18\\\/\"},\"wordCount\":928,\"image\":{\"@id\":\"https:\\\/\\\/cklcomunicaciones.es\\\/coop\\\/noticias-info-ckl-no-2-134-24-05-18\\\/#primaryimage\"},\"thumbnailUrl\":\"http:\\\/\\\/www.cklcomunicaciones.es\\\/wp-content\\\/uploads\\\/2018\\\/03\\\/CKL_comunicacion-con-perspetiva-de-genero-300x300.jpg\",\"articleSection\":[\"Newsletter\",\"Nwl v2.0\"],\"inLanguage\":\"es\"},{\"@type\":\"WebPage\",\"@id\":\"https:\\\/\\\/cklcomunicaciones.es\\\/coop\\\/noticias-info-ckl-no-2-134-24-05-18\\\/\",\"url\":\"https:\\\/\\\/cklcomunicaciones.es\\\/coop\\\/noticias-info-ckl-no-2-134-24-05-18\\\/\",\"name\":\"Noticias Info CKL n\u00ba 2.134-24\\\/05\\\/18-Comunicar con perspectiva de g\u00e9nero\",\"isPartOf\":{\"@id\":\"https:\\\/\\\/cklcomunicaciones.es\\\/coop\\\/#website\"},\"primaryImageOfPage\":{\"@id\":\"https:\\\/\\\/cklcomunicaciones.es\\\/coop\\\/noticias-info-ckl-no-2-134-24-05-18\\\/#primaryimage\"},\"image\":{\"@id\":\"https:\\\/\\\/cklcomunicaciones.es\\\/coop\\\/noticias-info-ckl-no-2-134-24-05-18\\\/#primaryimage\"},\"thumbnailUrl\":\"http:\\\/\\\/www.cklcomunicaciones.es\\\/wp-content\\\/uploads\\\/2018\\\/03\\\/CKL_comunicacion-con-perspetiva-de-genero-300x300.jpg\",\"datePublished\":\"2018-05-24T11:15:32+00:00\",\"dateModified\":\"2025-01-17T15:40:50+00:00\",\"author\":{\"@id\":\"https:\\\/\\\/cklcomunicaciones.es\\\/coop\\\/#\\\/schema\\\/person\\\/929a6837f7626450bbb50cee1aef266e\"},\"description\":\"Comunicar con perspectiva de g\u00e9nero: Andaluc\u00eda: Espa\u00f1a sigue obviando la ley de igualdad en las embajadas: hay 14 mujeres frente a 102 hombres-Fred Vargas, Premio Princesa de Asturias de las Letras-Suecia considerar\u00e1 violaci\u00f3n cualquier acto sexual sin consentimiento\",\"breadcrumb\":{\"@id\":\"https:\\\/\\\/cklcomunicaciones.es\\\/coop\\\/noticias-info-ckl-no-2-134-24-05-18\\\/#breadcrumb\"},\"inLanguage\":\"es\",\"potentialAction\":[{\"@type\":\"ReadAction\",\"target\":[\"https:\\\/\\\/cklcomunicaciones.es\\\/coop\\\/noticias-info-ckl-no-2-134-24-05-18\\\/\"]}]},{\"@type\":\"ImageObject\",\"inLanguage\":\"es\",\"@id\":\"https:\\\/\\\/cklcomunicaciones.es\\\/coop\\\/noticias-info-ckl-no-2-134-24-05-18\\\/#primaryimage\",\"url\":\"http:\\\/\\\/www.cklcomunicaciones.es\\\/wp-content\\\/uploads\\\/2018\\\/03\\\/CKL_comunicacion-con-perspetiva-de-genero-300x300.jpg\",\"contentUrl\":\"http:\\\/\\\/www.cklcomunicaciones.es\\\/wp-content\\\/uploads\\\/2018\\\/03\\\/CKL_comunicacion-con-perspetiva-de-genero-300x300.jpg\"},{\"@type\":\"BreadcrumbList\",\"@id\":\"https:\\\/\\\/cklcomunicaciones.es\\\/coop\\\/noticias-info-ckl-no-2-134-24-05-18\\\/#breadcrumb\",\"itemListElement\":[{\"@type\":\"ListItem\",\"position\":1,\"name\":\"Portada\",\"item\":\"https:\\\/\\\/cklcomunicaciones.es\\\/coop\\\/\"},{\"@type\":\"ListItem\",\"position\":2,\"name\":\"Noticias Info CKL n\u00ba 2.134-24\\\/05\\\/18\"}]},{\"@type\":\"WebSite\",\"@id\":\"https:\\\/\\\/cklcomunicaciones.es\\\/coop\\\/#website\",\"url\":\"https:\\\/\\\/cklcomunicaciones.es\\\/coop\\\/\",\"name\":\"CKL Comunicaciones\",\"description\":\"Sitio web de CKL Comunicaciones coop , la consultora de comunicaci\u00f3n y estrategia\",\"potentialAction\":[{\"@type\":\"SearchAction\",\"target\":{\"@type\":\"EntryPoint\",\"urlTemplate\":\"https:\\\/\\\/cklcomunicaciones.es\\\/coop\\\/?s={search_term_string}\"},\"query-input\":{\"@type\":\"PropertyValueSpecification\",\"valueRequired\":true,\"valueName\":\"search_term_string\"}}],\"inLanguage\":\"es\"},{\"@type\":\"Person\",\"@id\":\"https:\\\/\\\/cklcomunicaciones.es\\\/coop\\\/#\\\/schema\\\/person\\\/929a6837f7626450bbb50cee1aef266e\",\"name\":\"ckl\",\"image\":{\"@type\":\"ImageObject\",\"inLanguage\":\"es\",\"@id\":\"https:\\\/\\\/secure.gravatar.com\\\/avatar\\\/c82db564e8a669bf6023357a157b9dc4780f4d4c618f2ad1d71a6a5dede45057?s=96&d=mm&r=g\",\"url\":\"https:\\\/\\\/secure.gravatar.com\\\/avatar\\\/c82db564e8a669bf6023357a157b9dc4780f4d4c618f2ad1d71a6a5dede45057?s=96&d=mm&r=g\",\"contentUrl\":\"https:\\\/\\\/secure.gravatar.com\\\/avatar\\\/c82db564e8a669bf6023357a157b9dc4780f4d4c618f2ad1d71a6a5dede45057?s=96&d=mm&r=g\",\"caption\":\"ckl\"},\"url\":\"https:\\\/\\\/cklcomunicaciones.es\\\/coop\\\/author\\\/cklcomunicaciones\\\/\"}]}<\/script>\n<!-- \/ Yoast SEO plugin. -->","yoast_head_json":{"title":"Noticias Info CKL n\u00ba 2.134-24\/05\/18-Comunicar con perspectiva de g\u00e9nero","description":"Comunicar con perspectiva de g\u00e9nero: Andaluc\u00eda: Espa\u00f1a sigue obviando la ley de igualdad en las embajadas: hay 14 mujeres frente a 102 hombres-Fred Vargas, Premio Princesa de Asturias de las Letras-Suecia considerar\u00e1 violaci\u00f3n cualquier acto sexual sin consentimiento","robots":{"index":"index","follow":"follow","max-snippet":"max-snippet:-1","max-image-preview":"max-image-preview:large","max-video-preview":"max-video-preview:-1"},"canonical":"https:\/\/cklcomunicaciones.es\/coop\/noticias-info-ckl-no-2-134-24-05-18\/","og_locale":"es_ES","og_type":"article","og_title":"Noticias Info CKL n\u00ba 2.134-24\/05\/18-Comunicar con perspectiva de g\u00e9nero","og_description":"Comunicar con perspectiva de g\u00e9nero: Andaluc\u00eda: Espa\u00f1a sigue obviando la ley de igualdad en las embajadas: hay 14 mujeres frente a 102 hombres-Fred Vargas, Premio Princesa de Asturias de las Letras-Suecia considerar\u00e1 violaci\u00f3n cualquier acto sexual sin consentimiento","og_url":"https:\/\/cklcomunicaciones.es\/coop\/noticias-info-ckl-no-2-134-24-05-18\/","og_site_name":"CKL Comunicaciones","article_published_time":"2018-05-24T11:15:32+00:00","article_modified_time":"2025-01-17T15:40:50+00:00","og_image":[{"width":500,"height":500,"url":"https:\/\/cklcomunicaciones.es\/coop\/wp-content\/uploads\/2018\/03\/CKL_comunicacion-con-perspetiva-de-genero.jpg","type":"image\/jpeg"}],"author":"ckl","twitter_card":"summary_large_image","twitter_misc":{"Escrito por":"ckl","Tiempo de lectura":"5 minutos"},"schema":{"@context":"https:\/\/schema.org","@graph":[{"@type":"Article","@id":"https:\/\/cklcomunicaciones.es\/coop\/noticias-info-ckl-no-2-134-24-05-18\/#article","isPartOf":{"@id":"https:\/\/cklcomunicaciones.es\/coop\/noticias-info-ckl-no-2-134-24-05-18\/"},"author":{"name":"ckl","@id":"https:\/\/cklcomunicaciones.es\/coop\/#\/schema\/person\/929a6837f7626450bbb50cee1aef266e"},"headline":"Noticias Info CKL n\u00ba 2.134-24\/05\/18","datePublished":"2018-05-24T11:15:32+00:00","dateModified":"2025-01-17T15:40:50+00:00","mainEntityOfPage":{"@id":"https:\/\/cklcomunicaciones.es\/coop\/noticias-info-ckl-no-2-134-24-05-18\/"},"wordCount":928,"image":{"@id":"https:\/\/cklcomunicaciones.es\/coop\/noticias-info-ckl-no-2-134-24-05-18\/#primaryimage"},"thumbnailUrl":"http:\/\/www.cklcomunicaciones.es\/wp-content\/uploads\/2018\/03\/CKL_comunicacion-con-perspetiva-de-genero-300x300.jpg","articleSection":["Newsletter","Nwl v2.0"],"inLanguage":"es"},{"@type":"WebPage","@id":"https:\/\/cklcomunicaciones.es\/coop\/noticias-info-ckl-no-2-134-24-05-18\/","url":"https:\/\/cklcomunicaciones.es\/coop\/noticias-info-ckl-no-2-134-24-05-18\/","name":"Noticias Info CKL n\u00ba 2.134-24\/05\/18-Comunicar con perspectiva de g\u00e9nero","isPartOf":{"@id":"https:\/\/cklcomunicaciones.es\/coop\/#website"},"primaryImageOfPage":{"@id":"https:\/\/cklcomunicaciones.es\/coop\/noticias-info-ckl-no-2-134-24-05-18\/#primaryimage"},"image":{"@id":"https:\/\/cklcomunicaciones.es\/coop\/noticias-info-ckl-no-2-134-24-05-18\/#primaryimage"},"thumbnailUrl":"http:\/\/www.cklcomunicaciones.es\/wp-content\/uploads\/2018\/03\/CKL_comunicacion-con-perspetiva-de-genero-300x300.jpg","datePublished":"2018-05-24T11:15:32+00:00","dateModified":"2025-01-17T15:40:50+00:00","author":{"@id":"https:\/\/cklcomunicaciones.es\/coop\/#\/schema\/person\/929a6837f7626450bbb50cee1aef266e"},"description":"Comunicar con perspectiva de g\u00e9nero: Andaluc\u00eda: Espa\u00f1a sigue obviando la ley de igualdad en las embajadas: hay 14 mujeres frente a 102 hombres-Fred Vargas, Premio Princesa de Asturias de las Letras-Suecia considerar\u00e1 violaci\u00f3n cualquier acto sexual sin consentimiento","breadcrumb":{"@id":"https:\/\/cklcomunicaciones.es\/coop\/noticias-info-ckl-no-2-134-24-05-18\/#breadcrumb"},"inLanguage":"es","potentialAction":[{"@type":"ReadAction","target":["https:\/\/cklcomunicaciones.es\/coop\/noticias-info-ckl-no-2-134-24-05-18\/"]}]},{"@type":"ImageObject","inLanguage":"es","@id":"https:\/\/cklcomunicaciones.es\/coop\/noticias-info-ckl-no-2-134-24-05-18\/#primaryimage","url":"http:\/\/www.cklcomunicaciones.es\/wp-content\/uploads\/2018\/03\/CKL_comunicacion-con-perspetiva-de-genero-300x300.jpg","contentUrl":"http:\/\/www.cklcomunicaciones.es\/wp-content\/uploads\/2018\/03\/CKL_comunicacion-con-perspetiva-de-genero-300x300.jpg"},{"@type":"BreadcrumbList","@id":"https:\/\/cklcomunicaciones.es\/coop\/noticias-info-ckl-no-2-134-24-05-18\/#breadcrumb","itemListElement":[{"@type":"ListItem","position":1,"name":"Portada","item":"https:\/\/cklcomunicaciones.es\/coop\/"},{"@type":"ListItem","position":2,"name":"Noticias Info CKL n\u00ba 2.134-24\/05\/18"}]},{"@type":"WebSite","@id":"https:\/\/cklcomunicaciones.es\/coop\/#website","url":"https:\/\/cklcomunicaciones.es\/coop\/","name":"CKL Comunicaciones","description":"Sitio web de CKL Comunicaciones coop , la consultora de comunicaci\u00f3n y estrategia","potentialAction":[{"@type":"SearchAction","target":{"@type":"EntryPoint","urlTemplate":"https:\/\/cklcomunicaciones.es\/coop\/?s={search_term_string}"},"query-input":{"@type":"PropertyValueSpecification","valueRequired":true,"valueName":"search_term_string"}}],"inLanguage":"es"},{"@type":"Person","@id":"https:\/\/cklcomunicaciones.es\/coop\/#\/schema\/person\/929a6837f7626450bbb50cee1aef266e","name":"ckl","image":{"@type":"ImageObject","inLanguage":"es","@id":"https:\/\/secure.gravatar.com\/avatar\/c82db564e8a669bf6023357a157b9dc4780f4d4c618f2ad1d71a6a5dede45057?s=96&d=mm&r=g","url":"https:\/\/secure.gravatar.com\/avatar\/c82db564e8a669bf6023357a157b9dc4780f4d4c618f2ad1d71a6a5dede45057?s=96&d=mm&r=g","contentUrl":"https:\/\/secure.gravatar.com\/avatar\/c82db564e8a669bf6023357a157b9dc4780f4d4c618f2ad1d71a6a5dede45057?s=96&d=mm&r=g","caption":"ckl"},"url":"https:\/\/cklcomunicaciones.es\/coop\/author\/cklcomunicaciones\/"}]}},"_links":{"self":[{"href":"https:\/\/cklcomunicaciones.es\/coop\/wp-json\/wp\/v2\/posts\/13940","targetHints":{"allow":["GET"]}}],"collection":[{"href":"https:\/\/cklcomunicaciones.es\/coop\/wp-json\/wp\/v2\/posts"}],"about":[{"href":"https:\/\/cklcomunicaciones.es\/coop\/wp-json\/wp\/v2\/types\/post"}],"author":[{"embeddable":true,"href":"https:\/\/cklcomunicaciones.es\/coop\/wp-json\/wp\/v2\/users\/3"}],"replies":[{"embeddable":true,"href":"https:\/\/cklcomunicaciones.es\/coop\/wp-json\/wp\/v2\/comments?post=13940"}],"version-history":[{"count":0,"href":"https:\/\/cklcomunicaciones.es\/coop\/wp-json\/wp\/v2\/posts\/13940\/revisions"}],"wp:attachment":[{"href":"https:\/\/cklcomunicaciones.es\/coop\/wp-json\/wp\/v2\/media?parent=13940"}],"wp:term":[{"taxonomy":"category","embeddable":true,"href":"https:\/\/cklcomunicaciones.es\/coop\/wp-json\/wp\/v2\/categories?post=13940"},{"taxonomy":"post_tag","embeddable":true,"href":"https:\/\/cklcomunicaciones.es\/coop\/wp-json\/wp\/v2\/tags?post=13940"}],"curies":[{"name":"wp","href":"https:\/\/api.w.org\/{rel}","templated":true}]}}