{"id":13916,"date":"2018-05-16T13:13:41","date_gmt":"2018-05-16T11:13:41","guid":{"rendered":"http:\/\/www.cklcomunicaciones.es\/?p=13916"},"modified":"2025-01-17T16:40:51","modified_gmt":"2025-01-17T15:40:51","slug":"noticias-info-ckl-no-2-128-16-05-18","status":"publish","type":"post","link":"https:\/\/cklcomunicaciones.es\/coop\/noticias-info-ckl-no-2-128-16-05-18\/","title":{"rendered":"Noticias Info CKL n\u00ba 2.128-16\/05\/18"},"content":{"rendered":"<div id=\"pl-13916\"  class=\"panel-layout\" >\n<div id=\"pg-13916-0\"  class=\"panel-grid panel-no-style\"  data-style=\"{&quot;background_display&quot;:&quot;tile&quot;,&quot;lsow_dark_bg&quot;:&quot;&quot;,&quot;cell_alignment&quot;:&quot;flex-start&quot;}\" >\n<div id=\"pgc-13916-0-0\"  class=\"panel-grid-cell\"  data-weight=\"1\" >\n<div id=\"panel-13916-0-0-0\" class=\"so-panel widget widget_sow-editor panel-first-child panel-last-child\" data-index=\"0\" data-style=\"{&quot;background_image_attachment&quot;:false,&quot;background_display&quot;:&quot;tile&quot;}\" >\n<div class=\"so-widget-sow-editor so-widget-sow-editor-base\">\n<div class=\"siteorigin-widget-tinymce textwidget\">\n\t<img decoding=\"async\" class=\"lazyload  wp-image-13726\" src=\"http:\/\/www.cklcomunicaciones.es\/wp-content\/uploads\/2018\/03\/CKL_comunicacion-con-perspetiva-de-genero-300x300.jpg\" data-orig-src=\"http:\/\/www.cklcomunicaciones.es\/wp-content\/uploads\/2018\/03\/CKL_comunicacion-con-perspetiva-de-genero-300x300.jpg\" alt=\"CKL_comunicacion con perspetiva de genero\" width=\"132\" height=\"132\" srcset=\"data:image\/svg+xml,%3Csvg%20xmlns%3D%27http%3A%2F%2Fwww.w3.org%2F2000%2Fsvg%27%20width%3D%27132%27%20height%3D%27132%27%20viewBox%3D%270%200%20132%20132%27%3E%3Crect%20width%3D%27132%27%20height%3D%27132%27%20fill-opacity%3D%220%22%2F%3E%3C%2Fsvg%3E\" data-srcset=\"https:\/\/cklcomunicaciones.es\/coop\/wp-content\/uploads\/2018\/03\/CKL_comunicacion-con-perspetiva-de-genero-150x150.jpg 150w, https:\/\/cklcomunicaciones.es\/coop\/wp-content\/uploads\/2018\/03\/CKL_comunicacion-con-perspetiva-de-genero-300x300.jpg 300w, https:\/\/cklcomunicaciones.es\/coop\/wp-content\/uploads\/2018\/03\/CKL_comunicacion-con-perspetiva-de-genero-450x450.jpg 450w, https:\/\/cklcomunicaciones.es\/coop\/wp-content\/uploads\/2018\/03\/CKL_comunicacion-con-perspetiva-de-genero.jpg 500w\" data-sizes=\"auto\" data-orig-sizes=\"(max-width: 132px) 100vw, 132px\" \/><\/p>\n<p tabindex=\"-1\" data-thread-perm-id=\"162ce27a51932733\" data-legacy-thread-id=\"162ce27a51932733\"><strong>Economistas y acad\u00e9micos piden boicotear los debates sin mujeres-Movilizaci\u00f3n 16M:\u00bbCompromiso = Presupuesto\u00bb-El pa\u00eds con m\u00e1s cient\u00edficas es&#8230; Portugal-IPF: El aborto, principal causa de muerte en Europa junto al c\u00e1ncer<\/strong><\/p>\n<p tabindex=\"-1\" data-thread-perm-id=\"162ce27a51932733\" data-legacy-thread-id=\"162ce27a51932733\">[toggle type=\u00bbfirst\u00bb title=\u00bbConvocatorias\u00bb]<\/p>\n<ul>\n<li><a href=\"http:\/\/www.juntadeandalucia.es\/iam\/catalogo\/doc\/convocatorias\/2018-genero\/GR-IV-jornadas-psicologia-feminista-cartel.jpg\">IV Jornadas de Psicolog\u00eda Feminista<\/a>. Asociaci\u00f3n de Mujeres de Psicolog\u00eda Feminista. 29 de mayo de 2018. <a href=\"http:\/\/www.juntadeandalucia.es\/iam\/catalogo\/doc\/convocatorias\/2018-genero\/GR-IV-jornadas-psicologia-feminista-programa.pdf\">Program<\/a><\/li>\n<li><a href=\"http:\/\/www.juntadeandalucia.es\/iam\/catalogo\/doc\/convocatorias\/2018-genero\/SE-formacion-planes-igualdad-empresas-y-organizaciones.pdf\">Formaci\u00f3n &#8216;Planes de igualdad en las empresas y organizaciones. Estrategias conjuntas para la eliminaci\u00f3n de la desigualdad entre hombres y mujeres&#8217;<\/a>. Fundaci\u00f3n Cepaim. 24 y 25 de mayo de 2018<\/li>\n<li><a href=\"http:\/\/www.juntadeandalucia.es\/iam\/catalogo\/doc\/convocatorias\/2018-genero\/SE-jornada-genero-y-cine.jpg\">I Jornada de G\u00e9nero y Cine<\/a>. \u00c1rea de Igualdad, Juventud y Relaciones con la Comunidad Universitaria Ayuntamiento de Sevilla. 29 de mayo de 2018<\/li>\n<li><a href=\"http:\/\/latribu.info\/festival-de-la-tribu\/programacion-del-ii-festival-cultura-feminista-la-tribu\/\">II Festival de Cultura Feminista de La Tribu<\/a>. CICUS de la Universidad de Sevilla y La Tribu. 28, 29 y 30 de junio de 2018<\/li>\n<\/ul>\n<p tabindex=\"-1\" data-thread-perm-id=\"162ce27a51932733\" data-legacy-thread-id=\"162ce27a51932733\">[\/toggle]<\/p>\n<p>[toggle type=\u00bbfirst\u00bb title=\u00bbComunicaci\u00f3n\u00bb]<\/p>\n<p><a href=\"https:\/\/www.eldiario.es\/andalucia\/cordoba\/Feria-Cordoba-sanciones-utiliza-reclamo_0_768173523.html\">C\u00f3rdoba sancionar\u00e1 por primera vez el uso sexista de la imagen de la mujer en las casetas de la Feria de Mayo&#8230;<\/a> &#8211; <a href=\"http:\/\/eldiario.es\">eldiario.es<\/a><\/p>\n<p><a href=\"http:\/\/www.europapress.es\/andalucia\/malaga-00356\/noticia-uma-celebra-dia-mundial-libertad-prensa-jornada-conferencias-20180515164434.html\">La UMA celebra el D\u00eda Mundial de la Libertad de Prensa con una &#8230;<\/a>&#8211; Europa Press<\/p>\n<p><a href=\"https:\/\/elpais.com\/tecnologia\/2018\/05\/15\/actualidad\/1526411875_826716.html\">Facebook busca gente con idiomas para sus centros de control de \u2018fake news\u2019<\/a>\u2013 El Pa\u00eds<\/p>\n<p>&nbsp;<\/p>\n<p>[\/toggle]<\/p>\n<p>[toggle type=\u00bbfirst\u00bb title=\u00bbAndaluc\u00eda\u00bb]<\/p>\n<p><strong>Institucional<\/strong><\/p>\n<p><a href=\"http:\/\/www.juntadeandalucia.es\/presidencia\/portavoz\/132671\/susana\/diaz\/aborda\/familias\/monoparentales\/decreto\/ampliacion\/derechos\/colectivo\">Susana D\u00edaz aborda con familias monoparentales el decreto de ampliaci\u00f3n de derechos de este colectivo<\/a> \u2013 Oficina del Portavoz<\/p>\n<p><strong>Econom\u00eda y Empresas<\/strong><\/p>\n<p><a href=\"https:\/\/cadiznoticias.es\/la-junta-presenta-la-sexta-edicion-del-programa-minerva-de-emprendimiento-tecnologico\/\">La Junta presenta la sexta edici\u00f3n del Programa Minerva de Emprendimiento Tecnol\u00f3gico &#8230;<\/a> &#8211; Cadiznoticias<\/p>\n<p><a href=\"https:\/\/www.google.com\/url?sa=t&amp;rct=j&amp;q=&amp;esrc=s&amp;source=newssearch&amp;cd=17&amp;ved=0ahUKEwjmkqzr_InbAhVFMJoKHRquCko4ChCpAgg4KAAwBg&amp;url=http%3A%2F%2Fwww.diariocordoba.com%2Fnoticias%2Fcordobalocal%2Fcruz-roja-inundara-jueves-claveles-centro-cordoba-igualdad-empleo_1225631.html&amp;usg=AOvVaw068krr4H-ao6FFM238mwcj\">Cruz Roja inundar\u00e1 este jueves de claveles el centro de C\u00f3rdoba por la igualdad en el empleo &#8230;<\/a>&#8211; Diario C\u00f3rdoba<\/p>\n<p><a href=\"http:\/\/elcorreoweb.es\/portada\/la-aeronautica-se-refugia-en-la-tecnologia-para-avanzar-MY4166943\">La aeron\u00e1utica se refugia en la tecnolog\u00eda para avanzar<\/a> \u2013 El Correo de Andaluc\u00eda<\/p>\n<p><a href=\"http:\/\/elcorreoweb.es\/economia\/menos-tramites-para-pymes-y-autonomos-YA4165450\">Menos tr\u00e1mites para pymes y aut\u00f3nomos <\/a>\u2013 El Correo de Andaluc\u00eda<\/p>\n<p><a href=\"https:\/\/www.google.com\/url?sa=t&amp;rct=j&amp;q=&amp;esrc=s&amp;source=newssearch&amp;cd=41&amp;ved=0ahUKEwjzp5GCgYrbAhUnCZoKHV2NBiw4KBCpAggmKAAwAA&amp;url=http%3A%2F%2Fwww.rrhhpress.com%2Findex.php%3Foption%3Dcom_content%26view%3Darticle%26id%3D42461%3Aaltran-contratara-a-mas-de-200-profesionales-de-alta-cualificacion-en-andalucia%26catid%3D56%3Aorganizaciones%26Itemid%3D171&amp;usg=AOvVaw16T2mLO7aAjiXE-hDoMWks\">Altran contratar\u00e1 a m\u00e1s de 200 profesionales de alta cualificaci\u00f3n en Andaluc\u00eda&#8230;<\/a> &#8211; RRHHpress.com<\/p>\n<p><strong>Actualidad<\/strong><\/p>\n<p><a href=\"https:\/\/www.google.com\/url?rct=j&amp;sa=t&amp;url=http:\/\/www.europapress.es\/esandalucia\/sevilla\/noticia-iam-exige-nuevo-gobierno-partida-especifica-200-millones-aplicar-pacto-contra-violencia-genero-20180515151246.html&amp;ct=ga&amp;cd=CAEYACoUMTI2NTY0MTU1NDE1MTg3NjkzMDQyGWMwMzcyZWJjMmZlYWRhNTk6ZXM6ZXM6RVM&amp;usg=AFQjCNFZQ3ft3RKUejFTtFkcX3j-EhrcZg\">IAM exige de nuevo al Gobierno la partida espec\u00edfica de 200 millones para aplicar el Pacto contra &#8230; <\/a>&#8211; Europa Press<\/p>\n<p><a href=\"https:\/\/www.google.com\/url?rct=j&amp;sa=t&amp;url=https:\/\/www.teleprensa.com\/andalucia\/la-junta-destina-1695-millones-a-mejorar-la-vida-de-mas-de-900000-personas-en-areas-desfavorecidas.html&amp;ct=ga&amp;cd=CAEYACoTMzY5NjEwNjg0NTYzMDU0NTQwNTIZZDc4ZTU4NzVhMGYxZjJhYzplczplczpFUw&amp;usg=AFQjCNHsiZBCDwDPWuL8VHGLpQ55d1XuxQ\">La Junta destina 169,5 millones a mejorar la vida de m\u00e1s de 900.000 personas en \u00e1reas &#8230; <\/a>&#8211; Teleprensa peri\u00f3dico digital<\/p>\n<p><a href=\"https:\/\/www.eldiario.es\/andalucia\/Andalucia-registro-familias-monoparentales-irregulares_0_771673291.html\">Andaluc\u00eda har\u00e1 un registro oficial de familias monoparentales para &#8230;<\/a> &#8211; <a href=\"http:\/\/eldiario.es\">eldiario.es<\/a><\/p>\n<p><a href=\"http:\/\/cadenaser.com\/emisora\/2018\/05\/15\/radio_sevilla\/1526401665_320953.html\">Cruz Roja Andaluc\u00eda atendi\u00f3 a 145.000 personas en extrema &#8230;<\/a>&#8211; Cadena SER<\/p>\n<p><a href=\"http:\/\/www.europapress.es\/andalucia\/noticia-fiscalia-no-ve-acreditado-intrusismo-caso-asesora-juana-rivas-pide-archivar-causa-20180515220440.html\">Fiscal\u00eda no ve acreditado intrusismo en la asesora de Juana Rivas y pide archivar la causa &#8230;<\/a> &#8211; Europa Press<\/p>\n<p><strong>Violencias<\/strong><\/p>\n<p><a href=\"http:\/\/www.europapress.es\/andalucia\/noticia-ugt-ccoo-protestan-miercoles-favor-pensiones-dignas-contra-recortes-pacto-contra-violencia-genero-20180515125328.html\">UGT y CCOO protestan el mi\u00e9rcoles a favor de pensiones dignas y &#8230;<\/a> &#8211; Europa Press<\/p>\n<p><a href=\"http:\/\/www.canalsur.es\/noticias\/andalucia\/los-padres-de-la-joven-tiroteada-en-las-gabias-no-dudan-de-que-es-un-crimen-machista\/1280814.html\">Los padres de la joven tiroteada en Las Gabias no dudan de que es un crimen machista &#8230;<\/a>&#8211; CanalSurWeb<\/p>\n<p><strong>Ciencia y Cultura<\/strong><\/p>\n<p><a href=\"http:\/\/www.elmundo.es\/andalucia\/2018\/05\/15\/5afaf4d4e2704e75798b45c3.html\">La UCA se suma al Proyecto Edufinet de Unicaja, que cuenta as\u00ed con universidades asociadas en todas las provincias <strong>andaluzas<\/strong><\/a> \u2013 El Mundo<\/p>\n<p><a href=\"http:\/\/www.lavanguardia.com\/local\/sevilla\/20180515\/443604414684\/la-escritora-cecilia-quilez-presenta-este-miercoles-en-el-cal-su-nuevo-poemario-caligrafia-de-la-necesidad.html\">La escritora Cecilia Qu\u00edlez presenta este mi\u00e9rcoles en el CAL su &#8230;<\/a> &#8211; La Vanguardia<\/p>\n<p><a href=\"http:\/\/www.elmundo.es\/comunidad-valenciana\/2018\/05\/15\/5af9aa55e5fdea60158b45df.html\">&#8216;Malagasy Gospel&#8217;: el coro que dio una segunda vida a 200 j\u00f3venes<\/a>\u2013 El Mundo<\/p>\n<p><strong>\u00a0<\/strong><strong>Deporte<\/strong><\/p>\n<p><a href=\"http:\/\/www.ideal.es\/deportes\/provincial-granada\/granadina-rocio-martin-20180516005705-ntvo.html\">La granadina Roc\u00edo Mart\u00edn defender\u00e1 su t\u00edtulo en la Vuelta Andaluc\u00eda &#8230;<\/a> &#8211; Ideal Digital<\/p>\n<p><a href=\"http:\/\/www.lavozdigital.es\/deportes\/cadizcf\/noticias\/cadiz-cf\/cadiz-cf-femenino-inicia-lucha-ascenso-rosal.html\">El C\u00e1diz CF Femenino inicia su lucha por el ascenso en El Rosal<\/a> &#8211; La Voz Digital<\/p>\n<p>&nbsp;<\/p>\n<p><strong>\u00a0<\/strong>[\/toggle]<\/p>\n<p>[toggle type=\u00bbfirst\u00bb title=\u00bbEstado\u00bb]<\/p>\n<p><strong>Institucional-CCAA<\/strong><\/p>\n<p><a href=\"https:\/\/www.google.com\/url?rct=j&amp;sa=t&amp;url=https:\/\/www.20minutos.es\/noticia\/3340828\/0\/empresas-que-contraten-forma-indefinida-desempleadas-con-hijos-hasta-3-anos-recibiran-8-500-euros\/&amp;ct=ga&amp;cd=CAEYASoTMjY4MTIxMTk4MjY2MzQyMzUxNjIZYzAzNzJlYmMyZmVhZGE1OTplczplczpFUw&amp;usg=AFQjCNEOgkV-T6YUfq5DmPTXB7exEnD_yg\">Las empresas que contraten de forma indefinida a desempleadas con hijos de hasta 3 a\u00f1os &#8230; <\/a>&#8211; <a href=\"http:\/\/20minutos.es\">20minutos.es<\/a><\/p>\n<p><a href=\"https:\/\/www.google.com\/url?rct=j&amp;sa=t&amp;url=http:\/\/institutomujer.castillalamancha.es\/actividades\/programa-ada-formacion-en-tic-en-el-ambito-educativo-iniciacion-la-tecnologia-en-9&amp;ct=ga&amp;cd=CAEYByoTOTg1NTUyMTk0ODM1MTE3ODMzMjIZYzAzNzJlYmMyZmVhZGE1OTplczplczpFUw&amp;usg=AFQjCNHHLqVGGa7G_TvD0c6Pi2eC0fqlhw\">Programa Ada Formaci\u00f3n en TIC en el \u00e1mbito educativo. Iniciaci\u00f3n a la tecnolog\u00eda en igualdad <\/a>&#8211; Instituto de la Mujer CLM<\/p>\n<p><a href=\"https:\/\/www.google.com\/url?sa=t&amp;rct=j&amp;q=&amp;esrc=s&amp;source=newssearch&amp;cd=49&amp;ved=0ahUKEwjM5Inm-onbAhXGF5oKHW_nA1o4KBCpAgg9KAAwCA&amp;url=http%3A%2F%2Fcadenaser.com%2Femisora%2F2018%2F05%2F15%2Fser_gijon%2F1526373891_426516.html&amp;usg=AOvVaw1z6WHP7n0j4CDNFbCbDl5h\">Llega a Gij\u00f3n &#8216;Inspiring Girls&#8217;: La campa\u00f1a para convencer a las ni\u00f1as de que &#8230;<\/a>&#8211; Cadena SER<\/p>\n<p><a href=\"http:\/\/www.eitb.eus\/es\/noticias\/sociedad\/detalle\/5593861\/marcha-mundial-mujeres-2018-bilbao-22-al-28-octubre\/\">Marcha Mundial de las Mujeres 2018 en Bilbao: del 22 al 28 de octubre<\/a> &#8211; EiTB<\/p>\n<p><a href=\"http:\/\/cmonmurcia.com\/mam-festival-un-evento-dedicado-a-las-mujeres-artistas-de-murcia\/\">MAM Festival, un evento dedicado a las artistas de Murcia<\/a> -C&#8217;Mon Murcia<\/p>\n<p><a href=\"http:\/\/www.abc.es\/espana\/madrid\/abci-mujeres-protagonistas-medallas-madrid-mas-feministas-201805151300_noticia.html\">Las mujeres<em>,<\/em> protagonistas de las Medallas de Oro de Madrid \u00abm\u00e1s &#8230;<\/a> &#8211; Abc.es<\/p>\n<p><strong>Econom\u00eda y Empresa<\/strong><\/p>\n<p><a href=\"http:\/\/www.publico.es\/sociedad\/principales-economistas-espanoles-comprometen-boicotear-acto-academico-no-haya-mujeres.html\">Los principales economistas espa\u00f1oles se comprometen a boicotear cualquier acto acad\u00e9mico en el que no haya mujeres<\/a> &#8211; P\u00fablico<\/p>\n<p><a href=\"http:\/\/www.mujeremprendedora.net\/decalogo-recomendaciones-reparar-negocio-llegada-rgpd\/\">Dec\u00e1logo de recomendaciones para preparar tu negocio frente a la llegada del RGPD<\/a> \u2013 Mujeremprendedora.net<\/p>\n<p><strong>Actualidad<\/strong><\/p>\n<p><a href=\"https:\/\/www.google.com\/url?rct=j&amp;sa=t&amp;url=http:\/\/www.publico.es\/sociedad\/machismo-ine-preguntas-machistas-mujeres-encuesta-fecundidad.html&amp;ct=ga&amp;cd=CAEYACoUMTY4MDcwNTYwOTc1MDE3MjI2NDcyGWMwMzcyZWJjMmZlYWRhNTk6ZXM6ZXM6RVM&amp;usg=AFQjCNGPrQva7oQGnVVJ0KywX95WvUpq4Q\">El INE hace preguntas machistas a las mujeres en su encuesta sobre fecundidad <\/a>&#8211; P\u00fablico<\/p>\n<p><a href=\"http:\/\/www.lavanguardia.com\/sucesos\/20180515\/443598671168\/grupos-mujeres-denuncia-datos-la-manada-victima.html\">Unos 120 grupos mujeres denuncian a quien difundi\u00f3 los datos de la v\u00edctima de La Manada&#8230;<\/a> &#8211; La Vanguardia<\/p>\n<p><a href=\"http:\/\/www.juntadeandalucia.es\/medioambiente\/site\/portalweb\/menuitem.30d4b35a97db5c61716f2b105510e1ca\/?vgnextoid=ff50d9966b363610VgnVCM100000341de50aRCRD&amp;vgnextchannel=2229b8f8606b8210VgnVCM10000055011eacRCRD\">La campa\u00f1a `Dona vida al planeta\u00bf llega hasta Almer\u00eda con el &#8230;<\/a> &#8211; Noticias Ambientales<\/p>\n<p><a href=\"https:\/\/www.google.com\/url?rct=j&amp;sa=t&amp;url=https:\/\/www.efesalud.com\/inmunoterapia-cancer-de-mama\/&amp;ct=ga&amp;cd=CAEYBioUMTUyODkzOTc1NTYzNzI5MzUxOTMyGWMwMzcyZWJjMmZlYWRhNTk6ZXM6ZXM6RVM&amp;usg=AFQjCNFeg2lLOkJCXK17VaEcY-2L-Mu-Yg\">Las cuentas pendientes de la inmunoterapia con el c\u00e1ncer de mama <\/a>&#8211; Efesalud<\/p>\n<p><strong>Violencia<\/strong><\/p>\n<p><a href=\"https:\/\/www.google.com\/url?rct=j&amp;sa=t&amp;url=http:\/\/eldia.es\/canarias\/2018-05-16\/12-ULL-mejorara-protocolo-casos-acoso-sexual-sexista.htm&amp;ct=ga&amp;cd=CAEYASoUMTY4MDcwNTYwOTc1MDE3MjI2NDcyGWMwMzcyZWJjMmZlYWRhNTk6ZXM6ZXM6RVM&amp;usg=AFQjCNEMor6YH5JXiLEQIRKj2ss-wG6DdQ\">La ULL mejorar\u00e1 el protocolo para casos de acoso sexual o sexista <\/a>&#8211; <a href=\"http:\/\/eldia.es\">eldia.es<\/a><\/p>\n<p><a href=\"http:\/\/www.publico.es\/sociedad\/miles-mujeres-exigiran-espana-200.html\">Miles de mujeres exigir\u00e1n hoy en toda Espa\u00f1a los 200 millones del pacto de Estado contra la violencia machista<\/a>&#8211; P\u00fablico<\/p>\n<p><strong>Ciencia y Cultura<\/strong><\/p>\n<p><a href=\"http:\/\/www.ibercampus.es\/articulo_boletin.asp?tipo=articulo&amp;cod=683635890&amp;idenvio=3511&amp;idarticulo=36792\">La violinista Leticia Moreno inaugura la VI edici\u00f3n del festival Formentor Sunset Classics<\/a> \u2013 <a href=\"http:\/\/ibercampus.es\">ibercampus.es<\/a><\/p>\n<p><a href=\"https:\/\/librotea.elpais.com\/inspiradores\/loreto-sesma\/estanteria\/loreto-sesma-la-poeta-que-arrasa-en-youtube?id_externo_promo=elpais_loreto_sesma\">Loreto Sesma, la poeta que arrasa en Youtube<\/a> \u2013 El Pa\u00eds<\/p>\n<p><strong>Deporte<\/strong><\/p>\n<p><a href=\"http:\/\/www.diariodeleon.es\/noticias\/deportes\/el-deporte-no-debe-medirse-genero-si-talento_1249264.html\">Lidia Valent\u00edn: \u201cEl deporte no debe medirse por el g\u00e9nero y s\u00ed por el talento\u00bb<\/a> &#8211; Diario de Le\u00f3n<\/p>\n<p><a href=\"https:\/\/www.sport.es\/es\/noticias\/deportes\/princesa-los-deportes-busca-aunar-ejemplaridad-trayectoria-6820278\">El Princesa de Asturias de los Deportes busca aunar ejemplaridad y trayectoria<\/a> &#8211; Sport<\/p>\n<p>&nbsp;<\/p>\n<p>[\/toggle]<\/p>\n<p>[toggle type=\u00bbfirst\u00bb title=\u00bbInternacional\u00bb]<\/p>\n<p><a href=\"https:\/\/www.solowrestling.com\/new\/70979-alexa-bliss--en-exclusiva-me-gustaria-ver-a-las-mujeres-siendo-el-main-event-de-wrestlemania-algun-dia\">Alexa Bliss, en exclusiva: \u00abMe gustar\u00eda ver a las mujeres siendo el Main Event de Wrestlemania &#8230;<\/a>&#8211; SoloWrestling<\/p>\n<p><a href=\"https:\/\/elpais.com\/internacional\/2018\/05\/14\/estados_unidos\/1526334425_162006.html\">Madeleine Albright contra el mal<\/a> \u2013 El Pa\u00eds<\/p>\n<p><a href=\"https:\/\/www.google.com\/url?sa=t&amp;rct=j&amp;q=&amp;esrc=s&amp;source=newssearch&amp;cd=21&amp;ved=0ahUKEwjpiIaf_YnbAhXKxKYKHfLrBF44FBCpAgglKAAwAA&amp;url=http%3A%2F%2Fwww.bolsamania.com%2Fnota-de-prensa%2Fmercados%2Flive-nation-entertainment-presenta-el-fondo-nacional-de-mujeres-para-invertir-en-empresas-de-muacutesica-en-vivo-fundadas-por-mujeres--3296211.html&amp;usg=AOvVaw3UaujPNCR2e0_nNG0Y1H1b\">Live Nation Entertainment presenta el Fondo Nacional de Mujeres &#8230;<\/a> &#8211; Bolsamania.com<\/p>\n<p><a href=\"https:\/\/www.google.com\/url?sa=t&amp;rct=j&amp;q=&amp;esrc=s&amp;source=newssearch&amp;cd=10&amp;ved=0ahUKEwj7h_6_-YnbAhUCyqYKHUn1DgoQqQIIQigAMAk&amp;url=https%3A%2F%2Fwww.huffingtonpost.es%2Fgloria-poyatos-matas%2Fmil-juezas-del-mundo-para-la-igualdad-mas-mujeres-mas-justicia_a_23434121%2F&amp;usg=AOvVaw2XALn_-oZuqdmRYsALeJB5\">Mil juezas del mundo para la igualdad: &#8216;M\u00e1s mujeres, m\u00e1s justicia&#8217;<\/a> &#8211; El HuffPost<\/p>\n<p><a href=\"https:\/\/www.google.com\/url?rct=j&amp;sa=t&amp;url=http:\/\/ecodiario.eleconomista.es\/sociedad\/noticias\/9138468\/05\/18\/El-ipf-dice-que-el-aborto-es-la-principal-causa-de-muerte-en-europa-junto-al-cancer.html&amp;ct=ga&amp;cd=CAEYASoUMTI4MjcyNTU1NjQ3MjExNjA5NzMyGWMwMzcyZWJjMmZlYWRhNTk6ZXM6ZXM6RVM&amp;usg=AFQjCNG9NNE8S_UN-mm0tlDZ0zbmnBdLmw\">El IPF dice que el aborto es la principal causa de muerte en Europa junto al c\u00e1ncer <\/a>&#8211; Ecodiario<\/p>\n<p><a href=\"https:\/\/www.google.com\/url?rct=j&amp;sa=t&amp;url=http:\/\/www.bbc.com\/mundo\/noticias-44124466&amp;ct=ga&amp;cd=CAEYBCoTOTg1NTUyMTk0ODM1MTE3ODMzMjIZYzAzNzJlYmMyZmVhZGE1OTplczplczpFUw&amp;usg=AFQjCNGPSLl_EFRlMXTgr4pwUhNQAGE9kg\">Calcula cu\u00e1l es tu esperanza de vida seg\u00fan el pa\u00eds del que provienes <\/a>&#8211; BBC Mundo<\/p>\n<p><a href=\"https:\/\/elpais.com\/internacional\/2018\/05\/08\/mundo_global\/1525801286_387567.html\">El pa\u00eds con m\u00e1s <em>s<\/em> cient\u00edficas es&#8230; Portugal<\/a> \u2013 El Pa\u00eds<\/p>\n<p><a href=\"https:\/\/www.google.com\/url?sa=t&amp;rct=j&amp;q=&amp;esrc=s&amp;source=newssearch&amp;cd=67&amp;ved=0ahUKEwinq82A_InbAhWLyaYKHT6ABVA4PBCpAgg4KAAwBg&amp;url=https%3A%2F%2Fwww.20minutos.es%2Fnoticia%2F3341081%2F0%2Fstewart-kristen-cannes-descalza-protesta-alfombra-roja-obligar-mujer-tacones%2F&amp;usg=AOvVaw1xsscj27drTqibpHXXl2sP\">Kristen Stewart, descalza sobre la alfombra roja de Cannes como protesta &#8230;<\/a> &#8211; <a href=\"http:\/\/20minutos.es\">20minutos.es<\/a><\/p>\n<p><a href=\"http:\/\/www.publico.es\/sociedad\/asociacion-del-futbol-argentino-reparte-manual-machista-ligar-mujeres-rusas-durante-mundial.html\">La Asociaci\u00f3n del F\u00fatbol Argentino reparte un manual machista para ligar con mujeres rusas durante el Mundial<\/a> &#8211; P\u00fablico<\/p>\n<p>&nbsp;<\/p>\n<p>[\/toggle]<\/p><\/div>\n<\/div>\n<\/div>\n<\/div>\n<\/div>\n<\/div>\n","protected":false},"excerpt":{"rendered":"<p>Economistas y acad\u00e9micos piden boicotear los debates sin mujeres-Movilizaci\u00f3n 16M:\u00bbCompromiso <a href=\"https:\/\/cklcomunicaciones.es\/coop\/noticias-info-ckl-no-2-128-16-05-18\/\">[&#8230;]<\/a><\/p>\n","protected":false},"author":3,"featured_media":0,"comment_status":"closed","ping_status":"closed","sticky":false,"template":"","format":"standard","meta":{"footnotes":""},"categories":[298,623],"tags":[],"class_list":["post-13916","post","type-post","status-publish","format-standard","hentry","category-newsletter","category-nwl-2-0"],"yoast_head":"<!-- This site is optimized with the Yoast SEO plugin v27.5 - https:\/\/yoast.com\/product\/yoast-seo-wordpress\/ -->\n<title>Noticias Info CKL n\u00ba 2.128-16\/05\/18-Comunicar con perspectiva de g\u00e9nero<\/title>\n<meta name=\"description\" content=\"Comunicar con perspectiva de g\u00e9nero: Economistas y acad\u00e9micos piden boicotear los debates sin mujeres-Movilizaci\u00f3n 16M:&quot;Compromiso = Presupuesto&quot;-El pa\u00eds con m\u00e1s cient\u00edficas es... Portugal-IPF: El aborto, principal causa de muerte en Europa junto al c\u00e1ncer\" \/>\n<meta name=\"robots\" content=\"index, follow, max-snippet:-1, max-image-preview:large, max-video-preview:-1\" \/>\n<link rel=\"canonical\" href=\"https:\/\/cklcomunicaciones.es\/coop\/noticias-info-ckl-no-2-128-16-05-18\/\" \/>\n<meta property=\"og:locale\" content=\"es_ES\" \/>\n<meta property=\"og:type\" content=\"article\" \/>\n<meta property=\"og:title\" content=\"Noticias Info CKL n\u00ba 2.128-16\/05\/18-Comunicar con perspectiva de g\u00e9nero\" \/>\n<meta property=\"og:description\" content=\"Comunicar con perspectiva de g\u00e9nero: Economistas y acad\u00e9micos piden boicotear los debates sin mujeres-Movilizaci\u00f3n 16M:&quot;Compromiso = Presupuesto&quot;-El pa\u00eds con m\u00e1s cient\u00edficas es... Portugal-IPF: El aborto, principal causa de muerte en Europa junto al c\u00e1ncer\" \/>\n<meta property=\"og:url\" content=\"https:\/\/cklcomunicaciones.es\/coop\/noticias-info-ckl-no-2-128-16-05-18\/\" \/>\n<meta property=\"og:site_name\" content=\"CKL Comunicaciones\" \/>\n<meta property=\"article:published_time\" content=\"2018-05-16T11:13:41+00:00\" \/>\n<meta property=\"article:modified_time\" content=\"2025-01-17T15:40:51+00:00\" \/>\n<meta property=\"og:image\" content=\"https:\/\/cklcomunicaciones.es\/coop\/wp-content\/uploads\/2018\/03\/CKL_comunicacion-con-perspetiva-de-genero.jpg\" \/>\n\t<meta property=\"og:image:width\" content=\"500\" \/>\n\t<meta property=\"og:image:height\" content=\"500\" \/>\n\t<meta property=\"og:image:type\" content=\"image\/jpeg\" \/>\n<meta name=\"author\" content=\"ckl\" \/>\n<meta name=\"twitter:card\" content=\"summary_large_image\" \/>\n<meta name=\"twitter:label1\" content=\"Escrito por\" \/>\n\t<meta name=\"twitter:data1\" content=\"ckl\" \/>\n\t<meta name=\"twitter:label2\" content=\"Tiempo de lectura\" \/>\n\t<meta name=\"twitter:data2\" content=\"5 minutos\" \/>\n<script type=\"application\/ld+json\" class=\"yoast-schema-graph\">{\"@context\":\"https:\\\/\\\/schema.org\",\"@graph\":[{\"@type\":\"Article\",\"@id\":\"https:\\\/\\\/cklcomunicaciones.es\\\/coop\\\/noticias-info-ckl-no-2-128-16-05-18\\\/#article\",\"isPartOf\":{\"@id\":\"https:\\\/\\\/cklcomunicaciones.es\\\/coop\\\/noticias-info-ckl-no-2-128-16-05-18\\\/\"},\"author\":{\"name\":\"ckl\",\"@id\":\"https:\\\/\\\/cklcomunicaciones.es\\\/coop\\\/#\\\/schema\\\/person\\\/929a6837f7626450bbb50cee1aef266e\"},\"headline\":\"Noticias Info CKL n\u00ba 2.128-16\\\/05\\\/18\",\"datePublished\":\"2018-05-16T11:13:41+00:00\",\"dateModified\":\"2025-01-17T15:40:51+00:00\",\"mainEntityOfPage\":{\"@id\":\"https:\\\/\\\/cklcomunicaciones.es\\\/coop\\\/noticias-info-ckl-no-2-128-16-05-18\\\/\"},\"wordCount\":1012,\"image\":{\"@id\":\"https:\\\/\\\/cklcomunicaciones.es\\\/coop\\\/noticias-info-ckl-no-2-128-16-05-18\\\/#primaryimage\"},\"thumbnailUrl\":\"http:\\\/\\\/www.cklcomunicaciones.es\\\/wp-content\\\/uploads\\\/2018\\\/03\\\/CKL_comunicacion-con-perspetiva-de-genero-300x300.jpg\",\"articleSection\":[\"Newsletter\",\"Nwl v2.0\"],\"inLanguage\":\"es\"},{\"@type\":\"WebPage\",\"@id\":\"https:\\\/\\\/cklcomunicaciones.es\\\/coop\\\/noticias-info-ckl-no-2-128-16-05-18\\\/\",\"url\":\"https:\\\/\\\/cklcomunicaciones.es\\\/coop\\\/noticias-info-ckl-no-2-128-16-05-18\\\/\",\"name\":\"Noticias Info CKL n\u00ba 2.128-16\\\/05\\\/18-Comunicar con perspectiva de g\u00e9nero\",\"isPartOf\":{\"@id\":\"https:\\\/\\\/cklcomunicaciones.es\\\/coop\\\/#website\"},\"primaryImageOfPage\":{\"@id\":\"https:\\\/\\\/cklcomunicaciones.es\\\/coop\\\/noticias-info-ckl-no-2-128-16-05-18\\\/#primaryimage\"},\"image\":{\"@id\":\"https:\\\/\\\/cklcomunicaciones.es\\\/coop\\\/noticias-info-ckl-no-2-128-16-05-18\\\/#primaryimage\"},\"thumbnailUrl\":\"http:\\\/\\\/www.cklcomunicaciones.es\\\/wp-content\\\/uploads\\\/2018\\\/03\\\/CKL_comunicacion-con-perspetiva-de-genero-300x300.jpg\",\"datePublished\":\"2018-05-16T11:13:41+00:00\",\"dateModified\":\"2025-01-17T15:40:51+00:00\",\"author\":{\"@id\":\"https:\\\/\\\/cklcomunicaciones.es\\\/coop\\\/#\\\/schema\\\/person\\\/929a6837f7626450bbb50cee1aef266e\"},\"description\":\"Comunicar con perspectiva de g\u00e9nero: Economistas y acad\u00e9micos piden boicotear los debates sin mujeres-Movilizaci\u00f3n 16M:\\\"Compromiso = Presupuesto\\\"-El pa\u00eds con m\u00e1s cient\u00edficas es... Portugal-IPF: El aborto, principal causa de muerte en Europa junto al c\u00e1ncer\",\"breadcrumb\":{\"@id\":\"https:\\\/\\\/cklcomunicaciones.es\\\/coop\\\/noticias-info-ckl-no-2-128-16-05-18\\\/#breadcrumb\"},\"inLanguage\":\"es\",\"potentialAction\":[{\"@type\":\"ReadAction\",\"target\":[\"https:\\\/\\\/cklcomunicaciones.es\\\/coop\\\/noticias-info-ckl-no-2-128-16-05-18\\\/\"]}]},{\"@type\":\"ImageObject\",\"inLanguage\":\"es\",\"@id\":\"https:\\\/\\\/cklcomunicaciones.es\\\/coop\\\/noticias-info-ckl-no-2-128-16-05-18\\\/#primaryimage\",\"url\":\"http:\\\/\\\/www.cklcomunicaciones.es\\\/wp-content\\\/uploads\\\/2018\\\/03\\\/CKL_comunicacion-con-perspetiva-de-genero-300x300.jpg\",\"contentUrl\":\"http:\\\/\\\/www.cklcomunicaciones.es\\\/wp-content\\\/uploads\\\/2018\\\/03\\\/CKL_comunicacion-con-perspetiva-de-genero-300x300.jpg\"},{\"@type\":\"BreadcrumbList\",\"@id\":\"https:\\\/\\\/cklcomunicaciones.es\\\/coop\\\/noticias-info-ckl-no-2-128-16-05-18\\\/#breadcrumb\",\"itemListElement\":[{\"@type\":\"ListItem\",\"position\":1,\"name\":\"Portada\",\"item\":\"https:\\\/\\\/cklcomunicaciones.es\\\/coop\\\/\"},{\"@type\":\"ListItem\",\"position\":2,\"name\":\"Noticias Info CKL n\u00ba 2.128-16\\\/05\\\/18\"}]},{\"@type\":\"WebSite\",\"@id\":\"https:\\\/\\\/cklcomunicaciones.es\\\/coop\\\/#website\",\"url\":\"https:\\\/\\\/cklcomunicaciones.es\\\/coop\\\/\",\"name\":\"CKL Comunicaciones\",\"description\":\"Sitio web de CKL Comunicaciones coop , la consultora de comunicaci\u00f3n y estrategia\",\"potentialAction\":[{\"@type\":\"SearchAction\",\"target\":{\"@type\":\"EntryPoint\",\"urlTemplate\":\"https:\\\/\\\/cklcomunicaciones.es\\\/coop\\\/?s={search_term_string}\"},\"query-input\":{\"@type\":\"PropertyValueSpecification\",\"valueRequired\":true,\"valueName\":\"search_term_string\"}}],\"inLanguage\":\"es\"},{\"@type\":\"Person\",\"@id\":\"https:\\\/\\\/cklcomunicaciones.es\\\/coop\\\/#\\\/schema\\\/person\\\/929a6837f7626450bbb50cee1aef266e\",\"name\":\"ckl\",\"image\":{\"@type\":\"ImageObject\",\"inLanguage\":\"es\",\"@id\":\"https:\\\/\\\/secure.gravatar.com\\\/avatar\\\/c82db564e8a669bf6023357a157b9dc4780f4d4c618f2ad1d71a6a5dede45057?s=96&d=mm&r=g\",\"url\":\"https:\\\/\\\/secure.gravatar.com\\\/avatar\\\/c82db564e8a669bf6023357a157b9dc4780f4d4c618f2ad1d71a6a5dede45057?s=96&d=mm&r=g\",\"contentUrl\":\"https:\\\/\\\/secure.gravatar.com\\\/avatar\\\/c82db564e8a669bf6023357a157b9dc4780f4d4c618f2ad1d71a6a5dede45057?s=96&d=mm&r=g\",\"caption\":\"ckl\"},\"url\":\"https:\\\/\\\/cklcomunicaciones.es\\\/coop\\\/author\\\/cklcomunicaciones\\\/\"}]}<\/script>\n<!-- \/ Yoast SEO plugin. -->","yoast_head_json":{"title":"Noticias Info CKL n\u00ba 2.128-16\/05\/18-Comunicar con perspectiva de g\u00e9nero","description":"Comunicar con perspectiva de g\u00e9nero: Economistas y acad\u00e9micos piden boicotear los debates sin mujeres-Movilizaci\u00f3n 16M:\"Compromiso = Presupuesto\"-El pa\u00eds con m\u00e1s cient\u00edficas es... Portugal-IPF: El aborto, principal causa de muerte en Europa junto al c\u00e1ncer","robots":{"index":"index","follow":"follow","max-snippet":"max-snippet:-1","max-image-preview":"max-image-preview:large","max-video-preview":"max-video-preview:-1"},"canonical":"https:\/\/cklcomunicaciones.es\/coop\/noticias-info-ckl-no-2-128-16-05-18\/","og_locale":"es_ES","og_type":"article","og_title":"Noticias Info CKL n\u00ba 2.128-16\/05\/18-Comunicar con perspectiva de g\u00e9nero","og_description":"Comunicar con perspectiva de g\u00e9nero: Economistas y acad\u00e9micos piden boicotear los debates sin mujeres-Movilizaci\u00f3n 16M:\"Compromiso = Presupuesto\"-El pa\u00eds con m\u00e1s cient\u00edficas es... Portugal-IPF: El aborto, principal causa de muerte en Europa junto al c\u00e1ncer","og_url":"https:\/\/cklcomunicaciones.es\/coop\/noticias-info-ckl-no-2-128-16-05-18\/","og_site_name":"CKL Comunicaciones","article_published_time":"2018-05-16T11:13:41+00:00","article_modified_time":"2025-01-17T15:40:51+00:00","og_image":[{"width":500,"height":500,"url":"https:\/\/cklcomunicaciones.es\/coop\/wp-content\/uploads\/2018\/03\/CKL_comunicacion-con-perspetiva-de-genero.jpg","type":"image\/jpeg"}],"author":"ckl","twitter_card":"summary_large_image","twitter_misc":{"Escrito por":"ckl","Tiempo de lectura":"5 minutos"},"schema":{"@context":"https:\/\/schema.org","@graph":[{"@type":"Article","@id":"https:\/\/cklcomunicaciones.es\/coop\/noticias-info-ckl-no-2-128-16-05-18\/#article","isPartOf":{"@id":"https:\/\/cklcomunicaciones.es\/coop\/noticias-info-ckl-no-2-128-16-05-18\/"},"author":{"name":"ckl","@id":"https:\/\/cklcomunicaciones.es\/coop\/#\/schema\/person\/929a6837f7626450bbb50cee1aef266e"},"headline":"Noticias Info CKL n\u00ba 2.128-16\/05\/18","datePublished":"2018-05-16T11:13:41+00:00","dateModified":"2025-01-17T15:40:51+00:00","mainEntityOfPage":{"@id":"https:\/\/cklcomunicaciones.es\/coop\/noticias-info-ckl-no-2-128-16-05-18\/"},"wordCount":1012,"image":{"@id":"https:\/\/cklcomunicaciones.es\/coop\/noticias-info-ckl-no-2-128-16-05-18\/#primaryimage"},"thumbnailUrl":"http:\/\/www.cklcomunicaciones.es\/wp-content\/uploads\/2018\/03\/CKL_comunicacion-con-perspetiva-de-genero-300x300.jpg","articleSection":["Newsletter","Nwl v2.0"],"inLanguage":"es"},{"@type":"WebPage","@id":"https:\/\/cklcomunicaciones.es\/coop\/noticias-info-ckl-no-2-128-16-05-18\/","url":"https:\/\/cklcomunicaciones.es\/coop\/noticias-info-ckl-no-2-128-16-05-18\/","name":"Noticias Info CKL n\u00ba 2.128-16\/05\/18-Comunicar con perspectiva de g\u00e9nero","isPartOf":{"@id":"https:\/\/cklcomunicaciones.es\/coop\/#website"},"primaryImageOfPage":{"@id":"https:\/\/cklcomunicaciones.es\/coop\/noticias-info-ckl-no-2-128-16-05-18\/#primaryimage"},"image":{"@id":"https:\/\/cklcomunicaciones.es\/coop\/noticias-info-ckl-no-2-128-16-05-18\/#primaryimage"},"thumbnailUrl":"http:\/\/www.cklcomunicaciones.es\/wp-content\/uploads\/2018\/03\/CKL_comunicacion-con-perspetiva-de-genero-300x300.jpg","datePublished":"2018-05-16T11:13:41+00:00","dateModified":"2025-01-17T15:40:51+00:00","author":{"@id":"https:\/\/cklcomunicaciones.es\/coop\/#\/schema\/person\/929a6837f7626450bbb50cee1aef266e"},"description":"Comunicar con perspectiva de g\u00e9nero: Economistas y acad\u00e9micos piden boicotear los debates sin mujeres-Movilizaci\u00f3n 16M:\"Compromiso = Presupuesto\"-El pa\u00eds con m\u00e1s cient\u00edficas es... Portugal-IPF: El aborto, principal causa de muerte en Europa junto al c\u00e1ncer","breadcrumb":{"@id":"https:\/\/cklcomunicaciones.es\/coop\/noticias-info-ckl-no-2-128-16-05-18\/#breadcrumb"},"inLanguage":"es","potentialAction":[{"@type":"ReadAction","target":["https:\/\/cklcomunicaciones.es\/coop\/noticias-info-ckl-no-2-128-16-05-18\/"]}]},{"@type":"ImageObject","inLanguage":"es","@id":"https:\/\/cklcomunicaciones.es\/coop\/noticias-info-ckl-no-2-128-16-05-18\/#primaryimage","url":"http:\/\/www.cklcomunicaciones.es\/wp-content\/uploads\/2018\/03\/CKL_comunicacion-con-perspetiva-de-genero-300x300.jpg","contentUrl":"http:\/\/www.cklcomunicaciones.es\/wp-content\/uploads\/2018\/03\/CKL_comunicacion-con-perspetiva-de-genero-300x300.jpg"},{"@type":"BreadcrumbList","@id":"https:\/\/cklcomunicaciones.es\/coop\/noticias-info-ckl-no-2-128-16-05-18\/#breadcrumb","itemListElement":[{"@type":"ListItem","position":1,"name":"Portada","item":"https:\/\/cklcomunicaciones.es\/coop\/"},{"@type":"ListItem","position":2,"name":"Noticias Info CKL n\u00ba 2.128-16\/05\/18"}]},{"@type":"WebSite","@id":"https:\/\/cklcomunicaciones.es\/coop\/#website","url":"https:\/\/cklcomunicaciones.es\/coop\/","name":"CKL Comunicaciones","description":"Sitio web de CKL Comunicaciones coop , la consultora de comunicaci\u00f3n y estrategia","potentialAction":[{"@type":"SearchAction","target":{"@type":"EntryPoint","urlTemplate":"https:\/\/cklcomunicaciones.es\/coop\/?s={search_term_string}"},"query-input":{"@type":"PropertyValueSpecification","valueRequired":true,"valueName":"search_term_string"}}],"inLanguage":"es"},{"@type":"Person","@id":"https:\/\/cklcomunicaciones.es\/coop\/#\/schema\/person\/929a6837f7626450bbb50cee1aef266e","name":"ckl","image":{"@type":"ImageObject","inLanguage":"es","@id":"https:\/\/secure.gravatar.com\/avatar\/c82db564e8a669bf6023357a157b9dc4780f4d4c618f2ad1d71a6a5dede45057?s=96&d=mm&r=g","url":"https:\/\/secure.gravatar.com\/avatar\/c82db564e8a669bf6023357a157b9dc4780f4d4c618f2ad1d71a6a5dede45057?s=96&d=mm&r=g","contentUrl":"https:\/\/secure.gravatar.com\/avatar\/c82db564e8a669bf6023357a157b9dc4780f4d4c618f2ad1d71a6a5dede45057?s=96&d=mm&r=g","caption":"ckl"},"url":"https:\/\/cklcomunicaciones.es\/coop\/author\/cklcomunicaciones\/"}]}},"_links":{"self":[{"href":"https:\/\/cklcomunicaciones.es\/coop\/wp-json\/wp\/v2\/posts\/13916","targetHints":{"allow":["GET"]}}],"collection":[{"href":"https:\/\/cklcomunicaciones.es\/coop\/wp-json\/wp\/v2\/posts"}],"about":[{"href":"https:\/\/cklcomunicaciones.es\/coop\/wp-json\/wp\/v2\/types\/post"}],"author":[{"embeddable":true,"href":"https:\/\/cklcomunicaciones.es\/coop\/wp-json\/wp\/v2\/users\/3"}],"replies":[{"embeddable":true,"href":"https:\/\/cklcomunicaciones.es\/coop\/wp-json\/wp\/v2\/comments?post=13916"}],"version-history":[{"count":0,"href":"https:\/\/cklcomunicaciones.es\/coop\/wp-json\/wp\/v2\/posts\/13916\/revisions"}],"wp:attachment":[{"href":"https:\/\/cklcomunicaciones.es\/coop\/wp-json\/wp\/v2\/media?parent=13916"}],"wp:term":[{"taxonomy":"category","embeddable":true,"href":"https:\/\/cklcomunicaciones.es\/coop\/wp-json\/wp\/v2\/categories?post=13916"},{"taxonomy":"post_tag","embeddable":true,"href":"https:\/\/cklcomunicaciones.es\/coop\/wp-json\/wp\/v2\/tags?post=13916"}],"curies":[{"name":"wp","href":"https:\/\/api.w.org\/{rel}","templated":true}]}}