{"id":13883,"date":"2018-05-08T14:09:37","date_gmt":"2018-05-08T12:09:37","guid":{"rendered":"http:\/\/www.cklcomunicaciones.es\/?p=13883"},"modified":"2025-01-17T16:40:52","modified_gmt":"2025-01-17T15:40:52","slug":"noticias-info-ckl-no-2-122-08-05-18","status":"publish","type":"post","link":"https:\/\/cklcomunicaciones.es\/coop\/noticias-info-ckl-no-2-122-08-05-18\/","title":{"rendered":"Noticias Info CKL n\u00ba 2.122-08\/05\/18"},"content":{"rendered":"<div id=\"pl-13883\"  class=\"panel-layout\" >\n<div id=\"pg-13883-0\"  class=\"panel-grid panel-no-style\"  data-style=\"{&quot;background_display&quot;:&quot;tile&quot;,&quot;lsow_dark_bg&quot;:&quot;&quot;,&quot;cell_alignment&quot;:&quot;flex-start&quot;}\" >\n<div id=\"pgc-13883-0-0\"  class=\"panel-grid-cell\"  data-weight=\"1\" >\n<div id=\"panel-13883-0-0-0\" class=\"so-panel widget widget_sow-editor panel-first-child panel-last-child\" data-index=\"0\" data-style=\"{&quot;background_image_attachment&quot;:false,&quot;background_image_attachment_fallback&quot;:false,&quot;background_display&quot;:&quot;tile&quot;}\" >\n<div class=\"so-widget-sow-editor so-widget-sow-editor-base\">\n<div class=\"siteorigin-widget-tinymce textwidget\">\n<p><img decoding=\"async\" class=\"lazyload  wp-image-13726\" src=\"http:\/\/www.cklcomunicaciones.es\/wp-content\/uploads\/2018\/03\/CKL_comunicacion-con-perspetiva-de-genero-300x300.jpg\" data-orig-src=\"http:\/\/www.cklcomunicaciones.es\/wp-content\/uploads\/2018\/03\/CKL_comunicacion-con-perspetiva-de-genero-300x300.jpg\" alt=\"CKL_comunicacion con perspetiva de genero\" width=\"132\" height=\"132\" srcset=\"data:image\/svg+xml,%3Csvg%20xmlns%3D%27http%3A%2F%2Fwww.w3.org%2F2000%2Fsvg%27%20width%3D%27132%27%20height%3D%27132%27%20viewBox%3D%270%200%20132%20132%27%3E%3Crect%20width%3D%27132%27%20height%3D%27132%27%20fill-opacity%3D%220%22%2F%3E%3C%2Fsvg%3E\" data-srcset=\"https:\/\/cklcomunicaciones.es\/coop\/wp-content\/uploads\/2018\/03\/CKL_comunicacion-con-perspetiva-de-genero-150x150.jpg 150w, https:\/\/cklcomunicaciones.es\/coop\/wp-content\/uploads\/2018\/03\/CKL_comunicacion-con-perspetiva-de-genero-300x300.jpg 300w, https:\/\/cklcomunicaciones.es\/coop\/wp-content\/uploads\/2018\/03\/CKL_comunicacion-con-perspetiva-de-genero-450x450.jpg 450w, https:\/\/cklcomunicaciones.es\/coop\/wp-content\/uploads\/2018\/03\/CKL_comunicacion-con-perspetiva-de-genero.jpg 500w\" data-sizes=\"auto\" data-orig-sizes=\"(max-width: 132px) 100vw, 132px\" \/><\/p>\n<p id=\":10s\" class=\"hP\" tabindex=\"-1\" data-thread-perm-id=\"162ce27a51932733\" data-legacy-thread-id=\"162ce27a51932733\"><strong>\u00c1ngeles Carmona, CGPJ:\u201cHace falta una ley de violencia sexual\u201d-Inmaculada L\u00f3pez Calahorro, directora del Patronato Lorca-Cannes arranca reivindicando a las mujeres-Shirin Ebadi: \u201cIr\u00e1n puede convertirse en otra Venezuela\u00bb<\/strong><\/p>\n<p tabindex=\"-1\" data-thread-perm-id=\"162ce27a51932733\" data-legacy-thread-id=\"162ce27a51932733\">[toggle type=\u00bbfirst\u00bb title=\u00bbConvocatorias\u00bb]<\/p>\n<ul>\n<li>Jornada de lanzamiento del Proyecto Garveland. Plan de Acci\u00f3n Algarve-Andaluc\u00eda para el impulso de la movilidad el\u00e9ctrica en zonas de especial inter\u00e9s tur\u00edstico y ambiental. Sevilla, 10 de mayo en Caixaforum Sevilla. Inscripci\u00f3n: <a href=\"http:\/\/garvelandproject.eu\/jornada-lanzamiento-andalucia\/\">http:\/\/garvelandproject.eu\/jornada-lanzamiento-andalucia\/<\/a><\/li>\n<\/ul>\n<p tabindex=\"-1\" data-thread-perm-id=\"162ce27a51932733\" data-legacy-thread-id=\"162ce27a51932733\">[\/toggle]<\/p>\n<p>[toggle type=\u00bbfirst\u00bb title=\u00bbComunicaci\u00f3n\u00bb]<\/p>\n<p><a href=\"https:\/\/elpais.com\/politica\/2018\/05\/07\/actualidad\/1525719694_573890.html\">Soledad Gallego-D\u00edaz: \u201cSoy periodista de Redacci\u00f3n\u201d<\/a> \u2013 El Pa\u00eds<\/p>\n<p><a href=\"https:\/\/www.google.com\/url?sa=t&amp;rct=j&amp;q=&amp;esrc=s&amp;source=newssearch&amp;cd=17&amp;ved=0ahUKEwiVvMjAhPbaAhVKtRQKHWw_Bx44ChCpAgg4KAAwBg&amp;url=http%3A%2F%2Fwww.diariosur.es%2Fdeportes%2Fmas-deportes%2Fcrea-consejo-asesor-20180508233836-nt.html&amp;usg=AOvVaw1ATTdto4Sdv7hgivgq4ktc\">SUR crea un consejo asesor para velar por la igualdad en la &#8230;<\/a> &#8211; Sur Digital<\/p>\n<p><a href=\"https:\/\/www.google.com\/url?rct=j&amp;sa=t&amp;url=http:\/\/www.antena3.com\/noticias\/sociedad\/alumnos-de-instituto-piden-a-la-rae-cambiar-la-definicion-de-fregona-que-dice-mujer-tosca-e-inculta-criada-que-sirve-en-la-cocina_201805075af0b4ba0cf22726410587a2.html&amp;ct=ga&amp;cd=CAEYASoUMTA0NzA0MjcyNTY1MjEyODE3NTkyGWMwMzcyZWJjMmZlYWRhNTk6ZXM6ZXM6RVM&amp;usg=AFQjCNEm7hjttnPutUkDzuLbKKOVcSvqqw\">Alumnos de instituto piden a la RAE cambiar la definici\u00f3n de fregona que dice \u00abmujer tosca e inculta criada que sirve en la cocina\u201d&#8230; <\/a>&#8211; Antena 3 Noticias<\/p>\n<p><a href=\"https:\/\/elpais.com\/elpais\/2018\/05\/08\/mujeres\/1525761197_314974.html\">Sexismo y sado en los autobuses de Valencia<\/a> \u2013 El Pa\u00eds<\/p>\n<p><a href=\"https:\/\/elpais.com\/tecnologia\/2018\/05\/02\/actualidad\/1525282921_736977.html\">Facebook quiere atajar el contenido nocivo con inteligencia artificial<\/a> \u2013 El Pa\u00eds<\/p>\n<p>&nbsp;<\/p>\n<p>[\/toggle]<\/p>\n<p>[toggle type=\u00bbfirst\u00bb title=\u00bbAndaluc\u00eda\u00bb]<\/p>\n<p><strong>Institucional <\/strong><\/p>\n<p><a href=\"https:\/\/www.google.com\/url?sa=t&amp;rct=j&amp;q=&amp;esrc=s&amp;source=newssearch&amp;cd=2&amp;ved=0ahUKEwjjifjYgPbaAhXFWhQKHUoiC28QqQIIKigAMAE&amp;url=https%3A%2F%2Fwww.teleprensa.com%2Fhuelva%2Fdiaz-destaca-el-modelo-de-exito-de-la-fp-dual-y-anima-a-las-empresas-a-implicarse.html.html&amp;usg=AOvVaw3rzjRvy7SuAWm4K4TdgoTy\">D\u00edaz destaca \u00abel modelo de \u00e9xito\u00bb de la FP Dual y anima a las &#8230;<\/a> &#8211; Teleprensa peri\u00f3dico digital<\/p>\n<p><strong>Econom\u00eda y Empresas<\/strong><\/p>\n<p><a href=\"http:\/\/www.mujeremprendedora.net\/instituto-san-telmo-acerca-situacion-mujer-noruega-alta-direccion\/\">El Instituto San Telmo muestra la situaci\u00f3n de la mujer noruega en la alta direcci\u00f3n<\/a> Mujeremprendedora.net<\/p>\n<p><a href=\"http:\/\/www.mujeremprendedora.net\/andalucia-emprende-y-la-famp-impulsan-el-ecosistema-emprendedor-rural\/\">Andaluc\u00eda Emprende y la FAMP impulsan el ecosistema emprendedor rural<\/a>\u2013 Mujeremprendedora.net<\/p>\n<p><a href=\"http:\/\/www.mujeremprendedora.net\/premio-emprende-innova-desarrollo-sostenible-diputacion-jaen\/\">Premio \u201cEmprende e Innova en desarrollo sostenible\u201d de la Diputaci\u00f3n de Ja\u00e9n<\/a> \u2013 Mujeremprendedora.net<\/p>\n<p><a href=\"http:\/\/www.europapress.es\/andalucia\/noticia-advanced-leadership-foundation-alf-fundacion-incyde-formaran-lideres-opinion-andaluces-economia-circular-20180507182835.html\">Advanced Leadership Foundation (ALF) y Fundaci\u00f3n Incyde formar\u00e1n &#8230;<\/a> &#8211; Europa Press<\/p>\n<p><strong>Actualidad<\/strong><\/p>\n<p><a href=\"https:\/\/www.google.com\/url?rct=j&amp;sa=t&amp;url=http:\/\/www.diariosur.es\/malaga-capital\/foro-analizara-liderazgo-20180508000425-ntvo.html&amp;ct=ga&amp;cd=CAEYACoTMjA2Mzg2Mjg4MDMxMjQ1MzE0MjIZYzAzNzJlYmMyZmVhZGE1OTplczplczpFUw&amp;usg=AFQjCNGwA2VEhZGlSdMVird6Iz4sMSKThg\">Un foro analizar\u00e1 el liderazgo de la mujer en M\u00e1laga para reforzar su visibilidad <\/a>&#8211; Sur Digital<\/p>\n<p><a href=\"https:\/\/www.google.com\/url?sa=t&amp;rct=j&amp;q=&amp;esrc=s&amp;source=newssearch&amp;cd=1&amp;ved=0ahUKEwiOpYf-g_baAhUBVxQKHS71Ao4QqQIIJigAMAA&amp;url=http%3A%2F%2Fwww.lavanguardia.com%2Fpolitica%2F20180508%2F443412274518%2Fplan-internacional-pide-acabar-con-invisibilidad-de-las-ninas-en-las-leyes.html&amp;usg=AOvVaw2GTRnvAJSVysFYCg9velON\">Plan Internacional pide acabar con invisibilidad de las ni\u00f1as en las leyes&#8230;<\/a> &#8211; La Vanguardia<\/p>\n<p><a href=\"https:\/\/www.eldiario.es\/andalucia\/Junta-organiza-voluntariado-participaran-jovenes_0_768873727.html\">La Junta de Andaluc\u00eda organiza para este verano 23 campos de voluntarios &#8230;<\/a> &#8211; <a href=\"http:\/\/eldiario.es\">eldiario.es<\/a><\/p>\n<p><strong>Violencias<\/strong><\/p>\n<p><a href=\"https:\/\/www.teleprensa.com\/sevilla\/ccoo-a-ve-indispensable-el-empleo-en-las-mujeres-para-la-lucha-contra-la-violencia-de-genero.html.html\">CCOO-A ve \u00abindispensable\u00bb el empleo en las mujeres para la lucha contra la violencia de g\u00e9nero &#8230;<\/a>&#8211; Teleprensa<\/p>\n<p><strong>\u00a0<\/strong><strong>Ciencia y Cultura<\/strong><\/p>\n<p><a href=\"http:\/\/www.europapress.es\/andalucia\/noticia-diputacion-nombra-inmaculada-lopez-calahorro-nueva-directora-patronato-lorca-20180508111957.html\">La Diputaci\u00f3n de Granada nombra a Inmaculada L\u00f3pez Calahorro nueva directora del Patronato Lorca &#8230;<\/a>-Europa Press<\/p>\n<p><a href=\"http:\/\/www.sevilladirecto.com\/lecturas-feministas-una-performance-y-mesas-redondas-para-reivindicar-el-papel-de-la-mujer-en-las-letras\/\">Lecturas feministas, una performance y mesas redondas para &#8230;<\/a>&#8211; Sevilla Directo<\/p>\n<p><a href=\"https:\/\/www.google.com\/url?sa=t&amp;rct=j&amp;q=&amp;esrc=s&amp;source=newssearch&amp;cd=13&amp;ved=0ahUKEwjQgJ3ngfbaAhXLOxQKHfQYDi84ChCpAggsKAAwAg&amp;url=http%3A%2F%2Fsevilla.abc.es%2Fandalucia%2Fsevi-maria-leon-pena-guionista-alli-abajo-ridiculizo-andaluces-twitter-201805080721_noticia.html&amp;usg=AOvVaw3gU3XeNfzkUi_aOI2zgThv\">A Mar\u00eda Le\u00f3n le \u00abda pena\u00bb el guionista de \u00abAll\u00ed abajo\u00bb que ridiculiz\u00f3 &#8230;<\/a> &#8211; <a href=\"http:\/\/abcdesevilla.es\">abcdesevilla.es<\/a><\/p>\n<p><a href=\"http:\/\/www.granadahoy.com\/ocio\/aforismos-Carmen-Camacho-Biblioteca-Andalucia_0_1243375691.html\">Los aforismos de Carmen Camacho, en la Biblioteca de Andaluc\u00eda<\/a> &#8211; Granada Hoy<\/p>\n<p><strong>Deporte<\/strong><\/p>\n<p><a href=\"http:\/\/www.diariosur.es\/deportes\/mas-deportes\/plata-diaz-pulido-20180508000230-ntvo.html\">Plata para D\u00edaz y Pulido en la Copa de Andaluc\u00eda de remo<\/a> &#8211; Sur Digital<\/p>\n<p><a href=\"https:\/\/andaluciainformacion.es\/huelva\/752975\/diputacion-y-turismo-mantienen-su-apuesta-por-el-sporting\">Diputaci\u00f3n y Turismo mantienen su apuesta por el CajaSol Sporting Club\u2026<\/a> &#8211; Andaluc\u00eda Informaci\u00f3n<\/p>\n<p>&nbsp;<\/p>\n<p><strong>\u00a0<\/strong>[\/toggle]<\/p>\n<p>[toggle type=\u00bbfirst\u00bb title=\u00bbEstado\u00bb]<\/p>\n<p><strong>Institucional<\/strong><\/p>\n<p><a href=\"https:\/\/www.google.com\/url?sa=t&amp;rct=j&amp;q=&amp;esrc=s&amp;source=newssearch&amp;cd=44&amp;ved=0ahUKEwj1wrTXg_baAhWGShQKHfN5A4M4KBCpAggvKAAwAw&amp;url=http%3A%2F%2Fwww.lavanguardia.com%2Fvida%2F20180507%2F443363214312%2Finterior-reune-desde-hoy-a-los-maximos-expertos-en-materia-de-violencia-de-genero-en-el-marco-del-pacto.html&amp;usg=AOvVaw2OrZOAqmMuJcwfC3xpIar5\">Interior re\u00fane desde hoy a los m\u00e1ximos expertos en materia de violencia de g\u00e9nero &#8230;<\/a> &#8211; La Vanguardia<\/p>\n<p><strong>Institucional-CCAA<\/strong><\/p>\n<p><a href=\"https:\/\/www.google.com\/url?rct=j&amp;sa=t&amp;url=http:\/\/www.laopinion.es\/economia\/2018\/05\/08\/relevo-generacional-mayores-retos-empresa\/874884.html&amp;ct=ga&amp;cd=CAEYASoUMTM1MjQ1NTg2NjAxOTA3NjE0MDUyGWMwMzcyZWJjMmZlYWRhNTk6ZXM6ZXM6RVM&amp;usg=AFQjCNEseMEu_ywv-1fl_bh-v_op-ox-nA\">Carmen Garc\u00eda, presidenta de la Asociaci\u00f3n de la Empresa Familiar de Canarias: \u201cEl relevo generacional es uno de los mayores retos de la empresa familiar\u00bb <\/a>&#8211; La Opini\u00f3n de Tenerife<\/p>\n<p><a href=\"https:\/\/www.google.com\/url?rct=j&amp;sa=t&amp;url=https:\/\/www.tourinews.es\/resumen-de-prensa\/notas-de-prensa-economia-y-politica-turismo\/el-80-del-turismo-rural-depende-de-mujeres_4447867_102.html&amp;ct=ga&amp;cd=CAEYASoTNDIxNjg1NTIxMjg4MDQxNDQ4MzIZYzAzNzJlYmMyZmVhZGE1OTplczplczpFUw&amp;usg=AFQjCNFsqGQ3G92y9_g4KxPp3f3C-pzq1Q\">El 80% del turismo rural depende de mujeres en Extremadura <\/a>&#8211; <a href=\"http:\/\/tourinews.es\">tourinews.es<\/a><\/p>\n<p><a href=\"https:\/\/www.google.com\/url?rct=j&amp;sa=t&amp;url=http:\/\/agencias.abc.es\/agencias\/noticia.asp%3Fnoticia%3D2811497&amp;ct=ga&amp;cd=CAEYACoTNjk3Mzg1MTI3Mzc2Njc0NjM0MDIZYzAzNzJlYmMyZmVhZGE1OTplczplczpFUw&amp;usg=AFQjCNHT3h8ZHbGSIFKhpJ8exa0x9a2_FQ\">Instituto de la Mujer CLM convoca ayudas para prevenir trata y discriminaci\u00f3n <\/a>&#8211; Abc.es<\/p>\n<p><a href=\"https:\/\/www.google.com\/url?rct=j&amp;sa=t&amp;url=http:\/\/www.hoy.es\/extremadura\/patricia-sierra-primera-20180508111338-nt.html&amp;ct=ga&amp;cd=CAEYACoUMTMwMzk0MTA3MTExMjMyNzY2NDUyGWMwMzcyZWJjMmZlYWRhNTk6ZXM6ZXM6RVM&amp;usg=AFQjCNHjRBL19C-4Kx4us5S_1fMEJzDf9A\">Patricia Sierra, primera mujer en incorporarse a la directiva de Fedexcaza <\/a>&#8211; Hoy Digital<\/p>\n<p><a href=\"http:\/\/www.elmundo.es\/comunidad-valenciana\/2018\/05\/07\/5af0775b22601df9358b45ff.html\">Sona la Dipu arranca su edici\u00f3n de 2018 con un coloquio sobre la presencia femenina en la m\u00fasica<\/a> \u2013 El Mundo<\/p>\n<p><a href=\"http:\/\/www.mujeremprendedora.net\/el-ayuntamiento-de-madrid-lanza-el-premio-emprendedoras-2018\/\">El Ayuntamiento de Madrid lanza el Premio Emprendedoras 2018<\/a> \u2013 Mujeremprendedora.net<\/p>\n<p><a href=\"https:\/\/www.google.com\/url?sa=t&amp;rct=j&amp;q=&amp;esrc=s&amp;source=newssearch&amp;cd=64&amp;ved=0ahUKEwj2kNis__XaAhUCbFAKHZxWAvw4PBCpAggvKAAwAw&amp;url=http%3A%2F%2Fwww.publico.es%2Fpolitica%2Fpaso-violencia-machista-madrid-victimas-tendran-derecho-vivienda-sea-necesaria-denuncia.html&amp;usg=AOvVaw0fJZbe74HovivnIkVSIrrg\">Un paso m\u00e1s contra la violencia machista en Madrid: las v\u00edctimas tendr\u00e1n derecho a vivienda &#8230;<\/a> &#8211; P\u00fablico<\/p>\n<p><a href=\"http:\/\/www.laopiniondemurcia.es\/comunidad\/2018\/05\/07\/nace-murcia-asamblea-feminista-mil\/920019.html\">Nace en Murcia la Asamblea Feminista con m\u00e1s de mil mujeres<\/a> &#8211; La Opini\u00f3n de Murcia<\/p>\n<p><strong>Econom\u00eda y Empresa<\/strong><\/p>\n<p><a href=\"https:\/\/www.google.com\/url?sa=t&amp;rct=j&amp;q=&amp;esrc=s&amp;source=newssearch&amp;cd=10&amp;ved=0ahUKEwiZ4tSLgvbaAhWGVhQKHQZDDs4QqQIIQSgAMAk&amp;url=http%3A%2F%2Fwww.corresponsables.com%2Factualidad%2FcaixaBank-lanza-linea-de-credito-para-mujeres-emprendedoras&amp;usg=AOvVaw0JDnOp_H6BGmE275ovFuvz\">CaixaBank lanza una l\u00ednea de cr\u00e9dito para emprendedoras<\/a> &#8211; Corresponsables.com<\/p>\n<p><a href=\"http:\/\/www.elmundo.es\/economia\/2018\/05\/07\/5af06581268e3e0e558b4672.html\">Savia, un espacio para mejorar la empleabilidad para seniors\u2026<\/a>\u2013 El Pa\u00eds<\/p>\n<p><a href=\"https:\/\/elpais.com\/economia\/2018\/05\/07\/actualidad\/1525715028_552550.html\">Casi cinco millones de personas, atrapadas entre la pobreza laboral y el paro<\/a>\u2013 El Pa\u00eds<\/p>\n<p><strong>Actualidad<\/strong><\/p>\n<p><a href=\"http:\/\/www.publico.es\/politica\/corresponsabilidad-consenso-cuidado-compartido-diluye-congreso.html\">El consenso sobre el cuidado compartido de los hijos se diluye en el Congreso<\/a> \u2013 P\u00fablico<\/p>\n<p><a href=\"https:\/\/tribunafeminista.elplural.com\/2018\/05\/ana-de-miguel-avalar-la-segregacion-por-sexos-en-las-aulas-es-golpe-en-la-columna-vertebral-de-la-democracia\/\">Ana de Miguel: \u201cAvalar la segregaci\u00f3n por sexos en las aulas es golpe en la columna vertebral de la Democracia\u2026<\/a> &#8211;<a href=\"http:\/\/elplural.com\">elplural.com<\/a><\/p>\n<p><a href=\"https:\/\/www.google.com\/url?sa=t&amp;rct=j&amp;q=&amp;esrc=s&amp;source=newssearch&amp;cd=2&amp;ved=0ahUKEwjAl6-lhfbaAhXLPxQKHSxVDt8QqQIIKigAMAE&amp;url=http%3A%2F%2Fwww.elcorreo.com%2Fsociedad%2Fsexismo-entornos-progresistas-20180508122142-nt.html&amp;usg=AOvVaw2MF12aSA01OLBJiXUa9vxI\">Un estudio de Emakunde revela que el <em>sexismo<\/em> tambi\u00e9n se da en entornos progresistas&#8230;<\/a> &#8211; El Correo<\/p>\n<p><strong>Violencias<\/strong><\/p>\n<p><a href=\"https:\/\/www.google.com\/url?sa=t&amp;rct=j&amp;q=&amp;esrc=s&amp;source=newssearch&amp;cd=3&amp;ved=0ahUKEwjov5aTg_baAhVBShQKHUDtA0YQqQIILSgAMAI&amp;url=https%3A%2F%2Fwww.20minutos.es%2Fnoticia%2F3334126%2F0%2Fentrevista-angeles-carmona-lamanada-ley-violencia-sexual%2F&amp;usg=AOvVaw0pBOZDMZZq6nbcbC7nzcVP\">\u00c1ngeles Carmona, CGPJ \u201cHace falta una ley de violencia sexual\u201d \u2026<\/a>&#8211;<a href=\"http:\/\/20minutos.es\">20minutos.es<\/a><\/p>\n<p><a href=\"https:\/\/www.google.com\/url?rct=j&amp;sa=t&amp;url=http:\/\/www.diariosur.es\/sociedad\/investigan-presunta-violacion-murcia-20180507122407-ntrc.html&amp;ct=ga&amp;cd=CAEYDioUMTQxNDY3MDIxNDUwNDcyOTEzMzUyGWMwMzcyZWJjMmZlYWRhNTk6ZXM6ZXM6RVM&amp;usg=AFQjCNEwFzzv3-aShpWtB1bLSNDBVk5rwQ\">Investigan una presunta violaci\u00f3n grupal a una mujer en Murcia <\/a>&#8211; Sur Digital<\/p>\n<p><a href=\"https:\/\/www.google.com\/url?sa=t&amp;rct=j&amp;q=&amp;esrc=s&amp;source=newssearch&amp;cd=21&amp;ved=0ahUKEwje64m-g_baAhUBShQKHbNBDyQ4FBCpAggmKAAwAA&amp;url=https%3A%2F%2Fwww.20minutos.es%2Fnoticia%2F3333119%2F0%2Fhuerfanos-victimas-violencia-machista-pesion%2F&amp;usg=AOvVaw0P9LpKi8YnA8Vu-RK0eP_F\">Los hu\u00e9rfanos de las v\u00edctimas de violencia machista solo cobran 190 euros de pensi\u00f3n &#8230;<\/a> &#8211; <a href=\"http:\/\/20minutos.es\">20minutos.es<\/a><\/p>\n<p><strong>Ciencia y Cultura<\/strong><\/p>\n<p><a href=\"http:\/\/www.elmundo.es\/cultura\/literatura\/2018\/05\/08\/5af03a34e2704ef7048b45ce.html\">Ocho &#8216;Mujeres de luz&#8217; y de sombras en el libro de Mar\u00eda Vallejo-N\u00e1gera<\/a>\u2013 El Mundo<\/p>\n<p><a href=\"http:\/\/www.elmundo.es\/comunidad-valenciana\/alicante\/2018\/05\/08\/5af09aaee2704eff048b45ee.html\">Reyes Monforte: \u00ab&#8216;La memoria de la lavanda&#8217; es un viaje del luto a la esperanza\u00bb<\/a>\u2013 El Mundo<\/p>\n<p><a href=\"https:\/\/www.google.com\/url?sa=t&amp;rct=j&amp;q=&amp;esrc=s&amp;source=newssearch&amp;cd=17&amp;ved=0ahUKEwjyx_va_vXaAhWObVAKHdUoCfM4ChCpAgg4KAAwBg&amp;url=https%3A%2F%2Fwww.huffingtonpost.es%2F2018%2F05%2F08%2Fel-tuit-que-demuestra-la-importancia-de-que-haya-mas-mujeres-tras-las-camaras_a_23429423%2F&amp;usg=AOvVaw1Z8VIqp5CkssCkgkwV5W4p\">El tuit que demuestra la importancia de que haya m\u00e1s mujeres tras las camaras &#8230;<\/a>&#8211; El HuffPost<\/p>\n<p><strong>Deporte<\/strong><\/p>\n<p><a href=\"https:\/\/elpais.com\/deportes\/2018\/05\/07\/actualidad\/1525713312_290038.html\">Garbi\u00f1e: \u201cNo hay partido tonto, cada uno es el \u00faltimo\u201d<\/a> \u2013 El Pa\u00eds<\/p>\n<p><a href=\"http:\/\/www.eitb.eus\/es\/radio\/radio-euskadi\/programas\/graffiti\/detalle\/5576279\/cada-vez-mujeres-apuestan-rugby----------------\/\">Cada vez m\u00e1s mujeres apuestan por el rugby<\/a> &#8211; EiTB<\/p>\n<p><a href=\"https:\/\/www.noticiasdenavarra.com\/2018\/05\/07\/deportes\/ciclismo\/navarra-acoge-la-6-prueba-de-la-copa-de-espana-femenina-de-ciclismo\">Navarra acoge la 6\u00aa prueba de la Copa de Espa\u00f1a femenina de ciclismo<\/a> &#8211; Noticias de Navarra<\/p>\n<p>&nbsp;<\/p>\n<p>[\/toggle]<\/p>\n<p>[toggle type=\u00bbfirst\u00bb title=\u00bbInternacional\u00bb]<\/p>\n<p><a href=\"https:\/\/cincodias.elpais.com\/cincodias\/2018\/05\/07\/mercados\/1525709289_800067.html\">Se\u00f1ales que anuncian el cambio de ciclo econ\u00f3mico<\/a> &#8211; Cinco D\u00edas<\/p>\n<p><a href=\"https:\/\/elpais.com\/internacional\/2018\/05\/07\/actualidad\/1525714793_825522.html\">Shirin Ebadi: \u201cIr\u00e1n puede convertirse en otra Venezuela si el r\u00e9gimen no escucha al pueblo\u201d<\/a> \u2013 El Pa\u00eds<\/p>\n<p><a href=\"https:\/\/www.elespectador.com\/noticias\/el-mundo\/las-mujeres-sauditas-podran-conducir-partir-del-24-de-junio-articulo-754515\">Las sauditas podr\u00e1n conducir a partir del 24 de junio<\/a> &#8211; ElEspectador.com<\/p>\n<p><a href=\"https:\/\/elpais.com\/internacional\/2018\/05\/08\/estados_unidos\/1525736859_512382.html\">El fiscal del #MeToo dimite tras ser acusado de maltrato por cuatro mujeres<\/a> \u2013 El Pa\u00eds<\/p>\n<p><a href=\"http:\/\/www.rtve.es\/alacarta\/videos\/noticias-24-horas\/festival-cannes-arranca-reividincando-papel-mujer\/4594719\/\">El Festival de Cannes arranca reivindicando el papel de la mujer<\/a> &#8211; Rtve<\/p>\n<p><a href=\"https:\/\/www.elperiodico.com\/es\/deportes\/20180507\/anna-muzychuk-entrevista-dignidad-mujer-vale-mas-dinero-6805362\">Anna Muzychuk: \u00abMi dignidad como mujer vale m\u00e1s que todo el dinero\u00bb<\/a> &#8211; El Peri\u00f3dico<\/p>\n<p>&nbsp;<\/p>\n<p>[\/toggle]<\/p>\n<\/div>\n<\/div>\n<\/div>\n<\/div>\n<\/div>\n<\/div>\n","protected":false},"excerpt":{"rendered":"<p>\u00c1ngeles Carmona, CGPJ:\u201cHace falta una ley de violencia sexual\u201d-Inmaculada L\u00f3pez <a href=\"https:\/\/cklcomunicaciones.es\/coop\/noticias-info-ckl-no-2-122-08-05-18\/\">[&#8230;]<\/a><\/p>\n","protected":false},"author":3,"featured_media":0,"comment_status":"closed","ping_status":"closed","sticky":false,"template":"","format":"standard","meta":{"footnotes":""},"categories":[298,623],"tags":[],"class_list":["post-13883","post","type-post","status-publish","format-standard","hentry","category-newsletter","category-nwl-2-0"],"yoast_head":"<!-- This site is optimized with the Yoast SEO plugin v27.5 - https:\/\/yoast.com\/product\/yoast-seo-wordpress\/ -->\n<title>Noticias Info CKL n\u00ba 2.122-08\/05\/18-Comunicar con perspectiva de g\u00e9nero<\/title>\n<meta name=\"description\" content=\"Comunicar con perspectiva de g\u00e9nero: \u00c1ngeles Carmona, CGPJ:\u201cHace falta una ley de violencia sexual\u201d-Inmaculada L\u00f3pez Calahorro, directora del Patronato Lorca-Cannes arranca reivindicando a las mujeres-Shirin Ebadi: \u201cIr\u00e1n puede convertirse en otra Venezuela&quot;\" \/>\n<meta name=\"robots\" content=\"index, follow, max-snippet:-1, max-image-preview:large, max-video-preview:-1\" \/>\n<link rel=\"canonical\" href=\"https:\/\/cklcomunicaciones.es\/coop\/noticias-info-ckl-no-2-122-08-05-18\/\" \/>\n<meta property=\"og:locale\" content=\"es_ES\" \/>\n<meta property=\"og:type\" content=\"article\" \/>\n<meta property=\"og:title\" content=\"Noticias Info CKL n\u00ba 2.122-08\/05\/18-Comunicar con perspectiva de g\u00e9nero\" \/>\n<meta property=\"og:description\" content=\"Comunicar con perspectiva de g\u00e9nero: \u00c1ngeles Carmona, CGPJ:\u201cHace falta una ley de violencia sexual\u201d-Inmaculada L\u00f3pez Calahorro, directora del Patronato Lorca-Cannes arranca reivindicando a las mujeres-Shirin Ebadi: \u201cIr\u00e1n puede convertirse en otra Venezuela&quot;\" \/>\n<meta property=\"og:url\" content=\"https:\/\/cklcomunicaciones.es\/coop\/noticias-info-ckl-no-2-122-08-05-18\/\" \/>\n<meta property=\"og:site_name\" content=\"CKL Comunicaciones\" \/>\n<meta property=\"article:published_time\" content=\"2018-05-08T12:09:37+00:00\" \/>\n<meta property=\"article:modified_time\" content=\"2025-01-17T15:40:52+00:00\" \/>\n<meta property=\"og:image\" content=\"https:\/\/cklcomunicaciones.es\/coop\/wp-content\/uploads\/2018\/03\/CKL_comunicacion-con-perspetiva-de-genero.jpg\" \/>\n\t<meta property=\"og:image:width\" content=\"500\" \/>\n\t<meta property=\"og:image:height\" content=\"500\" \/>\n\t<meta property=\"og:image:type\" content=\"image\/jpeg\" \/>\n<meta name=\"author\" content=\"ckl\" \/>\n<meta name=\"twitter:card\" content=\"summary_large_image\" \/>\n<meta name=\"twitter:label1\" content=\"Escrito por\" \/>\n\t<meta name=\"twitter:data1\" content=\"ckl\" \/>\n\t<meta name=\"twitter:label2\" content=\"Tiempo de lectura\" \/>\n\t<meta name=\"twitter:data2\" content=\"5 minutos\" \/>\n<script type=\"application\/ld+json\" class=\"yoast-schema-graph\">{\"@context\":\"https:\\\/\\\/schema.org\",\"@graph\":[{\"@type\":\"Article\",\"@id\":\"https:\\\/\\\/cklcomunicaciones.es\\\/coop\\\/noticias-info-ckl-no-2-122-08-05-18\\\/#article\",\"isPartOf\":{\"@id\":\"https:\\\/\\\/cklcomunicaciones.es\\\/coop\\\/noticias-info-ckl-no-2-122-08-05-18\\\/\"},\"author\":{\"name\":\"ckl\",\"@id\":\"https:\\\/\\\/cklcomunicaciones.es\\\/coop\\\/#\\\/schema\\\/person\\\/929a6837f7626450bbb50cee1aef266e\"},\"headline\":\"Noticias Info CKL n\u00ba 2.122-08\\\/05\\\/18\",\"datePublished\":\"2018-05-08T12:09:37+00:00\",\"dateModified\":\"2025-01-17T15:40:52+00:00\",\"mainEntityOfPage\":{\"@id\":\"https:\\\/\\\/cklcomunicaciones.es\\\/coop\\\/noticias-info-ckl-no-2-122-08-05-18\\\/\"},\"wordCount\":954,\"image\":{\"@id\":\"https:\\\/\\\/cklcomunicaciones.es\\\/coop\\\/noticias-info-ckl-no-2-122-08-05-18\\\/#primaryimage\"},\"thumbnailUrl\":\"http:\\\/\\\/www.cklcomunicaciones.es\\\/wp-content\\\/uploads\\\/2018\\\/03\\\/CKL_comunicacion-con-perspetiva-de-genero-300x300.jpg\",\"articleSection\":[\"Newsletter\",\"Nwl v2.0\"],\"inLanguage\":\"es\"},{\"@type\":\"WebPage\",\"@id\":\"https:\\\/\\\/cklcomunicaciones.es\\\/coop\\\/noticias-info-ckl-no-2-122-08-05-18\\\/\",\"url\":\"https:\\\/\\\/cklcomunicaciones.es\\\/coop\\\/noticias-info-ckl-no-2-122-08-05-18\\\/\",\"name\":\"Noticias Info CKL n\u00ba 2.122-08\\\/05\\\/18-Comunicar con perspectiva de g\u00e9nero\",\"isPartOf\":{\"@id\":\"https:\\\/\\\/cklcomunicaciones.es\\\/coop\\\/#website\"},\"primaryImageOfPage\":{\"@id\":\"https:\\\/\\\/cklcomunicaciones.es\\\/coop\\\/noticias-info-ckl-no-2-122-08-05-18\\\/#primaryimage\"},\"image\":{\"@id\":\"https:\\\/\\\/cklcomunicaciones.es\\\/coop\\\/noticias-info-ckl-no-2-122-08-05-18\\\/#primaryimage\"},\"thumbnailUrl\":\"http:\\\/\\\/www.cklcomunicaciones.es\\\/wp-content\\\/uploads\\\/2018\\\/03\\\/CKL_comunicacion-con-perspetiva-de-genero-300x300.jpg\",\"datePublished\":\"2018-05-08T12:09:37+00:00\",\"dateModified\":\"2025-01-17T15:40:52+00:00\",\"author\":{\"@id\":\"https:\\\/\\\/cklcomunicaciones.es\\\/coop\\\/#\\\/schema\\\/person\\\/929a6837f7626450bbb50cee1aef266e\"},\"description\":\"Comunicar con perspectiva de g\u00e9nero: \u00c1ngeles Carmona, CGPJ:\u201cHace falta una ley de violencia sexual\u201d-Inmaculada L\u00f3pez Calahorro, directora del Patronato Lorca-Cannes arranca reivindicando a las mujeres-Shirin Ebadi: \u201cIr\u00e1n puede convertirse en otra Venezuela\\\"\",\"breadcrumb\":{\"@id\":\"https:\\\/\\\/cklcomunicaciones.es\\\/coop\\\/noticias-info-ckl-no-2-122-08-05-18\\\/#breadcrumb\"},\"inLanguage\":\"es\",\"potentialAction\":[{\"@type\":\"ReadAction\",\"target\":[\"https:\\\/\\\/cklcomunicaciones.es\\\/coop\\\/noticias-info-ckl-no-2-122-08-05-18\\\/\"]}]},{\"@type\":\"ImageObject\",\"inLanguage\":\"es\",\"@id\":\"https:\\\/\\\/cklcomunicaciones.es\\\/coop\\\/noticias-info-ckl-no-2-122-08-05-18\\\/#primaryimage\",\"url\":\"http:\\\/\\\/www.cklcomunicaciones.es\\\/wp-content\\\/uploads\\\/2018\\\/03\\\/CKL_comunicacion-con-perspetiva-de-genero-300x300.jpg\",\"contentUrl\":\"http:\\\/\\\/www.cklcomunicaciones.es\\\/wp-content\\\/uploads\\\/2018\\\/03\\\/CKL_comunicacion-con-perspetiva-de-genero-300x300.jpg\"},{\"@type\":\"BreadcrumbList\",\"@id\":\"https:\\\/\\\/cklcomunicaciones.es\\\/coop\\\/noticias-info-ckl-no-2-122-08-05-18\\\/#breadcrumb\",\"itemListElement\":[{\"@type\":\"ListItem\",\"position\":1,\"name\":\"Portada\",\"item\":\"https:\\\/\\\/cklcomunicaciones.es\\\/coop\\\/\"},{\"@type\":\"ListItem\",\"position\":2,\"name\":\"Noticias Info CKL n\u00ba 2.122-08\\\/05\\\/18\"}]},{\"@type\":\"WebSite\",\"@id\":\"https:\\\/\\\/cklcomunicaciones.es\\\/coop\\\/#website\",\"url\":\"https:\\\/\\\/cklcomunicaciones.es\\\/coop\\\/\",\"name\":\"CKL Comunicaciones\",\"description\":\"Sitio web de CKL Comunicaciones coop , la consultora de comunicaci\u00f3n y estrategia\",\"potentialAction\":[{\"@type\":\"SearchAction\",\"target\":{\"@type\":\"EntryPoint\",\"urlTemplate\":\"https:\\\/\\\/cklcomunicaciones.es\\\/coop\\\/?s={search_term_string}\"},\"query-input\":{\"@type\":\"PropertyValueSpecification\",\"valueRequired\":true,\"valueName\":\"search_term_string\"}}],\"inLanguage\":\"es\"},{\"@type\":\"Person\",\"@id\":\"https:\\\/\\\/cklcomunicaciones.es\\\/coop\\\/#\\\/schema\\\/person\\\/929a6837f7626450bbb50cee1aef266e\",\"name\":\"ckl\",\"image\":{\"@type\":\"ImageObject\",\"inLanguage\":\"es\",\"@id\":\"https:\\\/\\\/secure.gravatar.com\\\/avatar\\\/c82db564e8a669bf6023357a157b9dc4780f4d4c618f2ad1d71a6a5dede45057?s=96&d=mm&r=g\",\"url\":\"https:\\\/\\\/secure.gravatar.com\\\/avatar\\\/c82db564e8a669bf6023357a157b9dc4780f4d4c618f2ad1d71a6a5dede45057?s=96&d=mm&r=g\",\"contentUrl\":\"https:\\\/\\\/secure.gravatar.com\\\/avatar\\\/c82db564e8a669bf6023357a157b9dc4780f4d4c618f2ad1d71a6a5dede45057?s=96&d=mm&r=g\",\"caption\":\"ckl\"},\"url\":\"https:\\\/\\\/cklcomunicaciones.es\\\/coop\\\/author\\\/cklcomunicaciones\\\/\"}]}<\/script>\n<!-- \/ Yoast SEO plugin. -->","yoast_head_json":{"title":"Noticias Info CKL n\u00ba 2.122-08\/05\/18-Comunicar con perspectiva de g\u00e9nero","description":"Comunicar con perspectiva de g\u00e9nero: \u00c1ngeles Carmona, CGPJ:\u201cHace falta una ley de violencia sexual\u201d-Inmaculada L\u00f3pez Calahorro, directora del Patronato Lorca-Cannes arranca reivindicando a las mujeres-Shirin Ebadi: \u201cIr\u00e1n puede convertirse en otra Venezuela\"","robots":{"index":"index","follow":"follow","max-snippet":"max-snippet:-1","max-image-preview":"max-image-preview:large","max-video-preview":"max-video-preview:-1"},"canonical":"https:\/\/cklcomunicaciones.es\/coop\/noticias-info-ckl-no-2-122-08-05-18\/","og_locale":"es_ES","og_type":"article","og_title":"Noticias Info CKL n\u00ba 2.122-08\/05\/18-Comunicar con perspectiva de g\u00e9nero","og_description":"Comunicar con perspectiva de g\u00e9nero: \u00c1ngeles Carmona, CGPJ:\u201cHace falta una ley de violencia sexual\u201d-Inmaculada L\u00f3pez Calahorro, directora del Patronato Lorca-Cannes arranca reivindicando a las mujeres-Shirin Ebadi: \u201cIr\u00e1n puede convertirse en otra Venezuela\"","og_url":"https:\/\/cklcomunicaciones.es\/coop\/noticias-info-ckl-no-2-122-08-05-18\/","og_site_name":"CKL Comunicaciones","article_published_time":"2018-05-08T12:09:37+00:00","article_modified_time":"2025-01-17T15:40:52+00:00","og_image":[{"width":500,"height":500,"url":"https:\/\/cklcomunicaciones.es\/coop\/wp-content\/uploads\/2018\/03\/CKL_comunicacion-con-perspetiva-de-genero.jpg","type":"image\/jpeg"}],"author":"ckl","twitter_card":"summary_large_image","twitter_misc":{"Escrito por":"ckl","Tiempo de lectura":"5 minutos"},"schema":{"@context":"https:\/\/schema.org","@graph":[{"@type":"Article","@id":"https:\/\/cklcomunicaciones.es\/coop\/noticias-info-ckl-no-2-122-08-05-18\/#article","isPartOf":{"@id":"https:\/\/cklcomunicaciones.es\/coop\/noticias-info-ckl-no-2-122-08-05-18\/"},"author":{"name":"ckl","@id":"https:\/\/cklcomunicaciones.es\/coop\/#\/schema\/person\/929a6837f7626450bbb50cee1aef266e"},"headline":"Noticias Info CKL n\u00ba 2.122-08\/05\/18","datePublished":"2018-05-08T12:09:37+00:00","dateModified":"2025-01-17T15:40:52+00:00","mainEntityOfPage":{"@id":"https:\/\/cklcomunicaciones.es\/coop\/noticias-info-ckl-no-2-122-08-05-18\/"},"wordCount":954,"image":{"@id":"https:\/\/cklcomunicaciones.es\/coop\/noticias-info-ckl-no-2-122-08-05-18\/#primaryimage"},"thumbnailUrl":"http:\/\/www.cklcomunicaciones.es\/wp-content\/uploads\/2018\/03\/CKL_comunicacion-con-perspetiva-de-genero-300x300.jpg","articleSection":["Newsletter","Nwl v2.0"],"inLanguage":"es"},{"@type":"WebPage","@id":"https:\/\/cklcomunicaciones.es\/coop\/noticias-info-ckl-no-2-122-08-05-18\/","url":"https:\/\/cklcomunicaciones.es\/coop\/noticias-info-ckl-no-2-122-08-05-18\/","name":"Noticias Info CKL n\u00ba 2.122-08\/05\/18-Comunicar con perspectiva de g\u00e9nero","isPartOf":{"@id":"https:\/\/cklcomunicaciones.es\/coop\/#website"},"primaryImageOfPage":{"@id":"https:\/\/cklcomunicaciones.es\/coop\/noticias-info-ckl-no-2-122-08-05-18\/#primaryimage"},"image":{"@id":"https:\/\/cklcomunicaciones.es\/coop\/noticias-info-ckl-no-2-122-08-05-18\/#primaryimage"},"thumbnailUrl":"http:\/\/www.cklcomunicaciones.es\/wp-content\/uploads\/2018\/03\/CKL_comunicacion-con-perspetiva-de-genero-300x300.jpg","datePublished":"2018-05-08T12:09:37+00:00","dateModified":"2025-01-17T15:40:52+00:00","author":{"@id":"https:\/\/cklcomunicaciones.es\/coop\/#\/schema\/person\/929a6837f7626450bbb50cee1aef266e"},"description":"Comunicar con perspectiva de g\u00e9nero: \u00c1ngeles Carmona, CGPJ:\u201cHace falta una ley de violencia sexual\u201d-Inmaculada L\u00f3pez Calahorro, directora del Patronato Lorca-Cannes arranca reivindicando a las mujeres-Shirin Ebadi: \u201cIr\u00e1n puede convertirse en otra Venezuela\"","breadcrumb":{"@id":"https:\/\/cklcomunicaciones.es\/coop\/noticias-info-ckl-no-2-122-08-05-18\/#breadcrumb"},"inLanguage":"es","potentialAction":[{"@type":"ReadAction","target":["https:\/\/cklcomunicaciones.es\/coop\/noticias-info-ckl-no-2-122-08-05-18\/"]}]},{"@type":"ImageObject","inLanguage":"es","@id":"https:\/\/cklcomunicaciones.es\/coop\/noticias-info-ckl-no-2-122-08-05-18\/#primaryimage","url":"http:\/\/www.cklcomunicaciones.es\/wp-content\/uploads\/2018\/03\/CKL_comunicacion-con-perspetiva-de-genero-300x300.jpg","contentUrl":"http:\/\/www.cklcomunicaciones.es\/wp-content\/uploads\/2018\/03\/CKL_comunicacion-con-perspetiva-de-genero-300x300.jpg"},{"@type":"BreadcrumbList","@id":"https:\/\/cklcomunicaciones.es\/coop\/noticias-info-ckl-no-2-122-08-05-18\/#breadcrumb","itemListElement":[{"@type":"ListItem","position":1,"name":"Portada","item":"https:\/\/cklcomunicaciones.es\/coop\/"},{"@type":"ListItem","position":2,"name":"Noticias Info CKL n\u00ba 2.122-08\/05\/18"}]},{"@type":"WebSite","@id":"https:\/\/cklcomunicaciones.es\/coop\/#website","url":"https:\/\/cklcomunicaciones.es\/coop\/","name":"CKL Comunicaciones","description":"Sitio web de CKL Comunicaciones coop , la consultora de comunicaci\u00f3n y estrategia","potentialAction":[{"@type":"SearchAction","target":{"@type":"EntryPoint","urlTemplate":"https:\/\/cklcomunicaciones.es\/coop\/?s={search_term_string}"},"query-input":{"@type":"PropertyValueSpecification","valueRequired":true,"valueName":"search_term_string"}}],"inLanguage":"es"},{"@type":"Person","@id":"https:\/\/cklcomunicaciones.es\/coop\/#\/schema\/person\/929a6837f7626450bbb50cee1aef266e","name":"ckl","image":{"@type":"ImageObject","inLanguage":"es","@id":"https:\/\/secure.gravatar.com\/avatar\/c82db564e8a669bf6023357a157b9dc4780f4d4c618f2ad1d71a6a5dede45057?s=96&d=mm&r=g","url":"https:\/\/secure.gravatar.com\/avatar\/c82db564e8a669bf6023357a157b9dc4780f4d4c618f2ad1d71a6a5dede45057?s=96&d=mm&r=g","contentUrl":"https:\/\/secure.gravatar.com\/avatar\/c82db564e8a669bf6023357a157b9dc4780f4d4c618f2ad1d71a6a5dede45057?s=96&d=mm&r=g","caption":"ckl"},"url":"https:\/\/cklcomunicaciones.es\/coop\/author\/cklcomunicaciones\/"}]}},"_links":{"self":[{"href":"https:\/\/cklcomunicaciones.es\/coop\/wp-json\/wp\/v2\/posts\/13883","targetHints":{"allow":["GET"]}}],"collection":[{"href":"https:\/\/cklcomunicaciones.es\/coop\/wp-json\/wp\/v2\/posts"}],"about":[{"href":"https:\/\/cklcomunicaciones.es\/coop\/wp-json\/wp\/v2\/types\/post"}],"author":[{"embeddable":true,"href":"https:\/\/cklcomunicaciones.es\/coop\/wp-json\/wp\/v2\/users\/3"}],"replies":[{"embeddable":true,"href":"https:\/\/cklcomunicaciones.es\/coop\/wp-json\/wp\/v2\/comments?post=13883"}],"version-history":[{"count":0,"href":"https:\/\/cklcomunicaciones.es\/coop\/wp-json\/wp\/v2\/posts\/13883\/revisions"}],"wp:attachment":[{"href":"https:\/\/cklcomunicaciones.es\/coop\/wp-json\/wp\/v2\/media?parent=13883"}],"wp:term":[{"taxonomy":"category","embeddable":true,"href":"https:\/\/cklcomunicaciones.es\/coop\/wp-json\/wp\/v2\/categories?post=13883"},{"taxonomy":"post_tag","embeddable":true,"href":"https:\/\/cklcomunicaciones.es\/coop\/wp-json\/wp\/v2\/tags?post=13883"}],"curies":[{"name":"wp","href":"https:\/\/api.w.org\/{rel}","templated":true}]}}