{"id":13877,"date":"2018-05-07T13:20:52","date_gmt":"2018-05-07T11:20:52","guid":{"rendered":"http:\/\/www.cklcomunicaciones.es\/?p=13877"},"modified":"2025-01-17T16:40:52","modified_gmt":"2025-01-17T15:40:52","slug":"noticias-info-ckl-no-2-121-07-05-18","status":"publish","type":"post","link":"https:\/\/cklcomunicaciones.es\/coop\/noticias-info-ckl-no-2-121-07-05-18\/","title":{"rendered":"Noticias Info CKL n\u00ba 2.121-07\/05\/18"},"content":{"rendered":"<div id=\"pl-13877\"  class=\"panel-layout\" >\n<div id=\"pg-13877-0\"  class=\"panel-grid panel-no-style\"  data-style=\"{&quot;background_display&quot;:&quot;tile&quot;,&quot;lsow_dark_bg&quot;:&quot;&quot;,&quot;cell_alignment&quot;:&quot;flex-start&quot;}\" >\n<div id=\"pgc-13877-0-0\"  class=\"panel-grid-cell\"  data-weight=\"1\" >\n<div id=\"panel-13877-0-0-0\" class=\"so-panel widget widget_sow-editor panel-first-child panel-last-child\" data-index=\"0\" data-style=\"{&quot;background_image_attachment&quot;:false,&quot;background_image_attachment_fallback&quot;:false,&quot;background_display&quot;:&quot;tile&quot;}\" >\n<div class=\"so-widget-sow-editor so-widget-sow-editor-base\">\n<div class=\"siteorigin-widget-tinymce textwidget\">\n\t<img decoding=\"async\" class=\"lazyload  wp-image-13726\" src=\"http:\/\/www.cklcomunicaciones.es\/wp-content\/uploads\/2018\/03\/CKL_comunicacion-con-perspetiva-de-genero-300x300.jpg\" data-orig-src=\"http:\/\/www.cklcomunicaciones.es\/wp-content\/uploads\/2018\/03\/CKL_comunicacion-con-perspetiva-de-genero-300x300.jpg\" alt=\"CKL_comunicacion con perspetiva de genero\" width=\"132\" height=\"132\" srcset=\"data:image\/svg+xml,%3Csvg%20xmlns%3D%27http%3A%2F%2Fwww.w3.org%2F2000%2Fsvg%27%20width%3D%27132%27%20height%3D%27132%27%20viewBox%3D%270%200%20132%20132%27%3E%3Crect%20width%3D%27132%27%20height%3D%27132%27%20fill-opacity%3D%220%22%2F%3E%3C%2Fsvg%3E\" data-srcset=\"https:\/\/cklcomunicaciones.es\/coop\/wp-content\/uploads\/2018\/03\/CKL_comunicacion-con-perspetiva-de-genero-150x150.jpg 150w, https:\/\/cklcomunicaciones.es\/coop\/wp-content\/uploads\/2018\/03\/CKL_comunicacion-con-perspetiva-de-genero-300x300.jpg 300w, https:\/\/cklcomunicaciones.es\/coop\/wp-content\/uploads\/2018\/03\/CKL_comunicacion-con-perspetiva-de-genero-450x450.jpg 450w, https:\/\/cklcomunicaciones.es\/coop\/wp-content\/uploads\/2018\/03\/CKL_comunicacion-con-perspetiva-de-genero.jpg 500w\" data-sizes=\"auto\" data-orig-sizes=\"(max-width: 132px) 100vw, 132px\" \/><\/p>\n<p id=\":10s\" class=\"hP\" tabindex=\"-1\" data-thread-perm-id=\"162ce27a51932733\" data-legacy-thread-id=\"162ce27a51932733\"><strong>Kristalina Georgieva (Banco Mundial):\u201cHe tenido que trabajar m\u00e1s duro que mis colegas hombres para ser igual\u201d-\u00abLos violadores del click\u00bb-Latinoam\u00e9rica: Hartas de rezar, limpiar y callar-Campa\u00f1a #AcceptTheChallenge<\/strong><\/p>\n<p tabindex=\"-1\" data-thread-perm-id=\"162ce27a51932733\" data-legacy-thread-id=\"162ce27a51932733\">[toggle type=\u00bbfirst\u00bb title=\u00bbConvocatorias\u00bb]<\/p>\n<ul>\n<li>Conferencia del Dr. Jo\u00e2o Goul\u00e2o, director del SICAD, Servicio de Intervenci\u00f3n en los comportamientos Aditivos y Dependencias de Portugal. Organizada por la Asociaci\u00f3n DESAL. Sevilla, en el sal\u00f3n de actos del Colegio de Abogados en la calle Chapineros, el mi\u00e9rcoles 9 de mayo a partir de las 19h<\/li>\n<li><a href=\"http:\/\/ferialibrosevilla.com\/programacion\/\">Mesa redonda y lecturas de fragmentos de obras escritas por mujeres &#8216;Una Genealog\u00eda propia. La importancia de los clubes de lectura feministas&#8217;<\/a>. Instituto Andaluz de la Mujer en el marco de la Feria del Libro de Sevilla 2018. 8 de mayo de 19:00 a 19:45 h.<\/li>\n<\/ul>\n<p tabindex=\"-1\" data-thread-perm-id=\"162ce27a51932733\" data-legacy-thread-id=\"162ce27a51932733\">[\/toggle]<\/p>\n<p>[toggle type=\u00bbfirst\u00bb title=\u00bbComunicaci\u00f3n\u00bb]<\/p>\n<p>&nbsp;<\/p>\n<p><a href=\"https:\/\/paper.li\/f-1337673481?edition_id=6b0b6ad0-4f92-11e8-a287-002590a5ba2d#\/\">Mujeres ind\u00edgenas dicen \u201cno m\u00e1s violencia\u201d mediante la radio en Nicaragua \u2026 &#8211; Paper.li Info-CKL<\/a><\/p>\n<p><a href=\"https:\/\/www.google.com\/url?rct=j&amp;sa=t&amp;url=http:\/\/www.ideal.es\/jaen\/linares\/consumo-abrira-expediente-20180505114542-nt.html&amp;ct=ga&amp;cd=CAEYASoTNzY0NDUyMjQxOTQ5MzkxNzg0NTIZYzAzNzJlYmMyZmVhZGE1OTplczplczpFUw&amp;usg=AFQjCNE3_xMgOqst66gheiVKQ_QZxpRmRA\">Consumo abrir\u00e1 expediente a la piscina de Linares con &#8216;abono especial a se\u00f1oritas de 18 a 28 a\u00f1os&#8217; <\/a>&#8211; Ideal Digital<\/p>\n<p><a href=\"http:\/\/www.ceutaldia.com\/articulo\/en-comunidad\/satse-rompe-estreotipos-sexistas-enfermeria\/20180506185545179294.html\">SATSE rompe con los estereotipos sexistas en la enfermer\u00eda<\/a> &#8211; Ceuta al d\u00eda<\/p>\n<p><a href=\"https:\/\/elpais.com\/tecnologia\/2018\/04\/30\/actualidad\/1525080756_303386.html\">M\u00e1s de la mitad de las aplicaciones infantiles env\u00eda datos a terceros<\/a> \u2013 El Pa\u00eds<\/p>\n<p><a href=\"https:\/\/www.google.com\/url?rct=j&amp;sa=t&amp;url=http:\/\/www.eleconomista.es\/tecnologia\/noticias\/9119013\/05\/18\/El-robo-de-datos-no-importa-a-los-usuarios-de-Facebook-el-75-de-ellos-siguen-igual-de-activos-o-mas.html&amp;ct=ga&amp;cd=CAEYACoUMTQ1OTA1MjgyMDg5NDM4MDc2NjgyGWMwMzcyZWJjMmZlYWRhNTk6ZXM6ZXM6RVM&amp;usg=AFQjCNEJjXfe6cXJw-BuiwugJelEJUXfYA\">El robo de datos no importa a los usuarios de Facebook: el 75% de ellos sigue igual de activo o m\u00e1s <\/a>&#8211; Ecodiario<\/p>\n<p>[\/toggle]<\/p>\n<p>[toggle type=\u00bbfirst\u00bb title=\u00bbAndaluc\u00eda\u00bb]<\/p>\n<p>&nbsp;<\/p>\n<p><strong>Econom\u00eda y Empresas<\/strong><\/p>\n<p><a href=\"https:\/\/www.google.com\/url?sa=t&amp;rct=j&amp;q=&amp;esrc=s&amp;source=newssearch&amp;cd=5&amp;ved=0ahUKEwi269uvtPPaAhWFjiwKHamaC5gQqQIIMigAMAQ&amp;url=http%3A%2F%2Fwww.europapress.es%2Fesandalucia%2Fgranada%2Fnoticia-centenar-mujeres-rurales-granada-reclama-reconozca-contribucion-desarrollo-economico-social-20180505182202.html&amp;usg=AOvVaw2VItjgfPxEU2KSW-chLutH\">Un centenar de <em>mujeres<\/em> rurales de Granada reclama que se reconozca su contribuci\u00f3n al desarrollo econ\u00f3mico y social &#8230;<\/a>&#8211; Europa Press<\/p>\n<p><a href=\"http:\/\/www.publico.es\/sociedad\/feminismo-nuria-lopez-ccoo-mujeres-contratos-hora-turnos-interminables-trabajos-peor-valorados.html\">Nuria L\u00f3pez, Secretaria General de CCOO Andaluc\u00eda: \u201cLas mujeres somos las de los contratos por hora y los trabajos peor valorados\u00bb<\/a> &#8211; P\u00fablico<\/p>\n<p><a href=\"http:\/\/www.expansion.com\/andalucia\/2018\/05\/07\/5aef8514268e3e592c8b45c2.html\">Andaluc\u00eda se afianza como polo aeron\u00e1utico de referencia en Europa<\/a>&#8211; Expansi\u00f3n.com<\/p>\n<p><strong>Actualidad<\/strong><\/p>\n<p><a href=\"http:\/\/www.juntadeandalucia.es\/presidencia\/portavoz\/132231\/iam\/destina\/millones\/ayudas\/formacion\/sociolaboral\/victimas\/violencia\/genero\">M\u00e1s de 1,2 millones en ayudas para la formaci\u00f3n sociolaboral de v\u00edctimas de violencia de g\u00e9nero<\/a> \u2013 Oficina del Portavoz<\/p>\n<p><a href=\"https:\/\/www.google.com\/url?rct=j&amp;sa=t&amp;url=http:\/\/www.laopiniondemalaga.es\/malaga\/2018\/05\/07\/mujeres-paradoja-salto\/1004982.html&amp;ct=ga&amp;cd=CAEYACoTNDMwMDQyMDY3MTU4MzAxMTMzODIZZTFlNzdkMTU2MDk4YThlMzplczplczpFUw&amp;usg=AFQjCNH_BiU5it3az7k8PX7d2xHnxRlbZQ\">Mujeres: \u00bfLa paradoja del salto atr\u00e1s? <\/a>&#8211; La Opini\u00f3n de M\u00e1laga<\/p>\n<p><a href=\"https:\/\/www.google.com\/url?rct=j&amp;sa=t&amp;url=http:\/\/elcorreoweb.es\/sevilla\/como-vamos-a-acabar-con-el-machismo-sin-intentar-cambiar-a-los-hombres-AX4132435&amp;ct=ga&amp;cd=CAEYACoUMTA1MTQzNzE1MTgwMzEyNDUzNjQyGWMwMzcyZWJjMmZlYWRhNTk6ZXM6ZXM6RVM&amp;usg=AFQjCNFn9iW7g92BeDfTnKVzbffA40dyWw\">Jos\u00e9 \u00c1ngel L\u00f3pez, fundador del I Foro de Hombres por la Igualdad: \u201c\u00bfC\u00f3mo vamos a acabar con el machismo sin intentar cambiar a los hombres?\u201d <\/a>\u00a0&#8211; <a href=\"http:\/\/elcorreoweb.es\">elcorreoweb.es<\/a><\/p>\n<p><a href=\"http:\/\/www.publico.es\/sociedad\/caso-juana-rivas-concierto-solidario-recaudara-fondos-apoyar-juana-rivas-lucha-recuperar-hijos.html\">Un concierto solidario recaudar\u00e1 fondos para apoyar a Juana Rivas en su lucha por recuperar a sus hijos<\/a> &#8211; P\u00fablico<\/p>\n<p><a href=\"https:\/\/www.eldiario.es\/andalucia\/desdeelsur\/violadores-click_6_768583140.html\">Los violadores del click\u2026 <\/a>&#8211; <a href=\"http:\/\/eldiario.es\">eldiario.es<\/a><\/p>\n<p><strong>Violencias<\/strong><\/p>\n<p><a href=\"https:\/\/www.google.com\/url?rct=j&amp;sa=t&amp;url=https:\/\/www.teleprensa.com\/almeria\/el-iam-forma-a-profesionales-de-la-comarca-de-los-velez-en-la-atencion-a-victimas-de-violencia-de-genero.html&amp;ct=ga&amp;cd=CAEYBCoTODQwNzU4NDQxMzA4MDk3ODcwNDIZYzAzNzJlYmMyZmVhZGE1OTplczplczpFUw&amp;usg=AFQjCNEP36EP0_ixg11vfe1O_tjs7zIJ_Q\">El IAM forma a profesionales de la Comarca de Los V\u00e9lez en la atenci\u00f3n a v\u00edctimas de violencia de &#8230; <\/a>&#8211; Teleprensa peri\u00f3dico digital<\/p>\n<p><a href=\"https:\/\/www.google.com\/url?rct=j&amp;sa=t&amp;url=http:\/\/www.diariodecadiz.es\/provincia\/Enfoque-Domingo-tras-no_0_1242476460.html&amp;ct=ga&amp;cd=CAEYACoUMTUyODk5OTY5NDg2Mzc4MTc0ODQyGWMwMzcyZWJjMmZlYWRhNTk6ZXM6ZXM6RVM&amp;usg=AFQjCNGS7PM7tZVo80VhZL-45DE3pB8OeA\">Tras el no es no <\/a>-Diario de C\u00e1diz<\/p>\n<p><strong>Ciencia y Cultura<\/strong><\/p>\n<p><a href=\"https:\/\/www.google.com\/url?rct=j&amp;sa=t&amp;url=http:\/\/cordopolis.es\/2018\/05\/04\/las-mujeres-en-el-cante-protagonistas-de-solera-flamenca\/&amp;ct=ga&amp;cd=CAEYAyoUMTY4MTczMTE5MTQyNzYzOTEyOTgyGWMwMzcyZWJjMmZlYWRhNTk6ZXM6ZXM6RVM&amp;usg=AFQjCNHywrQP0do0rINttCCnIB4s7jU8Pw\">Las mujeres en el cante, protagonistas de &#8216;Solera Flamenca&#8217; <\/a>&#8211; Cord\u00f3polis<\/p>\n<p><a href=\"http:\/\/www.elmundo.es\/papel\/cultura\/2018\/05\/07\/5aec17ef46163fbf5a8b45fc.html\">Mal\u00fa: \u00abLa reventa me est\u00e1 matando y a mi gente tambi\u00e9n\u00bb<\/a> \u2013 El Mundo<\/p>\n<p><a href=\"http:\/\/www.elmundo.es\/metropoli\/cine\/2018\/05\/03\/5aeacdcce2704e320d8b4651.html\">Gloria Mu\u00f1oz: \u00abEl mundo cofrade es muy peculiar\u00bb<\/a> \u2013 El Mundo<\/p>\n<p><a href=\"https:\/\/www.20minutos.es\/noticia\/3330920\/0\/entrevista-nina-pastori-nuevo-disco-bajo-tus-alas\/\">Ni\u00f1a Pastori: \u00abNo somos las d\u00e9biles, las mujeres tenemos una &#8230;<\/a> &#8211; <a href=\"http:\/\/20minutos.es\">20minutos.es<\/a><\/p>\n<p><strong>Deporte<\/strong><\/p>\n<p><a href=\"http:\/\/www.diariosur.es\/deportes\/mas-deportes\/waterpolo-marbella-femenino-20180507002115-ntvo.html\">El Waterpolo Marbella femenino sube a Primera<\/a> &#8211; Sur Digital<\/p>\n<p><a href=\"http:\/\/www.eldesmarque.com\/deporte-femenino\/230015-sevilla-disfruta-del-tour-iberdrola\">Sevilla disfruta del Tour &#8216;Mujer, Salud y Deporte<em>&#8216;<\/em><\/a> &#8211; El Desmarque<\/p>\n<p><a href=\"http:\/\/www.lavozdigital.es\/cadiz\/jerez\/lvdi-asfalto-tambien-tiene-nombre-mujer-201805060957_noticia.html\">El asfalto tambi\u00e9n tiene nombre de mujer<\/a> &#8211; La Voz Digital<\/p>\n<p><a href=\"http:\/\/www.feb.es\/2018\/5\/5\/baloncesto\/isa-sanchez-comparte-jaen-experiencias-deportivas-valores\/74222.aspx\">Isa S\u00e1nchez comparte en Ja\u00e9n \u201cExperiencias Deportivas en Valores\u201d<\/a> &#8211; Feb.es<\/p>\n<p><strong>\u00a0<\/strong>[\/toggle]<\/p>\n<p>[toggle type=\u00bbfirst\u00bb title=\u00bbEstado\u00bb]<\/p>\n<p><strong>Institucional-CCAA<\/strong><\/p>\n<p><a href=\"https:\/\/www.google.com\/url?rct=j&amp;sa=t&amp;url=https:\/\/www.regiondigital.com\/noticias\/portada\/293277-mas-de-300-extremenas-se-formaran-en-habilidades-empresariales-de-gestion-y-liderazgo.html&amp;ct=ga&amp;cd=CAEYAioTODQwNzU4NDQxMzA4MDk3ODcwNDIZYzAzNzJlYmMyZmVhZGE1OTplczplczpFUw&amp;usg=AFQjCNHUAkA4kShvMC2A1tCpda5kr6hA0g\">M\u00e1s de 300 extreme\u00f1as se formar\u00e1n en habilidades empresariales, de gesti\u00f3n y liderazgo <\/a>&#8211; Regi\u00f3n Digital<\/p>\n<p><a href=\"https:\/\/www.google.com\/url?rct=j&amp;sa=t&amp;url=https:\/\/www.regiondigital.com\/noticias\/portada\/293338-cooperativas-extremadura-pone-en-valor-el-papel-que-juegan-las-mujeres-en-medio-rural.html&amp;ct=ga&amp;cd=CAEYACoSNTk0MTkyMzcwMjk5MDU1Nzg2MhljMDM3MmViYzJmZWFkYTU5OmVzOmVzOkVT&amp;usg=AFQjCNHUsV2drFtWuPZ8nvGigtyk8JcTBQ\">Cooperativas Extremadura pone en valor el papel que juegan las mujeres en medio rural <\/a>&#8211; Regi\u00f3n Digital<\/p>\n<p><a href=\"https:\/\/www.google.com\/url?rct=j&amp;sa=t&amp;url=http:\/\/www.elcomercio.es\/asturias\/cuencas\/mujeres-decir-20180505001054-ntvo.html&amp;ct=ga&amp;cd=CAEYACoTODI5MTIyNjYzNTk5Nzc2MTE2MTIZYzAzNzJlYmMyZmVhZGE1OTplczplczpFUw&amp;usg=AFQjCNFqE2XnhobtpisxmvKtfyrbbSSQ8A\">220 asturianas con mucho que decir <\/a>&#8211; El Comercio Digital<\/p>\n<p><a href=\"https:\/\/www.google.com\/url?rct=j&amp;sa=t&amp;url=http:\/\/www.mallorcadiario.com\/reclaman-al-govern-mas-ayudas-para-las-mujeres-embarazadas-para-proteccion-y-maternidad&amp;ct=ga&amp;cd=CAEYASoUMTQ3MDMyODg3MjkxODM3NDM1MjcyGWMwMzcyZWJjMmZlYWRhNTk6ZXM6ZXM6RVM&amp;usg=AFQjCNGzoo2XqWRVeNBeCu8drOtoxcmhkw\">Reclaman al Govern m\u00e1s ayudas para las mujeres embarazadas para protecci\u00f3n y maternidad <\/a>&#8211; <a href=\"http:\/\/mallorcadiario.com\">mallorcadiario.com<\/a><\/p>\n<p><a href=\"http:\/\/www.elmundo.es\/pais-vasco\/2018\/05\/07\/5af01c7c46163fc4358b45a9.html\">Bilbao celebrar\u00e1 el 8 de junio un boda \u00abmasiva\u00bb de mujeres consigo mismas<\/a> \u2013 El Mundo<\/p>\n<p><strong>Econom\u00eda y Empresa<\/strong><\/p>\n<p><a href=\"http:\/\/www.mujeremprendedora.net\/caixabank-lanza-linea-credito-hasta-250-millones-euros-emprendedoras\/\">CaixaBank lanza una l\u00ednea de cr\u00e9dito de hasta 250 millones de euros para emprendedoras<\/a> \u2013 Mujeremprendedora.net<\/p>\n<p><a href=\"https:\/\/www.businessinsider.es\/10-startups-fundadas-mujeres-mas-prometedoras-2018-199526\">Las 10 startups fundadas por mujeres m\u00e1s prometedoras de 2018<\/a> &#8211; Business Insider Espa\u00f1a<\/p>\n<p><a href=\"https:\/\/www.eldiario.es\/economia\/Kellys-camareras-piso-precariedad-derechos_0_767823628.html\">\u00abLas Kellys representan el empoderamiento de las mujeres\u00bb<\/a> &#8211; <a href=\"http:\/\/eldiario.es\">eldiario.es<\/a><\/p>\n<p><a href=\"http:\/\/www.mujeremprendedora.net\/conciliacion-laboral-palanca-progreso-avance-empresarial\/\">Conciliaci\u00f3n laboral: palanca para el progreso y avance empresarial<\/a>\u2013 Mujeremprendedora.net<\/p>\n<p><a href=\"http:\/\/www.elmundo.es\/economia\/2018\/05\/06\/5aed999ee2704eb5548b45ac.html\">El empleo que viene: menos asalariados y m\u00e1s &#8216;freelance&#8217;<\/a> \u2013 El Mundo<\/p>\n<p><strong>Actualidad<\/strong><\/p>\n<p><a href=\"https:\/\/www.google.com\/url?rct=j&amp;sa=t&amp;url=https:\/\/www.infobae.com\/tendencias\/2018\/05\/04\/mamas-millennials-empoderadas-multitasking-y-mas-abiertas-a-una-crianza-a-favor-de-la-igualdad-de-genero\/&amp;ct=ga&amp;cd=CAEYACoTMTMxMDc2MDU2NjQ0MTUwOTk1ODIZMWRjNWJlY2M3MDZlY2Y4YjplczplczpFUw&amp;usg=AFQjCNE5fCQ2YwpFoyarjNLUk0mKv0firA\">Mam\u00e1s millennials: empoderadas, multitasking y m\u00e1s abiertas a una crianza a favor de la igualdad &#8230; <\/a>&#8211; Infobae.com<\/p>\n<p><a href=\"https:\/\/elpais.com\/elpais\/2018\/05\/04\/videos\/1525458023_931321.html\">Feminismo para torpes: c\u00f3mo insultar (bien) a una mujer<\/a> \u2013 El Pa\u00eds<\/p>\n<p><a href=\"http:\/\/www.publico.es\/sociedad\/mujeres-declaran-guerra-al-sistema-patriarcal-no-miedo-rabia.html\">Las mujeres declaran la guerra al sistema patriarcal: \u00abYa no tenemos miedo, ahora tenemos rabia\u00bb<\/a> &#8211; P\u00fablico<\/p>\n<p><a href=\"http:\/\/www.mujeremprendedora.net\/mas-380-000-mujeres-reciben-complemento-maternidad-pension\/\">M\u00e1s de 380.000 mujeres reciben el complemento de maternidad en su pensi\u00f3n<\/a> \u2013 Mujeremprendedora.net<\/p>\n<p><a href=\"https:\/\/www.google.com\/url?sa=t&amp;rct=j&amp;q=&amp;esrc=s&amp;source=newssearch&amp;cd=97&amp;ved=0ahUKEwiX3Lvvs_PaAhWKXSwKHRc7CWs4WhCpAgg4KAAwBg&amp;url=https%3A%2F%2Fpolitica.elpais.com%2Fpolitica%2F2018%2F05%2F05%2Factualidad%2F1525547408_008815.html&amp;usg=AOvVaw05-_l4XjR15GuNmzV3ybjF\">Un grupo de catedr\u00e1ticas de Derecho Penal denuncian la exclusi\u00f3n de las mujeres de los \u00f3rganos de justicia &#8230;<\/a>&#8211; El Pa\u00eds<\/p>\n<p><a href=\"https:\/\/www.noticiasdenavarra.com\/2018\/05\/06\/sociedad\/navarra\/carta-de-tres-juezas-a-la-joven-agredida-en-san-fermin-de-2016\">Carta de tres juezas a la joven agredida en San Ferm\u00edn de 2016<\/a><em>&#8211; <\/em>Noticias de Navarra<\/p>\n<p><strong>Violencias<\/strong><\/p>\n<p><a href=\"http:\/\/www.publico.es\/politica\/manada-comision-revisara-delitos-sexuales-caso-manada-problema-sentencia.html\">La comisi\u00f3n que revisar\u00e1 los delitos sexuales, sobre el caso de &#8216;La Manada&#8217;: \u00abEs un problema de la sentencia\u00bb<\/a> &#8211; P\u00fablico<\/p>\n<p><a href=\"https:\/\/www.google.com\/url?rct=j&amp;sa=t&amp;url=http:\/\/www.elmundo.es\/comunidad-valenciana\/alicante\/2018\/05\/07\/5ae9853a46163f4f108b45f5.html&amp;ct=ga&amp;cd=CAEYACoUMTE2NDAxODY1NjY0NjA0MjQ5NDUyGWUyZGVmYTdkNWRhOTE1N2Q6ZXM6ZXM6RVM&amp;usg=AFQjCNHM9Y3SV_2aBMNVKafOJ9Ti2cmvqg\">Violencia machista: cuando la pulsera no es la panacea <\/a>&#8211; El Mundo<\/p>\n<p><a href=\"https:\/\/www.google.com\/url?rct=j&amp;sa=t&amp;url=http:\/\/www.aragondigital.es\/noticia.asp%3Fnotid%3D166464&amp;ct=ga&amp;cd=CAEYAioUMTY4MTczMTE5MTQyNzYzOTEyOTgyGWMwMzcyZWJjMmZlYWRhNTk6ZXM6ZXM6RVM&amp;usg=AFQjCNFVgAMxrGiKpMu9-y4ZH8LHyOrfSQ\">Arag\u00f3n contar\u00e1 con un protocolo que prevendr\u00e1 y atender\u00e1 la violencia sexual contra la mujer <\/a>&#8211; Arag\u00f3n Digital<\/p>\n<p><strong>Ciencia y Cultura<\/strong><\/p>\n<p><a href=\"https:\/\/www.tendencias21.net\/telefonica\/Telefonica-fomenta-las-vocaciones-cientifico-tecnologicas-entre-las-jovenes_a2532.html\">Telef\u00f3nica fomenta las vocaciones cient\u00edfico-tecnol\u00f3gicas entre las j\u00f3venes&#8230;<\/a> &#8211; Tendencias 21<\/p>\n<p><a href=\"http:\/\/www.elmundo.es\/metropoli\/teatro\/2018\/05\/04\/5aec423822601d21378b460c.html\">Manuela Velasco: \u00abHacer de Julieta con 42 a\u00f1os es un regalo\u00bb<\/a> \u2013 El Mundo<\/p>\n<p><a href=\"https:\/\/elpais.com\/cultura\/2018\/05\/05\/actualidad\/1525534347_250555.html\">Un hombre para todas las f\u00e9minas en \u2018La mujer que sab\u00eda leer\u2019<\/a> \u2013 El Pa\u00eds<\/p>\n<p><a href=\"http:\/\/www.elmundo.es\/nosotras\/2018\/04\/26\/5ae08d0ee5fdea6c1b8b45f7.html\">\u00abMujer, \u00bfpara qu\u00e9 quieres escribir?\u00bb Doce escritores recomiendan a una autora<\/a> \u2013 El Mundo<\/p>\n<p><a href=\"https:\/\/www.google.com\/url?sa=t&amp;rct=j&amp;q=&amp;esrc=s&amp;source=newssearch&amp;cd=60&amp;ved=0ahUKEwiS6azBsvPaAhWB1ywKHQUtCb44MhCpAghBKAAwCQ&amp;url=https%3A%2F%2Fwww.heraldo.es%2Fnoticias%2Focio-cultura%2F2018%2F05%2F06%2Fmaria-duenas-cierto-sector-masculino-aparta-por-ser-mujer-vender-mucho-1242303-1361024.html&amp;usg=AOvVaw2L3D99-zZldE9mX2ywbTDg\">Mar\u00eda Due\u00f1as: \u00abCierto sector masculino te aparta por ser mujer y vender mucho\u201d &#8230;<\/a> &#8211; Heraldo.es<\/p>\n<p><strong>Deporte<\/strong><\/p>\n<p><a href=\"http:\/\/www.marca.com\/futbol\/futbol-femenino\/2018\/05\/07\/5af01f1d22601d2b3b8b459c.html\">#AcceptTheChallenge, el primer reto de f\u00fatbol impulsado por mujeres<\/a> \u2013 Marca.com<\/p>\n<p><a href=\"http:\/\/www.marca.com\/otros-deportes\/2018\/05\/05\/5aedc298e5fdeaa8438b45ca.html\">El equipo <em>f<\/em>emenino de Tenis de Mesa asciende a la m\u00e1xima categor\u00eda mundial por la &#8230;<\/a> &#8211; Marca.com<\/p>\n<p><a href=\"https:\/\/as.com\/masdeporte\/2018\/05\/05\/atletismo\/1525515637_194409.html\">Espa\u00f1a, bronce femenino en el mundial por equipos de China<\/a> &#8211; As<\/p>\n<p><a href=\"http:\/\/telemadrid.es\/noticias\/deportes\/noticia\/mutua-madrid-muguruza-y-carla-suarez-no-fallan\">Mutua Madrid: Muguruza y Carla Su\u00e1rez, Lara Arruabarrena y Sara Sorribes no fallan<\/a>&#8211; Telemadrid<\/p>\n<p><a href=\"http:\/\/www.hoy.es\/sociedad\/carrera-mujer-violencia-20180506214156-ntrc.html\">35.000 mujeres corren en las calles de Madrid contra la violencia &#8230;<\/a> &#8211; Hoy Digital<\/p>\n<p>[\/toggle]<\/p>\n<p>[toggle type=\u00bbfirst\u00bb title=\u00bbInternacional\u00bb]<\/p>\n<p>&nbsp;<\/p>\n<p><a href=\"https:\/\/elpais.com\/economia\/2018\/05\/04\/actualidad\/1525387487_043316.html\">Kristalina Georgieva, director general del Banco Mundial: \u201cHe tenido que trabajar m\u00e1s duro que mis colegas hombres para ser igual\u201d<\/a> \u2013 El Pa\u00eds<\/p>\n<p><a href=\"https:\/\/www.interempresas.net\/Robotica\/Articulos\/216793-Sophia-Hatzelmann-Engineer-Powerwoman-2018-en-Hannover-Messe.html\">Sophia Hatzelmann, &#8216;Engineer Powerwoman 2018&#8217;<\/a> &#8211; Interempresas<\/p>\n<p><a href=\"http:\/\/www.publico.es\/internacional\/brasil-dilma-rousseff-partido-conservador-fuerte-partido-medios.html\">Dilma Rousseff: \u00abEl partido conservador m\u00e1s fuerte es el partido de los medios\u00bb<\/a> &#8211; P\u00fablico<\/p>\n<p><a href=\"http:\/\/www.elmundo.es\/internacional\/2018\/05\/07\/5aef1ac446163f19038b461f.html\">El \u00abpoder de cambio\u00bb de las mujeres tunecinas<\/a> \u2013 El Mundo<\/p>\n<p><a href=\"https:\/\/www.google.com\/url?rct=j&amp;sa=t&amp;url=http:\/\/www.prensa-latina.cu\/index.php%3Fo%3Drn%26id%3D176317%26SEO%3Dmujeres-en-canada-mayor-representacion-pero-quedan-temas-pendientes&amp;ct=ga&amp;cd=CAEYACoTODAxNzg2OTM3OTU3ODI1NzA3OTIZYzAzNzJlYmMyZmVhZGE1OTplczplczpFUw&amp;usg=AFQjCNFWj4HvGK9U9ts7d3VJ8UGQ4xGPTQ\">Mujeres en Canad\u00e1: mayor representaci\u00f3n, pero quedan temas pendientes <\/a>&#8211; Prensa Latina<\/p>\n<p><a href=\"https:\/\/www.google.com\/url?sa=t&amp;rct=j&amp;q=&amp;esrc=s&amp;source=newssearch&amp;cd=80&amp;ved=0ahUKEwid7sS-s_PaAhU0hqYKHZs_B884RhCpAghBKAAwCQ&amp;url=https%3A%2F%2Fwww.eldiario.es%2Fsociedad%2Fcatolicas-Siguen-existiendo-clerigos-machistas_0_764673929.html&amp;usg=AOvVaw3asUZsPvPxo17C55pvvASj\">Hartas de rezar, limpiar y callar: las cat\u00f3licas plantean una huelga de misas ca\u00eddas &#8230;<\/a>&#8211; <a href=\"http:\/\/eldiario.es\">eldiario.es<\/a><\/p>\n<p><a href=\"https:\/\/elpais.com\/internacional\/2018\/05\/07\/actualidad\/1525676818_769830.html\">Dos adolescentes indias, violadas y quemadas vivas en apenas una semana<\/a> \u2013 El Pa\u00eds<\/p>\n<p><a href=\"https:\/\/www.es.amnesty.org\/en-que-estamos\/blog\/historia\/articulo\/el-sexo-sin-consentimiento-es-violacion-por-que-solo-nueve-paises-europeos-lo-reconocen\/\">El sexo sin consentimiento es violaci\u00f3n. \u00bfPor qu\u00e9 s\u00f3lo nueve pa\u00edses europeos lo reconocen?&#8230;<\/a>&#8211; <a href=\"http:\/\/amnesty.org\">amnesty.org<\/a><\/p>\n<p><a href=\"https:\/\/www.google.com\/url?rct=j&amp;sa=t&amp;url=http:\/\/www.elmostrador.cl\/braga\/2018\/05\/07\/anita-tijoux-por-tomas-feministas-en-universidades-en-chile-hay-una-revolucion-de-mujeres\/&amp;ct=ga&amp;cd=CAEYAioUMTcyNTQ1OTkxNjAyMjUxNjI1OTQyGWMwMzcyZWJjMmZlYWRhNTk6ZXM6ZXM6RVM&amp;usg=AFQjCNHg3bGTgaP6mZU3bu4jEiJ_w9NWMg\">Anita Tijoux por tomas feministas en universidades: \u00abEn Chile hay una revoluci\u00f3n de mujeres\u00bb <\/a>&#8211; El Mostrador<\/p>\n<p>[\/toggle]<\/p><\/div>\n<\/div>\n<\/div>\n<\/div>\n<\/div>\n<\/div>\n","protected":false},"excerpt":{"rendered":"<p>Kristalina Georgieva (Banco Mundial):\u201cHe tenido que trabajar m\u00e1s duro que <a href=\"https:\/\/cklcomunicaciones.es\/coop\/noticias-info-ckl-no-2-121-07-05-18\/\">[&#8230;]<\/a><\/p>\n","protected":false},"author":3,"featured_media":0,"comment_status":"closed","ping_status":"closed","sticky":false,"template":"","format":"standard","meta":{"footnotes":""},"categories":[298,623],"tags":[],"class_list":["post-13877","post","type-post","status-publish","format-standard","hentry","category-newsletter","category-nwl-2-0"],"yoast_head":"<!-- This site is optimized with the Yoast SEO plugin v27.5 - https:\/\/yoast.com\/product\/yoast-seo-wordpress\/ -->\n<title>Noticias Info CKL n\u00ba 2.121-07\/05\/18-Comunicar con perspectiva de g\u00e9nero<\/title>\n<meta name=\"description\" content=\"Comunicar con perspectiva de g\u00e9nero: Kristalina Georgieva (Banco Mundial):\u201cHe tenido que trabajar m\u00e1s duro que mis colegas hombres para ser igual\u201d-&quot;Los violadores del click&quot;-Latinoam\u00e9rica: Hartas de rezar, limpiar y callar-Campa\u00f1a #AcceptTheChallenge\" \/>\n<meta name=\"robots\" content=\"index, follow, max-snippet:-1, max-image-preview:large, max-video-preview:-1\" \/>\n<link rel=\"canonical\" href=\"https:\/\/cklcomunicaciones.es\/coop\/noticias-info-ckl-no-2-121-07-05-18\/\" \/>\n<meta property=\"og:locale\" content=\"es_ES\" \/>\n<meta property=\"og:type\" content=\"article\" \/>\n<meta property=\"og:title\" content=\"Noticias Info CKL n\u00ba 2.121-07\/05\/18-Comunicar con perspectiva de g\u00e9nero\" \/>\n<meta property=\"og:description\" content=\"Comunicar con perspectiva de g\u00e9nero: Kristalina Georgieva (Banco Mundial):\u201cHe tenido que trabajar m\u00e1s duro que mis colegas hombres para ser igual\u201d-&quot;Los violadores del click&quot;-Latinoam\u00e9rica: Hartas de rezar, limpiar y callar-Campa\u00f1a #AcceptTheChallenge\" \/>\n<meta property=\"og:url\" content=\"https:\/\/cklcomunicaciones.es\/coop\/noticias-info-ckl-no-2-121-07-05-18\/\" \/>\n<meta property=\"og:site_name\" content=\"CKL Comunicaciones\" \/>\n<meta property=\"article:published_time\" content=\"2018-05-07T11:20:52+00:00\" \/>\n<meta property=\"article:modified_time\" content=\"2025-01-17T15:40:52+00:00\" \/>\n<meta property=\"og:image\" content=\"https:\/\/cklcomunicaciones.es\/coop\/wp-content\/uploads\/2018\/03\/CKL_comunicacion-con-perspetiva-de-genero.jpg\" \/>\n\t<meta property=\"og:image:width\" content=\"500\" \/>\n\t<meta property=\"og:image:height\" content=\"500\" \/>\n\t<meta property=\"og:image:type\" content=\"image\/jpeg\" \/>\n<meta name=\"author\" content=\"ckl\" \/>\n<meta name=\"twitter:card\" content=\"summary_large_image\" \/>\n<meta name=\"twitter:label1\" content=\"Escrito por\" \/>\n\t<meta name=\"twitter:data1\" content=\"ckl\" \/>\n\t<meta name=\"twitter:label2\" content=\"Tiempo de lectura\" \/>\n\t<meta name=\"twitter:data2\" content=\"6 minutos\" \/>\n<script type=\"application\/ld+json\" class=\"yoast-schema-graph\">{\"@context\":\"https:\\\/\\\/schema.org\",\"@graph\":[{\"@type\":\"Article\",\"@id\":\"https:\\\/\\\/cklcomunicaciones.es\\\/coop\\\/noticias-info-ckl-no-2-121-07-05-18\\\/#article\",\"isPartOf\":{\"@id\":\"https:\\\/\\\/cklcomunicaciones.es\\\/coop\\\/noticias-info-ckl-no-2-121-07-05-18\\\/\"},\"author\":{\"name\":\"ckl\",\"@id\":\"https:\\\/\\\/cklcomunicaciones.es\\\/coop\\\/#\\\/schema\\\/person\\\/929a6837f7626450bbb50cee1aef266e\"},\"headline\":\"Noticias Info CKL n\u00ba 2.121-07\\\/05\\\/18\",\"datePublished\":\"2018-05-07T11:20:52+00:00\",\"dateModified\":\"2025-01-17T15:40:52+00:00\",\"mainEntityOfPage\":{\"@id\":\"https:\\\/\\\/cklcomunicaciones.es\\\/coop\\\/noticias-info-ckl-no-2-121-07-05-18\\\/\"},\"wordCount\":1172,\"image\":{\"@id\":\"https:\\\/\\\/cklcomunicaciones.es\\\/coop\\\/noticias-info-ckl-no-2-121-07-05-18\\\/#primaryimage\"},\"thumbnailUrl\":\"http:\\\/\\\/www.cklcomunicaciones.es\\\/wp-content\\\/uploads\\\/2018\\\/03\\\/CKL_comunicacion-con-perspetiva-de-genero-300x300.jpg\",\"articleSection\":[\"Newsletter\",\"Nwl v2.0\"],\"inLanguage\":\"es\"},{\"@type\":\"WebPage\",\"@id\":\"https:\\\/\\\/cklcomunicaciones.es\\\/coop\\\/noticias-info-ckl-no-2-121-07-05-18\\\/\",\"url\":\"https:\\\/\\\/cklcomunicaciones.es\\\/coop\\\/noticias-info-ckl-no-2-121-07-05-18\\\/\",\"name\":\"Noticias Info CKL n\u00ba 2.121-07\\\/05\\\/18-Comunicar con perspectiva de g\u00e9nero\",\"isPartOf\":{\"@id\":\"https:\\\/\\\/cklcomunicaciones.es\\\/coop\\\/#website\"},\"primaryImageOfPage\":{\"@id\":\"https:\\\/\\\/cklcomunicaciones.es\\\/coop\\\/noticias-info-ckl-no-2-121-07-05-18\\\/#primaryimage\"},\"image\":{\"@id\":\"https:\\\/\\\/cklcomunicaciones.es\\\/coop\\\/noticias-info-ckl-no-2-121-07-05-18\\\/#primaryimage\"},\"thumbnailUrl\":\"http:\\\/\\\/www.cklcomunicaciones.es\\\/wp-content\\\/uploads\\\/2018\\\/03\\\/CKL_comunicacion-con-perspetiva-de-genero-300x300.jpg\",\"datePublished\":\"2018-05-07T11:20:52+00:00\",\"dateModified\":\"2025-01-17T15:40:52+00:00\",\"author\":{\"@id\":\"https:\\\/\\\/cklcomunicaciones.es\\\/coop\\\/#\\\/schema\\\/person\\\/929a6837f7626450bbb50cee1aef266e\"},\"description\":\"Comunicar con perspectiva de g\u00e9nero: Kristalina Georgieva (Banco Mundial):\u201cHe tenido que trabajar m\u00e1s duro que mis colegas hombres para ser igual\u201d-\\\"Los violadores del click\\\"-Latinoam\u00e9rica: Hartas de rezar, limpiar y callar-Campa\u00f1a #AcceptTheChallenge\",\"breadcrumb\":{\"@id\":\"https:\\\/\\\/cklcomunicaciones.es\\\/coop\\\/noticias-info-ckl-no-2-121-07-05-18\\\/#breadcrumb\"},\"inLanguage\":\"es\",\"potentialAction\":[{\"@type\":\"ReadAction\",\"target\":[\"https:\\\/\\\/cklcomunicaciones.es\\\/coop\\\/noticias-info-ckl-no-2-121-07-05-18\\\/\"]}]},{\"@type\":\"ImageObject\",\"inLanguage\":\"es\",\"@id\":\"https:\\\/\\\/cklcomunicaciones.es\\\/coop\\\/noticias-info-ckl-no-2-121-07-05-18\\\/#primaryimage\",\"url\":\"http:\\\/\\\/www.cklcomunicaciones.es\\\/wp-content\\\/uploads\\\/2018\\\/03\\\/CKL_comunicacion-con-perspetiva-de-genero-300x300.jpg\",\"contentUrl\":\"http:\\\/\\\/www.cklcomunicaciones.es\\\/wp-content\\\/uploads\\\/2018\\\/03\\\/CKL_comunicacion-con-perspetiva-de-genero-300x300.jpg\"},{\"@type\":\"BreadcrumbList\",\"@id\":\"https:\\\/\\\/cklcomunicaciones.es\\\/coop\\\/noticias-info-ckl-no-2-121-07-05-18\\\/#breadcrumb\",\"itemListElement\":[{\"@type\":\"ListItem\",\"position\":1,\"name\":\"Portada\",\"item\":\"https:\\\/\\\/cklcomunicaciones.es\\\/coop\\\/\"},{\"@type\":\"ListItem\",\"position\":2,\"name\":\"Noticias Info CKL n\u00ba 2.121-07\\\/05\\\/18\"}]},{\"@type\":\"WebSite\",\"@id\":\"https:\\\/\\\/cklcomunicaciones.es\\\/coop\\\/#website\",\"url\":\"https:\\\/\\\/cklcomunicaciones.es\\\/coop\\\/\",\"name\":\"CKL Comunicaciones\",\"description\":\"Sitio web de CKL Comunicaciones coop , la consultora de comunicaci\u00f3n y estrategia\",\"potentialAction\":[{\"@type\":\"SearchAction\",\"target\":{\"@type\":\"EntryPoint\",\"urlTemplate\":\"https:\\\/\\\/cklcomunicaciones.es\\\/coop\\\/?s={search_term_string}\"},\"query-input\":{\"@type\":\"PropertyValueSpecification\",\"valueRequired\":true,\"valueName\":\"search_term_string\"}}],\"inLanguage\":\"es\"},{\"@type\":\"Person\",\"@id\":\"https:\\\/\\\/cklcomunicaciones.es\\\/coop\\\/#\\\/schema\\\/person\\\/929a6837f7626450bbb50cee1aef266e\",\"name\":\"ckl\",\"image\":{\"@type\":\"ImageObject\",\"inLanguage\":\"es\",\"@id\":\"https:\\\/\\\/secure.gravatar.com\\\/avatar\\\/c82db564e8a669bf6023357a157b9dc4780f4d4c618f2ad1d71a6a5dede45057?s=96&d=mm&r=g\",\"url\":\"https:\\\/\\\/secure.gravatar.com\\\/avatar\\\/c82db564e8a669bf6023357a157b9dc4780f4d4c618f2ad1d71a6a5dede45057?s=96&d=mm&r=g\",\"contentUrl\":\"https:\\\/\\\/secure.gravatar.com\\\/avatar\\\/c82db564e8a669bf6023357a157b9dc4780f4d4c618f2ad1d71a6a5dede45057?s=96&d=mm&r=g\",\"caption\":\"ckl\"},\"url\":\"https:\\\/\\\/cklcomunicaciones.es\\\/coop\\\/author\\\/cklcomunicaciones\\\/\"}]}<\/script>\n<!-- \/ Yoast SEO plugin. -->","yoast_head_json":{"title":"Noticias Info CKL n\u00ba 2.121-07\/05\/18-Comunicar con perspectiva de g\u00e9nero","description":"Comunicar con perspectiva de g\u00e9nero: Kristalina Georgieva (Banco Mundial):\u201cHe tenido que trabajar m\u00e1s duro que mis colegas hombres para ser igual\u201d-\"Los violadores del click\"-Latinoam\u00e9rica: Hartas de rezar, limpiar y callar-Campa\u00f1a #AcceptTheChallenge","robots":{"index":"index","follow":"follow","max-snippet":"max-snippet:-1","max-image-preview":"max-image-preview:large","max-video-preview":"max-video-preview:-1"},"canonical":"https:\/\/cklcomunicaciones.es\/coop\/noticias-info-ckl-no-2-121-07-05-18\/","og_locale":"es_ES","og_type":"article","og_title":"Noticias Info CKL n\u00ba 2.121-07\/05\/18-Comunicar con perspectiva de g\u00e9nero","og_description":"Comunicar con perspectiva de g\u00e9nero: Kristalina Georgieva (Banco Mundial):\u201cHe tenido que trabajar m\u00e1s duro que mis colegas hombres para ser igual\u201d-\"Los violadores del click\"-Latinoam\u00e9rica: Hartas de rezar, limpiar y callar-Campa\u00f1a #AcceptTheChallenge","og_url":"https:\/\/cklcomunicaciones.es\/coop\/noticias-info-ckl-no-2-121-07-05-18\/","og_site_name":"CKL Comunicaciones","article_published_time":"2018-05-07T11:20:52+00:00","article_modified_time":"2025-01-17T15:40:52+00:00","og_image":[{"width":500,"height":500,"url":"https:\/\/cklcomunicaciones.es\/coop\/wp-content\/uploads\/2018\/03\/CKL_comunicacion-con-perspetiva-de-genero.jpg","type":"image\/jpeg"}],"author":"ckl","twitter_card":"summary_large_image","twitter_misc":{"Escrito por":"ckl","Tiempo de lectura":"6 minutos"},"schema":{"@context":"https:\/\/schema.org","@graph":[{"@type":"Article","@id":"https:\/\/cklcomunicaciones.es\/coop\/noticias-info-ckl-no-2-121-07-05-18\/#article","isPartOf":{"@id":"https:\/\/cklcomunicaciones.es\/coop\/noticias-info-ckl-no-2-121-07-05-18\/"},"author":{"name":"ckl","@id":"https:\/\/cklcomunicaciones.es\/coop\/#\/schema\/person\/929a6837f7626450bbb50cee1aef266e"},"headline":"Noticias Info CKL n\u00ba 2.121-07\/05\/18","datePublished":"2018-05-07T11:20:52+00:00","dateModified":"2025-01-17T15:40:52+00:00","mainEntityOfPage":{"@id":"https:\/\/cklcomunicaciones.es\/coop\/noticias-info-ckl-no-2-121-07-05-18\/"},"wordCount":1172,"image":{"@id":"https:\/\/cklcomunicaciones.es\/coop\/noticias-info-ckl-no-2-121-07-05-18\/#primaryimage"},"thumbnailUrl":"http:\/\/www.cklcomunicaciones.es\/wp-content\/uploads\/2018\/03\/CKL_comunicacion-con-perspetiva-de-genero-300x300.jpg","articleSection":["Newsletter","Nwl v2.0"],"inLanguage":"es"},{"@type":"WebPage","@id":"https:\/\/cklcomunicaciones.es\/coop\/noticias-info-ckl-no-2-121-07-05-18\/","url":"https:\/\/cklcomunicaciones.es\/coop\/noticias-info-ckl-no-2-121-07-05-18\/","name":"Noticias Info CKL n\u00ba 2.121-07\/05\/18-Comunicar con perspectiva de g\u00e9nero","isPartOf":{"@id":"https:\/\/cklcomunicaciones.es\/coop\/#website"},"primaryImageOfPage":{"@id":"https:\/\/cklcomunicaciones.es\/coop\/noticias-info-ckl-no-2-121-07-05-18\/#primaryimage"},"image":{"@id":"https:\/\/cklcomunicaciones.es\/coop\/noticias-info-ckl-no-2-121-07-05-18\/#primaryimage"},"thumbnailUrl":"http:\/\/www.cklcomunicaciones.es\/wp-content\/uploads\/2018\/03\/CKL_comunicacion-con-perspetiva-de-genero-300x300.jpg","datePublished":"2018-05-07T11:20:52+00:00","dateModified":"2025-01-17T15:40:52+00:00","author":{"@id":"https:\/\/cklcomunicaciones.es\/coop\/#\/schema\/person\/929a6837f7626450bbb50cee1aef266e"},"description":"Comunicar con perspectiva de g\u00e9nero: Kristalina Georgieva (Banco Mundial):\u201cHe tenido que trabajar m\u00e1s duro que mis colegas hombres para ser igual\u201d-\"Los violadores del click\"-Latinoam\u00e9rica: Hartas de rezar, limpiar y callar-Campa\u00f1a #AcceptTheChallenge","breadcrumb":{"@id":"https:\/\/cklcomunicaciones.es\/coop\/noticias-info-ckl-no-2-121-07-05-18\/#breadcrumb"},"inLanguage":"es","potentialAction":[{"@type":"ReadAction","target":["https:\/\/cklcomunicaciones.es\/coop\/noticias-info-ckl-no-2-121-07-05-18\/"]}]},{"@type":"ImageObject","inLanguage":"es","@id":"https:\/\/cklcomunicaciones.es\/coop\/noticias-info-ckl-no-2-121-07-05-18\/#primaryimage","url":"http:\/\/www.cklcomunicaciones.es\/wp-content\/uploads\/2018\/03\/CKL_comunicacion-con-perspetiva-de-genero-300x300.jpg","contentUrl":"http:\/\/www.cklcomunicaciones.es\/wp-content\/uploads\/2018\/03\/CKL_comunicacion-con-perspetiva-de-genero-300x300.jpg"},{"@type":"BreadcrumbList","@id":"https:\/\/cklcomunicaciones.es\/coop\/noticias-info-ckl-no-2-121-07-05-18\/#breadcrumb","itemListElement":[{"@type":"ListItem","position":1,"name":"Portada","item":"https:\/\/cklcomunicaciones.es\/coop\/"},{"@type":"ListItem","position":2,"name":"Noticias Info CKL n\u00ba 2.121-07\/05\/18"}]},{"@type":"WebSite","@id":"https:\/\/cklcomunicaciones.es\/coop\/#website","url":"https:\/\/cklcomunicaciones.es\/coop\/","name":"CKL Comunicaciones","description":"Sitio web de CKL Comunicaciones coop , la consultora de comunicaci\u00f3n y estrategia","potentialAction":[{"@type":"SearchAction","target":{"@type":"EntryPoint","urlTemplate":"https:\/\/cklcomunicaciones.es\/coop\/?s={search_term_string}"},"query-input":{"@type":"PropertyValueSpecification","valueRequired":true,"valueName":"search_term_string"}}],"inLanguage":"es"},{"@type":"Person","@id":"https:\/\/cklcomunicaciones.es\/coop\/#\/schema\/person\/929a6837f7626450bbb50cee1aef266e","name":"ckl","image":{"@type":"ImageObject","inLanguage":"es","@id":"https:\/\/secure.gravatar.com\/avatar\/c82db564e8a669bf6023357a157b9dc4780f4d4c618f2ad1d71a6a5dede45057?s=96&d=mm&r=g","url":"https:\/\/secure.gravatar.com\/avatar\/c82db564e8a669bf6023357a157b9dc4780f4d4c618f2ad1d71a6a5dede45057?s=96&d=mm&r=g","contentUrl":"https:\/\/secure.gravatar.com\/avatar\/c82db564e8a669bf6023357a157b9dc4780f4d4c618f2ad1d71a6a5dede45057?s=96&d=mm&r=g","caption":"ckl"},"url":"https:\/\/cklcomunicaciones.es\/coop\/author\/cklcomunicaciones\/"}]}},"_links":{"self":[{"href":"https:\/\/cklcomunicaciones.es\/coop\/wp-json\/wp\/v2\/posts\/13877","targetHints":{"allow":["GET"]}}],"collection":[{"href":"https:\/\/cklcomunicaciones.es\/coop\/wp-json\/wp\/v2\/posts"}],"about":[{"href":"https:\/\/cklcomunicaciones.es\/coop\/wp-json\/wp\/v2\/types\/post"}],"author":[{"embeddable":true,"href":"https:\/\/cklcomunicaciones.es\/coop\/wp-json\/wp\/v2\/users\/3"}],"replies":[{"embeddable":true,"href":"https:\/\/cklcomunicaciones.es\/coop\/wp-json\/wp\/v2\/comments?post=13877"}],"version-history":[{"count":0,"href":"https:\/\/cklcomunicaciones.es\/coop\/wp-json\/wp\/v2\/posts\/13877\/revisions"}],"wp:attachment":[{"href":"https:\/\/cklcomunicaciones.es\/coop\/wp-json\/wp\/v2\/media?parent=13877"}],"wp:term":[{"taxonomy":"category","embeddable":true,"href":"https:\/\/cklcomunicaciones.es\/coop\/wp-json\/wp\/v2\/categories?post=13877"},{"taxonomy":"post_tag","embeddable":true,"href":"https:\/\/cklcomunicaciones.es\/coop\/wp-json\/wp\/v2\/tags?post=13877"}],"curies":[{"name":"wp","href":"https:\/\/api.w.org\/{rel}","templated":true}]}}