{"id":13835,"date":"2018-04-06T13:35:21","date_gmt":"2018-04-06T11:35:21","guid":{"rendered":"http:\/\/www.cklcomunicaciones.es\/?p=13835"},"modified":"2025-01-17T16:40:55","modified_gmt":"2025-01-17T15:40:55","slug":"noticias-info-ckl-no-2-105-06-04-18-2","status":"publish","type":"post","link":"https:\/\/cklcomunicaciones.es\/coop\/noticias-info-ckl-no-2-105-06-04-18-2\/","title":{"rendered":"Noticias Info CKL n\u00ba 2.105-06\/04\/18"},"content":{"rendered":"<div id=\"pl-13835\"  class=\"panel-layout\" >\n<div id=\"pg-13835-0\"  class=\"panel-grid panel-no-style\"  data-style=\"{&quot;background_display&quot;:&quot;tile&quot;,&quot;lsow_dark_bg&quot;:&quot;&quot;,&quot;cell_alignment&quot;:&quot;flex-start&quot;}\" >\n<div id=\"pgc-13835-0-0\"  class=\"panel-grid-cell\"  data-weight=\"1\" >\n<div id=\"panel-13835-0-0-0\" class=\"so-panel widget widget_sow-editor panel-first-child panel-last-child\" data-index=\"0\" data-style=\"{&quot;background_image_attachment&quot;:false,&quot;background_display&quot;:&quot;tile&quot;}\" >\n<div class=\"so-widget-sow-editor so-widget-sow-editor-base\">\n<div class=\"siteorigin-widget-tinymce textwidget\">\n\t<img decoding=\"async\" class=\"lazyload  wp-image-13726\" src=\"http:\/\/www.cklcomunicaciones.es\/wp-content\/uploads\/2018\/03\/CKL_comunicacion-con-perspetiva-de-genero-300x300.jpg\" data-orig-src=\"http:\/\/www.cklcomunicaciones.es\/wp-content\/uploads\/2018\/03\/CKL_comunicacion-con-perspetiva-de-genero-300x300.jpg\" alt=\"CKL_comunicacion con perspetiva de genero\" width=\"132\" height=\"132\" srcset=\"data:image\/svg+xml,%3Csvg%20xmlns%3D%27http%3A%2F%2Fwww.w3.org%2F2000%2Fsvg%27%20width%3D%27132%27%20height%3D%27132%27%20viewBox%3D%270%200%20132%20132%27%3E%3Crect%20width%3D%27132%27%20height%3D%27132%27%20fill-opacity%3D%220%22%2F%3E%3C%2Fsvg%3E\" data-srcset=\"https:\/\/cklcomunicaciones.es\/coop\/wp-content\/uploads\/2018\/03\/CKL_comunicacion-con-perspetiva-de-genero-150x150.jpg 150w, https:\/\/cklcomunicaciones.es\/coop\/wp-content\/uploads\/2018\/03\/CKL_comunicacion-con-perspetiva-de-genero-300x300.jpg 300w, https:\/\/cklcomunicaciones.es\/coop\/wp-content\/uploads\/2018\/03\/CKL_comunicacion-con-perspetiva-de-genero-450x450.jpg 450w, https:\/\/cklcomunicaciones.es\/coop\/wp-content\/uploads\/2018\/03\/CKL_comunicacion-con-perspetiva-de-genero.jpg 500w\" data-sizes=\"auto\" data-orig-sizes=\"(max-width: 132px) 100vw, 132px\" \/><\/p>\n<p><strong>El Gobierno se compromete a impulsar la mejora de las condiciones laborales de las camareras de piso-Mujeres que han logrado mucho a pesar de tener tan poco-Las mujeres, eje del cambio-Influencers que deber\u00edas seguir<\/strong><\/p>\n<p>[toggle type=\u00bbfirst\u00bb title=\u00bbConvocatorias\u00bb]<\/p>\n<ul>\n<li><a href=\"https:\/\/festivaldemalaga.com\/maf\/index.php?seccion=actividades&amp;id_actividad=1093&amp;id_categoria=21\">Entremuestras especial MaF: Proyecci\u00f3n documental &#8216;Joana Biarn\u00e9s: una entre todos&#8217; y Coloquio posterior con Joana Biarn\u00e9s<\/a>. M\u00e1laga de Festival y \u00c1rea de Igualdad del Ayuntamiento de M\u00e1laga. 9 de abril de 2018<\/li>\n<\/ul>\n<p>[\/toggle]<\/p>\n<p>[toggle type=\u00bbfirst\u00bb title=\u00bbComunicaci\u00f3n\u00bb]<\/p>\n<p><a href=\"http:\/\/ctxt.es\/es\/20180404\/Politica\/18802\/Entrevista-Soledad-Gallego-Premio-Ortega-y-Gasset-periodismo.htm\">Soledad Gallego-D\u00edaz: \u201cLos periodistas no hemos sido capaces de impedir que los medios trafiquen con la informaci\u00f3n\u201d &#8230;<\/a> &#8211; <a href=\"http:\/\/ctxt.es\">ctxt.es<\/a><\/p>\n<p><a href=\"https:\/\/www.google.es\/url?sa=t&amp;rct=j&amp;q=&amp;esrc=s&amp;source=newssearch&amp;cd=1&amp;ved=0ahUKEwiVybmVuqXaAhUFvxQKHS8xBI4QqQIIJygAMAA&amp;url=https%3A%2F%2Felpais.com%2Felpais%2F2018%2F04%2F05%2Ftentaciones%2F1522922021_036290.html&amp;usg=AOvVaw0u2kLyv65D5EHDx_WMXwkg\">As\u00ed es el gran reto de las mujeres en Wikipedia<\/a> \u2013 El Pa\u00eds<\/p>\n<p><a href=\"https:\/\/www.google.es\/url?sa=t&amp;rct=j&amp;q=&amp;esrc=s&amp;source=newssearch&amp;cd=22&amp;ved=0ahUKEwib6LLkw6XaAhUDPBQKHX1iAoI4FBCpAggpKAAwAQ&amp;url=http%3A%2F%2Fwww.lavanguardia.com%2Fcultura%2F20180406%2F442205615320%2Fpatricia-lujan-giardinetto-sessions.html&amp;usg=AOvVaw1x-1frf_p9Xdc2RXDgmmpM\">Patricia Luj\u00e1n, publicista: \u201cHay que liberalizar los pezones femeninos\u201d<\/a> &#8211; La Vanguardia<\/p>\n<p><a href=\"https:\/\/www.google.es\/url?sa=t&amp;rct=j&amp;q=&amp;esrc=s&amp;source=newssearch&amp;cd=1&amp;cad=rja&amp;uact=8&amp;ved=0ahUKEwjAv4aawKXaAhUMrRQKHUKoCIUQqQIIJigAMAA&amp;url=https%3A%2F%2Fexpansion.mx%2Fmercadotecnia%2F2018%2F04%2F05%2Flas-marcas-comienzan-a-eliminar-el-machismo-de-su-comunicacion&amp;usg=AOvVaw3j1SJiLuEF8Zq8QT1fFwGV\">Las marcas comienzan a eliminar el machismo de su comunicaci\u00f3n<\/a> &#8211; Expansi\u00f3n MX<\/p>\n<p><a href=\"http:\/\/www.marca.com\/tiramillas\/actualidad\/album\/2018\/04\/06\/5ac65e13e5fdeaa2738b4579.html\">50 anuncios inaceptables que en su momento fueron publicados<\/a> &#8211; Marca.com<\/p>\n<p><a href=\"https:\/\/www.ellahoy.es\/ocio\/articulo\/influencers-feministas-que-deberias-seguir\/312246\/\">Influencers feministas que deber\u00edas seguir<\/a> &#8211; Ella Hoy<\/p>\n<p>[\/toggle]<\/p>\n<p>[toggle type=\u00bbfirst\u00bb title=\u00bbAndaluc\u00eda\u00bb]<\/p>\n<p><strong>Institucional<\/strong><\/p>\n<p><a href=\"http:\/\/www.teleprensa.com\/andalucia\/parlamento-solicita-la-eliminacion-de-las-clausulas-antiembarazo-para-deportistas-a-peticion-de-podemos.html\">Parlamento solicita la eliminaci\u00f3n de las cl\u00e1usulas antiembarazo para deportistas &#8230;<\/a> &#8211; Teleprensa peri\u00f3dico<\/p>\n<p><strong>Econom\u00eda y Empresas<\/strong><\/p>\n<p><a href=\"http:\/\/huelvaya.es\/2018\/04\/06\/diputacion-trabaja-en-la-creacion-una-red-de-mujeres-empresarias-onubenses\/\">Diputaci\u00f3n de Huelva trabaja en la creaci\u00f3n una red de empresarias &#8230;<\/a> &#8211; HuelvaYA<\/p>\n<p><a href=\"http:\/\/www.teleprensa.com\/cordoba\/el-foro-de-empresarias-y-profesionales-de-cordoba-firma-un-convenio-con-arquia-banca.html.html\">El Foro de Empresarias y Profesionales de C\u00f3rdoba firma un acuerdo con Arquia Banca &#8230;<\/a> &#8211; Teleprensa peri\u00f3dico digital<\/p>\n<p><a href=\"http:\/\/www.mujeremprendedora.net\/15-mujeres-cordobesas-crean-gitanas-emprendedoras\/\">15 mujeres cordobesas crean \u2018Gitanas emprendedoras\u2019<\/a> \u2013 Mujeremprendedora.net<\/p>\n<p><a href=\"https:\/\/www.google.com\/url?rct=j&amp;sa=t&amp;url=http:\/\/www.lavanguardia.com\/local\/sevilla\/20180405\/442205309211\/el-16-de-los-demandantes-de-empleo-andaluces-se-encuentra-trabajando-segun-randstad.html&amp;ct=ga&amp;cd=CAEYACoTMzI2MDIyNTg3NzQ5MDUwMjc0NzIZZTU1MjBjNTU4YjkxNTcxMDplczplczpFUw&amp;usg=AFQjCNFsvlAphe4sXqeSlNb4Df9GHLk74Q\">El 16% de los demandantes de empleo andaluces se encuentra trabajando, seg\u00fan Randstad <\/a>&#8211; La Vanguardia<\/p>\n<p><strong>Actualidad<\/strong><\/p>\n<p><a href=\"https:\/\/www.google.es\/url?sa=t&amp;rct=j&amp;q=&amp;esrc=s&amp;source=newssearch&amp;cd=19&amp;ved=0ahUKEwi65OrevKXaAhVBuRQKHUqjAtQ4ChCpAgg-KAAwCA&amp;url=http%3A%2F%2Fwww.teleprensa.com%2Fcordoba%2Fla-directora-del-iam-destaca-la-apuesta-de-la-junta-por-la-participacion-del-tejido-asociativo-en-ambitos-de-decision.html.html&amp;usg=AOvVaw0Do5xA5D8HKzvxUjn5kltT\">La directora del IAM destaca la apuesta de la Junta por la participaci\u00f3n del tejido asociativo en \u00e1mbitos de decisi\u00f3n &#8230;<\/a> &#8211; Teleprensa peri\u00f3dico digital<\/p>\n<p><a href=\"https:\/\/www.google.es\/url?sa=t&amp;rct=j&amp;q=&amp;esrc=s&amp;source=newssearch&amp;cd=11&amp;ved=0ahUKEwi65OrevKXaAhVBuRQKHUqjAtQ4ChCpAggmKAAwAA&amp;url=https%3A%2F%2Fwww.elconfidencial.com%2Fespana%2Fandalucia%2F2018-04-05%2Fnueva-cruzada-primera-laboralista-andaluza_1545499%2F&amp;usg=AOvVaw0LWZ8L2MQLcYTqAIVdcW3F\">La nueva cruzada de la primera laboralista andaluza<em>:<\/em> &#8216;esclavos&#8217; en &#8230;<\/a> &#8211; El Confidencial<\/p>\n<p><a href=\"http:\/\/www.diariocordoba.com\/noticias\/temadia\/mujeres-eje-cambio_1216879.html\">Las mujeres, eje del cambio<\/a> &#8211; Diario C\u00f3rdoba<\/p>\n<p><a href=\"https:\/\/www.google.es\/url?sa=t&amp;rct=j&amp;q=&amp;esrc=s&amp;source=newssearch&amp;cd=1&amp;cad=rja&amp;uact=8&amp;ved=0ahUKEwjvzI7vu6XaAhVF7RQKHUxRDj8QqQIIJigAMAA&amp;url=http%3A%2F%2Fwww.granadahoy.com%2Fgranada%2FProyecto-integral-transformar-barrios-desfavorecidos_0_1233777043.html&amp;usg=AOvVaw1-PAplDaRQXseAql2v12zf\">Proyecto integral para transformar los barrios m\u00e1s desfavorecidos<\/a> -Granada Hoy<\/p>\n<p><strong>Violencias<\/strong><\/p>\n<p><a href=\"http:\/\/www.elmundo.es\/cronica\/2018\/04\/06\/5ac11e1822601de1658b45de.html\">Las ocho &#8216;Mar\u00eda Magdalenas&#8217; prostituidas en Espa\u00f1a por un DJ nigeriano (y salvadas de una cueva en Almer\u00eda por las monjas adoratrices)<\/a> \u2013 El Mundo<\/p>\n<p><a href=\"http:\/\/guadix.ideal.es\/guadix\/nueva-jornadasobre-deteccion-20180406122211-nt.html\">Nueva jornada sobre detecci\u00f3n de violencia y agresiones sexuales &#8230;<\/a> &#8211; Ideal Digital<\/p>\n<p><strong>Ciencia y Cultura<\/strong><\/p>\n<p><a href=\"https:\/\/www.google.com\/url?rct=j&amp;sa=t&amp;url=https:\/\/www.20minutos.es\/noticia\/3305801\/0\/diputacion-respalda-evento-transfronterizo-mujeres-creadoras-palabra-obra-pincel\/&amp;ct=ga&amp;cd=CAEYACoTMzI4NTI0Njg5NzE0MDYyMjkzMzIZYzAzNzJlYmMyZmVhZGE1OTplczplczpFUw&amp;usg=AFQjCNHIfeGUVfYo62F2XuUHiIggRHeoHA\">La Diputaci\u00f3n de Huelva respalda el evento transfronterizo &#8216;Mujeres creadoras, palabra, obra y pincel&#8217; <\/a>&#8211; 20minutos.es<\/p>\n<p><a href=\"https:\/\/cimamujerescineastas.es\/santiago-ramon-y-cajal-las-mariposas-del-alma-de-ana-martinez-en-malaga\/\">El documental \u201cSantigo Ramon y Cajal, las Mariposas del Alma\u201d de Ana Mart\u00ednez en el Festival de Cine de M\u00e1laga \u2026<\/a> &#8211; <a href=\"http:\/\/cimamujerescineastas.es\">cimamujerescineastas.es<\/a><\/p>\n<p><a href=\"https:\/\/www.google.com\/url?rct=j&amp;sa=t&amp;url=http:\/\/www.diariojaen.es\/provincia\/ubeda\/conferencias-sobre-la-figura-de-la-mujer-en-la-historia-MK3972196&amp;ct=ga&amp;cd=CAEYACoUMTc2NjMxMzEzMTg1MzU4NTA1MDEyGWMwMzcyZWJjMmZlYWRhNTk6ZXM6ZXM6RVM&amp;usg=AFQjCNGNA5hznFywSWnCrHIh6sD6FjehZQ\">Conferencias sobre la figura de la mujer en la Historia <\/a>&#8211; Diario Ja\u00e9n<\/p>\n<p><a href=\"https:\/\/www.expresszacatecas.com\/opinion\/37733-el-rap-de-gata-cattana\">El rap de Gata Cattana<\/a> &#8211; Express Zacatecas<\/p>\n<p><strong>Deporte<\/strong><\/p>\n<p><a href=\"http:\/\/www.diariosur.es\/deportes\/mas-deportes\/andalucia-campeonato-espana-20180406000357-ntvo.html\">Andaluc\u00eda, oro en el Campeonato de Espa\u00f1a de minibasket femenino<\/a> &#8211; Sur Digital (Andaluc\u00eda)<\/p>\n<p><a href=\"https:\/\/www.google.es\/url?sa=t&amp;rct=j&amp;q=&amp;esrc=s&amp;source=newssearch&amp;cd=63&amp;ved=0ahUKEwjj0cnlv6XaAhXE1RQKHR19DFo4PBCpAggsKAAwAg&amp;url=http%3A%2F%2Fwww.estadiodeportivo.com%2Fpolideportivo%2F2018%2F04%2F05%2Fsevilla-optara-acoger-fase-ascenso%2F155539.html&amp;usg=AOvVaw2IvCLtHNd6KtRCNmRozbeJ\">Sevilla optar\u00e1 a acoger la fase de ascenso a Divisi\u00f3n de Plata &#8230;<\/a>&#8211; <a href=\"http:\/\/estadiodeportivo.com\">estadiodeportivo.com<\/a><\/p>\n<p><a href=\"http:\/\/diariodeltriatlon.es\/not\/11313\/800-deportistas-competiran-en-el-v-nutrisport-half-triatlon-de-sevilla\/\">800 deportistas competir\u00e1n en el V NutriSport Half Triatl\u00f3n de Sevilla<\/a> &#8211; diario el triatlon<\/p>\n<p>&nbsp;<\/p>\n<p>[toggle type=\u00bbfirst\u00bb title=\u00bbEstado\u00bb]<\/p>\n<p><strong>Institucional-CCAA<\/strong><\/p>\n<p><a href=\"https:\/\/www.google.com\/url?rct=j&amp;sa=t&amp;url=http:\/\/agencias.abc.es\/agencias\/noticia.asp%3Fnoticia%3D2784284&amp;ct=ga&amp;cd=CAEYAioUMTMyMzg0MzQ5MjI4OTEzNzQ0MDUyGWMwMzcyZWJjMmZlYWRhNTk6ZXM6ZXM6RVM&amp;usg=AFQjCNG6dpk6hhsE4OKaeajXUSybnC6UOQ\">Gobierno C\u00e1ntabro aprueba la creaci\u00f3n de un registro para asociaciones de mujeres <\/a>&#8211; Abc.es<\/p>\n<p><a href=\"http:\/\/www.elmundo.es\/baleares\/2018\/04\/05\/5ac6152f46163fc5178b45ac.html\">Folletos para acabar con el sexo y los desfases del alcohol en Magaluf<\/a> \u2013 El Mundo<\/p>\n<p><a href=\"https:\/\/www.google.es\/url?sa=t&amp;rct=j&amp;q=&amp;esrc=s&amp;source=newssearch&amp;cd=1&amp;ved=0ahUKEwjtt-SiuKXaAhWHaxQKHXoxDIgQqQIIJygAMAA&amp;url=http%3A%2F%2Fwww.teinteresa.es%2Flocal%2FCONSEJO-RECLAMA-MILLONES-VIOLENCIA-PRESUPUESTOS_0_1991800954.html&amp;usg=AOvVaw0S2T5LEZJYAqFKyzcDF2Nv\">El Consejo de Mujeres de Madrid reclama los 200 millones de euros para violencia de g\u00e9nero en los presupuestos &#8230;<\/a>&#8211; Te Interesa<\/p>\n<p><strong>Econom\u00eda y Empresa<\/strong><\/p>\n<p><a href=\"https:\/\/www.google.com\/url?rct=j&amp;sa=t&amp;url=http:\/\/www.europapress.es\/motor\/coches-00640\/noticia-red-mujeres-psa-reune-madrid-avanzar-materia-igualdad-profesional-20180406114524.html&amp;ct=ga&amp;cd=CAEYACoTNzk2MDk0OTc4NjU1NDI4ODUyNzIZYzAzNzJlYmMyZmVhZGE1OTplczplczpFUw&amp;usg=AFQjCNFhllYcqQtoHVkG-SgaDCxvc1nHBA\">La red de mujeres de PSA se re\u00fane en Madrid para avanzar en materia de igualdad profesional <\/a>&#8211; Europa Press<\/p>\n<p><a href=\"http:\/\/www.mujeremprendedora.net\/rajoy-se-compromete-a-impulsar-la-mejora-de-las-condiciones-laborales-de-las-camareras-de-piso\/\">Rajoy se compromete a impulsar la mejora de las condiciones laborales de las camareras de piso<\/a> \u2013 Mujeremprendedora.net<\/p>\n<p><strong>Violencia<\/strong><strong>s<\/strong><\/p>\n<p><a href=\"https:\/\/www.google.es\/url?sa=t&amp;rct=j&amp;q=&amp;esrc=s&amp;source=newssearch&amp;cd=1&amp;ved=0ahUKEwj0m-PvuqXaAhVL7RQKHTLACzIQqQIIJygAMAA&amp;url=http%3A%2F%2Fwww.elmundo.es%2Fmadrid%2F2018%2F04%2F06%2F5ac7289c268e3edc578b4658.html&amp;usg=AOvVaw0BaytDiB36yIs4pn08ZaFN\">Hallados restos biol\u00f3gicos de la mujer desaparecida en &#8230;<\/a> -El Mundo<\/p>\n<p><strong>Ciencia y Cultura<\/strong><\/p>\n<p><a href=\"https:\/\/elasombrario.com\/denuncia-ecologica-isabel-munoz-mar\/\">La denuncia ecol\u00f3gica de Isabel Mu\u00f1oz desde el fondo del mar<\/a> \u2013 P\u00fablico<\/p>\n<p><a href=\"http:\/\/www.elmundo.es\/cultura\/2018\/04\/05\/5ac6451e22601dea588b4621.html\">Mar\u00eda Jos\u00e9 Montiel: \u00abOjal\u00e1 el Teatro de la Zarzuela siga teniendo vida propia\u00bb<\/a> \u2013 El Mundo<\/p>\n<p><a href=\"http:\/\/www.rtve.es\/rtve\/20180406\/mangas-libros-ilustrados-viaje-realizados-mujeres-para-heroes-manga-madrid\/1708542.shtml\">Mangas y libros ilustrados de viaje realizados por <em>mujeres<\/em> para &#8230;<\/a> &#8211; Rtve<\/p>\n<p><strong>Deporte<\/strong><\/p>\n<p><a href=\"https:\/\/www.eurosport.es\/halterofilia\/lydia-valentin-en-eurosport-ser-abanderada-olimpica-seria-genial-algo-increible-un-sueno_sto6700254\/story.shtml\">Lydia Valent\u00edn, en Eurosport: \u00ab\u00bfSer abanderada ol\u00edmpica? Ser\u00eda algo incre\u00edble &#8230;<\/a> &#8211; <a href=\"http:\/\/eurosport.es\">eurosport.es<\/a><\/p>\n<p><a href=\"http:\/\/www.ambm.es\/begona-fernandez-recibe-la-insignia-olimpica-del-coe\/\">Bego\u00f1a Fern\u00e1ndez recibe la Insignia Ol\u00edmpica del COE &#8230;<\/a> <em>\u2013 <\/em><a href=\"http:\/\/ambm.es\">ambm.es<\/a><\/p>\n<p><a href=\"http:\/\/www.elmundo.es\/f5\/comparte\/2018\/04\/05\/5ac60933ca4741ad608b4581.html\">La chilena de Almudena Cid: \u00abY sin despeinarme\u00bb<\/a> \u2013 El Mundo<\/p>\n<p><a href=\"https:\/\/www.google.es\/url?sa=t&amp;rct=j&amp;q=&amp;esrc=s&amp;source=newssearch&amp;cd=52&amp;ved=0ahUKEwj-3J6-v6XaAhWBohQKHVe9AXQ4MhCpAggpKAAwAQ&amp;url=http%3A%2F%2Fwww.mundoplus.tv%2Fnoticias%2F%3Fseccion%3Ddeportes%26id%3D60231&amp;usg=AOvVaw2-Q-Xoe1SoJNfRfeCjUD8U\">La selecci\u00f3n espa\u00f1ola femenina de f\u00fatbol, protagonista en Gol<\/a> &#8211; <a href=\"http:\/\/mundoplus.tv\">mundoplus.tv<\/a><\/p>\n<p>&nbsp;<\/p>\n<p>[\/toggle]<\/p>\n<p>[toggle type=\u00bbfirst\u00bb title=\u00bbInternacional\u00bb]<\/p>\n<p><a href=\"https:\/\/www.google.es\/url?sa=t&amp;rct=j&amp;q=&amp;esrc=s&amp;source=newssearch&amp;cd=40&amp;ved=0ahUKEwjkvf_cwKXaAhVDbxQKHWpRCrA4HhCpAghBKAAwCQ&amp;url=https%3A%2F%2Felpais.com%2Felpais%2F2018%2F04%2F03%2Fplaneta_futuro%2F1522765350_861307.html&amp;usg=AOvVaw0PlVfbS4b8ZNWdoZ4RFNMb\">Mujeres que han logrado mucho a pesar de tener tan poco<\/a> \u2013 El Pa\u00eds<\/p>\n<p><a href=\"https:\/\/hipertextual.com\/2018\/04\/demanda-google-mujeres-adelante\">La demanda contra Google por pagar menos a las mujeres da un paso adelante &#8230;<\/a> -Hipertextual<\/p>\n<p><a href=\"http:\/\/www.elfinanciero.com.mx\/bloomberg-businessweek\/ana-victoria-garcia-la-gran-impulsora-de-emprendedoras-en-mexico\">Ana Victoria Garc\u00eda, la &#8216;gran impulsora&#8217; de emprendedoras en M\u00e9xico<\/a> &#8211; El Financiero<\/p>\n<p><a href=\"https:\/\/www.google.es\/url?sa=t&amp;rct=j&amp;q=&amp;esrc=s&amp;source=newssearch&amp;cd=69&amp;ved=0ahUKEwjr3qGQwaXaAhUFuBQKHeinDI84PBCpAgg9KAAwCA&amp;url=http%3A%2F%2Fwww.telam.com.ar%2Fnotas%2F201804%2F267345-una-aplicacion-ofrece-el-primer-banco-de-trabajo-para-mujeres-en-oficios-dominados-por-hombres.html&amp;usg=AOvVaw0BaDB9-WIwZnxBZycespZz\">Una app ofrece el primer banco de trabajo para mujeres en oficios dominados por hombres&#8230;<\/a> &#8211; T\u00e9lam-<\/p>\n<p><a href=\"http:\/\/www.publico.es\/internacional\/expresidenta-corea-sur-condenada-24-anos-prision-corrupcion.html\">La expresidenta de Corea del Sur, condenada a 24 a\u00f1os de prisi\u00f3n por corrupci\u00f3n<\/a>&#8211; P\u00fablico<\/p>\n<p><a href=\"https:\/\/www.google.es\/url?sa=t&amp;rct=j&amp;q=&amp;esrc=s&amp;source=newssearch&amp;cd=9&amp;ved=0ahUKEwjY89m2vqXaAhVHtBQKHboLCzwQqQIIPSgAMAg&amp;url=https%3A%2F%2Fwww.infobae.com%2Fsociedad%2F2018%2F04%2F06%2Fatractiva-tetas-cachonda-la-tesis-que-revelo-como-se-habla-a-escondidas-de-las-mujeres-economistas%2F&amp;usg=AOvVaw0JHL9RDsa1xiEHpXhTt29B\">\u201cAtractiva\u201d, \u201ctetas\u201d, \u201ccachonda\u201d: la tesis que revel\u00f3 c\u00f3mo se habla a escondidas de las economistas &#8230;<\/a>&#8211; Infobae.com<\/p>\n<p><a href=\"https:\/\/www.google.com\/url?rct=j&amp;sa=t&amp;url=https:\/\/www.lanacion.com.ar\/2122730-amy-austin-la-cientifica-del-conicet-que-fue-premiada-en-francia&amp;ct=ga&amp;cd=CAEYAyoTMzI4NTI0Njg5NzE0MDYyMjkzMzIZYzAzNzJlYmMyZmVhZGE1OTplczplczpFUw&amp;usg=AFQjCNHnFXdHgLLsKCAoMOXZXYgvkDbtZQ\">Amy Austin, la cient\u00edfica del Conicet que fue premiada en Francia <\/a>\u2013 La Naci\u00f3n<\/p>\n<p><a href=\"http:\/\/www.marca.com\/baloncesto\/nba\/2018\/04\/06\/5ac7487322601da4218b460c.html\">LeBron abre las puertas de la NBA a la mujer: \u00abEs cuesti\u00f3n de saber &#8230;<\/a>&#8211; MARCA.com<\/p>\n<p>&nbsp;<\/p>\n<p>[\/toggle]<\/p><\/div>\n<\/div>\n<\/div>\n<\/div>\n<\/div>\n<\/div>\n","protected":false},"excerpt":{"rendered":"<p>El Gobierno se compromete a impulsar la mejora de las <a href=\"https:\/\/cklcomunicaciones.es\/coop\/noticias-info-ckl-no-2-105-06-04-18-2\/\">[&#8230;]<\/a><\/p>\n","protected":false},"author":3,"featured_media":0,"comment_status":"closed","ping_status":"closed","sticky":false,"template":"","format":"standard","meta":{"footnotes":""},"categories":[298,623],"tags":[],"class_list":["post-13835","post","type-post","status-publish","format-standard","hentry","category-newsletter","category-nwl-2-0"],"yoast_head":"<!-- This site is optimized with the Yoast SEO plugin v27.5 - https:\/\/yoast.com\/product\/yoast-seo-wordpress\/ -->\n<title>Noticias Info CKL n\u00ba 2.105-06\/04\/18-Comunicar con perspectiva de g\u00e9nero<\/title>\n<meta name=\"description\" content=\"Comunicar con perspectiva de g\u00e9nero: El Gobierno se compromete a impulsar la mejora de las condiciones laborales de las camareras de piso-Mujeres que han logrado mucho a pesar de tener tan poco-Las mujeres, eje del cambio-Influencers que deber\u00edas seguir\" \/>\n<meta name=\"robots\" content=\"index, follow, max-snippet:-1, max-image-preview:large, max-video-preview:-1\" \/>\n<link rel=\"canonical\" href=\"https:\/\/cklcomunicaciones.es\/coop\/noticias-info-ckl-no-2-105-06-04-18-2\/\" \/>\n<meta property=\"og:locale\" content=\"es_ES\" \/>\n<meta property=\"og:type\" content=\"article\" \/>\n<meta property=\"og:title\" content=\"Noticias Info CKL n\u00ba 2.105-06\/04\/18-Comunicar con perspectiva de g\u00e9nero\" \/>\n<meta property=\"og:description\" content=\"Comunicar con perspectiva de g\u00e9nero: El Gobierno se compromete a impulsar la mejora de las condiciones laborales de las camareras de piso-Mujeres que han logrado mucho a pesar de tener tan poco-Las mujeres, eje del cambio-Influencers que deber\u00edas seguir\" \/>\n<meta property=\"og:url\" content=\"https:\/\/cklcomunicaciones.es\/coop\/noticias-info-ckl-no-2-105-06-04-18-2\/\" \/>\n<meta property=\"og:site_name\" content=\"CKL Comunicaciones\" \/>\n<meta property=\"article:published_time\" content=\"2018-04-06T11:35:21+00:00\" \/>\n<meta property=\"article:modified_time\" content=\"2025-01-17T15:40:55+00:00\" \/>\n<meta property=\"og:image\" content=\"https:\/\/cklcomunicaciones.es\/coop\/wp-content\/uploads\/2018\/03\/CKL_comunicacion-con-perspetiva-de-genero.jpg\" \/>\n\t<meta property=\"og:image:width\" content=\"500\" \/>\n\t<meta property=\"og:image:height\" content=\"500\" \/>\n\t<meta property=\"og:image:type\" content=\"image\/jpeg\" \/>\n<meta name=\"author\" content=\"ckl\" \/>\n<meta name=\"twitter:card\" content=\"summary_large_image\" \/>\n<meta name=\"twitter:label1\" content=\"Escrito por\" \/>\n\t<meta name=\"twitter:data1\" content=\"ckl\" \/>\n\t<meta name=\"twitter:label2\" content=\"Tiempo de lectura\" \/>\n\t<meta name=\"twitter:data2\" content=\"4 minutos\" \/>\n<script type=\"application\/ld+json\" class=\"yoast-schema-graph\">{\"@context\":\"https:\\\/\\\/schema.org\",\"@graph\":[{\"@type\":\"Article\",\"@id\":\"https:\\\/\\\/cklcomunicaciones.es\\\/coop\\\/noticias-info-ckl-no-2-105-06-04-18-2\\\/#article\",\"isPartOf\":{\"@id\":\"https:\\\/\\\/cklcomunicaciones.es\\\/coop\\\/noticias-info-ckl-no-2-105-06-04-18-2\\\/\"},\"author\":{\"name\":\"ckl\",\"@id\":\"https:\\\/\\\/cklcomunicaciones.es\\\/coop\\\/#\\\/schema\\\/person\\\/929a6837f7626450bbb50cee1aef266e\"},\"headline\":\"Noticias Info CKL n\u00ba 2.105-06\\\/04\\\/18\",\"datePublished\":\"2018-04-06T11:35:21+00:00\",\"dateModified\":\"2025-01-17T15:40:55+00:00\",\"mainEntityOfPage\":{\"@id\":\"https:\\\/\\\/cklcomunicaciones.es\\\/coop\\\/noticias-info-ckl-no-2-105-06-04-18-2\\\/\"},\"wordCount\":836,\"image\":{\"@id\":\"https:\\\/\\\/cklcomunicaciones.es\\\/coop\\\/noticias-info-ckl-no-2-105-06-04-18-2\\\/#primaryimage\"},\"thumbnailUrl\":\"http:\\\/\\\/www.cklcomunicaciones.es\\\/wp-content\\\/uploads\\\/2018\\\/03\\\/CKL_comunicacion-con-perspetiva-de-genero-300x300.jpg\",\"articleSection\":[\"Newsletter\",\"Nwl v2.0\"],\"inLanguage\":\"es\"},{\"@type\":\"WebPage\",\"@id\":\"https:\\\/\\\/cklcomunicaciones.es\\\/coop\\\/noticias-info-ckl-no-2-105-06-04-18-2\\\/\",\"url\":\"https:\\\/\\\/cklcomunicaciones.es\\\/coop\\\/noticias-info-ckl-no-2-105-06-04-18-2\\\/\",\"name\":\"Noticias Info CKL n\u00ba 2.105-06\\\/04\\\/18-Comunicar con perspectiva de g\u00e9nero\",\"isPartOf\":{\"@id\":\"https:\\\/\\\/cklcomunicaciones.es\\\/coop\\\/#website\"},\"primaryImageOfPage\":{\"@id\":\"https:\\\/\\\/cklcomunicaciones.es\\\/coop\\\/noticias-info-ckl-no-2-105-06-04-18-2\\\/#primaryimage\"},\"image\":{\"@id\":\"https:\\\/\\\/cklcomunicaciones.es\\\/coop\\\/noticias-info-ckl-no-2-105-06-04-18-2\\\/#primaryimage\"},\"thumbnailUrl\":\"http:\\\/\\\/www.cklcomunicaciones.es\\\/wp-content\\\/uploads\\\/2018\\\/03\\\/CKL_comunicacion-con-perspetiva-de-genero-300x300.jpg\",\"datePublished\":\"2018-04-06T11:35:21+00:00\",\"dateModified\":\"2025-01-17T15:40:55+00:00\",\"author\":{\"@id\":\"https:\\\/\\\/cklcomunicaciones.es\\\/coop\\\/#\\\/schema\\\/person\\\/929a6837f7626450bbb50cee1aef266e\"},\"description\":\"Comunicar con perspectiva de g\u00e9nero: El Gobierno se compromete a impulsar la mejora de las condiciones laborales de las camareras de piso-Mujeres que han logrado mucho a pesar de tener tan poco-Las mujeres, eje del cambio-Influencers que deber\u00edas seguir\",\"breadcrumb\":{\"@id\":\"https:\\\/\\\/cklcomunicaciones.es\\\/coop\\\/noticias-info-ckl-no-2-105-06-04-18-2\\\/#breadcrumb\"},\"inLanguage\":\"es\",\"potentialAction\":[{\"@type\":\"ReadAction\",\"target\":[\"https:\\\/\\\/cklcomunicaciones.es\\\/coop\\\/noticias-info-ckl-no-2-105-06-04-18-2\\\/\"]}]},{\"@type\":\"ImageObject\",\"inLanguage\":\"es\",\"@id\":\"https:\\\/\\\/cklcomunicaciones.es\\\/coop\\\/noticias-info-ckl-no-2-105-06-04-18-2\\\/#primaryimage\",\"url\":\"http:\\\/\\\/www.cklcomunicaciones.es\\\/wp-content\\\/uploads\\\/2018\\\/03\\\/CKL_comunicacion-con-perspetiva-de-genero-300x300.jpg\",\"contentUrl\":\"http:\\\/\\\/www.cklcomunicaciones.es\\\/wp-content\\\/uploads\\\/2018\\\/03\\\/CKL_comunicacion-con-perspetiva-de-genero-300x300.jpg\"},{\"@type\":\"BreadcrumbList\",\"@id\":\"https:\\\/\\\/cklcomunicaciones.es\\\/coop\\\/noticias-info-ckl-no-2-105-06-04-18-2\\\/#breadcrumb\",\"itemListElement\":[{\"@type\":\"ListItem\",\"position\":1,\"name\":\"Portada\",\"item\":\"https:\\\/\\\/cklcomunicaciones.es\\\/coop\\\/\"},{\"@type\":\"ListItem\",\"position\":2,\"name\":\"Noticias Info CKL n\u00ba 2.105-06\\\/04\\\/18\"}]},{\"@type\":\"WebSite\",\"@id\":\"https:\\\/\\\/cklcomunicaciones.es\\\/coop\\\/#website\",\"url\":\"https:\\\/\\\/cklcomunicaciones.es\\\/coop\\\/\",\"name\":\"CKL Comunicaciones\",\"description\":\"Sitio web de CKL Comunicaciones coop , la consultora de comunicaci\u00f3n y estrategia\",\"potentialAction\":[{\"@type\":\"SearchAction\",\"target\":{\"@type\":\"EntryPoint\",\"urlTemplate\":\"https:\\\/\\\/cklcomunicaciones.es\\\/coop\\\/?s={search_term_string}\"},\"query-input\":{\"@type\":\"PropertyValueSpecification\",\"valueRequired\":true,\"valueName\":\"search_term_string\"}}],\"inLanguage\":\"es\"},{\"@type\":\"Person\",\"@id\":\"https:\\\/\\\/cklcomunicaciones.es\\\/coop\\\/#\\\/schema\\\/person\\\/929a6837f7626450bbb50cee1aef266e\",\"name\":\"ckl\",\"image\":{\"@type\":\"ImageObject\",\"inLanguage\":\"es\",\"@id\":\"https:\\\/\\\/secure.gravatar.com\\\/avatar\\\/c82db564e8a669bf6023357a157b9dc4780f4d4c618f2ad1d71a6a5dede45057?s=96&d=mm&r=g\",\"url\":\"https:\\\/\\\/secure.gravatar.com\\\/avatar\\\/c82db564e8a669bf6023357a157b9dc4780f4d4c618f2ad1d71a6a5dede45057?s=96&d=mm&r=g\",\"contentUrl\":\"https:\\\/\\\/secure.gravatar.com\\\/avatar\\\/c82db564e8a669bf6023357a157b9dc4780f4d4c618f2ad1d71a6a5dede45057?s=96&d=mm&r=g\",\"caption\":\"ckl\"},\"url\":\"https:\\\/\\\/cklcomunicaciones.es\\\/coop\\\/author\\\/cklcomunicaciones\\\/\"}]}<\/script>\n<!-- \/ Yoast SEO plugin. -->","yoast_head_json":{"title":"Noticias Info CKL n\u00ba 2.105-06\/04\/18-Comunicar con perspectiva de g\u00e9nero","description":"Comunicar con perspectiva de g\u00e9nero: El Gobierno se compromete a impulsar la mejora de las condiciones laborales de las camareras de piso-Mujeres que han logrado mucho a pesar de tener tan poco-Las mujeres, eje del cambio-Influencers que deber\u00edas seguir","robots":{"index":"index","follow":"follow","max-snippet":"max-snippet:-1","max-image-preview":"max-image-preview:large","max-video-preview":"max-video-preview:-1"},"canonical":"https:\/\/cklcomunicaciones.es\/coop\/noticias-info-ckl-no-2-105-06-04-18-2\/","og_locale":"es_ES","og_type":"article","og_title":"Noticias Info CKL n\u00ba 2.105-06\/04\/18-Comunicar con perspectiva de g\u00e9nero","og_description":"Comunicar con perspectiva de g\u00e9nero: El Gobierno se compromete a impulsar la mejora de las condiciones laborales de las camareras de piso-Mujeres que han logrado mucho a pesar de tener tan poco-Las mujeres, eje del cambio-Influencers que deber\u00edas seguir","og_url":"https:\/\/cklcomunicaciones.es\/coop\/noticias-info-ckl-no-2-105-06-04-18-2\/","og_site_name":"CKL Comunicaciones","article_published_time":"2018-04-06T11:35:21+00:00","article_modified_time":"2025-01-17T15:40:55+00:00","og_image":[{"width":500,"height":500,"url":"https:\/\/cklcomunicaciones.es\/coop\/wp-content\/uploads\/2018\/03\/CKL_comunicacion-con-perspetiva-de-genero.jpg","type":"image\/jpeg"}],"author":"ckl","twitter_card":"summary_large_image","twitter_misc":{"Escrito por":"ckl","Tiempo de lectura":"4 minutos"},"schema":{"@context":"https:\/\/schema.org","@graph":[{"@type":"Article","@id":"https:\/\/cklcomunicaciones.es\/coop\/noticias-info-ckl-no-2-105-06-04-18-2\/#article","isPartOf":{"@id":"https:\/\/cklcomunicaciones.es\/coop\/noticias-info-ckl-no-2-105-06-04-18-2\/"},"author":{"name":"ckl","@id":"https:\/\/cklcomunicaciones.es\/coop\/#\/schema\/person\/929a6837f7626450bbb50cee1aef266e"},"headline":"Noticias Info CKL n\u00ba 2.105-06\/04\/18","datePublished":"2018-04-06T11:35:21+00:00","dateModified":"2025-01-17T15:40:55+00:00","mainEntityOfPage":{"@id":"https:\/\/cklcomunicaciones.es\/coop\/noticias-info-ckl-no-2-105-06-04-18-2\/"},"wordCount":836,"image":{"@id":"https:\/\/cklcomunicaciones.es\/coop\/noticias-info-ckl-no-2-105-06-04-18-2\/#primaryimage"},"thumbnailUrl":"http:\/\/www.cklcomunicaciones.es\/wp-content\/uploads\/2018\/03\/CKL_comunicacion-con-perspetiva-de-genero-300x300.jpg","articleSection":["Newsletter","Nwl v2.0"],"inLanguage":"es"},{"@type":"WebPage","@id":"https:\/\/cklcomunicaciones.es\/coop\/noticias-info-ckl-no-2-105-06-04-18-2\/","url":"https:\/\/cklcomunicaciones.es\/coop\/noticias-info-ckl-no-2-105-06-04-18-2\/","name":"Noticias Info CKL n\u00ba 2.105-06\/04\/18-Comunicar con perspectiva de g\u00e9nero","isPartOf":{"@id":"https:\/\/cklcomunicaciones.es\/coop\/#website"},"primaryImageOfPage":{"@id":"https:\/\/cklcomunicaciones.es\/coop\/noticias-info-ckl-no-2-105-06-04-18-2\/#primaryimage"},"image":{"@id":"https:\/\/cklcomunicaciones.es\/coop\/noticias-info-ckl-no-2-105-06-04-18-2\/#primaryimage"},"thumbnailUrl":"http:\/\/www.cklcomunicaciones.es\/wp-content\/uploads\/2018\/03\/CKL_comunicacion-con-perspetiva-de-genero-300x300.jpg","datePublished":"2018-04-06T11:35:21+00:00","dateModified":"2025-01-17T15:40:55+00:00","author":{"@id":"https:\/\/cklcomunicaciones.es\/coop\/#\/schema\/person\/929a6837f7626450bbb50cee1aef266e"},"description":"Comunicar con perspectiva de g\u00e9nero: El Gobierno se compromete a impulsar la mejora de las condiciones laborales de las camareras de piso-Mujeres que han logrado mucho a pesar de tener tan poco-Las mujeres, eje del cambio-Influencers que deber\u00edas seguir","breadcrumb":{"@id":"https:\/\/cklcomunicaciones.es\/coop\/noticias-info-ckl-no-2-105-06-04-18-2\/#breadcrumb"},"inLanguage":"es","potentialAction":[{"@type":"ReadAction","target":["https:\/\/cklcomunicaciones.es\/coop\/noticias-info-ckl-no-2-105-06-04-18-2\/"]}]},{"@type":"ImageObject","inLanguage":"es","@id":"https:\/\/cklcomunicaciones.es\/coop\/noticias-info-ckl-no-2-105-06-04-18-2\/#primaryimage","url":"http:\/\/www.cklcomunicaciones.es\/wp-content\/uploads\/2018\/03\/CKL_comunicacion-con-perspetiva-de-genero-300x300.jpg","contentUrl":"http:\/\/www.cklcomunicaciones.es\/wp-content\/uploads\/2018\/03\/CKL_comunicacion-con-perspetiva-de-genero-300x300.jpg"},{"@type":"BreadcrumbList","@id":"https:\/\/cklcomunicaciones.es\/coop\/noticias-info-ckl-no-2-105-06-04-18-2\/#breadcrumb","itemListElement":[{"@type":"ListItem","position":1,"name":"Portada","item":"https:\/\/cklcomunicaciones.es\/coop\/"},{"@type":"ListItem","position":2,"name":"Noticias Info CKL n\u00ba 2.105-06\/04\/18"}]},{"@type":"WebSite","@id":"https:\/\/cklcomunicaciones.es\/coop\/#website","url":"https:\/\/cklcomunicaciones.es\/coop\/","name":"CKL Comunicaciones","description":"Sitio web de CKL Comunicaciones coop , la consultora de comunicaci\u00f3n y estrategia","potentialAction":[{"@type":"SearchAction","target":{"@type":"EntryPoint","urlTemplate":"https:\/\/cklcomunicaciones.es\/coop\/?s={search_term_string}"},"query-input":{"@type":"PropertyValueSpecification","valueRequired":true,"valueName":"search_term_string"}}],"inLanguage":"es"},{"@type":"Person","@id":"https:\/\/cklcomunicaciones.es\/coop\/#\/schema\/person\/929a6837f7626450bbb50cee1aef266e","name":"ckl","image":{"@type":"ImageObject","inLanguage":"es","@id":"https:\/\/secure.gravatar.com\/avatar\/c82db564e8a669bf6023357a157b9dc4780f4d4c618f2ad1d71a6a5dede45057?s=96&d=mm&r=g","url":"https:\/\/secure.gravatar.com\/avatar\/c82db564e8a669bf6023357a157b9dc4780f4d4c618f2ad1d71a6a5dede45057?s=96&d=mm&r=g","contentUrl":"https:\/\/secure.gravatar.com\/avatar\/c82db564e8a669bf6023357a157b9dc4780f4d4c618f2ad1d71a6a5dede45057?s=96&d=mm&r=g","caption":"ckl"},"url":"https:\/\/cklcomunicaciones.es\/coop\/author\/cklcomunicaciones\/"}]}},"_links":{"self":[{"href":"https:\/\/cklcomunicaciones.es\/coop\/wp-json\/wp\/v2\/posts\/13835","targetHints":{"allow":["GET"]}}],"collection":[{"href":"https:\/\/cklcomunicaciones.es\/coop\/wp-json\/wp\/v2\/posts"}],"about":[{"href":"https:\/\/cklcomunicaciones.es\/coop\/wp-json\/wp\/v2\/types\/post"}],"author":[{"embeddable":true,"href":"https:\/\/cklcomunicaciones.es\/coop\/wp-json\/wp\/v2\/users\/3"}],"replies":[{"embeddable":true,"href":"https:\/\/cklcomunicaciones.es\/coop\/wp-json\/wp\/v2\/comments?post=13835"}],"version-history":[{"count":0,"href":"https:\/\/cklcomunicaciones.es\/coop\/wp-json\/wp\/v2\/posts\/13835\/revisions"}],"wp:attachment":[{"href":"https:\/\/cklcomunicaciones.es\/coop\/wp-json\/wp\/v2\/media?parent=13835"}],"wp:term":[{"taxonomy":"category","embeddable":true,"href":"https:\/\/cklcomunicaciones.es\/coop\/wp-json\/wp\/v2\/categories?post=13835"},{"taxonomy":"post_tag","embeddable":true,"href":"https:\/\/cklcomunicaciones.es\/coop\/wp-json\/wp\/v2\/tags?post=13835"}],"curies":[{"name":"wp","href":"https:\/\/api.w.org\/{rel}","templated":true}]}}