{"id":13788,"date":"2018-04-10T14:09:08","date_gmt":"2018-04-10T12:09:08","guid":{"rendered":"http:\/\/www.cklcomunicaciones.es\/?p=13788"},"modified":"2025-01-17T16:40:55","modified_gmt":"2025-01-17T15:40:55","slug":"noticias-info-ckl-no-2-107-10-04-18","status":"publish","type":"post","link":"https:\/\/cklcomunicaciones.es\/coop\/noticias-info-ckl-no-2-107-10-04-18\/","title":{"rendered":"Noticias Info CKL n\u00ba 2.107-10\/04\/18"},"content":{"rendered":"<div id=\"pl-13788\"  class=\"panel-layout\" >\n<div id=\"pg-13788-0\"  class=\"panel-grid panel-no-style\"  data-style=\"{&quot;background_display&quot;:&quot;tile&quot;,&quot;lsow_dark_bg&quot;:&quot;&quot;,&quot;cell_alignment&quot;:&quot;flex-start&quot;}\" >\n<div id=\"pgc-13788-0-0\"  class=\"panel-grid-cell\"  data-weight=\"1\" >\n<div id=\"panel-13788-0-0-0\" class=\"so-panel widget widget_sow-editor panel-first-child panel-last-child\" data-index=\"0\" data-style=\"{&quot;background_image_attachment&quot;:false,&quot;background_display&quot;:&quot;tile&quot;}\" >\n<div class=\"so-widget-sow-editor so-widget-sow-editor-base\">\n<div class=\"siteorigin-widget-tinymce textwidget\">\n<p><img decoding=\"async\" class=\"lazyload  wp-image-13726\" src=\"http:\/\/www.cklcomunicaciones.es\/wp-content\/uploads\/2018\/03\/CKL_comunicacion-con-perspetiva-de-genero-300x300.jpg\" data-orig-src=\"http:\/\/www.cklcomunicaciones.es\/wp-content\/uploads\/2018\/03\/CKL_comunicacion-con-perspetiva-de-genero-300x300.jpg\" alt=\"CKL_comunicacion con perspetiva de genero\" width=\"132\" height=\"132\" srcset=\"data:image\/svg+xml,%3Csvg%20xmlns%3D%27http%3A%2F%2Fwww.w3.org%2F2000%2Fsvg%27%20width%3D%27132%27%20height%3D%27132%27%20viewBox%3D%270%200%20132%20132%27%3E%3Crect%20width%3D%27132%27%20height%3D%27132%27%20fill-opacity%3D%220%22%2F%3E%3C%2Fsvg%3E\" data-srcset=\"https:\/\/cklcomunicaciones.es\/coop\/wp-content\/uploads\/2018\/03\/CKL_comunicacion-con-perspetiva-de-genero-150x150.jpg 150w, https:\/\/cklcomunicaciones.es\/coop\/wp-content\/uploads\/2018\/03\/CKL_comunicacion-con-perspetiva-de-genero-300x300.jpg 300w, https:\/\/cklcomunicaciones.es\/coop\/wp-content\/uploads\/2018\/03\/CKL_comunicacion-con-perspetiva-de-genero-450x450.jpg 450w, https:\/\/cklcomunicaciones.es\/coop\/wp-content\/uploads\/2018\/03\/CKL_comunicacion-con-perspetiva-de-genero.jpg 500w\" data-sizes=\"auto\" data-orig-sizes=\"(max-width: 132px) 100vw, 132px\" \/><\/p>\n<p><strong>ONU pone en la diana la desigualdad de g\u00e9nero en Espa\u00f1a-Las trabajadoras podr\u00e1n reclamar el salario perdido por brecha salarial-Granada Experience se centra en las mujeres-&#8216;La Poder\u00edo&#8217;, nuevo medio feminista andaluz<\/strong><\/p>\n<p>[toggle type=\u00bbfirst\u00bb title=\u00bbComunicaci\u00f3n\u00bb] \u00a0<\/p>\n<p>&nbsp;<\/p>\n<p><a href=\"https:\/\/www.elmercuriodigital.net\/2018\/04\/nace-la-poderio-nuevo-medio-feminista.html\">Nace &#8216;La Poder\u00edo&#8217;, nuevo medio feminista andaluz<\/a>&#8211; elmercuriodigital<\/p>\n<p><a href=\"http:\/\/www.elmundo.es\/papel\/firmas\/2018\/04\/09\/5acb9eb2268e3e46268b4667.html\">Periodismo<strong>,<\/strong> responsabilidad, Twitter<\/a> \u2013 El Mundo<\/p>\n<p><a href=\"https:\/\/elpais.com\/elpais\/2018\/04\/09\/3500_millones\/1523280129_768582.html\">Mujeres y tecnolog\u00eda contra el despilfarro de comida<\/a> \u2013 El Pa\u00eds<\/p>\n<p><a href=\"http:\/\/www.diariocordoba.com\/noticias\/opinion\/mujeres-tic-union-europea_1217646.html\">Mujeres<em>,<\/em> TIC y Uni\u00f3n Europea<\/a> &#8211; Diario C\u00f3rdoba<\/p>\n<p><a href=\"https:\/\/elpais.com\/tecnologia\/2018\/04\/06\/actualidad\/1523030681_007734.html\">Tus datos son t\u00f3xicos<\/a>\u2013 El Pa\u00eds<\/p>\n<p>[\/toggle]<\/p>\n<p>[toggle type=\u00bbfirst\u00bb title=\u00bbAndaluc\u00eda\u00bb]<\/p>\n<p><strong>Institucional<\/strong><\/p>\n<p><a href=\"http:\/\/www.juntadeandalucia.es\/presidencia\/portavoz\/131456\/Junta\/Andalucia\/Joly\/Anuario\/Presidenta\/SusanaDiaz\">D\u00edaz: Andaluc\u00eda es la primera comunidad que ha acordado un modelo de financiaci\u00f3n con amplio respaldo econ\u00f3mico y social<\/a> \u2013 Oficina del Portavoz<\/p>\n<p><a href=\"http:\/\/www.elmundo.es\/andalucia\/2018\/04\/09\/5acb8d5c46163f29698b45ec.html\">Marina \u00c1lvarez, Consejera de Salud, pide que la sanidad deje de usarse \u00abcomo arma pol\u00edtica\u00bb<\/a> \u2013 El Mundo<\/p>\n<p><strong>Econom\u00eda y Empresas<\/strong><\/p>\n<p><a href=\"https:\/\/www.google.es\/url?sa=t&amp;rct=j&amp;q=&amp;esrc=s&amp;source=newssearch&amp;cd=25&amp;ved=0ahUKEwiiptWDxa_aAhWI_SwKHVT7AAQ4FBCpAggxKAAwBA&amp;url=https%3A%2F%2Feuropatropical.net%2F2018%2F04%2F09%2Fla-directora-de-la-agencia-de-puertos-de-andalucia-se-compromete-a-impulsar-el-area-logistica-de-motril%2F&amp;usg=AOvVaw1boE5s52k2KnXKRQMjkfk1\">La directora de la Agencia de Puertos de <em>Andaluc\u00eda, Mariela Fern\u00e1ndez Bermejo<\/em> se compromete a impulsar el \u00e1rea log\u00edstica &#8230;<\/a> &#8211; Europatropical<\/p>\n<p><a href=\"http:\/\/www.granadahoy.com\/vivir\/rescate-mujeres-economistas_0_1234976789.html\">Al rescate de las economistas<\/a> &#8211; Granada Hoy<\/p>\n<p><a href=\"http:\/\/cordopolis.es\/2018\/04\/10\/cordoba-se-suma-a-la-configuracion-de-una-andalucia-smart\/\">C\u00f3rdoba se suma a la configuraci\u00f3n de una &#8216;<em>Andaluc\u00eda<\/em> Smart&#8217;<\/a>&#8211; Cord\u00f3polis<\/p>\n<p><a href=\"https:\/\/www.google.es\/url?sa=t&amp;rct=j&amp;q=&amp;esrc=s&amp;source=newssearch&amp;cd=18&amp;ved=0ahUKEwjHm9jqxK_aAhUE6CwKHUGcBXU4ChCpAgg7KAAwBw&amp;url=http%3A%2F%2Fwww.diariosur.es%2Fandalucia%2Fdependientes-camareros-piso-20180410000654-nt.html&amp;usg=AOvVaw1bT5rzcuwD1BbvZfT12pEj\">Dependientes y camareros de piso encabezan los perfiles m\u00e1s demandados en Andaluc\u00eda &#8230;<\/a> &#8211; Sur Digital<\/p>\n<p><strong>Actualidad<\/strong><\/p>\n<p><a href=\"http:\/\/www.mujeremprendedora.net\/andalucia-incrementa-37-inversion-red-municipal-apoyo-mujeres\/\">Andaluc\u00eda incrementa un 37% la inversi\u00f3n en la red municipal de apoyo a mujeres<\/a> \u2013 Mujeremprendedora.net<\/p>\n<p><a href=\"http:\/\/elcorreoweb.es\/temas-de-portada\/pobreza-infantil-el-drama-que-no-queremos-ver-IC4040947\">Pobreza infantil: el drama que no queremos ver<\/a> &#8211;<a href=\"http:\/\/elcorreoweb.es\">elcorreoweb.es<\/a><\/p>\n<p><a href=\"https:\/\/www.google.es\/url?sa=t&amp;rct=j&amp;q=&amp;esrc=s&amp;source=newssearch&amp;cd=10&amp;ved=0ahUKEwja4KOWw6_aAhUC2ywKHSJ0Bt8QqQIIQCgAMAk&amp;url=https%3A%2F%2Fwww.teleprensa.com%2Fandalucia%2Flgtbi-andalucia-ccoo-y-ugt-presentan-la-manifestacion-del-orgullo-lgtbi-2018.html&amp;usg=AOvVaw2RS_dVH8LnC5XWpTidgTAK\">LGTBI Andaluc\u00eda, CCOO y UGT presentan la manifestaci\u00f3n del orgullo &#8230;<\/a> &#8211; Teleprensa peri\u00f3dico digital<\/p>\n<p><strong>Violencias<\/strong><\/p>\n<p><a href=\"https:\/\/www.google.com\/url?rct=j&amp;sa=t&amp;url=http:\/\/www.diariosur.es\/malaga-capital\/junta-mira-zonas-20180410002444-ntvo.html&amp;ct=ga&amp;cd=CAEYACoUMTc4NzA1NTcxNjg2NTYxNzEwNzMyGWMwMzcyZWJjMmZlYWRhNTk6ZXM6ZXM6RVM&amp;usg=AFQjCNFfZqzRXMt48fl-BQliRcjMaCNUCw\">La Junta mira hacia las zonas rurales para fortalecer la lucha contra el maltrato <\/a>&#8211; Sur Digital<\/p>\n<p><strong>Ciencia y Cultura<\/strong><\/p>\n<p><a href=\"http:\/\/www.juntadeandalucia.es\/presidencia\/portavoz\/131420\/estudiantes\/primaria\/secundaria\/desarrollan\/proyectos\/investigacion\/ciencias\/cultura\/profundiza\/upo\/pablo\/olavide\/alumnado\">M\u00e1s de 6.400 estudiantes desarrollan proyectos de investigaci\u00f3n, ciencias y cultura<\/a>\u2013 Oficina del Portavoz<\/p>\n<p><a href=\"https:\/\/www.google.es\/url?sa=t&amp;rct=j&amp;q=&amp;esrc=s&amp;source=newssearch&amp;cd=1&amp;ved=0ahUKEwja4KOWw6_aAhUC2ywKHSJ0Bt8QqQIIJygAMAA&amp;url=http%3A%2F%2Fwww.granadadigital.es%2Fun-informe-asegura-que-las-mujeres-menores-de-40-anos-son-el-perfil-mas-usual-de-lector-en-andalucia%2F&amp;usg=AOvVaw3QgTGwj9_qxYP940wdql1e\">Un informe asegura que las mujeres menores de 40 a\u00f1os son el perfil m\u00e1s usual del lector en Andaluc\u00eda&#8230;<\/a> &#8211; GranadaDigital<\/p>\n<p><a href=\"http:\/\/www.artezblai.com\/artezblai\/granada-experience-se-centra-en-las-mujeres.html\">Granada Experience se centra en las mujeres<\/a> &#8211; Artez<\/p>\n<p><a href=\"https:\/\/www.google.es\/url?sa=t&amp;rct=j&amp;q=&amp;esrc=s&amp;source=newssearch&amp;cd=28&amp;ved=0ahUKEwjFjp6Hxq_aAhVIiywKHe40DwU4FBCpAgg7KAAwBw&amp;url=https%3A%2F%2Fwww.20minutos.es%2Fnoticia%2F3309009%2F0%2Fubeda-acoge-desde-este-martes-ciclo-conferencias-con-mirada-puesta-papel-mujer-arte%2F&amp;usg=AOvVaw233TtfM5ZQktBm4wg2_9ra\">\u00dabeda acoge desde este martes un ciclo de conferencias con la &#8230;<\/a> &#8211; <a href=\"http:\/\/20minutos.es\">20minutos.es<\/a><\/p>\n<p><strong>Deporte<\/strong><\/p>\n<p><a href=\"http:\/\/www.jerezsinfronteras.es\/i-rugby-femenino-andalucia\/\">Jerez de la Frontera acoger\u00e1 la I Concentraci\u00f3n de Rugby femenino &#8230;<\/a> &#8211; Jerez Sin Fronteras<\/p>\n<p><a href=\"http:\/\/sevilla.abc.es\/provincia\/sevi-sueno-olimpico-aspira-campeona-andalucia-junior-taekwondo-julia-gutierrez-201804100818_noticia.html\">El sue\u00f1o ol\u00edmpico al que aspira la campeona de Andaluc\u00eda junior de taekwondo Julia Guti\u00e9rrez&#8230;<\/a> &#8211; <a href=\"http:\/\/abcdesevilla.es\">abcdesevilla.es<\/a><\/p>\n<p>&nbsp;<\/p>\n<p><strong>\u00a0<\/strong>[\/toggle]<\/p>\n<p>[toggle type=\u00bbfirst\u00bb title=\u00bbEstado\u00bb] \u00a0<\/p>\n<p><strong>Institucional-CCAA<\/strong><\/p>\n<p><a href=\"https:\/\/www.google.com\/url?rct=j&amp;sa=t&amp;url=https:\/\/eldiadigital.es\/not\/253577\/martinez-destaca-la-necesidad-de-recuperar-la-figura-de-feministas-historicas\/&amp;ct=ga&amp;cd=CAEYACoTMzc5MjQxMjU5MTY2ODIwNjk1NTIZYzAzNzJlYmMyZmVhZGE1OTplczplczpFUw&amp;usg=AFQjCNHMpCvF-DxxRdq0C9NJOdmms1XLTg\">Araceli Mart\u00ednez, directora del Instituto de la Mujer de Castilla-La Mancha, destaca la necesidad de recuperar la figura de feministas hist\u00f3ricas <\/a>&#8211; <a href=\"http:\/\/eldiadigital.es\">eldiadigital.es<\/a><\/p>\n<p><a href=\"http:\/\/www.laopinioncoruna.es\/coruna\/2018\/04\/09\/documental-analiza-papel-mujeres-arte\/1280084.html\">Un documental analiza el papel de las mujeres en el arte gallego<\/a> &#8211; La Opini\u00f3n A Coru\u00f1a<\/p>\n<p><strong>Econom\u00eda y Empresa<\/strong><\/p>\n<p><a href=\"https:\/\/www.elconfidencial.com\/economia\/2018-04-10\/ley-igualdad-brecha-salarial-reclamar-mujeres-empleo_1547357\/\">Las trabajadoras podr\u00e1n reclamar el salario que hayan perdido por la brecha de g\u00e9nero &#8230;<\/a>&#8211; El Confidencial<\/p>\n<p><a href=\"https:\/\/elpais.com\/economia\/2018\/04\/09\/actualidad\/1523268873_394437.html\">Los empleos con m\u00e1s oferta en 2018: teleoperador, preparador de pedidos y camarero de pisos<\/a> \u2013 El Pa\u00eds<\/p>\n<p><strong>Violencia<\/strong><strong>s<\/strong><\/p>\n<p><a href=\"http:\/\/eldia.es\/sociedad\/2018-04-10\/0-Pacto-Violencia-Genero-contara-psicologos.htm\">El Pacto contra la Violencia de G\u00e9nero contar\u00e1 con psic\u00f3logos<\/a>&#8211; <a href=\"http:\/\/eldia.es\">eldia.es<\/a><\/p>\n<p><a href=\"https:\/\/elpais.com\/elpais\/2018\/04\/09\/mujeres\/1523286518_485744.html\">Feminismo para torpes: \u00bfEsto es acoso?<\/a> \u2013El Pa\u00eds<\/p>\n<p><a href=\"https:\/\/elasombrario.com\/madre-lucha-violencia-genero\/\">La &#8216;madre&#8217; de la lucha contra la violencia de g\u00e9nero<\/a> &#8211; P\u00fablico<\/p>\n<p><a href=\"https:\/\/www.google.com\/url?rct=j&amp;sa=t&amp;url=http:\/\/www.lne.es\/sociedad\/2018\/04\/10\/hombre-mata-mujer-punaladas-delante\/2266948.html&amp;ct=ga&amp;cd=CAEYASoTNDE5NDkyMjYzOTk2Mzk1OTMxODIZYzAzNzJlYmMyZmVhZGE1OTplczplczpFUw&amp;usg=AFQjCNHOcMiPrwRdHJpxwDKRNRosqotaPQ\">Un hombre mata a su mujer a pu\u00f1aladas delante de sus hijos en su casa de Gerona <\/a>&#8211; La Nueva Espa\u00f1a<\/p>\n<p><strong>Ciencia y Cultura<\/strong><\/p>\n<p><a href=\"https:\/\/elpais.com\/retina\/2018\/04\/06\/innovacion\/1523025685_042107.html\">La desigualdad se ceba con la investigaci\u00f3n<\/a> \u2013 El Pa\u00eds<\/p>\n<p><a href=\"http:\/\/www.elmundo.es\/comunidad-valenciana\/alicante\/2018\/04\/10\/5acbce1822601ddc708b45f5.html\">Nuria Gago, Premio Novela Azor\u00edn: \u00abDesde que est\u00e1 activa mi lucha feminista vivo mejor\u00bb<\/a> \u2013 El Mundo<\/p>\n<p><a href=\"https:\/\/www.google.com\/url?rct=j&amp;sa=t&amp;url=http:\/\/www.culturamas.es\/blog\/2018\/04\/09\/la-invitacion-de-la-arana-el-homenaje-de-mercedes-de-diego-a-agatha-christie\/&amp;ct=ga&amp;cd=CAEYASoUMTQ5MDExNzUyNTc2NTU3Nzk2ODcyGWMwMzcyZWJjMmZlYWRhNTk6ZXM6ZXM6RVM&amp;usg=AFQjCNFj4ubPW2vgYiTq-n2yWBCU0VR7aQ\">\u201cLa invitaci\u00f3n de la ara\u00f1a\u201d, el homenaje de Mercedes de Diego a Agatha Christie <\/a>&#8211; Culturamas<\/p>\n<p><a href=\"https:\/\/elpais.com\/verne\/2018\/04\/09\/articulo\/1523268905_344671.html\">Qui\u00e9n fue Carmen V\u00e1zquez-Vigo, la autora de \u2018El Barco de Vapor\u2019<\/a>\u2013El Pa\u00eds<\/p>\n<p><a href=\"http:\/\/www.elmundo.es\/cultura\/musica\/2018\/04\/10\/5acbf8e346163fd5668b4631.html\">Sof\u00eda Ellar: \u00abMi parte musical gana siempre a mi parte empresarial\u00bb<\/a> \u2013 El Mundo<\/p>\n<p><a href=\"https:\/\/elpais.com\/cultura\/2018\/04\/09\/actualidad\/1523297411_840299.html\">La Academia de Cine convoca elecciones para el 9 de junio<\/a>\u2013El Pa\u00eds<\/p>\n<p><strong>Deporte<\/strong>\u00a0<\/p>\n<p><a href=\"http:\/\/www.laopiniondemurcia.es\/deportes\/2018\/04\/10\/deporte-camino-cambio-mujer-merece\/912397.html\">Pareja; \u00abEl deporte es el camino para el cambio y para que la mujer &#8230;<\/a> &#8211; La Opini\u00f3n de Murcia<\/p>\n<p><a href=\"http:\/\/www.marca.com\/futbol\/futbol-femenino\/2018\/04\/09\/5acbb309e2704e5d7a8b4580.html\">Espa\u00f1a quiere hacer suya la versi\u00f3n austriaca del &#8216;You will never &#8230;<\/a> &#8211; Marca.com<\/p>\n<p>&nbsp;<\/p>\n<p>[\/toggle]<\/p>\n<p>[toggle type=\u00bbfirst\u00bb title=\u00bbInternacional\u00bb]<\/p>\n<p><a href=\"https:\/\/www.eldiario.es\/sociedad\/ONU-Espana-estereotipos-discriminan-profundamente_0_759074431.html\">Restricci\u00f3n del aborto, estereotipos y brecha salarial: la ONU pone en la diana la desigualdad de g\u00e9nero en Espa\u00f1a &#8230;<\/a>&#8211; <a href=\"http:\/\/eldiario.es\">eldiario.es<\/a><\/p>\n<p><a href=\"http:\/\/www.ideal.es\/sociedad\/matriarcado-digital-20180410162918-nt.html\">\u00bfPor qu\u00e9 &#8216;Siri&#8217;, &#8216;Alexa&#8217; o &#8216;Cortana&#8217; son todas mujeres?<\/a> &#8211; Ideal Digital<\/p>\n<p><a href=\"https:\/\/www.google.com\/url?rct=j&amp;sa=t&amp;url=http:\/\/www.publico.es\/internacional\/argentina-comienza-argentina-gran-debate-despenalizacion-legalizacion-aborto.html&amp;ct=ga&amp;cd=CAEYAioTMzQyOTAyNjkwMDg2Nzk5NTUzMjIZYzAzNzJlYmMyZmVhZGE1OTplczplczpFUw&amp;usg=AFQjCNHMp_18XEuD9pc0dhdc5Lu9k3ezPQ\">Comienza en Argentina el gran debate sobre la despenalizaci\u00f3n y legalizaci\u00f3n del aborto <\/a>&#8211; P\u00fablico<\/p>\n<p><a href=\"https:\/\/elpais.com\/elpais\/2018\/04\/09\/gente\/1523305980_074614.html\">Cosby pag\u00f3 3,4 millones para resolver la demanda por abuso sexual<\/a> \u2013 El Pa\u00eds<\/p>\n<p><a href=\"https:\/\/elpais.com\/cultura\/2018\/04\/07\/television\/1523135437_538477.html\">Michelle Dockery, el primer icono de Canneseries<\/a>\u2013 El Pa\u00eds<\/p>\n<p><a href=\"https:\/\/www.google.com\/url?rct=j&amp;sa=t&amp;url=http:\/\/www.panamaon.com\/noticias\/ocio-y-cultura\/42795-discriminacion-de-genero-enfrentan-mujeres-en-el-cine.html&amp;ct=ga&amp;cd=CAEYBSoTNjcyNDIzMjk0NzUwMTEzMTQwMTIZYzAzNzJlYmMyZmVhZGE1OTplczplczpFUw&amp;usg=AFQjCNGuYtkOSO2bgvL5OYzoUyZQnuZ5XQ\">Discriminaci\u00f3n de g\u00e9nero enfrentan mujeres en el cine <\/a>&#8211; PanamaOn<\/p>\n<p>&nbsp;<\/p>\n<p>[\/toggle]<\/p>\n<\/div>\n<\/div>\n<\/div>\n<\/div>\n<\/div>\n<\/div>\n","protected":false},"excerpt":{"rendered":"<p>ONU pone en la diana la desigualdad de g\u00e9nero en <a href=\"https:\/\/cklcomunicaciones.es\/coop\/noticias-info-ckl-no-2-107-10-04-18\/\">[&#8230;]<\/a><\/p>\n","protected":false},"author":3,"featured_media":0,"comment_status":"closed","ping_status":"closed","sticky":false,"template":"","format":"standard","meta":{"footnotes":""},"categories":[298,623],"tags":[],"class_list":["post-13788","post","type-post","status-publish","format-standard","hentry","category-newsletter","category-nwl-2-0"],"yoast_head":"<!-- This site is optimized with the Yoast SEO plugin v27.5 - https:\/\/yoast.com\/product\/yoast-seo-wordpress\/ -->\n<title>Noticias Info CKL n\u00ba 2.107-10\/04\/18-Comunicar con perspectiva de g\u00e9nero<\/title>\n<meta name=\"description\" content=\"Comunicar con perspectiva de g\u00e9nero: ONU pone en la diana la desigualdad de g\u00e9nero en Espa\u00f1a-Las trabajadoras podr\u00e1n reclamar el salario perdido por brecha salarial-Granada Experience se centra en las mujeres-&#039;La Poder\u00edo&#039;, nuevo medio feminista andaluz\" \/>\n<meta name=\"robots\" content=\"index, follow, max-snippet:-1, max-image-preview:large, max-video-preview:-1\" \/>\n<link rel=\"canonical\" href=\"https:\/\/cklcomunicaciones.es\/coop\/noticias-info-ckl-no-2-107-10-04-18\/\" \/>\n<meta property=\"og:locale\" content=\"es_ES\" \/>\n<meta property=\"og:type\" content=\"article\" \/>\n<meta property=\"og:title\" content=\"Noticias Info CKL n\u00ba 2.107-10\/04\/18-Comunicar con perspectiva de g\u00e9nero\" \/>\n<meta property=\"og:description\" content=\"Comunicar con perspectiva de g\u00e9nero: ONU pone en la diana la desigualdad de g\u00e9nero en Espa\u00f1a-Las trabajadoras podr\u00e1n reclamar el salario perdido por brecha salarial-Granada Experience se centra en las mujeres-&#039;La Poder\u00edo&#039;, nuevo medio feminista andaluz\" \/>\n<meta property=\"og:url\" content=\"https:\/\/cklcomunicaciones.es\/coop\/noticias-info-ckl-no-2-107-10-04-18\/\" \/>\n<meta property=\"og:site_name\" content=\"CKL Comunicaciones\" \/>\n<meta property=\"article:published_time\" content=\"2018-04-10T12:09:08+00:00\" \/>\n<meta property=\"article:modified_time\" content=\"2025-01-17T15:40:55+00:00\" \/>\n<meta property=\"og:image\" content=\"https:\/\/cklcomunicaciones.es\/coop\/wp-content\/uploads\/2018\/03\/CKL_comunicacion-con-perspetiva-de-genero.jpg\" \/>\n\t<meta property=\"og:image:width\" content=\"500\" \/>\n\t<meta property=\"og:image:height\" content=\"500\" \/>\n\t<meta property=\"og:image:type\" content=\"image\/jpeg\" \/>\n<meta name=\"author\" content=\"ckl\" \/>\n<meta name=\"twitter:card\" content=\"summary_large_image\" \/>\n<meta name=\"twitter:label1\" content=\"Escrito por\" \/>\n\t<meta name=\"twitter:data1\" content=\"ckl\" \/>\n\t<meta name=\"twitter:label2\" content=\"Tiempo de lectura\" \/>\n\t<meta name=\"twitter:data2\" content=\"4 minutos\" \/>\n<script type=\"application\/ld+json\" class=\"yoast-schema-graph\">{\"@context\":\"https:\\\/\\\/schema.org\",\"@graph\":[{\"@type\":\"Article\",\"@id\":\"https:\\\/\\\/cklcomunicaciones.es\\\/coop\\\/noticias-info-ckl-no-2-107-10-04-18\\\/#article\",\"isPartOf\":{\"@id\":\"https:\\\/\\\/cklcomunicaciones.es\\\/coop\\\/noticias-info-ckl-no-2-107-10-04-18\\\/\"},\"author\":{\"name\":\"ckl\",\"@id\":\"https:\\\/\\\/cklcomunicaciones.es\\\/coop\\\/#\\\/schema\\\/person\\\/929a6837f7626450bbb50cee1aef266e\"},\"headline\":\"Noticias Info CKL n\u00ba 2.107-10\\\/04\\\/18\",\"datePublished\":\"2018-04-10T12:09:08+00:00\",\"dateModified\":\"2025-01-17T15:40:55+00:00\",\"mainEntityOfPage\":{\"@id\":\"https:\\\/\\\/cklcomunicaciones.es\\\/coop\\\/noticias-info-ckl-no-2-107-10-04-18\\\/\"},\"wordCount\":763,\"image\":{\"@id\":\"https:\\\/\\\/cklcomunicaciones.es\\\/coop\\\/noticias-info-ckl-no-2-107-10-04-18\\\/#primaryimage\"},\"thumbnailUrl\":\"http:\\\/\\\/www.cklcomunicaciones.es\\\/wp-content\\\/uploads\\\/2018\\\/03\\\/CKL_comunicacion-con-perspetiva-de-genero-300x300.jpg\",\"articleSection\":[\"Newsletter\",\"Nwl v2.0\"],\"inLanguage\":\"es\"},{\"@type\":\"WebPage\",\"@id\":\"https:\\\/\\\/cklcomunicaciones.es\\\/coop\\\/noticias-info-ckl-no-2-107-10-04-18\\\/\",\"url\":\"https:\\\/\\\/cklcomunicaciones.es\\\/coop\\\/noticias-info-ckl-no-2-107-10-04-18\\\/\",\"name\":\"Noticias Info CKL n\u00ba 2.107-10\\\/04\\\/18-Comunicar con perspectiva de g\u00e9nero\",\"isPartOf\":{\"@id\":\"https:\\\/\\\/cklcomunicaciones.es\\\/coop\\\/#website\"},\"primaryImageOfPage\":{\"@id\":\"https:\\\/\\\/cklcomunicaciones.es\\\/coop\\\/noticias-info-ckl-no-2-107-10-04-18\\\/#primaryimage\"},\"image\":{\"@id\":\"https:\\\/\\\/cklcomunicaciones.es\\\/coop\\\/noticias-info-ckl-no-2-107-10-04-18\\\/#primaryimage\"},\"thumbnailUrl\":\"http:\\\/\\\/www.cklcomunicaciones.es\\\/wp-content\\\/uploads\\\/2018\\\/03\\\/CKL_comunicacion-con-perspetiva-de-genero-300x300.jpg\",\"datePublished\":\"2018-04-10T12:09:08+00:00\",\"dateModified\":\"2025-01-17T15:40:55+00:00\",\"author\":{\"@id\":\"https:\\\/\\\/cklcomunicaciones.es\\\/coop\\\/#\\\/schema\\\/person\\\/929a6837f7626450bbb50cee1aef266e\"},\"description\":\"Comunicar con perspectiva de g\u00e9nero: ONU pone en la diana la desigualdad de g\u00e9nero en Espa\u00f1a-Las trabajadoras podr\u00e1n reclamar el salario perdido por brecha salarial-Granada Experience se centra en las mujeres-'La Poder\u00edo', nuevo medio feminista andaluz\",\"breadcrumb\":{\"@id\":\"https:\\\/\\\/cklcomunicaciones.es\\\/coop\\\/noticias-info-ckl-no-2-107-10-04-18\\\/#breadcrumb\"},\"inLanguage\":\"es\",\"potentialAction\":[{\"@type\":\"ReadAction\",\"target\":[\"https:\\\/\\\/cklcomunicaciones.es\\\/coop\\\/noticias-info-ckl-no-2-107-10-04-18\\\/\"]}]},{\"@type\":\"ImageObject\",\"inLanguage\":\"es\",\"@id\":\"https:\\\/\\\/cklcomunicaciones.es\\\/coop\\\/noticias-info-ckl-no-2-107-10-04-18\\\/#primaryimage\",\"url\":\"http:\\\/\\\/www.cklcomunicaciones.es\\\/wp-content\\\/uploads\\\/2018\\\/03\\\/CKL_comunicacion-con-perspetiva-de-genero-300x300.jpg\",\"contentUrl\":\"http:\\\/\\\/www.cklcomunicaciones.es\\\/wp-content\\\/uploads\\\/2018\\\/03\\\/CKL_comunicacion-con-perspetiva-de-genero-300x300.jpg\"},{\"@type\":\"BreadcrumbList\",\"@id\":\"https:\\\/\\\/cklcomunicaciones.es\\\/coop\\\/noticias-info-ckl-no-2-107-10-04-18\\\/#breadcrumb\",\"itemListElement\":[{\"@type\":\"ListItem\",\"position\":1,\"name\":\"Portada\",\"item\":\"https:\\\/\\\/cklcomunicaciones.es\\\/coop\\\/\"},{\"@type\":\"ListItem\",\"position\":2,\"name\":\"Noticias Info CKL n\u00ba 2.107-10\\\/04\\\/18\"}]},{\"@type\":\"WebSite\",\"@id\":\"https:\\\/\\\/cklcomunicaciones.es\\\/coop\\\/#website\",\"url\":\"https:\\\/\\\/cklcomunicaciones.es\\\/coop\\\/\",\"name\":\"CKL Comunicaciones\",\"description\":\"Sitio web de CKL Comunicaciones coop , la consultora de comunicaci\u00f3n y estrategia\",\"potentialAction\":[{\"@type\":\"SearchAction\",\"target\":{\"@type\":\"EntryPoint\",\"urlTemplate\":\"https:\\\/\\\/cklcomunicaciones.es\\\/coop\\\/?s={search_term_string}\"},\"query-input\":{\"@type\":\"PropertyValueSpecification\",\"valueRequired\":true,\"valueName\":\"search_term_string\"}}],\"inLanguage\":\"es\"},{\"@type\":\"Person\",\"@id\":\"https:\\\/\\\/cklcomunicaciones.es\\\/coop\\\/#\\\/schema\\\/person\\\/929a6837f7626450bbb50cee1aef266e\",\"name\":\"ckl\",\"image\":{\"@type\":\"ImageObject\",\"inLanguage\":\"es\",\"@id\":\"https:\\\/\\\/secure.gravatar.com\\\/avatar\\\/c82db564e8a669bf6023357a157b9dc4780f4d4c618f2ad1d71a6a5dede45057?s=96&d=mm&r=g\",\"url\":\"https:\\\/\\\/secure.gravatar.com\\\/avatar\\\/c82db564e8a669bf6023357a157b9dc4780f4d4c618f2ad1d71a6a5dede45057?s=96&d=mm&r=g\",\"contentUrl\":\"https:\\\/\\\/secure.gravatar.com\\\/avatar\\\/c82db564e8a669bf6023357a157b9dc4780f4d4c618f2ad1d71a6a5dede45057?s=96&d=mm&r=g\",\"caption\":\"ckl\"},\"url\":\"https:\\\/\\\/cklcomunicaciones.es\\\/coop\\\/author\\\/cklcomunicaciones\\\/\"}]}<\/script>\n<!-- \/ Yoast SEO plugin. -->","yoast_head_json":{"title":"Noticias Info CKL n\u00ba 2.107-10\/04\/18-Comunicar con perspectiva de g\u00e9nero","description":"Comunicar con perspectiva de g\u00e9nero: ONU pone en la diana la desigualdad de g\u00e9nero en Espa\u00f1a-Las trabajadoras podr\u00e1n reclamar el salario perdido por brecha salarial-Granada Experience se centra en las mujeres-'La Poder\u00edo', nuevo medio feminista andaluz","robots":{"index":"index","follow":"follow","max-snippet":"max-snippet:-1","max-image-preview":"max-image-preview:large","max-video-preview":"max-video-preview:-1"},"canonical":"https:\/\/cklcomunicaciones.es\/coop\/noticias-info-ckl-no-2-107-10-04-18\/","og_locale":"es_ES","og_type":"article","og_title":"Noticias Info CKL n\u00ba 2.107-10\/04\/18-Comunicar con perspectiva de g\u00e9nero","og_description":"Comunicar con perspectiva de g\u00e9nero: ONU pone en la diana la desigualdad de g\u00e9nero en Espa\u00f1a-Las trabajadoras podr\u00e1n reclamar el salario perdido por brecha salarial-Granada Experience se centra en las mujeres-'La Poder\u00edo', nuevo medio feminista andaluz","og_url":"https:\/\/cklcomunicaciones.es\/coop\/noticias-info-ckl-no-2-107-10-04-18\/","og_site_name":"CKL Comunicaciones","article_published_time":"2018-04-10T12:09:08+00:00","article_modified_time":"2025-01-17T15:40:55+00:00","og_image":[{"width":500,"height":500,"url":"https:\/\/cklcomunicaciones.es\/coop\/wp-content\/uploads\/2018\/03\/CKL_comunicacion-con-perspetiva-de-genero.jpg","type":"image\/jpeg"}],"author":"ckl","twitter_card":"summary_large_image","twitter_misc":{"Escrito por":"ckl","Tiempo de lectura":"4 minutos"},"schema":{"@context":"https:\/\/schema.org","@graph":[{"@type":"Article","@id":"https:\/\/cklcomunicaciones.es\/coop\/noticias-info-ckl-no-2-107-10-04-18\/#article","isPartOf":{"@id":"https:\/\/cklcomunicaciones.es\/coop\/noticias-info-ckl-no-2-107-10-04-18\/"},"author":{"name":"ckl","@id":"https:\/\/cklcomunicaciones.es\/coop\/#\/schema\/person\/929a6837f7626450bbb50cee1aef266e"},"headline":"Noticias Info CKL n\u00ba 2.107-10\/04\/18","datePublished":"2018-04-10T12:09:08+00:00","dateModified":"2025-01-17T15:40:55+00:00","mainEntityOfPage":{"@id":"https:\/\/cklcomunicaciones.es\/coop\/noticias-info-ckl-no-2-107-10-04-18\/"},"wordCount":763,"image":{"@id":"https:\/\/cklcomunicaciones.es\/coop\/noticias-info-ckl-no-2-107-10-04-18\/#primaryimage"},"thumbnailUrl":"http:\/\/www.cklcomunicaciones.es\/wp-content\/uploads\/2018\/03\/CKL_comunicacion-con-perspetiva-de-genero-300x300.jpg","articleSection":["Newsletter","Nwl v2.0"],"inLanguage":"es"},{"@type":"WebPage","@id":"https:\/\/cklcomunicaciones.es\/coop\/noticias-info-ckl-no-2-107-10-04-18\/","url":"https:\/\/cklcomunicaciones.es\/coop\/noticias-info-ckl-no-2-107-10-04-18\/","name":"Noticias Info CKL n\u00ba 2.107-10\/04\/18-Comunicar con perspectiva de g\u00e9nero","isPartOf":{"@id":"https:\/\/cklcomunicaciones.es\/coop\/#website"},"primaryImageOfPage":{"@id":"https:\/\/cklcomunicaciones.es\/coop\/noticias-info-ckl-no-2-107-10-04-18\/#primaryimage"},"image":{"@id":"https:\/\/cklcomunicaciones.es\/coop\/noticias-info-ckl-no-2-107-10-04-18\/#primaryimage"},"thumbnailUrl":"http:\/\/www.cklcomunicaciones.es\/wp-content\/uploads\/2018\/03\/CKL_comunicacion-con-perspetiva-de-genero-300x300.jpg","datePublished":"2018-04-10T12:09:08+00:00","dateModified":"2025-01-17T15:40:55+00:00","author":{"@id":"https:\/\/cklcomunicaciones.es\/coop\/#\/schema\/person\/929a6837f7626450bbb50cee1aef266e"},"description":"Comunicar con perspectiva de g\u00e9nero: ONU pone en la diana la desigualdad de g\u00e9nero en Espa\u00f1a-Las trabajadoras podr\u00e1n reclamar el salario perdido por brecha salarial-Granada Experience se centra en las mujeres-'La Poder\u00edo', nuevo medio feminista andaluz","breadcrumb":{"@id":"https:\/\/cklcomunicaciones.es\/coop\/noticias-info-ckl-no-2-107-10-04-18\/#breadcrumb"},"inLanguage":"es","potentialAction":[{"@type":"ReadAction","target":["https:\/\/cklcomunicaciones.es\/coop\/noticias-info-ckl-no-2-107-10-04-18\/"]}]},{"@type":"ImageObject","inLanguage":"es","@id":"https:\/\/cklcomunicaciones.es\/coop\/noticias-info-ckl-no-2-107-10-04-18\/#primaryimage","url":"http:\/\/www.cklcomunicaciones.es\/wp-content\/uploads\/2018\/03\/CKL_comunicacion-con-perspetiva-de-genero-300x300.jpg","contentUrl":"http:\/\/www.cklcomunicaciones.es\/wp-content\/uploads\/2018\/03\/CKL_comunicacion-con-perspetiva-de-genero-300x300.jpg"},{"@type":"BreadcrumbList","@id":"https:\/\/cklcomunicaciones.es\/coop\/noticias-info-ckl-no-2-107-10-04-18\/#breadcrumb","itemListElement":[{"@type":"ListItem","position":1,"name":"Portada","item":"https:\/\/cklcomunicaciones.es\/coop\/"},{"@type":"ListItem","position":2,"name":"Noticias Info CKL n\u00ba 2.107-10\/04\/18"}]},{"@type":"WebSite","@id":"https:\/\/cklcomunicaciones.es\/coop\/#website","url":"https:\/\/cklcomunicaciones.es\/coop\/","name":"CKL Comunicaciones","description":"Sitio web de CKL Comunicaciones coop , la consultora de comunicaci\u00f3n y estrategia","potentialAction":[{"@type":"SearchAction","target":{"@type":"EntryPoint","urlTemplate":"https:\/\/cklcomunicaciones.es\/coop\/?s={search_term_string}"},"query-input":{"@type":"PropertyValueSpecification","valueRequired":true,"valueName":"search_term_string"}}],"inLanguage":"es"},{"@type":"Person","@id":"https:\/\/cklcomunicaciones.es\/coop\/#\/schema\/person\/929a6837f7626450bbb50cee1aef266e","name":"ckl","image":{"@type":"ImageObject","inLanguage":"es","@id":"https:\/\/secure.gravatar.com\/avatar\/c82db564e8a669bf6023357a157b9dc4780f4d4c618f2ad1d71a6a5dede45057?s=96&d=mm&r=g","url":"https:\/\/secure.gravatar.com\/avatar\/c82db564e8a669bf6023357a157b9dc4780f4d4c618f2ad1d71a6a5dede45057?s=96&d=mm&r=g","contentUrl":"https:\/\/secure.gravatar.com\/avatar\/c82db564e8a669bf6023357a157b9dc4780f4d4c618f2ad1d71a6a5dede45057?s=96&d=mm&r=g","caption":"ckl"},"url":"https:\/\/cklcomunicaciones.es\/coop\/author\/cklcomunicaciones\/"}]}},"_links":{"self":[{"href":"https:\/\/cklcomunicaciones.es\/coop\/wp-json\/wp\/v2\/posts\/13788","targetHints":{"allow":["GET"]}}],"collection":[{"href":"https:\/\/cklcomunicaciones.es\/coop\/wp-json\/wp\/v2\/posts"}],"about":[{"href":"https:\/\/cklcomunicaciones.es\/coop\/wp-json\/wp\/v2\/types\/post"}],"author":[{"embeddable":true,"href":"https:\/\/cklcomunicaciones.es\/coop\/wp-json\/wp\/v2\/users\/3"}],"replies":[{"embeddable":true,"href":"https:\/\/cklcomunicaciones.es\/coop\/wp-json\/wp\/v2\/comments?post=13788"}],"version-history":[{"count":0,"href":"https:\/\/cklcomunicaciones.es\/coop\/wp-json\/wp\/v2\/posts\/13788\/revisions"}],"wp:attachment":[{"href":"https:\/\/cklcomunicaciones.es\/coop\/wp-json\/wp\/v2\/media?parent=13788"}],"wp:term":[{"taxonomy":"category","embeddable":true,"href":"https:\/\/cklcomunicaciones.es\/coop\/wp-json\/wp\/v2\/categories?post=13788"},{"taxonomy":"post_tag","embeddable":true,"href":"https:\/\/cklcomunicaciones.es\/coop\/wp-json\/wp\/v2\/tags?post=13788"}],"curies":[{"name":"wp","href":"https:\/\/api.w.org\/{rel}","templated":true}]}}