{"id":13757,"date":"2018-03-20T13:20:57","date_gmt":"2018-03-20T12:20:57","guid":{"rendered":"http:\/\/www.cklcomunicaciones.es\/?p=13757"},"modified":"2025-01-17T16:40:57","modified_gmt":"2025-01-17T15:40:57","slug":"noticias-info-ckl-no-2-094-20-03-18","status":"publish","type":"post","link":"https:\/\/cklcomunicaciones.es\/coop\/noticias-info-ckl-no-2-094-20-03-18\/","title":{"rendered":"Noticias Info CKL n\u00ba 2.094-20\/03\/18"},"content":{"rendered":"<div id=\"pl-13757\"  class=\"panel-layout\" >\n<div id=\"pg-13757-0\"  class=\"panel-grid panel-no-style\"  data-style=\"{&quot;background_display&quot;:&quot;tile&quot;,&quot;lsow_dark_bg&quot;:&quot;&quot;,&quot;cell_alignment&quot;:&quot;flex-start&quot;}\" >\n<div id=\"pgc-13757-0-0\"  class=\"panel-grid-cell\"  data-weight=\"1\" >\n<div id=\"panel-13757-0-0-0\" class=\"so-panel widget widget_sow-editor panel-first-child panel-last-child\" data-index=\"0\" data-style=\"{&quot;background_image_attachment&quot;:false,&quot;background_display&quot;:&quot;tile&quot;}\" >\n<div class=\"so-widget-sow-editor so-widget-sow-editor-base\">\n<div class=\"siteorigin-widget-tinymce textwidget\">\n<p><img decoding=\"async\" class=\"lazyload  wp-image-13726\" src=\"http:\/\/www.cklcomunicaciones.es\/wp-content\/uploads\/2018\/03\/CKL_comunicacion-con-perspetiva-de-genero-300x300.jpg\" data-orig-src=\"http:\/\/www.cklcomunicaciones.es\/wp-content\/uploads\/2018\/03\/CKL_comunicacion-con-perspetiva-de-genero-300x300.jpg\" alt=\"CKL_comunicacion con perspetiva de genero\" width=\"132\" height=\"132\" srcset=\"data:image\/svg+xml,%3Csvg%20xmlns%3D%27http%3A%2F%2Fwww.w3.org%2F2000%2Fsvg%27%20width%3D%27132%27%20height%3D%27132%27%20viewBox%3D%270%200%20132%20132%27%3E%3Crect%20width%3D%27132%27%20height%3D%27132%27%20fill-opacity%3D%220%22%2F%3E%3C%2Fsvg%3E\" data-srcset=\"https:\/\/cklcomunicaciones.es\/coop\/wp-content\/uploads\/2018\/03\/CKL_comunicacion-con-perspetiva-de-genero-150x150.jpg 150w, https:\/\/cklcomunicaciones.es\/coop\/wp-content\/uploads\/2018\/03\/CKL_comunicacion-con-perspetiva-de-genero-300x300.jpg 300w, https:\/\/cklcomunicaciones.es\/coop\/wp-content\/uploads\/2018\/03\/CKL_comunicacion-con-perspetiva-de-genero-450x450.jpg 450w, https:\/\/cklcomunicaciones.es\/coop\/wp-content\/uploads\/2018\/03\/CKL_comunicacion-con-perspetiva-de-genero.jpg 500w\" data-sizes=\"auto\" data-orig-sizes=\"(max-width: 132px) 100vw, 132px\" \/><\/p>\n<p>Lagarde:\u201cNadie puede ganar en una guerra comercial. Perder\u00e1n los pobres\u201d-IAM destaca el feminismo en la mejora de la vida de las mujeres-C\u00f3mo saber cu\u00e1nto cobran hombres y mujeres-Noche en blanco con Miradas de mujer<\/p>\n<p>[toggle type=\u00bbfirst\u00bb title=\u00bbConvocatorias\u00bb] \u00a0<\/p>\n<ul>\n<li>Jornada Formativa \u201cMarketing digital y nuevas aplicaciones para la gesti\u00f3n empresarial que faciliten a las empresarias el desarrollo y la promoci\u00f3n empresarial y profesional en sus cooperativas\u201d organizada por AMECOOP Andaluc\u00eda. Granada, 22 de marzo en el Centro de Ense\u00f1anza Secundaria CES Santiago Ram\u00f3n y Cajal, a partir de las 16h. M\u00e1s informaci\u00f3n y confirmar asistencia: <a href=\"mailto:granada@faecta.coop\/\">granada@faecta.coop\/<\/a> <a href=\"tel:958%2026%2023%2005\">958262305<\/a><\/li>\n<\/ul>\n<p>[\/toggle]<\/p>\n<p>[toggle type=\u00bbfirst\u00bb title=\u00bbComunicaci\u00f3n\u00bb] \u00a0<\/p>\n<p><a href=\"https:\/\/elpais.com\/cultura\/2018\/03\/19\/actualidad\/1521475527_526076.html\">La historia de Nellie Bly, la mujer que invent\u00f3 el periodismo gonzo en el siglo XIX<\/a> \u2013 El Pa\u00eds<\/p>\n<p><a href=\"http:\/\/www.larioja.com\/logrono\/logrono-codigo-sobre-20180313003825-ntvo.html\">Logro\u00f1o tendr\u00e1 un c\u00f3digo sobre publicidad y comunicaci\u00f3n no sexista<\/a> &#8211; La Rioja<\/p>\n<p><a href=\"https:\/\/www.google.es\/url?sa=t&amp;rct=j&amp;q=&amp;esrc=s&amp;source=newssearch&amp;cd=1&amp;ved=0ahUKEwil84XJ6_rZAhWTx6YKHc5ZCA0QqQIIJygAMAA&amp;url=http%3A%2F%2Fecodiario.eleconomista.es%2Fespana%2Fnoticias%2F9017380%2F03%2F18%2FEl-CAA-valora-las-medidas-de-proteccion-de-la-ciudadania-previstas-en-el-proyecto-de-Ley-Audiovisual-de-Andalucia.html&amp;usg=AOvVaw0I9IfMrdLLw799-YUQypXb\">El CAA valora las medidas de protecci\u00f3n de la ciudadan\u00eda previstas en el proyecto de Ley Audiovisual de Andaluc\u00eda &#8230;<\/a> &#8211; Ecodiario<\/p>\n<p><a href=\"https:\/\/www.google.com\/url?rct=j&amp;sa=t&amp;url=http:\/\/www.eleconomista.es\/ecoaula\/noticias\/9016820\/03\/18\/Mujeres-y-STEM-una-union-necesaria.html&amp;ct=ga&amp;cd=CAEYACoTMzcwNzI5NTcwODY5MjkzNDUyODIZYzAzNzJlYmMyZmVhZGE1OTplczplczpFUw&amp;usg=AFQjCNFiLtolqrDGD1ajsyLU7DGssNlTRg\">Mujeres y STEM: una uni\u00f3n necesaria <\/a>&#8211; Ecodiario<\/p>\n<p><a href=\"http:\/\/www.elmundo.es\/happy-fm\/2018\/03\/19\/5aafa31422601df0708b463f.html\">Snapchat pierde millones de d\u00f3lares tras las fuertes cr\u00edticas de Rihanna<\/a> \u2013 El Mundo<\/p>\n<p><a href=\"http:\/\/www.eluniversal.com.mx\/cultura\/artes-visuales\/facebook-reconoce-error-por-censurar-una-obra\">Facebook reconoce error por censurar una obra<\/a> &#8211; El Universal<\/p>\n<p>&nbsp;<\/p>\n<p>[\/toggle]<\/p>\n<p>[toggle type=\u00bbfirst\u00bb title=\u00bbAndaluc\u00eda\u00bb]<\/p>\n<p><strong>Institucional<\/strong><\/p>\n<p><a href=\"https:\/\/www.google.es\/url?sa=t&amp;rct=j&amp;q=&amp;esrc=s&amp;source=newssearch&amp;cd=37&amp;ved=0ahUKEwiXpeqj4vrZAhXB8RQKHQLXCFI4HhCpAgg3KAAwBg&amp;url=http%3A%2F%2Fwww.europapress.es%2Fesandalucia%2Fsevilla%2Fnoticia-consejo-gobierno-aborda-martes-implantacion-ley-transparencia-junta-20180319220748.html&amp;usg=AOvVaw0da8f4C0_D1QaVFNSUbrPI\">El Consejo de Gobierno aborda este martes la implantaci\u00f3n de la Ley de Transparencia de la Junta &#8230;<\/a> -Europa Press<\/p>\n<p><strong>Econom\u00eda y Empresas<\/strong><\/p>\n<p><a href=\"http:\/\/www.europapress.es\/esandalucia\/sevilla\/noticia-andalucia-open-future-abre-convocatoria-seleccionar-28-empresas-innovadoras-programa-aceleracion-20180320115644.html\">Andaluc\u00eda Open Future abre convocatoria para seleccionar a 28 empresas innovadoras&#8230;<\/a> &#8211; Europa Press<\/p>\n<p><a href=\"http:\/\/www.mujeremprendedora.net\/albaida-olivares-salteras-villanueva-ariscal-suman-esfuerzos-lograr-liderazgo-femenino\/\">Albaida, Olivares, Salteras y Villanueva del Ariscal suman esfuerzos para lograr el liderazgo femenino<\/a>&#8211; Mujeremprendedora.net<\/p>\n<p><a href=\"http:\/\/www.lavanguardia.com\/local\/sevilla\/20180320\/441729728560\/la-harinera-acoge-este-miercoles-la-ii-edicion-de-la-jornada-areagiramujeres-en-alcala-de-guadaira.html\">La Harinera acoge este mi\u00e9rcoles la II Edici\u00f3n de la jornada \u201cArea&amp;GiraMujeres\u201d &#8230;<\/a> &#8211; La Vanguardia<\/p>\n<p><a href=\"https:\/\/www.google.es\/url?sa=t&amp;rct=j&amp;q=&amp;esrc=s&amp;source=newssearch&amp;cd=56&amp;ved=0ahUKEwi8qa-C6frZAhWodpoKHWfUAF04MhCpAgg1KAAwBQ&amp;url=http%3A%2F%2Fwww.europapress.es%2Fesandalucia%2Fcordoba%2Fnoticia-junta-destaca-fortaleza-industria-apoyado-estrategia-industrial-andalucia-2020-20180319192441.html&amp;usg=AOvVaw1nAwlUJcH3o9KF2tXof5x7\">La Junta destaca la fortaleza de la industria, apoyado por la estrategia industrial de Andaluc\u00eda&#8230;<\/a> &#8211; Europa Press<\/p>\n<p><strong>Actualidad<\/strong><\/p>\n<p><a href=\"https:\/\/www.google.com\/url?rct=j&amp;sa=t&amp;url=http:\/\/www.europapress.es\/esandalucia\/cordoba\/noticia-directora-iam-destaca-papel-feminismo-mejora-vida-mujeres-20180319163534.html&amp;ct=ga&amp;cd=CAEYAioTNzYyNTg1MTk3NDE2ODMxMjIxMDIZYzAzNzJlYmMyZmVhZGE1OTplczplczpFUw&amp;usg=AFQjCNHnoIL-O70vXmaD_6gpqQOAvW16ng\">La directora del IAM destaca el papel del feminismo en la mejora de la vida de las mujeres &#8211; <\/a>Europa Press<\/p>\n<p><a href=\"https:\/\/www.redaccionmedica.com\/secciones\/sanidad-hoy\/hoy-se-entregan-los-premios-sanitarias-a-14-mujeres-lideres-9192\">Hoy se entregan los Premios Sanitarias a 14 lideresas\u2026<\/a> &#8211; Redacci\u00f3n M\u00e9dica<\/p>\n<p><a href=\"http:\/\/www.europapress.es\/andalucia\/noticia-diputacion-granada-entrega-premios-igualdad-espiritu-reivindicativo-8m-20180319214148.html\">Diputaci\u00f3n de Granada entrega los Premios de Igualdad bajo el esp\u00edritu reivindicativo&#8230;<\/a> &#8211; Europa Press<\/p>\n<p><a href=\"https:\/\/www.google.es\/url?sa=t&amp;rct=j&amp;q=&amp;esrc=s&amp;source=newssearch&amp;cd=61&amp;ved=0ahUKEwi2jqP_3frZAhVDVBQKHdmRDLU4PBCpAggmKAAwAA&amp;url=http%3A%2F%2Fwww.eldiadecordoba.es%2Fcordoba%2FConsejo-Municipal-Mujeres-Participacion-Feminista_0_1228377856.html&amp;usg=AOvVaw3HY92LHCySVlp2jP7pZyUI\">El Consejo de las Mujeres propone recuperar la Escuela de Participaci\u00f3n Feminista &#8230;<\/a> &#8211; El D\u00eda de C\u00f3rdoba<\/p>\n<p><a href=\"http:\/\/www.teleprensa.com\/almeria\/la-nueva-ley-andaluza-de-discapacidad-refuerza-la-capacitacion-y-la-autonomia-personal.html\">La nueva Ley andaluza de Discapacidad refuerza la capacitaci\u00f3n y autonom\u00eda personal&#8230;<\/a> &#8211; Teleprensa peri\u00f3dico<\/p>\n<p><strong>Violencias<\/strong><\/p>\n<p><a href=\"https:\/\/www.axarquiaplus.es\/los-hospitales-publicos-malaga-ponen-marcha-protocolo-provincial-atencion-victimas-agresion-sexual\/\">Los hospitales p\u00fablicos de M\u00e1laga ponen en marcha el protocolo de atenci\u00f3n a v\u00edctimas de agresi\u00f3n sexual &#8230;<\/a> &#8211; Axarqu\u00edaPlus<\/p>\n<p><strong>Ciencia y Cultura<\/strong><\/p>\n<p><a href=\"http:\/\/www.mujeremprendedora.net\/fundacion-mujeres-por-africa-universidad-pablo-olavide-sevilla-impulsan-learn-africa-programa-becas-para-estudiantes-africanas\/\">Fundaci\u00f3n Mujeres por \u00c1frica y la Universidad Pablo de Olavide impulsan un programa de becas para estudiantes africanas<\/a> \u2013 Mujeremprendedora.net<\/p>\n<p><a href=\"http:\/\/www.diariosur.es\/culturas\/imagen-noche-blanco-20180320000635-ntvo.html\">La imagen de La Noche en Blanco tiene ojos de mujer<\/a> &#8211; Sur Digital<\/p>\n<p><a href=\"https:\/\/www.google.es\/url?sa=t&amp;rct=j&amp;q=&amp;esrc=s&amp;source=newssearch&amp;cd=19&amp;ved=0ahUKEwiRrYm23_rZAhUMchQKHWdLCa04ChCpAgg8KAAwCA&amp;url=http%3A%2F%2Fwww.granadadigital.es%2Fla-biblioteca-de-andalucia-acoge-hoy-la-presentacion-del-libro-la-espalda-de-la-violinista-de-la-poeta-teresa-gomez%2F&amp;usg=AOvVaw34JRBJKvSVu3otr3yP2m5k\">La Biblioteca de <em>Andaluc\u00eda<\/em> acoge hoy la presentaci\u00f3n del libro &#8216;La espalda de la violinista\u201d de la poeta Teresa L\u00f3pez &#8230;<\/a> &#8211; GranadaDigita<\/p>\n<p><a href=\"http:\/\/www.elmundo.es\/andalucia\/2018\/03\/19\/5aafb25a268e3e4f088b45f3.html\">Un documental rescatar\u00e1 la historia sobre la emigraci\u00f3n de andaluces a Hawai<\/a> \u2013 El Mundo<\/p>\n<p><strong>Deporte<\/strong><\/p>\n<p><a href=\"https:\/\/www.google.es\/url?sa=t&amp;rct=j&amp;q=&amp;esrc=s&amp;source=newssearch&amp;cd=40&amp;ved=0ahUKEwjcwNXg6vrZAhWJAJoKHebUAqs4HhCpAghBKAAwCQ&amp;url=http%3A%2F%2Fhuelvaya.es%2F2018%2F03%2F19%2Fel-fundacion-cajasol-sporting-inicia-la-semana-con-mas-promocion-del-futbol-femenino-en-los-colegios%2F&amp;usg=AOvVaw1jXTrCHmyJkOkBZ9X6qZAH\">El Fundaci\u00f3n Cajasol Sporting inicia la semana con m\u00e1s promoci\u00f3n &#8230;<\/a> &#8211; HuelvaYA<\/p>\n<p><a href=\"http:\/\/www.diariosur.es\/deportes\/mas-deportes\/manana-mesa-redonda-20180320000651-ntvo.html\">Ma\u00f1ana, mesa redonda sobre el deporte femenino<\/a> &#8211; Sur Digital<\/p>\n<p><a href=\"https:\/\/www.google.es\/url?sa=t&amp;rct=j&amp;q=&amp;esrc=s&amp;source=newssearch&amp;cd=3&amp;ved=0ahUKEwjaqOKU6_rZAhVhP5oKHaa0CmIQqQIILCgAMAI&amp;url=http%3A%2F%2Fwww.finanzas.com%2Fnoticias-001%2Ftodos%2F20180320%2Flaura-perez-futbolista-nivel-3806455.html&amp;usg=AOvVaw3pEk1IM4XrxlXEYGxy2H_M\">Laura P\u00e9rez, futbolista: \u00abEl nivel del f\u00fatbol femenino es muy alto\u00bb<\/a> &#8211; Finanzas.com<\/p>\n<p>&nbsp;<\/p>\n<p>[\/toggle]<\/p>\n<p>[toggle type=\u00bbfirst\u00bb title=\u00bbEstado\u00bb] \u00a0<\/p>\n<p><strong>Institucional-CCAA<\/strong><\/p>\n<p><a href=\"https:\/\/www.google.com\/url?rct=j&amp;sa=t&amp;url=http:\/\/www.ceutaldia.com\/articulo\/politica\/ciudad-exigira-presencia-equilibrada-hombres-mujeres-entidades-reciban-subvenciones\/20180319122830176374.html&amp;ct=ga&amp;cd=CAEYAyoUMTI4ODY3MDc5NjI1NTAwMjE4MDUyGWMwMzcyZWJjMmZlYWRhNTk6ZXM6ZXM6RVM&amp;usg=AFQjCNH1R7Trkk2wkj6lyTUg6vI55FPyww\">La Ciudad exigir\u00e1 \u00abpresencia equilibrada de hombres y mujeres\u00bb en las entidades que reciban subvenciones &#8230; <\/a>&#8211; Ceuta al d\u00eda<\/p>\n<p><a href=\"https:\/\/www.google.com\/url?rct=j&amp;sa=t&amp;url=http:\/\/arainfo.org\/arranca-el-proceso-para-la-elaboracion-del-plan-estrategico-para-la-prevencion-y-erradicacion-de-la-violencia-sobre-las-mujeres\/&amp;ct=ga&amp;cd=CAEYACoTNzgyOTE5NDM1OTgzNTM1MzAyNjIZYzAzNzJlYmMyZmVhZGE1OTplczplczpFUw&amp;usg=AFQjCNGt4CeDS0SzvKEjK_WrQlrDrOyrrw\">Arranca el proceso para la elaboraci\u00f3n del Plan Estrat\u00e9gico para la Prevenci\u00f3n y Erradicaci\u00f3n de la Violencia sobre las mujeres &#8230; <\/a>&#8211; AraInfo<\/p>\n<p><a href=\"https:\/\/www.google.com\/url?rct=j&amp;sa=t&amp;url=http:\/\/www.diariovasco.com\/sociedad\/sesenta-empresas-entidades-20180319152158-nt.html&amp;ct=ga&amp;cd=CAEYASoTNzYyNTg1MTk3NDE2ODMxMjIxMDIZYzAzNzJlYmMyZmVhZGE1OTplczplczpFUw&amp;usg=AFQjCNHEDZYNymkWfkh7B3PBeMdw4snHkg\">Sesenta empresas y entidades vascas se al\u00edan para impulsar la igualdad entre hombres y mujeres <\/a>&#8211; Diario Vasco<\/p>\n<p><a href=\"http:\/\/www.mujeremprendedora.net\/ii-feria-empleo-emprendimiento-murcia\/\">II Feria de Empleo y Emprendimiento de Murcia<\/a> \u2013 Mujeremprendedora.net<\/p>\n<p><a href=\"https:\/\/www.eldiario.es\/cv\/Reyes-Marti-mujer-reina-polvora_0_751725375.html\">Reyes Mart\u00ed, una <em>mujer<\/em> reina en el templo de la pirotecnia en Valencia<\/a> &#8211; <a href=\"http:\/\/eldiario.es\">eldiario.es<\/a><\/p>\n<p><strong>Econom\u00eda y Empresa<\/strong><\/p>\n<p><a href=\"https:\/\/www.google.com\/url?rct=j&amp;sa=t&amp;url=https:\/\/www.eldiario.es\/alternativaseconomicas\/saber-cobran-hombres-mujeres_6_751784818.html&amp;ct=ga&amp;cd=CAEYACoTOTM3MzkxNTg5NDk4MjA2NzU2MzIZYzAzNzJlYmMyZmVhZGE1OTplczplczpFUw&amp;usg=AFQjCNE6ZZ5GN3g0NffsGi2r696q_B4owQ\">C\u00f3mo saber cu\u00e1nto cobran hombres y mujeres <\/a>&#8211; <a href=\"http:\/\/eldiario.es\">eldiario.es<\/a><\/p>\n<p><a href=\"https:\/\/www.google.es\/url?sa=t&amp;rct=j&amp;q=&amp;esrc=s&amp;source=newssearch&amp;cd=36&amp;ved=0ahUKEwif9Kqh4PrZAhUF7BQKHVTOCA04HhCpAgg1KAAwBQ&amp;url=http%3A%2F%2Fwww.elmundofinanciero.com%2Fnoticia%2F74283%2Feconomia%2Flas-mujeres-mueven-el-motor-de-la-economia-espanola-a-traves-del-emprendimiento.html&amp;usg=AOvVaw2YeuyNBsk_N9-3H4ZaJtRH\">Las mujeres mueven el motor de la econom\u00eda espa\u00f1ola a trav\u00e9s del emprendimiento&#8230;<\/a> &#8211; El Mundo Financiero<\/p>\n<p><a href=\"https:\/\/diarioresponsable.com\/noticias\/26071-telefonica-uno-de-cada-tres-puestos-directivos-sera-ocupado-por-una-mujer-en-2020\">Telef\u00f3nica: uno de cada tres puestos directivos ser\u00e1 ocupado por una mujer &#8230;<\/a> &#8211; Diario Responsable<\/p>\n<p><a href=\"http:\/\/www.mujeremprendedora.net\/804-810-afiliadas-extranjeras-a-la-seguridad-social\/\">804.810 afiliadas extranjeras a la Seguridad Social<\/a> \u2013 Mujeremprendedora.net<\/p>\n<p><a href=\"https:\/\/elpais.com\/retina\/2018\/03\/19\/tendencias\/1521460126_001469.html\">El 36% de los empleos en Espa\u00f1a est\u00e1 en riesgo de automatizaci\u00f3n<\/a> \u2013 El Pa\u00eds<\/p>\n<p><strong>Actualidad<\/strong><\/p>\n<p><a href=\"https:\/\/www.google.com\/url?rct=j&amp;sa=t&amp;url=http:\/\/www.publico.es\/sociedad\/igualdad-scif-instituto-mujer-organizan-eventos-igualdad-mujeres.html&amp;ct=ga&amp;cd=CAEYACoTNjAxMDUxOTk5MTY1MDc4ODM3NDIZYzAzNzJlYmMyZmVhZGE1OTplczplczpFUw&amp;usg=AFQjCNHSjbE1nGn0qOf3RgOm4xCmIvUqIQ\">El CSIF y el Instituto de la Mujer organizan eventos por la igualdad sin mujeres <\/a>&#8211; P\u00fablico<\/p>\n<p><a href=\"http:\/\/www.elmundo.es\/cataluna\/2018\/03\/19\/5aafe50546163fb9358b45e3.html\">Liberada la mujer del c\u00f3nsul de Mali tras cinco horas de secuestro en Barcelona<\/a> \u2013 El Mundo<\/p>\n<p><a href=\"http:\/\/www.abc.es\/deportes\/abci-botin-cuarta-mujer-socia-augusta-national-201803200831_noticia.html\">Ana Bot\u00edn, cuarta mujer socia del Augusta National<\/a> &#8211; Abc.es<\/p>\n<p><a href=\"https:\/\/www.google.es\/url?sa=t&amp;rct=j&amp;q=&amp;esrc=s&amp;source=newssearch&amp;cd=16&amp;ved=0ahUKEwjDzdOd2_rZAhUCOxQKHRoqC8k4ChCpAgg1KAAwBQ&amp;url=https%3A%2F%2Fwww.cuartopoder.es%2Fcultura%2F2018%2F03%2F20%2Fmujeres-y-poder-una-reflexion-tras-el-8-m%2F&amp;usg=AOvVaw1Iv1vwmtkJSIaMEHS5HoXG\">&#8216;Mujeres y poder&#8217;: una reflexi\u00f3n tras el 8-M<\/a> &#8211; Cuarto Poder<\/p>\n<p><strong>Violencia<\/strong><\/p>\n<p><a href=\"https:\/\/www.20minutos.es\/noticia\/3292535\/0\/victimas-violencia-genero-podran-eludir-colegio-electoral-donde-vote-agresor\/\">Las v\u00edctimas de violencia de g\u00e9nero podr\u00e1n eludir el colegio electoral donde vote el agresor &#8230;<\/a> &#8211; <a href=\"http:\/\/20minutos.es\">20minutos.es<\/a><\/p>\n<p><a href=\"https:\/\/www.heraldo.es\/noticias\/suplementos\/salud\/2018\/03\/19\/la-violencia-genero-tambien-detecta-los-centros-salud-1230867-1381024.html\">La violencia de g\u00e9nero tambi\u00e9n se detecta en los centros de salud<\/a> &#8211; Heraldo.es<\/p>\n<p><strong>Ciencia y Cultura<\/strong><\/p>\n<p><a href=\"https:\/\/www.google.es\/url?sa=t&amp;rct=j&amp;q=&amp;esrc=s&amp;source=newssearch&amp;cd=14&amp;ved=0ahUKEwiF3Y7K7frZAhUsMJoKHee2ACY4ChCpAggvKAAwAw&amp;url=https%3A%2F%2Fwww.heraldo.es%2Fnoticias%2Focio-cultura%2F2018%2F03%2F20%2Flucia-perez-moreno-investigar-una-carrera-llena-obstaculos-mas-si-eres-mujer-joven-1230875-1361024.html&amp;usg=AOvVaw2wWt8dFnTO4WvESdSh30yc\">Luc\u00eda P\u00e9rez-Moreno: \u201cDedicarse a la investigaci\u00f3n es una carrera llena de obst\u00e1culos &#8230;<\/a> &#8211; Heraldo.es<\/p>\n<p><a href=\"https:\/\/www.google.es\/url?sa=t&amp;rct=j&amp;q=&amp;esrc=s&amp;source=newssearch&amp;cd=1&amp;ved=0ahUKEwibncyx7frZAhUGxqYKHenNDfgQqQIIJygAMAA&amp;url=https%3A%2F%2Felpais.com%2Felpais%2F2018%2F03%2F20%2Fciencia%2F1521538379_598868.html&amp;usg=AOvVaw1mLhNj0GdRkJNN8SYGhOVN\">Londa Schiebinger, investigadora: \u201cInvestigar correctamente puede salvar vidas y &#8230;<\/a> \u2013 El Pa\u00eds<\/p>\n<p><a href=\"http:\/\/sorianoticias.com\/noticia\/2018-03-20-presentacion-libro-masonas-republicanas-casino-47069\">Presentaci\u00f3n del libro &#8216;Masonas y republicanas&#8217;<\/a> &#8211; Soria Noticias<\/p>\n<p><a href=\"https:\/\/iberarte.com\/index.php\/artes-plasticas\/pintura\/9884-las-batallas-de-las-pintoras-decimononicas-en-la-bne\">Las batallas de las pintoras decimon\u00f3nicas, en la BNE<\/a> &#8211; IberArte<\/p>\n<p><strong>Deporte<\/strong>\u00a0<\/p>\n<p><a href=\"http:\/\/mujerydeporte.practicodeporte.com\/len-europa-cup-waterpolo-pontevedra\/\">LEN Europa Cup, waterpolo femenino de alto nivel en Pontevedra<\/a> &#8211; Practico deporte<\/p>\n<p>&nbsp;<\/p>\n<p>[\/toggle]<\/p>\n<p>[toggle type=\u00bbfirst\u00bb title=\u00bbInternacional\u00bb]<\/p>\n<p>&nbsp;<\/p>\n<p><a href=\"https:\/\/elpais.com\/economia\/2018\/03\/19\/actualidad\/1521478422_041884.html\">Lagarde, directora FMI: \u201cNadie puede ganar en una guerra comercial. Perder\u00e1n los pobres\u201d<\/a> \u2013 El Pa\u00eds<\/p>\n<p><a href=\"https:\/\/elpais.com\/elpais\/2018\/03\/19\/gente\/1521487249_770739.html\">Cynthia Nixon presenta su candidatura a gobernadora de Nueva York<\/a>\u2013 El Pa\u00eds<\/p>\n<p><a href=\"http:\/\/www.eje21.com.co\/2018\/03\/google-hace-alianzas-para-empoderar-a-la-mujer-colombiana\/\">Google hace alianzas para empoderar a la mujer colombiana<\/a> -Eje21<\/p>\n<p><a href=\"http:\/\/www.elmundo.es\/internacional\/2018\/03\/19\/5aafb70de2704e54348b45cd.html\">Las mujeres no necesitan llevar pa\u00f1uelo ni abaya, seg\u00fan el pr\u00edncipe heredero saud\u00ed<\/a>\u2013 El Mundo<\/p>\n<p><a href=\"https:\/\/www.google.es\/url?sa=t&amp;rct=j&amp;q=&amp;esrc=s&amp;source=newssearch&amp;cd=4&amp;ved=0ahUKEwj8qtTv2vrZAhUMtBQKHbFBBOIQqQIIMCgAMAM&amp;url=http%3A%2F%2Fwww.teinteresa.es%2Fcine%2FBrenda-Chapman-retratar-animado-cambiado_0_1981601895.html&amp;usg=AOvVaw2j5y0X2dLbxieXLK55O06s\">Brenda Chapman: La forma de retratar a las mujeres en el cine &#8230;<\/a> &#8211; Te Interesa<\/p>\n<p>[\/toggle]<\/p>\n<\/div>\n<\/div>\n<\/div>\n<\/div>\n<\/div>\n<\/div>\n","protected":false},"excerpt":{"rendered":"<p>Lagarde:\u201cNadie puede ganar en una guerra comercial. Perder\u00e1n los pobres\u201d-IAM <a href=\"https:\/\/cklcomunicaciones.es\/coop\/noticias-info-ckl-no-2-094-20-03-18\/\">[&#8230;]<\/a><\/p>\n","protected":false},"author":3,"featured_media":0,"comment_status":"closed","ping_status":"closed","sticky":false,"template":"","format":"standard","meta":{"footnotes":""},"categories":[298,623],"tags":[],"class_list":["post-13757","post","type-post","status-publish","format-standard","hentry","category-newsletter","category-nwl-2-0"],"yoast_head":"<!-- This site is optimized with the Yoast SEO plugin v27.4 - https:\/\/yoast.com\/product\/yoast-seo-wordpress\/ -->\n<title>Noticias Info CKL n\u00ba 2.094-20\/03\/18-Comunicar con perspectiva de g\u00e9nero<\/title>\n<meta name=\"description\" content=\"Comunicar con perspectiva de g\u00e9nero: Lagarde:\u201cNadie puede ganar en una guerra comercial. Perder\u00e1n los pobres\u201d-IAM destaca el feminismo en la mejora de la vida de las mujeres-C\u00f3mo saber cu\u00e1nto cobran hombres y mujeres-Noche en blanco con Miradas de mujer\" \/>\n<meta name=\"robots\" content=\"index, follow, max-snippet:-1, max-image-preview:large, max-video-preview:-1\" \/>\n<link rel=\"canonical\" href=\"https:\/\/cklcomunicaciones.es\/coop\/noticias-info-ckl-no-2-094-20-03-18\/\" \/>\n<meta property=\"og:locale\" content=\"es_ES\" \/>\n<meta property=\"og:type\" content=\"article\" \/>\n<meta property=\"og:title\" content=\"Noticias Info CKL n\u00ba 2.094-20\/03\/18-Comunicar con perspectiva de g\u00e9nero\" \/>\n<meta property=\"og:description\" content=\"Comunicar con perspectiva de g\u00e9nero: Lagarde:\u201cNadie puede ganar en una guerra comercial. Perder\u00e1n los pobres\u201d-IAM destaca el feminismo en la mejora de la vida de las mujeres-C\u00f3mo saber cu\u00e1nto cobran hombres y mujeres-Noche en blanco con Miradas de mujer\" \/>\n<meta property=\"og:url\" content=\"https:\/\/cklcomunicaciones.es\/coop\/noticias-info-ckl-no-2-094-20-03-18\/\" \/>\n<meta property=\"og:site_name\" content=\"CKL Comunicaciones\" \/>\n<meta property=\"article:published_time\" content=\"2018-03-20T12:20:57+00:00\" \/>\n<meta property=\"article:modified_time\" content=\"2025-01-17T15:40:57+00:00\" \/>\n<meta property=\"og:image\" content=\"https:\/\/cklcomunicaciones.es\/coop\/wp-content\/uploads\/2018\/03\/CKL_comunicacion-con-perspetiva-de-genero.jpg\" \/>\n\t<meta property=\"og:image:width\" content=\"500\" \/>\n\t<meta property=\"og:image:height\" content=\"500\" \/>\n\t<meta property=\"og:image:type\" content=\"image\/jpeg\" \/>\n<meta name=\"author\" content=\"ckl\" \/>\n<meta name=\"twitter:card\" content=\"summary_large_image\" \/>\n<meta name=\"twitter:label1\" content=\"Escrito por\" \/>\n\t<meta name=\"twitter:data1\" content=\"ckl\" \/>\n\t<meta name=\"twitter:label2\" content=\"Tiempo de lectura\" \/>\n\t<meta name=\"twitter:data2\" content=\"5 minutos\" \/>\n<script type=\"application\/ld+json\" class=\"yoast-schema-graph\">{\"@context\":\"https:\\\/\\\/schema.org\",\"@graph\":[{\"@type\":\"Article\",\"@id\":\"https:\\\/\\\/cklcomunicaciones.es\\\/coop\\\/noticias-info-ckl-no-2-094-20-03-18\\\/#article\",\"isPartOf\":{\"@id\":\"https:\\\/\\\/cklcomunicaciones.es\\\/coop\\\/noticias-info-ckl-no-2-094-20-03-18\\\/\"},\"author\":{\"name\":\"ckl\",\"@id\":\"https:\\\/\\\/cklcomunicaciones.es\\\/coop\\\/#\\\/schema\\\/person\\\/929a6837f7626450bbb50cee1aef266e\"},\"headline\":\"Noticias Info CKL n\u00ba 2.094-20\\\/03\\\/18\",\"datePublished\":\"2018-03-20T12:20:57+00:00\",\"dateModified\":\"2025-01-17T15:40:57+00:00\",\"mainEntityOfPage\":{\"@id\":\"https:\\\/\\\/cklcomunicaciones.es\\\/coop\\\/noticias-info-ckl-no-2-094-20-03-18\\\/\"},\"wordCount\":978,\"image\":{\"@id\":\"https:\\\/\\\/cklcomunicaciones.es\\\/coop\\\/noticias-info-ckl-no-2-094-20-03-18\\\/#primaryimage\"},\"thumbnailUrl\":\"http:\\\/\\\/www.cklcomunicaciones.es\\\/wp-content\\\/uploads\\\/2018\\\/03\\\/CKL_comunicacion-con-perspetiva-de-genero-300x300.jpg\",\"articleSection\":[\"Newsletter\",\"Nwl v2.0\"],\"inLanguage\":\"es\"},{\"@type\":\"WebPage\",\"@id\":\"https:\\\/\\\/cklcomunicaciones.es\\\/coop\\\/noticias-info-ckl-no-2-094-20-03-18\\\/\",\"url\":\"https:\\\/\\\/cklcomunicaciones.es\\\/coop\\\/noticias-info-ckl-no-2-094-20-03-18\\\/\",\"name\":\"Noticias Info CKL n\u00ba 2.094-20\\\/03\\\/18-Comunicar con perspectiva de g\u00e9nero\",\"isPartOf\":{\"@id\":\"https:\\\/\\\/cklcomunicaciones.es\\\/coop\\\/#website\"},\"primaryImageOfPage\":{\"@id\":\"https:\\\/\\\/cklcomunicaciones.es\\\/coop\\\/noticias-info-ckl-no-2-094-20-03-18\\\/#primaryimage\"},\"image\":{\"@id\":\"https:\\\/\\\/cklcomunicaciones.es\\\/coop\\\/noticias-info-ckl-no-2-094-20-03-18\\\/#primaryimage\"},\"thumbnailUrl\":\"http:\\\/\\\/www.cklcomunicaciones.es\\\/wp-content\\\/uploads\\\/2018\\\/03\\\/CKL_comunicacion-con-perspetiva-de-genero-300x300.jpg\",\"datePublished\":\"2018-03-20T12:20:57+00:00\",\"dateModified\":\"2025-01-17T15:40:57+00:00\",\"author\":{\"@id\":\"https:\\\/\\\/cklcomunicaciones.es\\\/coop\\\/#\\\/schema\\\/person\\\/929a6837f7626450bbb50cee1aef266e\"},\"description\":\"Comunicar con perspectiva de g\u00e9nero: Lagarde:\u201cNadie puede ganar en una guerra comercial. Perder\u00e1n los pobres\u201d-IAM destaca el feminismo en la mejora de la vida de las mujeres-C\u00f3mo saber cu\u00e1nto cobran hombres y mujeres-Noche en blanco con Miradas de mujer\",\"breadcrumb\":{\"@id\":\"https:\\\/\\\/cklcomunicaciones.es\\\/coop\\\/noticias-info-ckl-no-2-094-20-03-18\\\/#breadcrumb\"},\"inLanguage\":\"es\",\"potentialAction\":[{\"@type\":\"ReadAction\",\"target\":[\"https:\\\/\\\/cklcomunicaciones.es\\\/coop\\\/noticias-info-ckl-no-2-094-20-03-18\\\/\"]}]},{\"@type\":\"ImageObject\",\"inLanguage\":\"es\",\"@id\":\"https:\\\/\\\/cklcomunicaciones.es\\\/coop\\\/noticias-info-ckl-no-2-094-20-03-18\\\/#primaryimage\",\"url\":\"http:\\\/\\\/www.cklcomunicaciones.es\\\/wp-content\\\/uploads\\\/2018\\\/03\\\/CKL_comunicacion-con-perspetiva-de-genero-300x300.jpg\",\"contentUrl\":\"http:\\\/\\\/www.cklcomunicaciones.es\\\/wp-content\\\/uploads\\\/2018\\\/03\\\/CKL_comunicacion-con-perspetiva-de-genero-300x300.jpg\"},{\"@type\":\"BreadcrumbList\",\"@id\":\"https:\\\/\\\/cklcomunicaciones.es\\\/coop\\\/noticias-info-ckl-no-2-094-20-03-18\\\/#breadcrumb\",\"itemListElement\":[{\"@type\":\"ListItem\",\"position\":1,\"name\":\"Portada\",\"item\":\"https:\\\/\\\/cklcomunicaciones.es\\\/coop\\\/\"},{\"@type\":\"ListItem\",\"position\":2,\"name\":\"Noticias Info CKL n\u00ba 2.094-20\\\/03\\\/18\"}]},{\"@type\":\"WebSite\",\"@id\":\"https:\\\/\\\/cklcomunicaciones.es\\\/coop\\\/#website\",\"url\":\"https:\\\/\\\/cklcomunicaciones.es\\\/coop\\\/\",\"name\":\"CKL Comunicaciones\",\"description\":\"Sitio web de CKL Comunicaciones coop , la consultora de comunicaci\u00f3n y estrategia\",\"potentialAction\":[{\"@type\":\"SearchAction\",\"target\":{\"@type\":\"EntryPoint\",\"urlTemplate\":\"https:\\\/\\\/cklcomunicaciones.es\\\/coop\\\/?s={search_term_string}\"},\"query-input\":{\"@type\":\"PropertyValueSpecification\",\"valueRequired\":true,\"valueName\":\"search_term_string\"}}],\"inLanguage\":\"es\"},{\"@type\":\"Person\",\"@id\":\"https:\\\/\\\/cklcomunicaciones.es\\\/coop\\\/#\\\/schema\\\/person\\\/929a6837f7626450bbb50cee1aef266e\",\"name\":\"ckl\",\"image\":{\"@type\":\"ImageObject\",\"inLanguage\":\"es\",\"@id\":\"https:\\\/\\\/secure.gravatar.com\\\/avatar\\\/c82db564e8a669bf6023357a157b9dc4780f4d4c618f2ad1d71a6a5dede45057?s=96&d=mm&r=g\",\"url\":\"https:\\\/\\\/secure.gravatar.com\\\/avatar\\\/c82db564e8a669bf6023357a157b9dc4780f4d4c618f2ad1d71a6a5dede45057?s=96&d=mm&r=g\",\"contentUrl\":\"https:\\\/\\\/secure.gravatar.com\\\/avatar\\\/c82db564e8a669bf6023357a157b9dc4780f4d4c618f2ad1d71a6a5dede45057?s=96&d=mm&r=g\",\"caption\":\"ckl\"},\"url\":\"https:\\\/\\\/cklcomunicaciones.es\\\/coop\\\/author\\\/cklcomunicaciones\\\/\"}]}<\/script>\n<!-- \/ Yoast SEO plugin. -->","yoast_head_json":{"title":"Noticias Info CKL n\u00ba 2.094-20\/03\/18-Comunicar con perspectiva de g\u00e9nero","description":"Comunicar con perspectiva de g\u00e9nero: Lagarde:\u201cNadie puede ganar en una guerra comercial. Perder\u00e1n los pobres\u201d-IAM destaca el feminismo en la mejora de la vida de las mujeres-C\u00f3mo saber cu\u00e1nto cobran hombres y mujeres-Noche en blanco con Miradas de mujer","robots":{"index":"index","follow":"follow","max-snippet":"max-snippet:-1","max-image-preview":"max-image-preview:large","max-video-preview":"max-video-preview:-1"},"canonical":"https:\/\/cklcomunicaciones.es\/coop\/noticias-info-ckl-no-2-094-20-03-18\/","og_locale":"es_ES","og_type":"article","og_title":"Noticias Info CKL n\u00ba 2.094-20\/03\/18-Comunicar con perspectiva de g\u00e9nero","og_description":"Comunicar con perspectiva de g\u00e9nero: Lagarde:\u201cNadie puede ganar en una guerra comercial. Perder\u00e1n los pobres\u201d-IAM destaca el feminismo en la mejora de la vida de las mujeres-C\u00f3mo saber cu\u00e1nto cobran hombres y mujeres-Noche en blanco con Miradas de mujer","og_url":"https:\/\/cklcomunicaciones.es\/coop\/noticias-info-ckl-no-2-094-20-03-18\/","og_site_name":"CKL Comunicaciones","article_published_time":"2018-03-20T12:20:57+00:00","article_modified_time":"2025-01-17T15:40:57+00:00","og_image":[{"width":500,"height":500,"url":"https:\/\/cklcomunicaciones.es\/coop\/wp-content\/uploads\/2018\/03\/CKL_comunicacion-con-perspetiva-de-genero.jpg","type":"image\/jpeg"}],"author":"ckl","twitter_card":"summary_large_image","twitter_misc":{"Escrito por":"ckl","Tiempo de lectura":"5 minutos"},"schema":{"@context":"https:\/\/schema.org","@graph":[{"@type":"Article","@id":"https:\/\/cklcomunicaciones.es\/coop\/noticias-info-ckl-no-2-094-20-03-18\/#article","isPartOf":{"@id":"https:\/\/cklcomunicaciones.es\/coop\/noticias-info-ckl-no-2-094-20-03-18\/"},"author":{"name":"ckl","@id":"https:\/\/cklcomunicaciones.es\/coop\/#\/schema\/person\/929a6837f7626450bbb50cee1aef266e"},"headline":"Noticias Info CKL n\u00ba 2.094-20\/03\/18","datePublished":"2018-03-20T12:20:57+00:00","dateModified":"2025-01-17T15:40:57+00:00","mainEntityOfPage":{"@id":"https:\/\/cklcomunicaciones.es\/coop\/noticias-info-ckl-no-2-094-20-03-18\/"},"wordCount":978,"image":{"@id":"https:\/\/cklcomunicaciones.es\/coop\/noticias-info-ckl-no-2-094-20-03-18\/#primaryimage"},"thumbnailUrl":"http:\/\/www.cklcomunicaciones.es\/wp-content\/uploads\/2018\/03\/CKL_comunicacion-con-perspetiva-de-genero-300x300.jpg","articleSection":["Newsletter","Nwl v2.0"],"inLanguage":"es"},{"@type":"WebPage","@id":"https:\/\/cklcomunicaciones.es\/coop\/noticias-info-ckl-no-2-094-20-03-18\/","url":"https:\/\/cklcomunicaciones.es\/coop\/noticias-info-ckl-no-2-094-20-03-18\/","name":"Noticias Info CKL n\u00ba 2.094-20\/03\/18-Comunicar con perspectiva de g\u00e9nero","isPartOf":{"@id":"https:\/\/cklcomunicaciones.es\/coop\/#website"},"primaryImageOfPage":{"@id":"https:\/\/cklcomunicaciones.es\/coop\/noticias-info-ckl-no-2-094-20-03-18\/#primaryimage"},"image":{"@id":"https:\/\/cklcomunicaciones.es\/coop\/noticias-info-ckl-no-2-094-20-03-18\/#primaryimage"},"thumbnailUrl":"http:\/\/www.cklcomunicaciones.es\/wp-content\/uploads\/2018\/03\/CKL_comunicacion-con-perspetiva-de-genero-300x300.jpg","datePublished":"2018-03-20T12:20:57+00:00","dateModified":"2025-01-17T15:40:57+00:00","author":{"@id":"https:\/\/cklcomunicaciones.es\/coop\/#\/schema\/person\/929a6837f7626450bbb50cee1aef266e"},"description":"Comunicar con perspectiva de g\u00e9nero: Lagarde:\u201cNadie puede ganar en una guerra comercial. Perder\u00e1n los pobres\u201d-IAM destaca el feminismo en la mejora de la vida de las mujeres-C\u00f3mo saber cu\u00e1nto cobran hombres y mujeres-Noche en blanco con Miradas de mujer","breadcrumb":{"@id":"https:\/\/cklcomunicaciones.es\/coop\/noticias-info-ckl-no-2-094-20-03-18\/#breadcrumb"},"inLanguage":"es","potentialAction":[{"@type":"ReadAction","target":["https:\/\/cklcomunicaciones.es\/coop\/noticias-info-ckl-no-2-094-20-03-18\/"]}]},{"@type":"ImageObject","inLanguage":"es","@id":"https:\/\/cklcomunicaciones.es\/coop\/noticias-info-ckl-no-2-094-20-03-18\/#primaryimage","url":"http:\/\/www.cklcomunicaciones.es\/wp-content\/uploads\/2018\/03\/CKL_comunicacion-con-perspetiva-de-genero-300x300.jpg","contentUrl":"http:\/\/www.cklcomunicaciones.es\/wp-content\/uploads\/2018\/03\/CKL_comunicacion-con-perspetiva-de-genero-300x300.jpg"},{"@type":"BreadcrumbList","@id":"https:\/\/cklcomunicaciones.es\/coop\/noticias-info-ckl-no-2-094-20-03-18\/#breadcrumb","itemListElement":[{"@type":"ListItem","position":1,"name":"Portada","item":"https:\/\/cklcomunicaciones.es\/coop\/"},{"@type":"ListItem","position":2,"name":"Noticias Info CKL n\u00ba 2.094-20\/03\/18"}]},{"@type":"WebSite","@id":"https:\/\/cklcomunicaciones.es\/coop\/#website","url":"https:\/\/cklcomunicaciones.es\/coop\/","name":"CKL Comunicaciones","description":"Sitio web de CKL Comunicaciones coop , la consultora de comunicaci\u00f3n y estrategia","potentialAction":[{"@type":"SearchAction","target":{"@type":"EntryPoint","urlTemplate":"https:\/\/cklcomunicaciones.es\/coop\/?s={search_term_string}"},"query-input":{"@type":"PropertyValueSpecification","valueRequired":true,"valueName":"search_term_string"}}],"inLanguage":"es"},{"@type":"Person","@id":"https:\/\/cklcomunicaciones.es\/coop\/#\/schema\/person\/929a6837f7626450bbb50cee1aef266e","name":"ckl","image":{"@type":"ImageObject","inLanguage":"es","@id":"https:\/\/secure.gravatar.com\/avatar\/c82db564e8a669bf6023357a157b9dc4780f4d4c618f2ad1d71a6a5dede45057?s=96&d=mm&r=g","url":"https:\/\/secure.gravatar.com\/avatar\/c82db564e8a669bf6023357a157b9dc4780f4d4c618f2ad1d71a6a5dede45057?s=96&d=mm&r=g","contentUrl":"https:\/\/secure.gravatar.com\/avatar\/c82db564e8a669bf6023357a157b9dc4780f4d4c618f2ad1d71a6a5dede45057?s=96&d=mm&r=g","caption":"ckl"},"url":"https:\/\/cklcomunicaciones.es\/coop\/author\/cklcomunicaciones\/"}]}},"_links":{"self":[{"href":"https:\/\/cklcomunicaciones.es\/coop\/wp-json\/wp\/v2\/posts\/13757","targetHints":{"allow":["GET"]}}],"collection":[{"href":"https:\/\/cklcomunicaciones.es\/coop\/wp-json\/wp\/v2\/posts"}],"about":[{"href":"https:\/\/cklcomunicaciones.es\/coop\/wp-json\/wp\/v2\/types\/post"}],"author":[{"embeddable":true,"href":"https:\/\/cklcomunicaciones.es\/coop\/wp-json\/wp\/v2\/users\/3"}],"replies":[{"embeddable":true,"href":"https:\/\/cklcomunicaciones.es\/coop\/wp-json\/wp\/v2\/comments?post=13757"}],"version-history":[{"count":0,"href":"https:\/\/cklcomunicaciones.es\/coop\/wp-json\/wp\/v2\/posts\/13757\/revisions"}],"wp:attachment":[{"href":"https:\/\/cklcomunicaciones.es\/coop\/wp-json\/wp\/v2\/media?parent=13757"}],"wp:term":[{"taxonomy":"category","embeddable":true,"href":"https:\/\/cklcomunicaciones.es\/coop\/wp-json\/wp\/v2\/categories?post=13757"},{"taxonomy":"post_tag","embeddable":true,"href":"https:\/\/cklcomunicaciones.es\/coop\/wp-json\/wp\/v2\/tags?post=13757"}],"curies":[{"name":"wp","href":"https:\/\/api.w.org\/{rel}","templated":true}]}}