{"id":13736,"date":"2018-03-13T14:30:46","date_gmt":"2018-03-13T13:30:46","guid":{"rendered":"http:\/\/www.cklcomunicaciones.es\/?p=13736"},"modified":"2025-01-17T16:40:58","modified_gmt":"2025-01-17T15:40:58","slug":"noticias-info-ckl-no-2-089-13-03-18","status":"publish","type":"post","link":"https:\/\/cklcomunicaciones.es\/coop\/noticias-info-ckl-no-2-089-13-03-18\/","title":{"rendered":"Noticias Info CKL n\u00ba 2.089-13\/03\/18"},"content":{"rendered":"<div id=\"pl-13736\"  class=\"panel-layout\" >\n<div id=\"pg-13736-0\"  class=\"panel-grid panel-no-style\"  data-style=\"{&quot;background_image_attachment&quot;:false,&quot;background_display&quot;:&quot;tile&quot;,&quot;lsow_dark_bg&quot;:&quot;&quot;,&quot;cell_alignment&quot;:&quot;flex-start&quot;}\" >\n<div id=\"pgc-13736-0-0\"  class=\"panel-grid-cell\"  data-weight=\"1\" >\n<div id=\"panel-13736-0-0-0\" class=\"so-panel widget widget_sow-editor panel-first-child panel-last-child\" data-index=\"0\" data-style=\"{&quot;background_image_attachment&quot;:false,&quot;background_display&quot;:&quot;tile&quot;}\" >\n<div class=\"so-widget-sow-editor so-widget-sow-editor-base\">\n<div class=\"siteorigin-widget-tinymce textwidget\">\n\t<img decoding=\"async\" class=\"lazyload  wp-image-13726\" src=\"http:\/\/www.cklcomunicaciones.es\/wp-content\/uploads\/2018\/03\/CKL_comunicacion-con-perspetiva-de-genero-300x300.jpg\" data-orig-src=\"http:\/\/www.cklcomunicaciones.es\/wp-content\/uploads\/2018\/03\/CKL_comunicacion-con-perspetiva-de-genero-300x300.jpg\" alt=\"CKL_comunicacion con perspetiva de genero\" width=\"132\" height=\"132\" srcset=\"data:image\/svg+xml,%3Csvg%20xmlns%3D%27http%3A%2F%2Fwww.w3.org%2F2000%2Fsvg%27%20width%3D%27132%27%20height%3D%27132%27%20viewBox%3D%270%200%20132%20132%27%3E%3Crect%20width%3D%27132%27%20height%3D%27132%27%20fill-opacity%3D%220%22%2F%3E%3C%2Fsvg%3E\" data-srcset=\"https:\/\/cklcomunicaciones.es\/coop\/wp-content\/uploads\/2018\/03\/CKL_comunicacion-con-perspetiva-de-genero-150x150.jpg 150w, https:\/\/cklcomunicaciones.es\/coop\/wp-content\/uploads\/2018\/03\/CKL_comunicacion-con-perspetiva-de-genero-300x300.jpg 300w, https:\/\/cklcomunicaciones.es\/coop\/wp-content\/uploads\/2018\/03\/CKL_comunicacion-con-perspetiva-de-genero-450x450.jpg 450w, https:\/\/cklcomunicaciones.es\/coop\/wp-content\/uploads\/2018\/03\/CKL_comunicacion-con-perspetiva-de-genero.jpg 500w\" data-sizes=\"auto\" data-orig-sizes=\"(max-width: 132px) 100vw, 132px\" \/><\/p>\n<p><strong>La ONU debate sobre la igualdad de las mujeres en los medios de comunicaci\u00f3n-Emma Navarro,\u00fanica mujer en el Comit\u00e9 de Direcci\u00f3n del BEI-Un mundo para todo el mundo-RAE elimina la acepci\u00f3n machista de \u00abmujer f\u00e1cil\u00bb<\/strong><\/p>\n<p>[toggle type=\u00bbfirst\u00bb title=\u00bbConvocatorias\u00bb]<\/p>\n<ul>\n<li><a href=\"http:\/\/www.juntadeandalucia.es\/iam\/catalogo\/doc\/convocatorias\/2018-genero\/GR-jornada-igualdad-deporte.pdf\">J<\/a><a href=\"http:\/\/www.juntadeandalucia.es\/iam\/catalogo\/doc\/convocatorias\/2018-genero\/GR-jornada-igualdad-deporte.pdf\">ornadas t\u00e9cnicas &#8216;El Tercer Tiempo: la Igualdad como Valor en el Deporte&#8217;<\/a>. Diputaci\u00f3n de Granada. 15 de marzo de 2018. <a href=\"http:\/\/www.juntadeandalucia.es\/iam\/catalogo\/doc\/convocatorias\/2018-genero\/GR-jornada-igualdad-deporte-inscripcion.doc\">Inscripci\u00f3n<\/a><\/li>\n<li><a href=\"http:\/\/www.juntadeandalucia.es\/iam\/catalogo\/doc\/convocatorias\/2018-iam\/AN-emprender-liderando.pdf\">Emprender Liderando<\/a>. Instituto Andaluz de la Mujer. Almer\u00eda, 20 de marzo de 2018; Granada, 21 de marzo de 2018; Ja\u00e9n, 22 de marzo de 2018; Sevilla, 4 de abril de 2018; C\u00f3rdoba, 5 de abril de 2018; C\u00e1diz, 6 de abril de 2018; Huelva, 9 de abril de 2018; M\u00e1laga,10 de abril de 2018. <a href=\"https:\/\/docs.google.com\/forms\/d\/e\/1FAIpQLSflv0DUgarHYOihZcS_meO9HutWOzBKr9N4m5bSzu-u7OVVGw\/viewform\">M\u00e1s informaci\u00f3n<\/a><\/li>\n<li><a href=\"http:\/\/www.juntadeandalucia.es\/iam\/catalogo\/doc\/convocatorias\/2018-iam\/JA-dialogos-feministas.pdf\">Di\u00e1logos Feministas, a cargo de Neus Albertos y Encarnaci\u00f3n Hern\u00e1ndez<\/a>. Centro Provincial del Instituto Andaluz de la Mujer de Ja\u00e9n. 14 de marzo de 2018. Plazas limitadas, reservas por orden de inscripci\u00f3n<\/li>\n<\/ul>\n<p>[\/toggle]<\/p>\n<p>[toggle type=\u00bbfirst\u00bb title=\u00bbComunicaci\u00f3n\u00bb]<\/p>\n<p><a href=\"https:\/\/www.google.com\/url?rct=j&amp;sa=t&amp;url=http:\/\/www.publico.es\/culturas\/facil-rae-rae-rectifica-elimina-acepcion-machista-mujer-facil.html&amp;ct=ga&amp;cd=CAEYACoUMTU3MDQwMzgxMzgxMzI2MDgzNTMyGWMwMzcyZWJjMmZlYWRhNTk6ZXM6ZXM6RVM&amp;usg=AFQjCNFGVDXRkzC60mJciDuy5uq944rvJQ\">La RAE rectifica y elimina la acepci\u00f3n machista de &#8216;mujer f\u00e1cil&#8217; <\/a>&#8211; P\u00fablico<\/p>\n<p><a href=\"http:\/\/www.publico.es\/sociedad\/igualdad-mujeres-medios-onu-csw.html\">La ONU debate sobre la igualdad de las mujeres en los medios de comunicaci\u00f3n<\/a> \u2026 P\u00fablico<\/p>\n<p><a href=\"https:\/\/elpais.com\/elpais\/2018\/03\/13\/mujeres\/1520930140_952335.html\">El diario alem\u00e1n &#8216;Bild&#8217; elimina las fotos en &#8216;topless&#8217; del concurso &#8230;<\/a>&#8211; El Pa\u00eds<\/p>\n<p><a href=\"http:\/\/www.diariocordoba.com\/noticias\/cordobaprovincia\/elaboran-guia-uso-lenguaje-no-sexista-redes_1211923.html\">Elaboran una gu\u00eda de uso del lenguaje no sexista en redes<\/a> &#8211; Diario C\u00f3rdoba<\/p>\n<p><a href=\"http:\/\/www.europapress.es\/andalucia\/noticia-redes-sociales-son-factor-riesgo-autoestima-juventud-estudio-uco-20180313120849.html\">Un estudio de la UCO se\u00f1ala las redes sociales como factor de riesgo para la autoestima de los j\u00f3venes&#8230;<\/a>-Europa Press<\/p>\n<p>&nbsp;<\/p>\n<p>[\/toggle]<\/p>\n<p>[toggle type=\u00bbfirst\u00bb title=\u00bbAndaluc\u00eda\u00bb]<\/p>\n<p><strong>Institucional<\/strong><\/p>\n<p><a href=\"http:\/\/www.juntadeandalucia.es\/presidencia\/portavoz\/130627\/presidenta\/susana\/diaz\/felipe\/vi\/rey\/inauguracion\/ADW\/digital\/week\/TIC\/economia\/Junta\/Andalucia\">D\u00edaz anima al tejido empresarial andaluz a protagonizar el salto hacia la Cuarta Revoluci\u00f3n Industrial<\/a> \u2013 Oficina del Portavoz<\/p>\n<p><strong>Econom\u00eda y Empresas<\/strong><\/p>\n<p><a href=\"http:\/\/www.diariodesevilla.es\/economia\/Andalucia-creara-contratos-Semana-Santa_0_1226278061.html\">Andaluc\u00eda crear\u00e1 40.480 contratos nuevos con motivo de la Semana &#8230;<\/a> &#8211; Diario de Sevilla<\/p>\n<p><a href=\"https:\/\/www.20minutos.es\/noticia\/3286415\/0\/primera-andalucia-digital-week-estrena-sevilla-aspiracion-convertirse-referente\/\">La primera &#8216;Andaluc\u00eda Digital Week&#8217; se estrena en Sevilla con &#8230;<\/a> &#8211; <a href=\"http:\/\/20minutos.es\">20minutos.es<\/a><\/p>\n<p><a href=\"http:\/\/www.europapress.es\/andalucia\/turismo-00476\/noticia-catedra-andalucia-emprende-profundiza-emprendimiento-jovenes-sector-turistico-20180312183743.html\">La C\u00e1tedra Andaluc\u00eda Emprende profundiza en el emprendimiento &#8230;<\/a> &#8211; Europa Press<\/p>\n<p><strong>Actualidad<\/strong><\/p>\n<p><a href=\"http:\/\/www.teleprensa.com\/sevilla\/el-instituto-andaluz-de-la-mujer-atiende-cada-ano-de-manera-directa-a-mas-de-2000-mujeres-con-alguna-discapacidad.html.html\">El Instituto Andaluz de la Mujer<em> a<\/em>tiende cada a\u00f1o de manera directa a m\u00e1s de 2.000 mujeres con alguna discapacidad&#8230;<\/a> &#8211; Teleprensa peri\u00f3dico digital<\/p>\n<p><a href=\"https:\/\/www.google.com\/url?rct=j&amp;sa=t&amp;url=http:\/\/www.granadahoy.com\/granada\/realidad-vista-span-styletext-transformuppercasegafas-violetaspan_0_1226277796.html&amp;ct=ga&amp;cd=CAEYACoTODQ1Nzg5MTM3NzEwNjk4Nzc4MjIZZTJkZWZhN2Q1ZGE5MTU3ZDplczplczpFUw&amp;usg=AFQjCNHDypB-XAERDQhTcxuaboKdjZXNxg\">La realidad vista con gafas violeta <\/a>&#8211; Granada Hoy<\/p>\n<p><a href=\"http:\/\/www.diariosur.es\/malaga\/malaga-supera-media-20180313132952-nt.html\">M\u00e1laga supera a la media <em>andaluza<\/em> como ciudad inteligente e &#8230;<\/a>&#8211; Sur Digital<\/p>\n<p><strong>Violencia<\/strong><\/p>\n<p><a href=\"https:\/\/www.google.com\/url?rct=j&amp;sa=t&amp;url=http:\/\/www.infocostatropical.com\/noticia.asp%3Fid_noticia%3D80162&amp;ct=ga&amp;cd=CAEYACoTNjE3MTUzMzUzNDExODUwMzMzNzIZZTFlNzdkMTU2MDk4YThlMzplczplczpFUw&amp;usg=AFQjCNHvUnIe3rnMUFwuoZx1FveAsv1w6w\">El \u00e1rea de Igualdad organiza este viernes las &#8216;Jornadas Sobre Violencia de G\u00e9nero: Defensa de la &#8230; <\/a>&#8211; <a href=\"http:\/\/infocostatropical.com\">infocostatropical.com<\/a><\/p>\n<p><a href=\"http:\/\/sevilla.abc.es\/andalucia\/cordoba\/sevi-juzgado-violencia-genero-cordoba-comienza-funcionar-primera-vista-oral-201803122212_noticia.html\">El Juzgado de Violencia de G\u00e9nero de C\u00f3rdoba comienza a funcionar &#8230;<\/a> &#8211; <a href=\"http:\/\/abcdesevilla.es\">abcdesevilla.es<\/a><\/p>\n<p><strong>Ciencia y Cultura<\/strong><\/p>\n<p><a href=\"https:\/\/www.google.com\/url?rct=j&amp;sa=t&amp;url=http:\/\/www.ideal.es\/almeria\/provincia-almeria\/rectora-universidad-granada-20180313235546-ntvo.html&amp;ct=ga&amp;cd=CAEYAyoUMTczNTM0Nzk1OTI3NzI3NDk4NDIyGWMwMzcyZWJjMmZlYWRhNTk6ZXM6ZXM6RVM&amp;usg=AFQjCNHzn3PMGVZldtkNJdnAV3Ce2chu1w\">La rectora de la Universidad de Granada, Pilar Aranda, preside unas lecturas sobre mujer y trabajo en Adra <\/a>&#8211; Ideal Digital<\/p>\n<p><a href=\"http:\/\/www.mujeremprendedora.net\/coloquio-aborda-eficacia-constitucion-espanola-materia-igualdad\/\">Un coloquio aborda la eficacia de la Constituci\u00f3n Espa\u00f1ola en materia de igualdad<\/a> \u2013 Mujeremprendedora.net<\/p>\n<p><a href=\"https:\/\/www.20minutos.es\/noticia\/3286615\/0\/ciclo-documentales-mva-dedica-proyeccion-mujer-grafitera-con-girl-power\/\">El ciclo de documentales del MVA dedica una proyecci\u00f3n a la mujer &#8230;<\/a> &#8211; <a href=\"http:\/\/20minutos.es\">20minutos.es<\/a><\/p>\n<p><a href=\"http:\/\/www.sevillaactualidad.com\/cultura\/88472-homenaje-mujer-cartuja-center-cite\/\">Homenaje a la mujer para inaugurar el Cartuja Center CITE<\/a> &#8211; Sevilla Actualidad<\/p>\n<p><strong>Deporte<\/strong><\/p>\n<p><a href=\"https:\/\/www.vavel.com\/es\/futbol\/2018\/03\/12\/ud-almeria\/891021-el-almeria-tendra-un-equipo-femenino-la-temporada-1819.html\">El Almer\u00eda tendr\u00e1 un equipo femenino la temporada 18\/19<\/a> &#8211; Vavel.com<\/p>\n<p><a href=\"http:\/\/sevilla.abc.es\/provincia\/sevi-deporte-femenino-arahal-cita-elite-201803120750_noticia.html\">El deporte femenino en Arahal se cita con la elite<\/a> &#8211; <a href=\"http:\/\/abcdesevilla.es\">abcdesevilla.es<\/a><\/p>\n<p>&nbsp;<\/p>\n<p>[\/toggle]<\/p>\n<p>[toggle type=\u00bbfirst\u00bb title=\u00bbEstado\u00bb]<\/p>\n<p><strong>Institucional<\/strong><\/p>\n<p><a href=\"https:\/\/www.google.es\/url?sa=t&amp;rct=j&amp;q=&amp;esrc=s&amp;source=newssearch&amp;cd=15&amp;ved=0ahUKEwj2_-r0rOnZAhULPhQKHaWnDWA4ChCpAggxKAAwBA&amp;url=https%3A%2F%2Fwww.20minutos.es%2Fnoticia%2F3285460%2F0%2Ffatima-banez-brecha-salarial-mujeres-cero-espana%2F&amp;usg=AOvVaw3-EhS_hOLYSFFbCkJTaJiE\">F\u00e1tima B\u00e1\u00f1ez: \u00abQueremos que la brecha salarial (entre hombres y mujeres) sea cero en Espa\u00f1a &#8230;<\/a> &#8211; <a href=\"http:\/\/20minutos.es\">20minutos.es<\/a><\/p>\n<p><strong>Institucional-CCAA<\/strong><\/p>\n<p><a href=\"https:\/\/www.google.com\/url?rct=j&amp;sa=t&amp;url=http:\/\/www.lavanguardia.com\/vida\/20180312\/441480926939\/casi-400-entidades-catalanas-exponen-en-la-onu-politicas-impulsar-la-igualdad.html&amp;ct=ga&amp;cd=CAEYACoSNjAzMjE2NzIyNTg1NDMwMDIxMhljMDM3MmViYzJmZWFkYTU5OmVzOmVzOkVT&amp;usg=AFQjCNE0T1jVUnkdPSWf6QRVwOwZ0_2KHw\">Casi 400 entidades catalanas exponen en la ONU pol\u00edticas impulsar la igualdad <\/a>&#8211; La Vanguardia<\/p>\n<p><a href=\"https:\/\/www.google.com\/url?rct=j&amp;sa=t&amp;url=http:\/\/www.europapress.es\/castilla-lamancha\/noticia-junta-inicia-estrategia-prevencion-violencia-genero-mujeres-mayores-20180313104744.html&amp;ct=ga&amp;cd=CAEYACoTNzcwNTgyODU4MDk0MTEzNTgwMjIZYzAzNzJlYmMyZmVhZGE1OTplczplczpFUw&amp;usg=AFQjCNG-6YVR5Nd_2zKiJYTedW79ODD9qA\">Junta de Castilla-La Mancha inicia una estrategia de prevenci\u00f3n de la violencia de g\u00e9nero hacia las mujeres mayores <\/a>&#8211; Europa Press<\/p>\n<p><a href=\"http:\/\/cadenaser.com\/emisora\/2018\/03\/13\/radio_denia\/1520934614_033084.html\">M\u00e1s de 30 remeras rinden homenaje al D\u00eda de la Mujer<em> e<\/em>n el \u00e1mbito &#8230;<\/a> &#8211; Cadena SER<\/p>\n<p><strong>Econom\u00eda y Empresa<\/strong><\/p>\n<p><a href=\"http:\/\/www.eleconomista.es\/empresas-finanzas\/noticias\/9000019\/03\/18\/EMMANAVARRO.html\">Emma Navarro, la \u00fanica mujer en el Comit\u00e9 de Direcci\u00f3n del Banco Europeo de Inversiones &#8230;<\/a> &#8211; elEconomista.es<\/p>\n<p><a href=\"http:\/\/www.elmundo.es\/yodona\/lifestyle\/2018\/03\/13\/5a9eb5fc22601d5e088b468f.html\">\u00bfHasta qu\u00e9 punto la moda influye en el trabajo de las <strong>mujeres<\/strong>?<\/a> \u2013 El Mundo<\/p>\n<p><a href=\"http:\/\/www.mujeremprendedora.net\/v-jornada-internacional-mujer-aeronautica\/\">V Jornada Internacional Mujer y Aeron\u00e1utica<\/a> \u2013 Mujeremprendedora.net<\/p>\n<p><a href=\"http:\/\/www.elmundo.es\/yodona\/lifestyle\/2018\/03\/13\/5a9eb5fc22601d5e088b468f.html\">\u00bfHasta qu\u00e9 punto la moda influye en el trabajo de las mujeres?<\/a> &#8211; El Mundo<\/p>\n<p><strong>Actualidad<\/strong><\/p>\n<p><a href=\"https:\/\/www.google.es\/url?sa=t&amp;rct=j&amp;q=&amp;esrc=s&amp;source=newssearch&amp;cd=61&amp;ved=0ahUKEwjE1f6PqunZAhXHshQKHb-lAW04PBCpAggmKAAwAA&amp;url=https%3A%2F%2Felpais.com%2Felpais%2F2018%2F02%2F28%2Fmujeres%2F1519843989_601550.html&amp;usg=AOvVaw3JKuyp1z1VzLBuGqCpcuaG\">Un mundo para todo el mundo<\/a> \u2013 El Pa\u00eds<\/p>\n<p><strong>Violencia<\/strong><\/p>\n<p><a href=\"https:\/\/www.google.com\/url?rct=j&amp;sa=t&amp;url=http:\/\/www.elmundo.es\/espana\/2018\/03\/13\/5aa6e216ca4741d1028b45f6.html&amp;ct=ga&amp;cd=CAEYACoTOTIwNzU1NDI2MzEwNzY1NzczOTIZZTFlNzdkMTU2MDk4YThlMzplczplczpFUw&amp;usg=AFQjCNHC1udtMIWn596JHihwOONVEK8O9Q\">Aumentan un 48% los menores enjuiciados por violencia de g\u00e9nero <\/a>&#8211; El Mundo<\/p>\n<p><a href=\"https:\/\/www.20minutos.es\/noticia\/3286718\/0\/juristas-piden-confesion-no-atenuante-violencia-machista\/\">Mujeres juristas piden que confesar no sea atenuante en cr\u00edmenes machistas &#8230;<\/a> &#8211; <a href=\"http:\/\/20minutos.es\">20minutos.es<\/a><\/p>\n<p><strong>Ciencia y Cultura<\/strong><\/p>\n<p><a href=\"https:\/\/www.google.es\/url?sa=t&amp;rct=j&amp;q=&amp;esrc=s&amp;source=newssearch&amp;cd=23&amp;ved=0ahUKEwiKqvfvqOnZAhUDUhQKHYMuDjI4FBCpAggsKAAwAg&amp;url=https%3A%2F%2Fwww.eldiario.es%2Ftribunaabierta%2Fpionera-espanola-lucha-desigualdad-laboral_6_749335078.html&amp;usg=AOvVaw3-v2a53OqfC3RApRk3Crnl\">\u00c1ngeles Alvari\u00f1o, una pionera espa\u00f1ola en la lucha contra la desigualdad laboral<\/a> &#8211; <a href=\"http:\/\/eldiario.es\">eldiario.es<\/a><\/p>\n<p><a href=\"http:\/\/www.elmundo.es\/metropoli\/teatro\/2018\/03\/12\/5aa69a0922601d676d8b4610.html\">Carmen Machi: \u00abNo hay que estigmatizar la mentira\u00bb<\/a> \u2013 El Mundo<\/p>\n<p><a href=\"http:\/\/www.laprovincia.es\/cultura\/2018\/03\/13\/ciclo-mujeres-rodando-pone-foco\/1037238.html\">El ciclo &#8216;Mujeres rodando&#8217; pone el foco en la presencia femenina en &#8230;<\/a> &#8211; La Provincia<\/p>\n<p><strong>Deporte<\/strong><\/p>\n<p><a href=\"http:\/\/www.marca.com\/futbol\/futbol-femenino\/2018\/03\/13\/5aa7bacfe5fdeafc448b45c8.html\">Vero Boquete debuta en China con una victoria y dos asistencias<\/a> &#8211; Marca.com<\/p>\n<p><a href=\"http:\/\/www.mundodeportivo.com\/otros-deportes\/20180313\/441496178206\/marta-marrero-este-ano-esperamos-tener-salud-para-disputar-las-finales.html\">Marta Marrero: \u201cEste a\u00f1o esperamos tener salud para disputar las &#8230;<\/a> &#8211; Mundo Deportivo<\/p>\n<p><a href=\"https:\/\/www.palco23.com\/marketing\/el-barca-atleti-se-convierte-en-el-partido-mas-visto-de-la-historia-del-futbol-femenino.html\">El Bar\u00e7a-Atleti se convierte en el partido m\u00e1s visto de la historia del futbol femenino&#8230;<\/a> &#8211; Palco23<\/p>\n<p>&nbsp;<\/p>\n<p>[\/toggle]<\/p>\n<p>[toggle type=\u00bbfirst\u00bb title=\u00bbInternacional\u00bb]<\/p>\n<p><a href=\"https:\/\/www.google.com\/url?rct=j&amp;sa=t&amp;url=http:\/\/laestrella.com.pa\/panama\/nacional\/panama-presenta-avances-cumplimiento-metas-derechos-mujer\/24052951&amp;ct=ga&amp;cd=CAEYACoTMzU5MjE4MDg3MTgxNjg1MzYzNTIZYzAzNzJlYmMyZmVhZGE1OTplczplczpFUw&amp;usg=AFQjCNHQwhUT2Ng478ckaIlCWOWeeWfNGw\">Panam\u00e1 presenta avances de cumplimiento de metas en derechos de la mujer <\/a>&#8211; La Estrella de Panam\u00e1<\/p>\n<p><a href=\"http:\/\/www.mujeremprendedora.net\/rolex-destaca-proyectos-seis-mujeres-trabajan-cambiar-mundo\/\">Rolex destaca los proyectos de seis mujeres que trabajan para cambiar el mundo<\/a> \u2013 Mujeremprendedora.net<\/p>\n<p><a href=\"https:\/\/www.google.es\/url?sa=t&amp;rct=j&amp;q=&amp;esrc=s&amp;source=newssearch&amp;cd=1&amp;ved=0ahUKEwio2JbBpunZAhWB6RQKHZkxDYgQqQIIJygAMAA&amp;url=https%3A%2F%2Felpais.com%2Felpais%2F2018%2F03%2F12%2Fplaneta_futuro%2F1520855020_160105.html&amp;usg=AOvVaw3TTZGB4MTCURp6WOsVR6Vo\">\u201cLas familias africanas tendr\u00e1n alimento asegurado cuando las mujeres controlen la tierra &#8230;<\/a>&#8211; El Pa\u00eds<\/p>\n<p><a href=\"https:\/\/www.google.es\/url?sa=t&amp;rct=j&amp;q=&amp;esrc=s&amp;source=newssearch&amp;cd=1&amp;ved=0ahUKEwimsaOJp-nZAhWJUhQKHYL8DpkQqQIIJygAMAA&amp;url=https%3A%2F%2Fwww.eldiario.es%2Fpolitica%2Fmujeres-puestos-organismos-internacionales-Europol_0_749625393.html&amp;usg=AOvVaw011b_IPzQUzQTnX5RM23ov\">Julia Viedma, inspectora de Europol: \u201cLas mujeres deben pedir puestos en organismos internacionales &#8230;<\/a> &#8211; <a href=\"http:\/\/eldiario.es\">eldiario.es<\/a><\/p>\n<p><a href=\"https:\/\/www.elespectador.com\/entretenimiento\/musica\/rihanna-es-la-primera-mujer-en-superar-2000-millones-de-reproducciones-en-apple-music-articulo-743960\">Rihanna es la primera mujer en superar 2000 millones de reproducciones &#8230;<\/a> &#8211; ElEspectador.com<\/p>\n<p><a href=\"http:\/\/www.publico.es\/internacional\/james-levine-metropolitan-opera-nueva-york-despide-director-abusos-sexuales.html\">La Metropolitan Opera de Nueva York despide a su director por abusos sexuales<\/a>&#8211; P\u00fablico<\/p>\n<p><a href=\"http:\/\/www.elmundo.es\/deportes\/padel\/2018\/03\/12\/5aa6be9c46163f725c8b4628.html\">El nuevo World Padel Tour, m\u00e1s femenino<\/a> &#8211; El Mundo<\/p>\n<p>&nbsp;<\/p>\n<p>[\/toggle]<\/p><\/div>\n<\/div>\n<\/div>\n<\/div>\n<\/div>\n<\/div>\n","protected":false},"excerpt":{"rendered":"<p>La ONU debate sobre la igualdad de las mujeres en <a href=\"https:\/\/cklcomunicaciones.es\/coop\/noticias-info-ckl-no-2-089-13-03-18\/\">[&#8230;]<\/a><\/p>\n","protected":false},"author":3,"featured_media":0,"comment_status":"closed","ping_status":"closed","sticky":false,"template":"","format":"standard","meta":{"footnotes":""},"categories":[298,623],"tags":[],"class_list":["post-13736","post","type-post","status-publish","format-standard","hentry","category-newsletter","category-nwl-2-0"],"yoast_head":"<!-- This site is optimized with the Yoast SEO plugin v27.4 - https:\/\/yoast.com\/product\/yoast-seo-wordpress\/ -->\n<title>Noticias Info CKL n\u00ba 2.089-13\/03\/18-Comunicar con perspectiva de g\u00e9nero<\/title>\n<meta name=\"description\" content=\"Comunicar con perspectiva de g\u00e9nero: La ONU debate sobre la igualdad de las mujeres en los medios de comunicaci\u00f3n-Emma Navarro,\u00fanica mujer en el Comit\u00e9 de Direcci\u00f3n del BEI-Un mundo para todo el mundo-RAE elimina la acepci\u00f3n machista de &quot;mujer f\u00e1cil&quot;\" \/>\n<meta name=\"robots\" content=\"index, follow, max-snippet:-1, max-image-preview:large, max-video-preview:-1\" \/>\n<link rel=\"canonical\" href=\"https:\/\/cklcomunicaciones.es\/coop\/noticias-info-ckl-no-2-089-13-03-18\/\" \/>\n<meta property=\"og:locale\" content=\"es_ES\" \/>\n<meta property=\"og:type\" content=\"article\" \/>\n<meta property=\"og:title\" content=\"Noticias Info CKL n\u00ba 2.089-13\/03\/18-Comunicar con perspectiva de g\u00e9nero\" \/>\n<meta property=\"og:description\" content=\"Comunicar con perspectiva de g\u00e9nero: La ONU debate sobre la igualdad de las mujeres en los medios de comunicaci\u00f3n-Emma Navarro,\u00fanica mujer en el Comit\u00e9 de Direcci\u00f3n del BEI-Un mundo para todo el mundo-RAE elimina la acepci\u00f3n machista de &quot;mujer f\u00e1cil&quot;\" \/>\n<meta property=\"og:url\" content=\"https:\/\/cklcomunicaciones.es\/coop\/noticias-info-ckl-no-2-089-13-03-18\/\" \/>\n<meta property=\"og:site_name\" content=\"CKL Comunicaciones\" \/>\n<meta property=\"article:published_time\" content=\"2018-03-13T13:30:46+00:00\" \/>\n<meta property=\"article:modified_time\" content=\"2025-01-17T15:40:58+00:00\" \/>\n<meta property=\"og:image\" content=\"https:\/\/cklcomunicaciones.es\/coop\/wp-content\/uploads\/2018\/03\/CKL_comunicacion-con-perspetiva-de-genero.jpg\" \/>\n\t<meta property=\"og:image:width\" content=\"500\" \/>\n\t<meta property=\"og:image:height\" content=\"500\" \/>\n\t<meta property=\"og:image:type\" content=\"image\/jpeg\" \/>\n<meta name=\"author\" content=\"ckl\" \/>\n<meta name=\"twitter:card\" content=\"summary_large_image\" \/>\n<meta name=\"twitter:label1\" content=\"Escrito por\" \/>\n\t<meta name=\"twitter:data1\" content=\"ckl\" \/>\n\t<meta name=\"twitter:label2\" content=\"Tiempo de lectura\" \/>\n\t<meta name=\"twitter:data2\" content=\"4 minutos\" \/>\n<script type=\"application\/ld+json\" class=\"yoast-schema-graph\">{\"@context\":\"https:\\\/\\\/schema.org\",\"@graph\":[{\"@type\":\"Article\",\"@id\":\"https:\\\/\\\/cklcomunicaciones.es\\\/coop\\\/noticias-info-ckl-no-2-089-13-03-18\\\/#article\",\"isPartOf\":{\"@id\":\"https:\\\/\\\/cklcomunicaciones.es\\\/coop\\\/noticias-info-ckl-no-2-089-13-03-18\\\/\"},\"author\":{\"name\":\"ckl\",\"@id\":\"https:\\\/\\\/cklcomunicaciones.es\\\/coop\\\/#\\\/schema\\\/person\\\/929a6837f7626450bbb50cee1aef266e\"},\"headline\":\"Noticias Info CKL n\u00ba 2.089-13\\\/03\\\/18\",\"datePublished\":\"2018-03-13T13:30:46+00:00\",\"dateModified\":\"2025-01-17T15:40:58+00:00\",\"mainEntityOfPage\":{\"@id\":\"https:\\\/\\\/cklcomunicaciones.es\\\/coop\\\/noticias-info-ckl-no-2-089-13-03-18\\\/\"},\"wordCount\":900,\"image\":{\"@id\":\"https:\\\/\\\/cklcomunicaciones.es\\\/coop\\\/noticias-info-ckl-no-2-089-13-03-18\\\/#primaryimage\"},\"thumbnailUrl\":\"http:\\\/\\\/www.cklcomunicaciones.es\\\/wp-content\\\/uploads\\\/2018\\\/03\\\/CKL_comunicacion-con-perspetiva-de-genero-300x300.jpg\",\"articleSection\":[\"Newsletter\",\"Nwl v2.0\"],\"inLanguage\":\"es\"},{\"@type\":\"WebPage\",\"@id\":\"https:\\\/\\\/cklcomunicaciones.es\\\/coop\\\/noticias-info-ckl-no-2-089-13-03-18\\\/\",\"url\":\"https:\\\/\\\/cklcomunicaciones.es\\\/coop\\\/noticias-info-ckl-no-2-089-13-03-18\\\/\",\"name\":\"Noticias Info CKL n\u00ba 2.089-13\\\/03\\\/18-Comunicar con perspectiva de g\u00e9nero\",\"isPartOf\":{\"@id\":\"https:\\\/\\\/cklcomunicaciones.es\\\/coop\\\/#website\"},\"primaryImageOfPage\":{\"@id\":\"https:\\\/\\\/cklcomunicaciones.es\\\/coop\\\/noticias-info-ckl-no-2-089-13-03-18\\\/#primaryimage\"},\"image\":{\"@id\":\"https:\\\/\\\/cklcomunicaciones.es\\\/coop\\\/noticias-info-ckl-no-2-089-13-03-18\\\/#primaryimage\"},\"thumbnailUrl\":\"http:\\\/\\\/www.cklcomunicaciones.es\\\/wp-content\\\/uploads\\\/2018\\\/03\\\/CKL_comunicacion-con-perspetiva-de-genero-300x300.jpg\",\"datePublished\":\"2018-03-13T13:30:46+00:00\",\"dateModified\":\"2025-01-17T15:40:58+00:00\",\"author\":{\"@id\":\"https:\\\/\\\/cklcomunicaciones.es\\\/coop\\\/#\\\/schema\\\/person\\\/929a6837f7626450bbb50cee1aef266e\"},\"description\":\"Comunicar con perspectiva de g\u00e9nero: La ONU debate sobre la igualdad de las mujeres en los medios de comunicaci\u00f3n-Emma Navarro,\u00fanica mujer en el Comit\u00e9 de Direcci\u00f3n del BEI-Un mundo para todo el mundo-RAE elimina la acepci\u00f3n machista de \\\"mujer f\u00e1cil\\\"\",\"breadcrumb\":{\"@id\":\"https:\\\/\\\/cklcomunicaciones.es\\\/coop\\\/noticias-info-ckl-no-2-089-13-03-18\\\/#breadcrumb\"},\"inLanguage\":\"es\",\"potentialAction\":[{\"@type\":\"ReadAction\",\"target\":[\"https:\\\/\\\/cklcomunicaciones.es\\\/coop\\\/noticias-info-ckl-no-2-089-13-03-18\\\/\"]}]},{\"@type\":\"ImageObject\",\"inLanguage\":\"es\",\"@id\":\"https:\\\/\\\/cklcomunicaciones.es\\\/coop\\\/noticias-info-ckl-no-2-089-13-03-18\\\/#primaryimage\",\"url\":\"http:\\\/\\\/www.cklcomunicaciones.es\\\/wp-content\\\/uploads\\\/2018\\\/03\\\/CKL_comunicacion-con-perspetiva-de-genero-300x300.jpg\",\"contentUrl\":\"http:\\\/\\\/www.cklcomunicaciones.es\\\/wp-content\\\/uploads\\\/2018\\\/03\\\/CKL_comunicacion-con-perspetiva-de-genero-300x300.jpg\"},{\"@type\":\"BreadcrumbList\",\"@id\":\"https:\\\/\\\/cklcomunicaciones.es\\\/coop\\\/noticias-info-ckl-no-2-089-13-03-18\\\/#breadcrumb\",\"itemListElement\":[{\"@type\":\"ListItem\",\"position\":1,\"name\":\"Portada\",\"item\":\"https:\\\/\\\/cklcomunicaciones.es\\\/coop\\\/\"},{\"@type\":\"ListItem\",\"position\":2,\"name\":\"Noticias Info CKL n\u00ba 2.089-13\\\/03\\\/18\"}]},{\"@type\":\"WebSite\",\"@id\":\"https:\\\/\\\/cklcomunicaciones.es\\\/coop\\\/#website\",\"url\":\"https:\\\/\\\/cklcomunicaciones.es\\\/coop\\\/\",\"name\":\"CKL Comunicaciones\",\"description\":\"Sitio web de CKL Comunicaciones coop , la consultora de comunicaci\u00f3n y estrategia\",\"potentialAction\":[{\"@type\":\"SearchAction\",\"target\":{\"@type\":\"EntryPoint\",\"urlTemplate\":\"https:\\\/\\\/cklcomunicaciones.es\\\/coop\\\/?s={search_term_string}\"},\"query-input\":{\"@type\":\"PropertyValueSpecification\",\"valueRequired\":true,\"valueName\":\"search_term_string\"}}],\"inLanguage\":\"es\"},{\"@type\":\"Person\",\"@id\":\"https:\\\/\\\/cklcomunicaciones.es\\\/coop\\\/#\\\/schema\\\/person\\\/929a6837f7626450bbb50cee1aef266e\",\"name\":\"ckl\",\"image\":{\"@type\":\"ImageObject\",\"inLanguage\":\"es\",\"@id\":\"https:\\\/\\\/secure.gravatar.com\\\/avatar\\\/c82db564e8a669bf6023357a157b9dc4780f4d4c618f2ad1d71a6a5dede45057?s=96&d=mm&r=g\",\"url\":\"https:\\\/\\\/secure.gravatar.com\\\/avatar\\\/c82db564e8a669bf6023357a157b9dc4780f4d4c618f2ad1d71a6a5dede45057?s=96&d=mm&r=g\",\"contentUrl\":\"https:\\\/\\\/secure.gravatar.com\\\/avatar\\\/c82db564e8a669bf6023357a157b9dc4780f4d4c618f2ad1d71a6a5dede45057?s=96&d=mm&r=g\",\"caption\":\"ckl\"},\"url\":\"https:\\\/\\\/cklcomunicaciones.es\\\/coop\\\/author\\\/cklcomunicaciones\\\/\"}]}<\/script>\n<!-- \/ Yoast SEO plugin. -->","yoast_head_json":{"title":"Noticias Info CKL n\u00ba 2.089-13\/03\/18-Comunicar con perspectiva de g\u00e9nero","description":"Comunicar con perspectiva de g\u00e9nero: La ONU debate sobre la igualdad de las mujeres en los medios de comunicaci\u00f3n-Emma Navarro,\u00fanica mujer en el Comit\u00e9 de Direcci\u00f3n del BEI-Un mundo para todo el mundo-RAE elimina la acepci\u00f3n machista de \"mujer f\u00e1cil\"","robots":{"index":"index","follow":"follow","max-snippet":"max-snippet:-1","max-image-preview":"max-image-preview:large","max-video-preview":"max-video-preview:-1"},"canonical":"https:\/\/cklcomunicaciones.es\/coop\/noticias-info-ckl-no-2-089-13-03-18\/","og_locale":"es_ES","og_type":"article","og_title":"Noticias Info CKL n\u00ba 2.089-13\/03\/18-Comunicar con perspectiva de g\u00e9nero","og_description":"Comunicar con perspectiva de g\u00e9nero: La ONU debate sobre la igualdad de las mujeres en los medios de comunicaci\u00f3n-Emma Navarro,\u00fanica mujer en el Comit\u00e9 de Direcci\u00f3n del BEI-Un mundo para todo el mundo-RAE elimina la acepci\u00f3n machista de \"mujer f\u00e1cil\"","og_url":"https:\/\/cklcomunicaciones.es\/coop\/noticias-info-ckl-no-2-089-13-03-18\/","og_site_name":"CKL Comunicaciones","article_published_time":"2018-03-13T13:30:46+00:00","article_modified_time":"2025-01-17T15:40:58+00:00","og_image":[{"width":500,"height":500,"url":"https:\/\/cklcomunicaciones.es\/coop\/wp-content\/uploads\/2018\/03\/CKL_comunicacion-con-perspetiva-de-genero.jpg","type":"image\/jpeg"}],"author":"ckl","twitter_card":"summary_large_image","twitter_misc":{"Escrito por":"ckl","Tiempo de lectura":"4 minutos"},"schema":{"@context":"https:\/\/schema.org","@graph":[{"@type":"Article","@id":"https:\/\/cklcomunicaciones.es\/coop\/noticias-info-ckl-no-2-089-13-03-18\/#article","isPartOf":{"@id":"https:\/\/cklcomunicaciones.es\/coop\/noticias-info-ckl-no-2-089-13-03-18\/"},"author":{"name":"ckl","@id":"https:\/\/cklcomunicaciones.es\/coop\/#\/schema\/person\/929a6837f7626450bbb50cee1aef266e"},"headline":"Noticias Info CKL n\u00ba 2.089-13\/03\/18","datePublished":"2018-03-13T13:30:46+00:00","dateModified":"2025-01-17T15:40:58+00:00","mainEntityOfPage":{"@id":"https:\/\/cklcomunicaciones.es\/coop\/noticias-info-ckl-no-2-089-13-03-18\/"},"wordCount":900,"image":{"@id":"https:\/\/cklcomunicaciones.es\/coop\/noticias-info-ckl-no-2-089-13-03-18\/#primaryimage"},"thumbnailUrl":"http:\/\/www.cklcomunicaciones.es\/wp-content\/uploads\/2018\/03\/CKL_comunicacion-con-perspetiva-de-genero-300x300.jpg","articleSection":["Newsletter","Nwl v2.0"],"inLanguage":"es"},{"@type":"WebPage","@id":"https:\/\/cklcomunicaciones.es\/coop\/noticias-info-ckl-no-2-089-13-03-18\/","url":"https:\/\/cklcomunicaciones.es\/coop\/noticias-info-ckl-no-2-089-13-03-18\/","name":"Noticias Info CKL n\u00ba 2.089-13\/03\/18-Comunicar con perspectiva de g\u00e9nero","isPartOf":{"@id":"https:\/\/cklcomunicaciones.es\/coop\/#website"},"primaryImageOfPage":{"@id":"https:\/\/cklcomunicaciones.es\/coop\/noticias-info-ckl-no-2-089-13-03-18\/#primaryimage"},"image":{"@id":"https:\/\/cklcomunicaciones.es\/coop\/noticias-info-ckl-no-2-089-13-03-18\/#primaryimage"},"thumbnailUrl":"http:\/\/www.cklcomunicaciones.es\/wp-content\/uploads\/2018\/03\/CKL_comunicacion-con-perspetiva-de-genero-300x300.jpg","datePublished":"2018-03-13T13:30:46+00:00","dateModified":"2025-01-17T15:40:58+00:00","author":{"@id":"https:\/\/cklcomunicaciones.es\/coop\/#\/schema\/person\/929a6837f7626450bbb50cee1aef266e"},"description":"Comunicar con perspectiva de g\u00e9nero: La ONU debate sobre la igualdad de las mujeres en los medios de comunicaci\u00f3n-Emma Navarro,\u00fanica mujer en el Comit\u00e9 de Direcci\u00f3n del BEI-Un mundo para todo el mundo-RAE elimina la acepci\u00f3n machista de \"mujer f\u00e1cil\"","breadcrumb":{"@id":"https:\/\/cklcomunicaciones.es\/coop\/noticias-info-ckl-no-2-089-13-03-18\/#breadcrumb"},"inLanguage":"es","potentialAction":[{"@type":"ReadAction","target":["https:\/\/cklcomunicaciones.es\/coop\/noticias-info-ckl-no-2-089-13-03-18\/"]}]},{"@type":"ImageObject","inLanguage":"es","@id":"https:\/\/cklcomunicaciones.es\/coop\/noticias-info-ckl-no-2-089-13-03-18\/#primaryimage","url":"http:\/\/www.cklcomunicaciones.es\/wp-content\/uploads\/2018\/03\/CKL_comunicacion-con-perspetiva-de-genero-300x300.jpg","contentUrl":"http:\/\/www.cklcomunicaciones.es\/wp-content\/uploads\/2018\/03\/CKL_comunicacion-con-perspetiva-de-genero-300x300.jpg"},{"@type":"BreadcrumbList","@id":"https:\/\/cklcomunicaciones.es\/coop\/noticias-info-ckl-no-2-089-13-03-18\/#breadcrumb","itemListElement":[{"@type":"ListItem","position":1,"name":"Portada","item":"https:\/\/cklcomunicaciones.es\/coop\/"},{"@type":"ListItem","position":2,"name":"Noticias Info CKL n\u00ba 2.089-13\/03\/18"}]},{"@type":"WebSite","@id":"https:\/\/cklcomunicaciones.es\/coop\/#website","url":"https:\/\/cklcomunicaciones.es\/coop\/","name":"CKL Comunicaciones","description":"Sitio web de CKL Comunicaciones coop , la consultora de comunicaci\u00f3n y estrategia","potentialAction":[{"@type":"SearchAction","target":{"@type":"EntryPoint","urlTemplate":"https:\/\/cklcomunicaciones.es\/coop\/?s={search_term_string}"},"query-input":{"@type":"PropertyValueSpecification","valueRequired":true,"valueName":"search_term_string"}}],"inLanguage":"es"},{"@type":"Person","@id":"https:\/\/cklcomunicaciones.es\/coop\/#\/schema\/person\/929a6837f7626450bbb50cee1aef266e","name":"ckl","image":{"@type":"ImageObject","inLanguage":"es","@id":"https:\/\/secure.gravatar.com\/avatar\/c82db564e8a669bf6023357a157b9dc4780f4d4c618f2ad1d71a6a5dede45057?s=96&d=mm&r=g","url":"https:\/\/secure.gravatar.com\/avatar\/c82db564e8a669bf6023357a157b9dc4780f4d4c618f2ad1d71a6a5dede45057?s=96&d=mm&r=g","contentUrl":"https:\/\/secure.gravatar.com\/avatar\/c82db564e8a669bf6023357a157b9dc4780f4d4c618f2ad1d71a6a5dede45057?s=96&d=mm&r=g","caption":"ckl"},"url":"https:\/\/cklcomunicaciones.es\/coop\/author\/cklcomunicaciones\/"}]}},"_links":{"self":[{"href":"https:\/\/cklcomunicaciones.es\/coop\/wp-json\/wp\/v2\/posts\/13736","targetHints":{"allow":["GET"]}}],"collection":[{"href":"https:\/\/cklcomunicaciones.es\/coop\/wp-json\/wp\/v2\/posts"}],"about":[{"href":"https:\/\/cklcomunicaciones.es\/coop\/wp-json\/wp\/v2\/types\/post"}],"author":[{"embeddable":true,"href":"https:\/\/cklcomunicaciones.es\/coop\/wp-json\/wp\/v2\/users\/3"}],"replies":[{"embeddable":true,"href":"https:\/\/cklcomunicaciones.es\/coop\/wp-json\/wp\/v2\/comments?post=13736"}],"version-history":[{"count":0,"href":"https:\/\/cklcomunicaciones.es\/coop\/wp-json\/wp\/v2\/posts\/13736\/revisions"}],"wp:attachment":[{"href":"https:\/\/cklcomunicaciones.es\/coop\/wp-json\/wp\/v2\/media?parent=13736"}],"wp:term":[{"taxonomy":"category","embeddable":true,"href":"https:\/\/cklcomunicaciones.es\/coop\/wp-json\/wp\/v2\/categories?post=13736"},{"taxonomy":"post_tag","embeddable":true,"href":"https:\/\/cklcomunicaciones.es\/coop\/wp-json\/wp\/v2\/tags?post=13736"}],"curies":[{"name":"wp","href":"https:\/\/api.w.org\/{rel}","templated":true}]}}