{"id":13733,"date":"2018-03-12T13:31:18","date_gmt":"2018-03-12T12:31:18","guid":{"rendered":"http:\/\/www.cklcomunicaciones.es\/?p=13733"},"modified":"2025-01-17T16:40:59","modified_gmt":"2025-01-17T15:40:59","slug":"noticias-info-ckl-no-2-088-12-03-18","status":"publish","type":"post","link":"https:\/\/cklcomunicaciones.es\/coop\/noticias-info-ckl-no-2-088-12-03-18\/","title":{"rendered":"Noticias Info CKL n\u00ba 2.088-12\/03\/18"},"content":{"rendered":"<div id=\"pl-13733\"  class=\"panel-layout\" >\n<div id=\"pg-13733-0\"  class=\"panel-grid panel-no-style\"  data-style=\"{&quot;background_display&quot;:&quot;tile&quot;,&quot;lsow_dark_bg&quot;:&quot;&quot;,&quot;cell_alignment&quot;:&quot;flex-start&quot;}\" >\n<div id=\"pgc-13733-0-0\"  class=\"panel-grid-cell\"  data-weight=\"1\" >\n<div id=\"panel-13733-0-0-0\" class=\"so-panel widget widget_sow-editor panel-first-child panel-last-child\" data-index=\"0\" data-style=\"{&quot;background_image_attachment&quot;:false,&quot;background_display&quot;:&quot;tile&quot;}\" >\n<div class=\"so-widget-sow-editor so-widget-sow-editor-base\">\n<div class=\"siteorigin-widget-tinymce textwidget\">\n<p><img decoding=\"async\" class=\"lazyload  wp-image-13726\" src=\"http:\/\/www.cklcomunicaciones.es\/wp-content\/uploads\/2018\/03\/CKL_comunicacion-con-perspetiva-de-genero-300x300.jpg\" data-orig-src=\"http:\/\/www.cklcomunicaciones.es\/wp-content\/uploads\/2018\/03\/CKL_comunicacion-con-perspetiva-de-genero-300x300.jpg\" alt=\"CKL_comunicacion con perspetiva de genero\" width=\"132\" height=\"132\" srcset=\"data:image\/svg+xml,%3Csvg%20xmlns%3D%27http%3A%2F%2Fwww.w3.org%2F2000%2Fsvg%27%20width%3D%27132%27%20height%3D%27132%27%20viewBox%3D%270%200%20132%20132%27%3E%3Crect%20width%3D%27132%27%20height%3D%27132%27%20fill-opacity%3D%220%22%2F%3E%3C%2Fsvg%3E\" data-srcset=\"https:\/\/cklcomunicaciones.es\/coop\/wp-content\/uploads\/2018\/03\/CKL_comunicacion-con-perspetiva-de-genero-150x150.jpg 150w, https:\/\/cklcomunicaciones.es\/coop\/wp-content\/uploads\/2018\/03\/CKL_comunicacion-con-perspetiva-de-genero-300x300.jpg 300w, https:\/\/cklcomunicaciones.es\/coop\/wp-content\/uploads\/2018\/03\/CKL_comunicacion-con-perspetiva-de-genero-450x450.jpg 450w, https:\/\/cklcomunicaciones.es\/coop\/wp-content\/uploads\/2018\/03\/CKL_comunicacion-con-perspetiva-de-genero.jpg 500w\" data-sizes=\"auto\" data-orig-sizes=\"(max-width: 132px) 100vw, 132px\" \/><\/p>\n<p><strong>UE: El 30% de las explotaciones est\u00e1n gestionadas por mujeres-\u201cChuka, Rompe el Silencio\u201d-Andaluc\u00eda multar\u00e1 la publicidad que use el cuerpo de la mujer como reclamo-Latinoam\u00e9rica se queda sin presidentas<\/strong><\/p>\n<p>\u00a0<\/p>\n<p>[toggle type=\u00bbfirst\u00bb title=\u00bbConvocatorias\u00bb]<\/p>\n<ul>\n<li>Presentaci\u00f3n de la Gu\u00eda \u201cRedes Sociales en perspectiva de g\u00e9nero\u201d. Sevilla, 20 de marzo en el Aulario IAPP, a partir de las 16h<\/li>\n<li><a href=\"http:\/\/www.juntadeandalucia.es\/iam\/catalogo\/doc\/convocatorias\/2018-iam\/JA-exposicion-dibujos-maeba.jpg\">Exposici\u00f3n &#8216;Mujeres&#8217;: ilustraciones y dibujos de Maeba Mart\u00ednez Olivares<\/a>. Centro Provincial del Instituto Andaluz de la Mujer de Ja\u00e9n. Del 12 de marzo al 13 de abril de 2018<\/li>\n<li><a href=\"http:\/\/www.juntadeandalucia.es\/iam\/catalogo\/doc\/convocatorias\/2018-iam\/JA-taller-wikipedia.pdf\">Taller &#8216;Wikipedia con perspectiva de g\u00e9nero&#8217;<\/a>. Centro Provincial del Instituto Andaluz de la Mujer de Ja\u00e9n. 15 de marzo de 2018<\/li>\n<\/ul>\n<p>[\/toggle]<\/p>\n<p>[toggle type=\u00bbfirst\u00bb title=\u00bbComunicaci\u00f3n\u00bb]<\/p>\n<p><a href=\"https:\/\/www.google.com\/url?rct=j&amp;sa=t&amp;url=https:\/\/www.eldiario.es\/tenerifeahora\/sociedad\/definicion-facil-alude-menciona-persona_0_749275116.html&amp;ct=ga&amp;cd=CAEYACoSMzE3NDM3MDQxMTQwNDcxMTAxMhljMDM3MmViYzJmZWFkYTU5OmVzOmVzOkVT&amp;usg=AFQjCNHKvZgkEkzew9TT6qk2HwkBRSI-Og\">De una acepci\u00f3n de &#8216;f\u00e1cil&#8217; que solo alude a la mujer a otra que ya menciona a la &#8216;persona&#8217; <\/a>&#8211; <a href=\"http:\/\/eldiario.es\">eldiario.es<\/a><\/p>\n<p><a href=\"https:\/\/www.google.com\/url?rct=j&amp;sa=t&amp;url=https:\/\/www.libremercado.com\/2018-03-12\/andalucia-multara-la-publicidad-que-use-el-cuerpo-de-la-mujer-como-reclamo-1276615190\/&amp;ct=ga&amp;cd=CAEYASoTMjE3MDg2ODkzNzU5ODQ4OTAyMTIZYzAzNzJlYmMyZmVhZGE1OTplczplczpFUw&amp;usg=AFQjCNHi3vWSS1OVLaOqrRGSkiyAM_6Rew\">Andaluc\u00eda multar\u00e1 la publicidad que use el cuerpo de la mujer como reclamo <\/a>&#8211; Libre Mercado<\/p>\n<p><a href=\"http:\/\/www.mujeremprendedora.net\/hp-da-voz-historias-ninas-todo-mundo-inspiradas-tecnologia\/\">HP da voz a las historias de ni\u00f1as de todo el mundo inspiradas en la tecnolog\u00eda<\/a> \u2013 Mujeremprendedora.net<\/p>\n<p>\u00a0<\/p>\n<p>[\/toggle]<\/p>\n<p>[toggle type=\u00bbfirst\u00bb title=\u00bbAndaluc\u00eda\u00bb]<\/p>\n<p><strong>Institucional<\/strong><\/p>\n<p><a href=\"http:\/\/www.europapress.es\/andalucia\/noticia-andalucia-rechaza-gobierno-condicione-jornada-35-horas-cumplimiento-objetivos-estabilidad-20180312125348.html\">Andaluc\u00eda rechaza que el Gobierno condicione la jornada de 35 &#8230;<\/a> &#8211; Europa Press<\/p>\n<p><strong>Econom\u00eda y Empresas<\/strong><\/p>\n<p><a href=\"http:\/\/www.juntadeandalucia.es\/presidencia\/portavoz\/130504\/plan\/estrategico\/agroindustria\/preve\/incrementar\/presencia\/mujeres\/puestos\/directivos\">Plan para aumentar un 20% la presencia de mujeres directivas en la agroindustria<\/a> \u2013 Oficina del Portavoz<\/p>\n<p><a href=\"https:\/\/www.google.com\/url?rct=j&amp;sa=t&amp;url=https:\/\/www.20minutos.es\/noticia\/3283993\/0\/instituto-andaluz-mujer-forma-profesionales-elaboracion-planes-igualdad-para-empresas\/&amp;ct=ga&amp;cd=CAEYASoUMTcxNTIxNTk2NDc1MzM1Mjg4MjIyGWMwMzcyZWJjMmZlYWRhNTk6ZXM6ZXM6RVM&amp;usg=AFQjCNEfiyJ5hyr4JyDXyTxwsXjut6EoVQ\">El Instituto Andaluz de la Mujer forma a profesionales en la elaboraci\u00f3n de planes de igualdad para empresas &#8230; <\/a>&#8211; <a href=\"http:\/\/20minutos.es\">20minutos.es<\/a><\/p>\n<p><a href=\"http:\/\/www.mujeremprendedora.net\/mas-cuatro-mil-profesionales-sanitarias-andaluzas-cuentan-certificacion-calidad-competencias\/\">M\u00e1s de 4.000 profesionales sanitarias andaluzas cuentan con la certificaci\u00f3n de calidad de sus competencias<\/a> \u2013Mujeremprendedora.net<\/p>\n<p><a href=\"http:\/\/elcorreoweb.es\/economia\/vendemos-jamon-cortado-a-cuchillo-al-vacio-en-toda-europa-LX3909418\">Concepci\u00f3n Vera Garc\u00eda, fundadora Casa Verita: \u201cVendemos jam\u00f3n cortado a cuchillo al vac\u00edo en toda Europa\u00bb<\/a> &#8211; El Correo de Andaluc\u00eda<\/p>\n<p><a href=\"http:\/\/huelvaya.es\/2018\/03\/11\/iii-encuentro-transfronterizo-emprender-en-femenino\/\">III Encuentro Transfronterizo &#8216;Emprender en Femenino&#8217;<\/a> &#8211; HuelvaYA<\/p>\n<p><a href=\"http:\/\/elcorreoweb.es\/un-emprendimiento-con-sabor-femenino-YJ3920045\">Un emprendimiento con sabor femenino<\/a> &#8211; <a href=\"http:\/\/elcorreoweb.es\">elcorreoweb.es<\/a><\/p>\n<p><a href=\"http:\/\/www.europapress.es\/esandalucia\/sevilla\/noticia-agencia-sanitaria-guadalquivir-revalida-distintivo-igualdad-empresa-otorga-estado-20180312112102.html\">La Agencia Sanitaria Bajo Guadalquivir revalida el distintivo de igualdad en la empresa &#8230;<\/a> &#8211; Europa Pres<\/p>\n<p><a href=\"http:\/\/www.diariodesevilla.es\/andalucia\/escenario-idoneo-promocionar-talento-andaluz_0_1225977465.html\">Andaluc\u00eda Digital Week, un escenario id\u00f3neo para promocionar el \u00abtalento andaluz\u00bb<\/a> -Diario de Sevilla<\/p>\n<p><strong>Actualidad<\/strong><\/p>\n<p><a href=\"https:\/\/www.google.com\/url?rct=j&amp;sa=t&amp;url=http:\/\/ecodiario.eleconomista.es\/sociedad\/noticias\/8996380\/03\/18\/Dos-mujeres-con-discapacidad-intelectual-ganan-el-iv-concurso-andaluz-de-jovenes-cocineros.html&amp;ct=ga&amp;cd=CAEYASoTNTkxNDkwNjQ2MTA4MzI1NjM1MDIZZDc4ZTU4NzVhMGYxZjJhYzplczplczpFUw&amp;usg=AFQjCNEm1dvtp94X80JeMrvlLWjoAP-xFg\">Dos mujeres con discapacidad intelectual ganan el IV Concurso Andaluz de j\u00f3venes cocineros <\/a>&#8211; Ecodiario<\/p>\n<p><a href=\"https:\/\/www.google.com\/url?rct=j&amp;sa=t&amp;url=http:\/\/www.malagahoy.es\/malaga\/mujeres-reales-callejeros-virgenes-santas_0_1225977971.html&amp;ct=ga&amp;cd=CAEYACoUMTIwMzI3MDg3MjU5NjEzMDU0MjUyGWUxZTc3ZDE1NjA5OGE4ZTM6ZXM6ZXM6RVM&amp;usg=AFQjCNEO04-X2etMLm5tR1ADiyyxj-KGmg\">\u00abLas mujeres reales no est\u00e1n en los callejeros, s\u00f3lo hay v\u00edrgenes y santas\u00bb <\/a>&#8211; M\u00e1laga Hoy<\/p>\n<p><a href=\"https:\/\/www.google.com\/url?rct=j&amp;sa=t&amp;url=http:\/\/www.teleprensa.com\/andalucia\/salud-integracion-apoyo-a-la-mujer-solidaridad-y-educacion-en-valores-dentro-del-programa-valorcesto.html&amp;ct=ga&amp;cd=CAEYAioTOTI1NjMzODUzNzU0OTMwNjAyNzIZYzAzNzJlYmMyZmVhZGE1OTplczplczpFUw&amp;usg=AFQjCNG0X93vAu2zPGRod-UCXRNjG-aAxA\">Salud, integraci\u00f3n, apoyo a la mujer, solidaridad y educaci\u00f3n en valores, dentro del programa &#8230; <\/a>&#8211; Teleprensa peri\u00f3dico digital<\/p>\n<p><a href=\"http:\/\/www.juntadeandalucia.es\/presidencia\/portavoz\/130387\/ongd\/solicitar\/abril\/subvenciones\/proyectos\/cooperacion\/dotadas\/millones\/Junta\/Andalucia\/Igualdad\/Politicas\/Sociales\/Sanchez\/Rubio\">Casi 26 millones en 2018 para proyectos de cooperaci\u00f3n internacional<\/a> \u2013 Oficina del Portavoz<\/p>\n<p><strong>Violencia<\/strong><\/p>\n<p><a href=\"http:\/\/www.teleprensa.com\/andalucia\/andalucia-registro-35398-denuncias-por-violencia-de-genero-en-2017-segun-el-cgpj.html\">Andaluc\u00eda registr\u00f3 35.398 denuncias por violencia de g\u00e9nero en 2017 &#8230;<\/a> &#8211; Teleprensa peri\u00f3dico digita<\/p>\n<p><a href=\"https:\/\/www.google.com\/url?rct=j&amp;sa=t&amp;url=http:\/\/www.diariodenavarra.es\/noticias\/navarra\/2018\/03\/12\/historia-pepa-pepe-diez-escalones-violencia-machista-581003-300.html&amp;ct=ga&amp;cd=CAEYBSoTMTg2MDU4NDIyNzczODMxNDkxMTIZYzAzNzJlYmMyZmVhZGE1OTplczplczpFUw&amp;usg=AFQjCNH3Hvui3OR4SpPggtQcqftnhHEziQ\">La historia de Pepa y Pepe: los diez escalones de la violencia machista <\/a>&#8211; Diario de Navarra<\/p>\n<p><strong>Ciencia y Cultura<\/strong><\/p>\n<p><a href=\"https:\/\/www.google.com\/url?rct=j&amp;sa=t&amp;url=http:\/\/www.huelvainformacion.es\/ocio\/Carmen-Rico-Made-Huelva-Wofest_0_1225977423.html&amp;ct=ga&amp;cd=CAEYACoTMzUxNTIzOTU4NDU1MDgzMDk5MjIZYzAzNzJlYmMyZmVhZGE1OTplczplczpFUw&amp;usg=AFQjCNEPSYCgs-Vi2MWUh8QXo4OHwJlb9Q\">Carmen Rico gana el primer premio Made in Huelva del Wofest <\/a>&#8211; Huelva Informaci\u00f3n<\/p>\n<p><a href=\"https:\/\/www.google.com\/url?rct=j&amp;sa=t&amp;url=http:\/\/almanzora.ideal.es\/actualidad\/feminismo-flamenco-compromiso-20180309174518-nt.html&amp;ct=ga&amp;cd=CAEYASoTNzA3NTUwNDE2NjgxNzM0OTE0MjIZYzAzNzJlYmMyZmVhZGE1OTplczplczpFUw&amp;usg=AFQjCNEqNY56bDAyvffIpyr9pTKh4K3qBg\">Feminismo, flamenco, compromiso social y mucho arte. La revoluci\u00f3n de Lourdes Pastor en T\u00edjola <\/a>&#8211; Ideal Digital<\/p>\n<p><a href=\"http:\/\/elcorreoweb.es\/cultura\/etiqueta-brillante-HX3918180\">Etiqueta brillante<\/a> \u2013 El Correo de Andaluc\u00eda<\/p>\n<p><strong>Deporte<\/strong><\/p>\n<p><a href=\"http:\/\/www.finanzas.com\/noticias-001\/todos\/20180312\/marta-carmona-arahalense-campeona-3800557.html\">Marta Carmona, la arahalense campeona de Europa de rugby XV<\/a> &#8211; Finanzas.com<\/p>\n<p><a href=\"http:\/\/www.lavozdigital.es\/deportes\/cadizcf\/noticias\/cadiz-cf\/cadiz-cf-femenino-ya-campeon-categoria.html\">El C\u00e1diz CF Femenino ya es campe\u00f3n de su categor\u00eda<\/a> &#8211; La Voz Digital<\/p>\n<p><a href=\"https:\/\/elpais.com\/deportes\/2018\/03\/09\/actualidad\/1520624349_585494.html\">Maria Pry, entrenadora del Betis Femenino: \u201cAlg\u00fan d\u00eda una mujer entrenar\u00e1 al Madrid\u201d<\/a> \u2013 El Pa\u00eds<\/p>\n<p>\u00a0<\/p>\n<p>[\/toggle]<\/p>\n<p>[toggle type=\u00bbfirst\u00bb title=\u00bbEstado\u00bb]<\/p>\n<p><strong>Institucional-CCAA<\/strong><\/p>\n<p><a href=\"https:\/\/www.google.com\/url?rct=j&amp;sa=t&amp;url=http:\/\/agencias.abc.es\/agencias\/noticia.asp%3Fnoticia%3D2760784&amp;ct=ga&amp;cd=CAEYASoUMTYwMzM5OTE0NzI4MTcwNzU5NjIyGWUyZGVmYTdkNWRhOTE1N2Q6ZXM6ZXM6RVM&amp;usg=AFQjCNFWLhSytSJdhS9aKxKC0vvKf_lqOQ\">Asturias pide un balance del pacto contra la violencia de g\u00e9nero <\/a>&#8211; Abc.es<\/p>\n<p><a href=\"https:\/\/www.google.com\/url?rct=j&amp;sa=t&amp;url=https:\/\/www.20minutos.es\/noticia\/3283832\/0\/ejecutivo-impulsa-educacion-igualdad-con-programa-escolar-que-reivindica-papel-mujeres-historia\/&amp;ct=ga&amp;cd=CAEYAioUMTYwMzM5OTE0NzI4MTcwNzU5NjIyGWUyZGVmYTdkNWRhOTE1N2Q6ZXM6ZXM6RVM&amp;usg=AFQjCNFwj5jgPZ23rMChCfUOoVZ7vSWKbg\">La Rioja impulsa la educaci\u00f3n en igualdad con un programa escolar que reivindica el papel de &#8230; <\/a>&#8211; <a href=\"http:\/\/20minutos.es\">20minutos.es<\/a><\/p>\n<p><a href=\"https:\/\/www.google.com\/url?rct=j&amp;sa=t&amp;url=http:\/\/cadenaser.com\/emisora\/2018\/03\/09\/ser_guadalajara\/1520595634_754956.html&amp;ct=ga&amp;cd=CAEYACoTNDc2ODIzNzY3NTcyMzMwNDE2NjIZYzAzNzJlYmMyZmVhZGE1OTplczplczpFUw&amp;usg=AFQjCNFqyBz9Kf4sA2HE4zTxlz6Gvixz4A\">Araceli Mart\u00ednez, directora Instituto de la Mujer de CLM: \u201cLo de ayer fue una visualizaci\u00f3n del hartazgo que tenemos las mujeres\u00bb <\/a>&#8211; Cadena SER<\/p>\n<p><a href=\"https:\/\/www.google.com\/url?rct=j&amp;sa=t&amp;url=https:\/\/ultimahora.es\/sucesos\/ultimas\/2018\/03\/09\/985341\/govern-personara-como-acusacion-particular-caso-violencia-machista-ibiza.html&amp;ct=ga&amp;cd=CAEYAioUMTUxNzkxODAxNDAxODI2MzUzMzAyGWMwMzcyZWJjMmZlYWRhNTk6ZXM6ZXM6RVM&amp;usg=AFQjCNEjZPPm9LReB5yNeRPsiFwhvKOY1w\">El Govern se personar\u00e1 como acusaci\u00f3n particular en el caso de violencia machista de Ibiza &#8230; <\/a>&#8211; \u00daltima hora<\/p>\n<p><a href=\"https:\/\/www.google.com\/url?rct=j&amp;sa=t&amp;url=https:\/\/www.heraldo.es\/noticias\/aragon\/2018\/03\/10\/la-ley-igualdad-que-tramita-las-cortes-multa-con-hasta-000-trato-vejatorio-mujer-1229253-300.html&amp;ct=ga&amp;cd=CAEYACoTODgwMzE5Njg3NTk0NTA2MTcyODIZYzAzNzJlYmMyZmVhZGE1OTplczplczpFUw&amp;usg=AFQjCNE700HAgR8hU56v8lulzhfdb-xF2w\">La ley de igualdad que tramita las Cortes multa con hasta 50.000 euros el trato vejatorio a la mujer <\/a>&#8211; Heraldo.es<\/p>\n<p><a href=\"https:\/\/www.google.com\/url?rct=j&amp;sa=t&amp;url=http:\/\/www.diariovasco.com\/gipuzkoa\/emakunde-cree-historico-20180309122627-nt.html&amp;ct=ga&amp;cd=CAEYASoUMTY0NDc5ODI2OTY1MjYzNDQ3MTUyGWMwMzcyZWJjMmZlYWRhNTk6ZXM6ZXM6RVM&amp;usg=AFQjCNERjnUEEa_HauaUUxq234ss6fxTug\">Emakunde cree que el 8M \u00abha sido hist\u00f3rico y un ejemplo\u00bb <\/a>&#8211; Diario Vasco<\/p>\n<p><a href=\"https:\/\/politica.elpais.com\/politica\/2018\/03\/10\/diario_de_espana\/1520695417_572040.html\">Dos centenares de mujeres levantan a pulso una gran falla en &#8230;<\/a> \u2013 El Pa\u00eds<\/p>\n<p><strong>Econom\u00eda y Empresa<\/strong><\/p>\n<p><a href=\"https:\/\/www.google.com\/url?rct=j&amp;sa=t&amp;url=http:\/\/www.eleconomista.es\/economia\/noticias\/8994399\/03\/18\/Enma-navarro-sera-la-unica-mujer-en-el-comite-de-direccion-del-bei.html&amp;ct=ga&amp;cd=CAEYACoUMTY0NDc5ODI2OTY1MjYzNDQ3MTUyGWMwMzcyZWJjMmZlYWRhNTk6ZXM6ZXM6RVM&amp;usg=AFQjCNG-wC3geHh1FP3eCWxGw6B6HRyW5A\">Enma Navarro ser\u00e1 la \u00fanica mujer en el comit\u00e9 de direcci\u00f3n del BEI <\/a>&#8211; elEconomista.es<\/p>\n<p><a href=\"https:\/\/cincodias.elpais.com\/cincodias\/2018\/03\/12\/emprendedores\/1520840788_872339.html\">La \u201csoledad de la emprendedora\u201d y por qu\u00e9 est\u00e1 limitando a la mujer<\/a>&#8211; Cinco D\u00edas<\/p>\n<p><a href=\"http:\/\/www.eleconomista.es\/mercados-cotizaciones\/noticias\/8994940\/03\/18\/Hablan-las-mujeres-inversoras-5-estrellas.html\">Hablan las inversoras 5 estrellas<\/a> &#8211; elEconomista.es<\/p>\n<p><strong>Actualidad<\/strong><\/p>\n<p><a href=\"https:\/\/www.google.com\/url?rct=j&amp;sa=t&amp;url=https:\/\/politica.elpais.com\/politica\/2018\/03\/09\/actualidad\/1520590540_573274.html&amp;ct=ga&amp;cd=CAEYASoTNDc2ODIzNzY3NTcyMzMwNDE2NjIZYzAzNzJlYmMyZmVhZGE1OTplczplczpFUw&amp;usg=AFQjCNG102wwiOZ7UB-IWrEKVylKPKdo2Q\">Un estudio sit\u00faa a Espa\u00f1a como el quinto pa\u00eds con m\u00e1s bienestar para las mujeres <\/a>\u2013 El Pa\u00eds<\/p>\n<p><a href=\"http:\/\/www.publico.es\/sociedad\/consumo-lucha-impuesto-rosa-abre-hueco-huelga-8-m.html\">La lucha contra el impuesto rosa se abre hueco tras la marea &#8230;<\/a> &#8211; P\u00fablico<\/p>\n<p><a href=\"https:\/\/politica.elpais.com\/politica\/2018\/03\/09\/actualidad\/1520621522_367555.html\">Las mujeres exigen medidas urgentes tras el \u00e9xito del 8 de Marzo<\/a> \u2013 El Pa\u00eds<\/p>\n<p><a href=\"https:\/\/www.elconfidencial.com\/espana\/2018-03-09\/diccionario-8-marzo-dia-mujer-sororidad-mansplaining-machirulo_1533522\/\">Feminismo: Sororidad, mansplaining, micromachismo: diccionario &#8230;<\/a> -elconfidencial<\/p>\n<p><a href=\"http:\/\/www.ibercampus.es\/articulo_boletin.asp?tipo=articulo&amp;cod=683635890&amp;idenvio=3493&amp;idarticulo=36395\">Brecha de g\u00e9nero en los cuidados &#8211; <\/a><a href=\"http:\/\/ibercampus.es\">ibercampus.es<\/a><\/p>\n<p><a href=\"https:\/\/www.google.com\/url?rct=j&amp;sa=t&amp;url=http:\/\/www.lavanguardia.com\/politica\/20180311\/441428346748\/ecuador-y-espana-consolidan-la-cooperacion-con-el-enfoque-de-genero.html&amp;ct=ga&amp;cd=CAEYACoTMjcwODg0NjE5MzIxODcxMDAxODIZYzAzNzJlYmMyZmVhZGE1OTplczplczpFUw&amp;usg=AFQjCNGivlXHo7l8UNCIDJdUu7m1eyy4GQ\">Ecuador y Espa\u00f1a consolidan la cooperaci\u00f3n con el enfoque de g\u00e9nero <\/a>&#8211; La Vanguardia<\/p>\n<p><strong>Violencia<\/strong><\/p>\n<p><a href=\"http:\/\/www.publico.es\/sociedad\/denuncias-violencia-machista-alcanzaron-maximo-historico-2017.html\">Las denuncias por violencia machista alcanzaron su m\u00e1ximo hist\u00f3rico en 2017<\/a>&#8211; P\u00fablico<\/p>\n<p><a href=\"http:\/\/www.publico.es\/sociedad\/actriz-denuncia-acoso-sexual-al-director-programa-tvg.html\">Una actriz denuncia por acoso sexual al director de un programa de la TVG<\/a> &#8211; P\u00fablico<\/p>\n<p><strong>Ciencia y Cultura<\/strong><\/p>\n<p><a href=\"http:\/\/www.mujeremprendedora.net\/lucia-manzano-girls-in-tech-spain-propuestas-reducir-brecha-genero-ambito-stem\/\">Girls in Tech Spain: propuestas para reducir la brecha de g\u00e9nero en el ambito STEM<\/a> \u2013 Mujeremprendedora.net<\/p>\n<p><a href=\"https:\/\/www.google.com\/url?rct=j&amp;sa=t&amp;url=https:\/\/blogs.20minutos.es\/comunicacion-no-verbal-lo-que-no-nos-cuentan\/2018\/03\/09\/las-mujeres-no-son-mas-mentirosas-que-los-hombres-ciencia\/&amp;ct=ga&amp;cd=CAEYACoUMTcxNTIxNTk2NDc1MzM1Mjg4MjIyGWMwMzcyZWJjMmZlYWRhNTk6ZXM6ZXM6RVM&amp;usg=AFQjCNHDlf-pxGcHob23RjSsejWqw7yauA\">Las mujeres no son m\u00e1s mentirosas que los hombres #Ciencia <\/a>&#8211; <a href=\"http:\/\/20minutos.es\">20minutos.es<\/a><\/p>\n<p><a href=\"https:\/\/elpais.com\/cultura\/2018\/02\/07\/actualidad\/1518017086_391001.html\">Chl\u00f6e\u2019s Clue, la chica t\u00edmida del folk<\/a>\u2013 El Pa\u00eds<\/p>\n<p><a href=\"http:\/\/www.publico.es\/culturas\/machismo-expertas-desarrollo-videojuegos-piden-dejen-reproducir-roles-machistas.html\">Expertas en desarrollo de videojuegos piden que estos dejen de reproducir roles machistas<\/a> &#8211; P\u00fablico<\/p>\n<p><a href=\"https:\/\/www.google.es\/url?sa=t&amp;rct=j&amp;q=&amp;esrc=s&amp;source=newssearch&amp;cd=97&amp;ved=0ahUKEwiDgI633ObZAhVL6xQKHcDdDvo4WhCpAgg4KAAwBg&amp;url=https%3A%2F%2Fwww.eldiario.es%2Fandalucia%2Flacajanegra%2Fteatro%2Fescenario-altar-mujeres-hogar_0_748925242.html&amp;usg=AOvVaw3fR3qvq0VSFia_TUKdF9_M\">El escenario, altar de mujeres sin hogar<\/a> &#8211; <a href=\"http:\/\/eldiario.es\">eldiario.es<\/a><\/p>\n<p><strong>Deporte<\/strong>\u00a0<\/p>\n<p><a href=\"http:\/\/www.marca.com\/atletismo\/2018\/03\/10\/5aa44fb0ca47417e338b460d.html\">Mar\u00eda Vicente, Oscar a la mejor atleta revelaci\u00f3n <\/a>\u2026 &#8211; <a href=\"http:\/\/marca.com\">marca.com<\/a><\/p>\n<p><a href=\"http:\/\/www.publico.es\/deportes\/astrid-fina-logra-bronce-snowboard-cross.html\">la rider Astrid Fina logra el bronce en snowboard cross en los Juegos Paral\u00edmpicos de Invierno<\/a> &#8211; P\u00fablico<\/p>\n<p>\u00a0<\/p>\n<p>[\/toggle]<\/p>\n<p>[toggle type=\u00bbfirst\u00bb title=\u00bbInternacional\u00bb]<\/p>\n<p><a href=\"https:\/\/www.agrodigital.com\/2018\/03\/12\/30-las-explotaciones-la-ue-estan-gestionadas-mujeres\/\">El 30% de las explotaciones de la UE est\u00e1n gestionadas por mujeres<\/a> &#8211; Agrodigital<\/p>\n<p><a href=\"https:\/\/www.eleconomista.com.mx\/politica\/Paridad-en-estados-tarea-aun-pendiente-ONU-Mujeres-20180311-0078.html\">Paridad en estados, tarea a\u00fan pendiente: ONU Mujeres<\/a> &#8211; El Economista<\/p>\n<p><a href=\"https:\/\/www.infobae.com\/america\/america-latina\/2018\/03\/11\/michelle-bachelet-cerro-una-era-america-latina-se-quedo-sin-presidentes-mujeres\/\">Michelle Bachelet cerr\u00f3 una era: Latinoam\u00e9rica se queda sin presidentas &#8230;<\/a> &#8211; Infobae.com-<\/p>\n<p><a href=\"http:\/\/www.montevideo.com.uy\/Mujer\/Africa-ignora-aun-los-derechos-de-las-mujeres-segun-una-influyente-sociologa-uc677209\">\u00c1frica ignora a\u00fan los derechos de las mujeres<em>,<\/em> seg\u00fan una influyente &#8230;<\/a>&#8211; Montevideo Portal<\/p>\n<p><a href=\"https:\/\/www.google.com\/url?rct=j&amp;sa=t&amp;url=http:\/\/www.publico.es\/internacional\/conflicto-sirio-liberacion-norte-siria-historia-mujeres.html&amp;ct=ga&amp;cd=CAEYAyoTNzQ0MjI4NDkwODIxODI3OTk5ODIZYzAzNzJlYmMyZmVhZGE1OTplczplczpFUw&amp;usg=AFQjCNH73ofFleIGbQ0Ha8fjwNALe9tYlw\">La liberaci\u00f3n del norte de Siria, una historia de mujeres que lideran la revoluci\u00f3n <\/a>&#8211; P\u00fablico<\/p>\n<p><a href=\"https:\/\/www.google.com\/url?rct=j&amp;sa=t&amp;url=http:\/\/www.elmercuriodigital.net\/2018\/03\/chuka-rompe-el-silencio.html&amp;ct=ga&amp;cd=CAEYACoUMTc5ODgwMjgyODA3NjcyNjEzMjgyGWUyZGVmYTdkNWRhOTE1N2Q6ZXM6ZXM6RVM&amp;usg=AFQjCNGTIE0CHxqd-YBHRPXTARv2GlpEpg\">\u201cChuka, Rompe el Silencio\u201d <\/a>&#8211; elmercuriodigital<\/p>\n<p><a href=\"http:\/\/www.elmundo.es\/papel\/historias\/2018\/03\/12\/5aa52f8d22601d402a8b4669.html\">Haifa Subai, la grafitera que pinta entre bombas el dolor de Yemen<\/a> \u2013 El Mundo<\/p>\n<p><a href=\"https:\/\/elpais.com\/cultura\/2018\/03\/10\/actualidad\/1520668610_210485.html\">Vikander: \u201cLa industria del cine a\u00fan parece un club de hombres\u201d<\/a> \u2013 El Pa\u00eds<\/p>\n<p><a href=\"http:\/\/www.elmundo.es\/cultura\/literatura\/2018\/03\/11\/5aa54e46e2704e47328b4582.html\">Edna O&#8217;Brien, la chica de campo que desafi\u00f3 a Irlanda<\/a> \u2013 El Mundo<\/p>\n<p><a href=\"https:\/\/elpais.com\/cultura\/2018\/03\/11\/actualidad\/1520790465_439803.html\">Joan Baez deja los escenarios pero no las batallas<\/a> \u2013 El Pa\u00eds<\/p>\n<p>\u00a0<\/p>\n<p>[\/toggle]<\/p>\n<\/div>\n<\/div>\n<\/div>\n<\/div>\n<\/div>\n<\/div>\n","protected":false},"excerpt":{"rendered":"<p>UE: El 30% de las explotaciones est\u00e1n gestionadas por mujeres-\u201cChuka, <a href=\"https:\/\/cklcomunicaciones.es\/coop\/noticias-info-ckl-no-2-088-12-03-18\/\">[&#8230;]<\/a><\/p>\n","protected":false},"author":3,"featured_media":0,"comment_status":"closed","ping_status":"closed","sticky":false,"template":"","format":"standard","meta":{"footnotes":""},"categories":[298,623],"tags":[],"class_list":["post-13733","post","type-post","status-publish","format-standard","hentry","category-newsletter","category-nwl-2-0"],"yoast_head":"<!-- This site is optimized with the Yoast SEO plugin v27.5 - https:\/\/yoast.com\/product\/yoast-seo-wordpress\/ -->\n<title>Noticias Info CKL n\u00ba 2.088-12\/03\/18-Comunicar con perspectiva de g\u00e9nero<\/title>\n<meta name=\"description\" content=\"Comunicar con perspectiva de g\u00e9nero: UE: El 30% de las explotaciones est\u00e1n gestionadas por mujeres-\u201cChuka, Rompe el Silencio\u201d-Andaluc\u00eda multar\u00e1 la publicidad que use el cuerpo de la mujer como reclamo-Latinoam\u00e9rica se queda sin presidentas\" \/>\n<meta name=\"robots\" content=\"index, follow, max-snippet:-1, max-image-preview:large, max-video-preview:-1\" \/>\n<link rel=\"canonical\" href=\"https:\/\/cklcomunicaciones.es\/coop\/noticias-info-ckl-no-2-088-12-03-18\/\" \/>\n<meta property=\"og:locale\" content=\"es_ES\" \/>\n<meta property=\"og:type\" content=\"article\" \/>\n<meta property=\"og:title\" content=\"Noticias Info CKL n\u00ba 2.088-12\/03\/18-Comunicar con perspectiva de g\u00e9nero\" \/>\n<meta property=\"og:description\" content=\"Comunicar con perspectiva de g\u00e9nero: UE: El 30% de las explotaciones est\u00e1n gestionadas por mujeres-\u201cChuka, Rompe el Silencio\u201d-Andaluc\u00eda multar\u00e1 la publicidad que use el cuerpo de la mujer como reclamo-Latinoam\u00e9rica se queda sin presidentas\" \/>\n<meta property=\"og:url\" content=\"https:\/\/cklcomunicaciones.es\/coop\/noticias-info-ckl-no-2-088-12-03-18\/\" \/>\n<meta property=\"og:site_name\" content=\"CKL Comunicaciones\" \/>\n<meta property=\"article:published_time\" content=\"2018-03-12T12:31:18+00:00\" \/>\n<meta property=\"article:modified_time\" content=\"2025-01-17T15:40:59+00:00\" \/>\n<meta property=\"og:image\" content=\"https:\/\/cklcomunicaciones.es\/coop\/wp-content\/uploads\/2018\/03\/CKL_comunicacion-con-perspetiva-de-genero.jpg\" \/>\n\t<meta property=\"og:image:width\" content=\"500\" \/>\n\t<meta property=\"og:image:height\" content=\"500\" \/>\n\t<meta property=\"og:image:type\" content=\"image\/jpeg\" \/>\n<meta name=\"author\" content=\"ckl\" \/>\n<meta name=\"twitter:card\" content=\"summary_large_image\" \/>\n<meta name=\"twitter:label1\" content=\"Escrito por\" \/>\n\t<meta name=\"twitter:data1\" content=\"ckl\" \/>\n\t<meta name=\"twitter:label2\" content=\"Tiempo de lectura\" \/>\n\t<meta name=\"twitter:data2\" content=\"5 minutos\" \/>\n<script type=\"application\/ld+json\" class=\"yoast-schema-graph\">{\"@context\":\"https:\\\/\\\/schema.org\",\"@graph\":[{\"@type\":\"Article\",\"@id\":\"https:\\\/\\\/cklcomunicaciones.es\\\/coop\\\/noticias-info-ckl-no-2-088-12-03-18\\\/#article\",\"isPartOf\":{\"@id\":\"https:\\\/\\\/cklcomunicaciones.es\\\/coop\\\/noticias-info-ckl-no-2-088-12-03-18\\\/\"},\"author\":{\"name\":\"ckl\",\"@id\":\"https:\\\/\\\/cklcomunicaciones.es\\\/coop\\\/#\\\/schema\\\/person\\\/929a6837f7626450bbb50cee1aef266e\"},\"headline\":\"Noticias Info CKL n\u00ba 2.088-12\\\/03\\\/18\",\"datePublished\":\"2018-03-12T12:31:18+00:00\",\"dateModified\":\"2025-01-17T15:40:59+00:00\",\"mainEntityOfPage\":{\"@id\":\"https:\\\/\\\/cklcomunicaciones.es\\\/coop\\\/noticias-info-ckl-no-2-088-12-03-18\\\/\"},\"wordCount\":1085,\"image\":{\"@id\":\"https:\\\/\\\/cklcomunicaciones.es\\\/coop\\\/noticias-info-ckl-no-2-088-12-03-18\\\/#primaryimage\"},\"thumbnailUrl\":\"http:\\\/\\\/www.cklcomunicaciones.es\\\/wp-content\\\/uploads\\\/2018\\\/03\\\/CKL_comunicacion-con-perspetiva-de-genero-300x300.jpg\",\"articleSection\":[\"Newsletter\",\"Nwl v2.0\"],\"inLanguage\":\"es\"},{\"@type\":\"WebPage\",\"@id\":\"https:\\\/\\\/cklcomunicaciones.es\\\/coop\\\/noticias-info-ckl-no-2-088-12-03-18\\\/\",\"url\":\"https:\\\/\\\/cklcomunicaciones.es\\\/coop\\\/noticias-info-ckl-no-2-088-12-03-18\\\/\",\"name\":\"Noticias Info CKL n\u00ba 2.088-12\\\/03\\\/18-Comunicar con perspectiva de g\u00e9nero\",\"isPartOf\":{\"@id\":\"https:\\\/\\\/cklcomunicaciones.es\\\/coop\\\/#website\"},\"primaryImageOfPage\":{\"@id\":\"https:\\\/\\\/cklcomunicaciones.es\\\/coop\\\/noticias-info-ckl-no-2-088-12-03-18\\\/#primaryimage\"},\"image\":{\"@id\":\"https:\\\/\\\/cklcomunicaciones.es\\\/coop\\\/noticias-info-ckl-no-2-088-12-03-18\\\/#primaryimage\"},\"thumbnailUrl\":\"http:\\\/\\\/www.cklcomunicaciones.es\\\/wp-content\\\/uploads\\\/2018\\\/03\\\/CKL_comunicacion-con-perspetiva-de-genero-300x300.jpg\",\"datePublished\":\"2018-03-12T12:31:18+00:00\",\"dateModified\":\"2025-01-17T15:40:59+00:00\",\"author\":{\"@id\":\"https:\\\/\\\/cklcomunicaciones.es\\\/coop\\\/#\\\/schema\\\/person\\\/929a6837f7626450bbb50cee1aef266e\"},\"description\":\"Comunicar con perspectiva de g\u00e9nero: UE: El 30% de las explotaciones est\u00e1n gestionadas por mujeres-\u201cChuka, Rompe el Silencio\u201d-Andaluc\u00eda multar\u00e1 la publicidad que use el cuerpo de la mujer como reclamo-Latinoam\u00e9rica se queda sin presidentas\",\"breadcrumb\":{\"@id\":\"https:\\\/\\\/cklcomunicaciones.es\\\/coop\\\/noticias-info-ckl-no-2-088-12-03-18\\\/#breadcrumb\"},\"inLanguage\":\"es\",\"potentialAction\":[{\"@type\":\"ReadAction\",\"target\":[\"https:\\\/\\\/cklcomunicaciones.es\\\/coop\\\/noticias-info-ckl-no-2-088-12-03-18\\\/\"]}]},{\"@type\":\"ImageObject\",\"inLanguage\":\"es\",\"@id\":\"https:\\\/\\\/cklcomunicaciones.es\\\/coop\\\/noticias-info-ckl-no-2-088-12-03-18\\\/#primaryimage\",\"url\":\"http:\\\/\\\/www.cklcomunicaciones.es\\\/wp-content\\\/uploads\\\/2018\\\/03\\\/CKL_comunicacion-con-perspetiva-de-genero-300x300.jpg\",\"contentUrl\":\"http:\\\/\\\/www.cklcomunicaciones.es\\\/wp-content\\\/uploads\\\/2018\\\/03\\\/CKL_comunicacion-con-perspetiva-de-genero-300x300.jpg\"},{\"@type\":\"BreadcrumbList\",\"@id\":\"https:\\\/\\\/cklcomunicaciones.es\\\/coop\\\/noticias-info-ckl-no-2-088-12-03-18\\\/#breadcrumb\",\"itemListElement\":[{\"@type\":\"ListItem\",\"position\":1,\"name\":\"Portada\",\"item\":\"https:\\\/\\\/cklcomunicaciones.es\\\/coop\\\/\"},{\"@type\":\"ListItem\",\"position\":2,\"name\":\"Noticias Info CKL n\u00ba 2.088-12\\\/03\\\/18\"}]},{\"@type\":\"WebSite\",\"@id\":\"https:\\\/\\\/cklcomunicaciones.es\\\/coop\\\/#website\",\"url\":\"https:\\\/\\\/cklcomunicaciones.es\\\/coop\\\/\",\"name\":\"CKL Comunicaciones\",\"description\":\"Sitio web de CKL Comunicaciones coop , la consultora de comunicaci\u00f3n y estrategia\",\"potentialAction\":[{\"@type\":\"SearchAction\",\"target\":{\"@type\":\"EntryPoint\",\"urlTemplate\":\"https:\\\/\\\/cklcomunicaciones.es\\\/coop\\\/?s={search_term_string}\"},\"query-input\":{\"@type\":\"PropertyValueSpecification\",\"valueRequired\":true,\"valueName\":\"search_term_string\"}}],\"inLanguage\":\"es\"},{\"@type\":\"Person\",\"@id\":\"https:\\\/\\\/cklcomunicaciones.es\\\/coop\\\/#\\\/schema\\\/person\\\/929a6837f7626450bbb50cee1aef266e\",\"name\":\"ckl\",\"image\":{\"@type\":\"ImageObject\",\"inLanguage\":\"es\",\"@id\":\"https:\\\/\\\/secure.gravatar.com\\\/avatar\\\/c82db564e8a669bf6023357a157b9dc4780f4d4c618f2ad1d71a6a5dede45057?s=96&d=mm&r=g\",\"url\":\"https:\\\/\\\/secure.gravatar.com\\\/avatar\\\/c82db564e8a669bf6023357a157b9dc4780f4d4c618f2ad1d71a6a5dede45057?s=96&d=mm&r=g\",\"contentUrl\":\"https:\\\/\\\/secure.gravatar.com\\\/avatar\\\/c82db564e8a669bf6023357a157b9dc4780f4d4c618f2ad1d71a6a5dede45057?s=96&d=mm&r=g\",\"caption\":\"ckl\"},\"url\":\"https:\\\/\\\/cklcomunicaciones.es\\\/coop\\\/author\\\/cklcomunicaciones\\\/\"}]}<\/script>\n<!-- \/ Yoast SEO plugin. -->","yoast_head_json":{"title":"Noticias Info CKL n\u00ba 2.088-12\/03\/18-Comunicar con perspectiva de g\u00e9nero","description":"Comunicar con perspectiva de g\u00e9nero: UE: El 30% de las explotaciones est\u00e1n gestionadas por mujeres-\u201cChuka, Rompe el Silencio\u201d-Andaluc\u00eda multar\u00e1 la publicidad que use el cuerpo de la mujer como reclamo-Latinoam\u00e9rica se queda sin presidentas","robots":{"index":"index","follow":"follow","max-snippet":"max-snippet:-1","max-image-preview":"max-image-preview:large","max-video-preview":"max-video-preview:-1"},"canonical":"https:\/\/cklcomunicaciones.es\/coop\/noticias-info-ckl-no-2-088-12-03-18\/","og_locale":"es_ES","og_type":"article","og_title":"Noticias Info CKL n\u00ba 2.088-12\/03\/18-Comunicar con perspectiva de g\u00e9nero","og_description":"Comunicar con perspectiva de g\u00e9nero: UE: El 30% de las explotaciones est\u00e1n gestionadas por mujeres-\u201cChuka, Rompe el Silencio\u201d-Andaluc\u00eda multar\u00e1 la publicidad que use el cuerpo de la mujer como reclamo-Latinoam\u00e9rica se queda sin presidentas","og_url":"https:\/\/cklcomunicaciones.es\/coop\/noticias-info-ckl-no-2-088-12-03-18\/","og_site_name":"CKL Comunicaciones","article_published_time":"2018-03-12T12:31:18+00:00","article_modified_time":"2025-01-17T15:40:59+00:00","og_image":[{"width":500,"height":500,"url":"https:\/\/cklcomunicaciones.es\/coop\/wp-content\/uploads\/2018\/03\/CKL_comunicacion-con-perspetiva-de-genero.jpg","type":"image\/jpeg"}],"author":"ckl","twitter_card":"summary_large_image","twitter_misc":{"Escrito por":"ckl","Tiempo de lectura":"5 minutos"},"schema":{"@context":"https:\/\/schema.org","@graph":[{"@type":"Article","@id":"https:\/\/cklcomunicaciones.es\/coop\/noticias-info-ckl-no-2-088-12-03-18\/#article","isPartOf":{"@id":"https:\/\/cklcomunicaciones.es\/coop\/noticias-info-ckl-no-2-088-12-03-18\/"},"author":{"name":"ckl","@id":"https:\/\/cklcomunicaciones.es\/coop\/#\/schema\/person\/929a6837f7626450bbb50cee1aef266e"},"headline":"Noticias Info CKL n\u00ba 2.088-12\/03\/18","datePublished":"2018-03-12T12:31:18+00:00","dateModified":"2025-01-17T15:40:59+00:00","mainEntityOfPage":{"@id":"https:\/\/cklcomunicaciones.es\/coop\/noticias-info-ckl-no-2-088-12-03-18\/"},"wordCount":1085,"image":{"@id":"https:\/\/cklcomunicaciones.es\/coop\/noticias-info-ckl-no-2-088-12-03-18\/#primaryimage"},"thumbnailUrl":"http:\/\/www.cklcomunicaciones.es\/wp-content\/uploads\/2018\/03\/CKL_comunicacion-con-perspetiva-de-genero-300x300.jpg","articleSection":["Newsletter","Nwl v2.0"],"inLanguage":"es"},{"@type":"WebPage","@id":"https:\/\/cklcomunicaciones.es\/coop\/noticias-info-ckl-no-2-088-12-03-18\/","url":"https:\/\/cklcomunicaciones.es\/coop\/noticias-info-ckl-no-2-088-12-03-18\/","name":"Noticias Info CKL n\u00ba 2.088-12\/03\/18-Comunicar con perspectiva de g\u00e9nero","isPartOf":{"@id":"https:\/\/cklcomunicaciones.es\/coop\/#website"},"primaryImageOfPage":{"@id":"https:\/\/cklcomunicaciones.es\/coop\/noticias-info-ckl-no-2-088-12-03-18\/#primaryimage"},"image":{"@id":"https:\/\/cklcomunicaciones.es\/coop\/noticias-info-ckl-no-2-088-12-03-18\/#primaryimage"},"thumbnailUrl":"http:\/\/www.cklcomunicaciones.es\/wp-content\/uploads\/2018\/03\/CKL_comunicacion-con-perspetiva-de-genero-300x300.jpg","datePublished":"2018-03-12T12:31:18+00:00","dateModified":"2025-01-17T15:40:59+00:00","author":{"@id":"https:\/\/cklcomunicaciones.es\/coop\/#\/schema\/person\/929a6837f7626450bbb50cee1aef266e"},"description":"Comunicar con perspectiva de g\u00e9nero: UE: El 30% de las explotaciones est\u00e1n gestionadas por mujeres-\u201cChuka, Rompe el Silencio\u201d-Andaluc\u00eda multar\u00e1 la publicidad que use el cuerpo de la mujer como reclamo-Latinoam\u00e9rica se queda sin presidentas","breadcrumb":{"@id":"https:\/\/cklcomunicaciones.es\/coop\/noticias-info-ckl-no-2-088-12-03-18\/#breadcrumb"},"inLanguage":"es","potentialAction":[{"@type":"ReadAction","target":["https:\/\/cklcomunicaciones.es\/coop\/noticias-info-ckl-no-2-088-12-03-18\/"]}]},{"@type":"ImageObject","inLanguage":"es","@id":"https:\/\/cklcomunicaciones.es\/coop\/noticias-info-ckl-no-2-088-12-03-18\/#primaryimage","url":"http:\/\/www.cklcomunicaciones.es\/wp-content\/uploads\/2018\/03\/CKL_comunicacion-con-perspetiva-de-genero-300x300.jpg","contentUrl":"http:\/\/www.cklcomunicaciones.es\/wp-content\/uploads\/2018\/03\/CKL_comunicacion-con-perspetiva-de-genero-300x300.jpg"},{"@type":"BreadcrumbList","@id":"https:\/\/cklcomunicaciones.es\/coop\/noticias-info-ckl-no-2-088-12-03-18\/#breadcrumb","itemListElement":[{"@type":"ListItem","position":1,"name":"Portada","item":"https:\/\/cklcomunicaciones.es\/coop\/"},{"@type":"ListItem","position":2,"name":"Noticias Info CKL n\u00ba 2.088-12\/03\/18"}]},{"@type":"WebSite","@id":"https:\/\/cklcomunicaciones.es\/coop\/#website","url":"https:\/\/cklcomunicaciones.es\/coop\/","name":"CKL Comunicaciones","description":"Sitio web de CKL Comunicaciones coop , la consultora de comunicaci\u00f3n y estrategia","potentialAction":[{"@type":"SearchAction","target":{"@type":"EntryPoint","urlTemplate":"https:\/\/cklcomunicaciones.es\/coop\/?s={search_term_string}"},"query-input":{"@type":"PropertyValueSpecification","valueRequired":true,"valueName":"search_term_string"}}],"inLanguage":"es"},{"@type":"Person","@id":"https:\/\/cklcomunicaciones.es\/coop\/#\/schema\/person\/929a6837f7626450bbb50cee1aef266e","name":"ckl","image":{"@type":"ImageObject","inLanguage":"es","@id":"https:\/\/secure.gravatar.com\/avatar\/c82db564e8a669bf6023357a157b9dc4780f4d4c618f2ad1d71a6a5dede45057?s=96&d=mm&r=g","url":"https:\/\/secure.gravatar.com\/avatar\/c82db564e8a669bf6023357a157b9dc4780f4d4c618f2ad1d71a6a5dede45057?s=96&d=mm&r=g","contentUrl":"https:\/\/secure.gravatar.com\/avatar\/c82db564e8a669bf6023357a157b9dc4780f4d4c618f2ad1d71a6a5dede45057?s=96&d=mm&r=g","caption":"ckl"},"url":"https:\/\/cklcomunicaciones.es\/coop\/author\/cklcomunicaciones\/"}]}},"_links":{"self":[{"href":"https:\/\/cklcomunicaciones.es\/coop\/wp-json\/wp\/v2\/posts\/13733","targetHints":{"allow":["GET"]}}],"collection":[{"href":"https:\/\/cklcomunicaciones.es\/coop\/wp-json\/wp\/v2\/posts"}],"about":[{"href":"https:\/\/cklcomunicaciones.es\/coop\/wp-json\/wp\/v2\/types\/post"}],"author":[{"embeddable":true,"href":"https:\/\/cklcomunicaciones.es\/coop\/wp-json\/wp\/v2\/users\/3"}],"replies":[{"embeddable":true,"href":"https:\/\/cklcomunicaciones.es\/coop\/wp-json\/wp\/v2\/comments?post=13733"}],"version-history":[{"count":0,"href":"https:\/\/cklcomunicaciones.es\/coop\/wp-json\/wp\/v2\/posts\/13733\/revisions"}],"wp:attachment":[{"href":"https:\/\/cklcomunicaciones.es\/coop\/wp-json\/wp\/v2\/media?parent=13733"}],"wp:term":[{"taxonomy":"category","embeddable":true,"href":"https:\/\/cklcomunicaciones.es\/coop\/wp-json\/wp\/v2\/categories?post=13733"},{"taxonomy":"post_tag","embeddable":true,"href":"https:\/\/cklcomunicaciones.es\/coop\/wp-json\/wp\/v2\/tags?post=13733"}],"curies":[{"name":"wp","href":"https:\/\/api.w.org\/{rel}","templated":true}]}}