{"id":13692,"date":"2018-03-05T14:03:30","date_gmt":"2018-03-05T13:03:30","guid":{"rendered":"http:\/\/www.cklcomunicaciones.es\/?p=13692"},"modified":"2025-01-17T16:41:00","modified_gmt":"2025-01-17T15:41:00","slug":"noticias-info-ckl-no-2-084-05-03-18","status":"publish","type":"post","link":"https:\/\/cklcomunicaciones.es\/coop\/noticias-info-ckl-no-2-084-05-03-18\/","title":{"rendered":"Noticias Info CKL n\u00ba 2.084-05\/03\/18"},"content":{"rendered":"<div id=\"pl-13692\"  class=\"panel-layout\" >\n<div id=\"pg-13692-0\"  class=\"panel-grid panel-no-style\"  data-style=\"{&quot;background_display&quot;:&quot;tile&quot;,&quot;lsow_dark_bg&quot;:&quot;&quot;,&quot;cell_alignment&quot;:&quot;flex-start&quot;}\" >\n<div id=\"pgc-13692-0-0\"  class=\"panel-grid-cell\"  data-weight=\"1\" >\n<div id=\"panel-13692-0-0-0\" class=\"so-panel widget widget_sow-editor panel-first-child panel-last-child\" data-index=\"0\" data-style=\"{&quot;background_image_attachment&quot;:false,&quot;background_display&quot;:&quot;tile&quot;}\" >\n<div class=\"so-widget-sow-editor so-widget-sow-editor-base\">\n<div class=\"siteorigin-widget-tinymce textwidget\">\n<p><img decoding=\"async\" class=\"lazyload alignnone wp-image-13666\" src=\"http:\/\/www.cklcomunicaciones.es\/wp-content\/uploads\/2018\/02\/ckl-coop_v01a-01--300x300.jpg\" data-orig-src=\"http:\/\/www.cklcomunicaciones.es\/wp-content\/uploads\/2018\/02\/ckl-coop_v01a-01--300x300.jpg\" alt=\"CKL Comunicaciones coop - CKL\" width=\"106\" height=\"106\" srcset=\"data:image\/svg+xml,%3Csvg%20xmlns%3D%27http%3A%2F%2Fwww.w3.org%2F2000%2Fsvg%27%20width%3D%27106%27%20height%3D%27106%27%20viewBox%3D%270%200%20106%20106%27%3E%3Crect%20width%3D%27106%27%20height%3D%27106%27%20fill-opacity%3D%220%22%2F%3E%3C%2Fsvg%3E\" data-srcset=\"https:\/\/cklcomunicaciones.es\/coop\/wp-content\/uploads\/2018\/02\/ckl-coop_v01a-01--150x150.jpg 150w, https:\/\/cklcomunicaciones.es\/coop\/wp-content\/uploads\/2018\/02\/ckl-coop_v01a-01--300x300.jpg 300w, https:\/\/cklcomunicaciones.es\/coop\/wp-content\/uploads\/2018\/02\/ckl-coop_v01a-01--450x450.jpg 450w, https:\/\/cklcomunicaciones.es\/coop\/wp-content\/uploads\/2018\/02\/ckl-coop_v01a-01-.jpg 606w\" data-sizes=\"auto\" data-orig-sizes=\"(max-width: 106px) 100vw, 106px\" \/><\/p>\n<p id=\":253\" class=\"hP\" tabindex=\"-1\" data-thread-perm-id=\"161b830a5a7e43ab\"><strong>Las mujeres, las m\u00e1s afectadas y las que menos deciden en el cambio clim\u00e1tico-Andaluc\u00eda: La Universidad garantizar\u00e1 las ense\u00f1anzas obligatorias en Igualdad-Objetivo #8M: que sin mujeres se pare el mundo <\/strong><\/p>\n<p>\u00a0<\/p>\n<p>[toggle type=\u00bbfirst\u00bb title=\u00bbConvocatorias\u00bb]<\/p>\n<ul>\n<li><a href=\"http:\/\/igualdad.us.es\/htm\/actua-campa8m-2018.htm\">Campa\u00f1a 8M &#8211; D\u00eda Internacional de la Mujer: Mi\u00e9rcoles Violetas de Marzo, la US por la Igualdad con Arte<\/a>. Unidad para la Igualdad de la Universidad de Sevilla. 7, 14 y 21 de marzo de 2018. Acceso libre<\/li>\n<li><a href=\"http:\/\/www.juntadeandalucia.es\/iam\/catalogo\/doc\/convocatorias\/2018-genero\/CO-maraton-poesia.jpg\">La poes\u00eda m\u00e1s joven en la UCO. Marat\u00f3n de Poes\u00eda &#8216;Voces de Mujeres 2018&#8217;<\/a>. C\u00e1tedra de Estudios de las Mujeres Leonor de Guzm\u00e1n. 9 de marzo de 2018<\/li>\n<\/ul>\n<p>[\/toggle]<\/p>\n<p>[toggle type=\u00bbfirst\u00bb title=\u00bbComunicaci\u00f3n\u00bb]<\/p>\n<p><a href=\"http:\/\/www.publico.es\/sociedad\/mujeres-columnistas-pardo-vera-8m-sera-historico-publico-le-dara-dimension-merece.html\">Pardo de Vera: \u201cEl 8M ser\u00e1 hist\u00f3rico y &#8216;P\u00fablico&#8217; le dar\u00e1 la dimensi\u00f3n que merece\u201d<\/a> &#8211; P\u00fablico<\/p>\n<p><a href=\"https:\/\/www.google.es\/url?sa=t&amp;rct=j&amp;q=&amp;esrc=s&amp;source=newssearch&amp;cd=129&amp;ved=0ahUKEwjgiurNldXZAhWLORQKHd-FB4A4eBCpAgg-KAAwCA&amp;url=https%3A%2F%2Fwww.playgroundmag.net%2Flit%2FLas-mujeres-del-libro-tambien-paramos_28036609.html&amp;usg=AOvVaw25wLEGRo2QJbdLQLq-_xTo\">Las mujeres del libro tambi\u00e9n paramos<\/a> &#8211; Playground Magazine<\/p>\n<p><a href=\"https:\/\/www.google.es\/url?sa=t&amp;rct=j&amp;q=&amp;esrc=s&amp;source=newssearch&amp;cd=3&amp;ved=0ahUKEwj91pHXm9XZAhUESBQKHWLkCw4QqQIILSgAMAI&amp;url=http%3A%2F%2Fwww.europapress.es%2Fandalucia%2Fnoticia-rtva-defiende-creacion-delegacion-igualdad-genero-herramienta-trabajar-cambio-20180227131104.html&amp;usg=AOvVaw32uFy1KOMJyK-3Zv2AVrHw\">La RTVA defiende la creaci\u00f3n de la Delegaci\u00f3n para la Igualdad de &#8230;<\/a> &#8211; Europa Press<\/p>\n<p><a href=\"https:\/\/www.google.es\/url?sa=t&amp;rct=j&amp;q=&amp;esrc=s&amp;source=newssearch&amp;cd=1&amp;ved=0ahUKEwiP2KKTm9XZAhWHWhQKHe6dCv8QqQIIJygAMAA&amp;url=https%3A%2F%2Fwww.lamarea.com%2F2018%2F03%2F05%2Fven-aqui-chiquilla-te-voy-explicar-boe-eva-belmonte%2F&amp;usg=AOvVaw2jgGhWwNyrp7wAkrQaym3U\">Ven aqu\u00ed, chiquilla, que te voy a explicar el BOE<\/a> &#8211; La Marea<\/p>\n<p><a href=\"https:\/\/www.google.com\/url?rct=j&amp;sa=t&amp;url=http:\/\/theobjective.com\/further\/la-brecha-de-genero-en-el-mundo-tecnologico-se-resquebraja-pero-no-se-rompe\/&amp;ct=ga&amp;cd=CAEYACoTNzI3MDQyNjQ1MzA2MDY0MjM0NjIZYzAzNzJlYmMyZmVhZGE1OTplczplczpFUw&amp;usg=AFQjCNFv9aL_ch84Iz1jOlGLzSzMwK0nYw\">La brecha de g\u00e9nero en el mundo tecnol\u00f3gico se resquebraja, pero no se rompe <\/a>&#8211; The Objective<\/p>\n<p><a href=\"https:\/\/elpais.com\/tecnologia\/2018\/03\/02\/actualidad\/1519996117_381164.html\">Ellas navegan con los pies en el campo<\/a> \u2013 El Pa\u00eds<\/p>\n<p><a href=\"http:\/\/www.elmundo.es\/tecnologia\/2018\/03\/02\/5a9952c4268e3ea13b8b4651.html\">Facebook mantendr\u00e1 un muro \u00fanico para usuarios y medios<\/a> \u2013 El Mundo<\/p>\n<p>\u00a0<\/p>\n<p>[\/toggle]<\/p>\n<p>[toggle type=\u00bbfirst\u00bb title=\u00bbAndaluc\u00eda\u00bb]<\/p>\n<p><strong>Institucional<\/strong><\/p>\n<p><a href=\"https:\/\/www.google.com\/url?rct=j&amp;sa=t&amp;url=http:\/\/www.europapress.es\/esandalucia\/sevilla\/noticia-susana-diaz-preside-lunes-entrega-premios-meridiana-iam-promueven-igualdad-20180304230428.html&amp;ct=ga&amp;cd=CAEYACoUMTEzMzc4MDU1NDg3MTcwNTU1MDUyGTNhZDllMDVhYjhmNjM3M2E6ZXM6ZXM6RVM&amp;usg=AFQjCNEsWjuVQIzjyNZkoqtpEf3ff6lrJg\">Susana D\u00edaz preside este lunes la entrega de los Premios Meridiana del IAM que promueven la Igualdad &#8230; <\/a>&#8211; Europa Press<\/p>\n<p><a href=\"http:\/\/www.teleprensa.com\/granada\/susana-diaz-dice-que-en-andalucia-alzaremos-la-voz-el-8m-desde-la-union-y-la-solidaridad.html\">Susana D\u00edaz dice que en Andaluc\u00eda \u00abalzaremos la voz\u00bb el 8M &#8230;<\/a> &#8211; Teleprensa peri\u00f3dico digital<\/p>\n<p><strong>Econom\u00eda y Empresas<\/strong><\/p>\n<p><a href=\"https:\/\/www.google.es\/url?sa=t&amp;rct=j&amp;q=&amp;esrc=s&amp;source=newssearch&amp;cd=3&amp;ved=0ahUKEwiF1-fkkdXZAhUHUBQKHerpDcsQqQIILSgAMAI&amp;url=http%3A%2F%2Fcordopolis.es%2F2018%2F03%2F05%2Falmazaras-de-la-subbetica-premio-meridiana-por-su-contribucion-a-la-igualdad%2F&amp;usg=AOvVaw2j_V0VcyPWR6qMMyNVPXG9\">Almazaras de la Subb\u00e9tica, premio &#8216;Meridiana&#8217; por su contribuci\u00f3n a \u00a0la Igualdad&#8230;<\/a> &#8211; Cord\u00f3polis<\/p>\n<p><a href=\"http:\/\/elcorreoweb.es\/economia\/somos-el-paso-intermedio-entre-la-i-d-i-y-las-empresas-KC3884862\">Maria Anaya-Romero, CEO y socia fundadora de Evenor-Tech: \u201cSomos el paso intermedio entre la I+D+i y las empresas\u00bb<\/a> &#8211; El Correo de Andaluc\u00eda<\/p>\n<p><a href=\"https:\/\/www.google.com\/url?rct=j&amp;sa=t&amp;url=http:\/\/www.eldiadecordoba.es\/cordoba\/emprendimiento-mujer-topa-frente-desigualdad_0_1223877638.html&amp;ct=ga&amp;cd=CAEYACoUMTgwNTUwMDMyNTg2OTYxOTcwNDUyGWMwMzcyZWJjMmZlYWRhNTk6ZXM6ZXM6RVM&amp;usg=AFQjCNGLzvRvFsnHosXMPTrtym8ayIyvUw\">El emprendimiento de la mujer se topa de frente con la desigualdad <\/a>&#8211; El D\u00eda de C\u00f3rdoba<\/p>\n<p><a href=\"http:\/\/www.juntadeandalucia.es\/presidencia\/portavoz\/130301\/programa\/bono\/joven\/facilita\/contratacion\/andaluces\/anos\/junta\/andalucia\">El Bono Empleo Joven facilita la contrataci\u00f3n de 10.600 andaluces de entre 18 y 29 a\u00f1os<\/a> \u2013 Oficina del Portavoz<\/p>\n<p><a href=\"http:\/\/www.mujeremprendedora.net\/innovactiva-6000-impulsa-19-proyectos-jovenes-emprendedores\/\">Innovactiva 6000 impulsa 19 proyectos de j\u00f3venes emprendedores<\/a> \u2013 Mujeremprendedora.net<\/p>\n<p><a href=\"http:\/\/www.canalsur.es\/television\/programas\/canalsur-noticias\/noticia\/1258125.html\">Carmen Castilla: \u00abLa precariedad tiene nombre de mujer\u00bb<\/a> &#8211; CanalSurWeb<\/p>\n<p><strong>Actualidad<\/strong><\/p>\n<p><a href=\"http:\/\/www.juntadeandalucia.es\/presidencia\/portavoz\/130240\/iam\/destina\/ano\/millones\/atender\/mujeres\/riesgo\/exclusion\/social\/junta\/andalucia\">1,3 millones para atender a mujeres en riesgo de exclusi\u00f3n social en 2018<\/a> \u2013 Oficina del Portavoz<\/p>\n<p><a href=\"https:\/\/www.google.com\/url?rct=j&amp;sa=t&amp;url=http:\/\/www.europapress.es\/esandalucia\/granada\/noticia-andalucia-lanza-campana-vamos-todas-reivindicar-igualdad-real-todas-mujeres-20180303115528.html&amp;ct=ga&amp;cd=CAEYASoUMTA5NjA4NDE4MjQxODA5MTM5MjIyGWMwMzcyZWJjMmZlYWRhNTk6ZXM6ZXM6RVM&amp;usg=AFQjCNH61Hytoxz3agS0sZ_4oK_quBCstg\">Andaluc\u00eda lanza la campa\u00f1a &#8216;Vamos a por todas&#8217; para reivindicar la \u00abigualdad real\u00bb para todas las &#8230; &#8211; <\/a>Europa Press<\/p>\n<p><a href=\"https:\/\/www.google.com\/url?rct=j&amp;sa=t&amp;url=http:\/\/www.laopiniondemalaga.es\/opinion\/2018\/03\/03\/conoce-derechos-construye-futuro\/990597.html&amp;ct=ga&amp;cd=CAEYACoTNzM4MTE2NzY2ODQ2MTE2NjU3MDIZYzAzNzJlYmMyZmVhZGE1OTplczplczpFUw&amp;usg=AFQjCNFrxSbBLNALzUVtUEUkUJzD7293-w\">Conoce tus derechos, construye tu futuro <\/a>&#8211; La Opini\u00f3n de M\u00e1laga<\/p>\n<p><a href=\"https:\/\/www.google.com\/url?rct=j&amp;sa=t&amp;url=https:\/\/lavozdelsur.es\/educar-en-igualdad-en-casa-y-las-aulas&amp;ct=ga&amp;cd=CAEYASoUMTY2NzE2MDQ5MTMzNjQ4MDA4MDkyGWMwMzcyZWJjMmZlYWRhNTk6ZXM6ZXM6RVM&amp;usg=AFQjCNH19dP4TIPC-oXo9gfv9lPJyd-eTw\">Educar en igualdad en casa (y en las aulas) <\/a>&#8211; La Voz del Sur<\/p>\n<p><strong>Violencia<\/strong><\/p>\n<p><a href=\"http:\/\/www.eldiario.es\/andalucia\/5porlaigualdad\/Flor-Torres-fiscala-violencia-machista_0_745775991.html\">Flor de Torres, fiscala contra la violencia machista m\u00e1s all\u00e1 del estrado &#8230;<\/a> &#8211; <a href=\"http:\/\/eldiario.es\">eldiario.es<\/a><\/p>\n<p><a href=\"http:\/\/www.diariodehuelva.es\/2018\/03\/05\/las-llamadas-violencia-genero-representan-ya-63-telefono-la-mujer\/\">Las llamadas por violencia de g\u00e9nero representan ya el 63% en el Tel\u00e9fono de Informaci\u00f3n a la Mujer&#8230;<\/a> -diariodehuelva.e<\/p>\n<p><strong>Ciencia y Cultura<\/strong><\/p>\n<p><a href=\"https:\/\/www.google.com\/url?rct=j&amp;sa=t&amp;url=http:\/\/www.granadahoy.com\/granada\/Universidad-garantizara-ensenanzas-obligatoriasen-igualdad_0_1223577965.html&amp;ct=ga&amp;cd=CAEYAyoUMTgwMzUwOTc2Mzc5MjMwNTYzODgyGWMwMzcyZWJjMmZlYWRhNTk6ZXM6ZXM6RVM&amp;usg=AFQjCNEaUJA5VtjX3lJKwA4DU0Ub3gbDoA\">La Universidad garantizar\u00e1 las ense\u00f1anzas obligatorias en igualdad <\/a>&#8211; Granada Hoy<\/p>\n<p><a href=\"https:\/\/www.google.com\/url?rct=j&amp;sa=t&amp;url=https:\/\/www.20minutos.es\/noticia\/3277675\/0\/uja-conmemorara-dia-internacional-mujer-con-amplio-programa-actividades\/&amp;ct=ga&amp;cd=CAEYACoUMTU2NTk0NjcwNTczNjA3NjY2MTIyGWMwMzcyZWJjMmZlYWRhNTk6ZXM6ZXM6RVM&amp;usg=AFQjCNHh0RUog4iBwdLM-GhSQIcjPEgXsA\">La UJA conmemorar\u00e1 el D\u00eda Internacional de la Mujer con un amplio programa de actividades <\/a>&#8211; <a href=\"http:\/\/20minutos.es\">20minutos.es<\/a><\/p>\n<p><a href=\"http:\/\/www.europapress.es\/andalucia\/sevilla-00357\/noticia-homenaje-musical-lole-montoya-martes-lope-vega-sevilla-motivo-dia-mujer-20180304103925.html\">Homenaje musical a Lole Montoya el martes en el Lope de Vega de &#8230;<\/a> &#8211; Europa Press<\/p>\n<p><a href=\"https:\/\/lavozdelsur.es\/trabajo-artistico-de-mujeres-veces-oculto-tras-seudonimos-masculinos\">El trabajo art\u00edstico de mujeres a veces oculto tras seud\u00f3nimos &#8230;<\/a> &#8211; La Voz del Sur<\/p>\n<p><strong>Deporte<\/strong><\/p>\n<p><a href=\"http:\/\/www.jerezsinfronteras.es\/laura-delgado-campeona-rugby\/\">La jerezana Laura Delgado campeona de Europa de rugby &#8230;<\/a>&#8211; Jerez Sin Fronteras<\/p>\n<p>\u00a0<\/p>\n<p>[\/toggle]<br \/> [toggle title=\u00bbEstado\u00bb]<\/p>\n<p><strong>Institucional-CCAA<\/strong><\/p>\n<p><a href=\"http:\/\/www.lavanguardia.com\/local\/asturias\/20180304\/441251752945\/las-mujeres-solo-presiden-uno-de-cada-cinco-colegios-sanitarios-pese-a-ser-el-70-de-la-profesion.html\">Las mujeres solo presiden uno de cada cinco colegios sanitarios en Asturias &#8230;<\/a> &#8211; La Vanguardia<\/p>\n<p><u><a href=\"https:\/\/www.google.com\/url?rct=j&amp;sa=t&amp;url=http:\/\/www.laverdad.es\/murcia\/primera-catedratica-recibe-20180302144750-nt.html&amp;ct=ga&amp;cd=CAEYAioSNjcwNDQ2ODkyMTM1OTA3OTY4MhljMDM3MmViYzJmZWFkYTU5OmVzOmVzOkVT&amp;usg=AFQjCNGrrTX9jn3h6xLSFwG5cZLTfsTLUQ\">La primera catedr\u00e1tica de la UMU recibir\u00e1 el premio Murcia en Igualdad <\/a><\/u>&#8211; La Verdad<\/p>\n<p><a href=\"https:\/\/www.google.com\/url?rct=j&amp;sa=t&amp;url=http:\/\/www.noticiasdenavarra.com\/2018\/03\/02\/sociedad\/navarra\/el-gobierno-comparte-la-huelga-feminista-y-lanza-una-campana-por-el-empoderamiento-de-la-mujer&amp;ct=ga&amp;cd=CAEYASoTNzI3MDQyNjQ1MzA2MDY0MjM0NjIZYzAzNzJlYmMyZmVhZGE1OTplczplczpFUw&amp;usg=AFQjCNF7ncz5n-g8-vBzSVx-VHJcDmK2ig\">El Gobierno comparte la huelga feminista y lanza una campa\u00f1a por el empoderamiento de la mujer <\/a>&#8211; Noticias de Navarra<\/p>\n<p><a href=\"https:\/\/www.google.com\/url?rct=j&amp;sa=t&amp;url=https:\/\/www.eldiario.es\/canariasahora\/sociedad\/Instituto-Canario-Igualdad-campana-FeminismoSi_0_745776258.html&amp;ct=ga&amp;cd=CAEYAyoTODY5OTI3ODM3NTgxMzA1MzQ3MjIZYzAzNzJlYmMyZmVhZGE1OTplczplczpFUw&amp;usg=AFQjCNEFSuD8-4TZaUy-hHPTDe9lbVQHRw\">El Instituto Canario de Igualdad pone en marcha la campa\u00f1a #FeminismoS\u00ed <\/a>&#8211; <a href=\"http:\/\/eldiario.es\">eldiario.es<\/a><\/p>\n<p><a href=\"https:\/\/www.google.com\/url?rct=j&amp;sa=t&amp;url=http:\/\/www.elcomercio.es\/economia\/1890-asturianas-renuncian-20180304003957-ntvo.html&amp;ct=ga&amp;cd=CAEYAyoUMTQ4ODk0MDIxMDU1NjI2OTM0NjUyGWMwMzcyZWJjMmZlYWRhNTk6ZXM6ZXM6RVM&amp;usg=AFQjCNEQp4riOd0CrA0Lk7RX1AAy2mF7KQ\">Casi 1.900 asturianas renuncian a sus empleos cada a\u00f1o para asumir el cuidado de su familia <\/a>&#8211; El Comercio Digital<\/p>\n<p><a href=\"http:\/\/www.elmundo.es\/pais-vasco\/2018\/03\/05\/5a9d1d49468aeb7d478b4599.html\">Euskadi fue la \u00fanica comunidad aut\u00f3noma que destruy\u00f3 empleo femenino en 2017<\/a> \u2013 El Mundo<\/p>\n<p><strong>Econom\u00eda y Empresa<\/strong><\/p>\n<p><a href=\"https:\/\/www.google.com\/url?rct=j&amp;sa=t&amp;url=http:\/\/www.eleconomista.es\/ecoaula\/noticias\/8981756\/03\/18\/El-FullTime-MBA-de-ESADE-el-mejor-de-Europa-para-mujeres-profesionales-segun-Financial-Times.html&amp;ct=ga&amp;cd=CAEYACoTNzkyMjI3NDAyMjk5ODQxNzg4NzIZYzAzNzJlYmMyZmVhZGE1OTplczplczpFUw&amp;usg=AFQjCNGm2A8F3pnBu0uaZHqdsFDgC3Vl3g\">El Full-Time MBA de ESADE, el mejor de Europa para mujeres profesionales, seg\u00fan Financial Times <\/a>&#8211; Ecodiario<\/p>\n<p><a href=\"http:\/\/www.europarl.europa.eu\/spain\/es\/sala_de_prensa\/communicados_de_prensa\/pr-2018\/03-2018\/03032018.html\">La Oficina del Parlamento Europeo en Espa\u00f1a promueve la firma un Manifiesto para aumentar el n\u00famero de mujeres en sus conferencias y debates&#8230;<\/a> &#8211; <a href=\"http:\/\/europarl.europa.eu\">europarl.europa.eu<\/a><\/p>\n<p><a href=\"https:\/\/www.google.es\/url?sa=t&amp;rct=j&amp;q=&amp;esrc=s&amp;source=newssearch&amp;cd=12&amp;ved=0ahUKEwjy2L64l9XZAhWDvRQKHbOfAvg4ChCpAggoKAAwAQ&amp;url=https%3A%2F%2Fdiarioresponsable.com%2Fnoticias%2F26007-perfil-de-la-mujer-trabajadora-entre-35-y-44-anos-con-estudios-superiores-y-empleada-en-el-sector-servicios&amp;usg=AOvVaw3NcU5NAzYYfxq7R_OATXyi\">Perfil de la <em>mujer<\/em> trabajadora: entre 35 y 44 a\u00f1os, con estudios superiores y empleada en el sector servicios &#8230;<\/a> &#8211; Diario Responsable<\/p>\n<p><a href=\"http:\/\/www.mujeremprendedora.net\/infojobs-trabajadoras-espanolas-que-ocupan-cargo-directivo-se-situan-9\/\">InfoJobs: el porcentaje de trabajadoras espa\u00f1olas que ocupan un cargo directivo se sit\u00faa en el 9%<\/a> &#8211; Mujeremprendedora.net<\/p>\n<p><a href=\"http:\/\/www.mujeremprendedora.net\/dos-de-cada-tres-empleos-femeninos-creados-en-el-ultimo-ano-han-sido-para-mujeres-mayores-de-45-anos\/\">Dos de cada tres empleos femeninos creados en el \u00faltimo a\u00f1o han sido para mujeres mayores de 45 a\u00f1os<\/a>&#8211; Mujeremprendedora.net<\/p>\n<p><a href=\"https:\/\/www.google.es\/url?sa=t&amp;rct=j&amp;q=&amp;esrc=s&amp;source=newssearch&amp;cd=3&amp;ved=0ahUKEwjn-5yglNXZAhVJShQKHWv5BvwQqQIILSgAMAI&amp;url=http%3A%2F%2Fwww.abc.es%2Feconomia%2Fabci-numero-mujeres-autonomas-alcanza-353-por-ciento-total-y-supera-niveles-precrisis-201803051257_noticia.html&amp;usg=AOvVaw2iAJ2WT1e8c2Gj-6lYsC_o\">El n\u00famero de aut\u00f3nomas alcanza el 35,3% del total y &#8230;<\/a> &#8211; Abc.es<strong>\u00a0<\/strong><\/p>\n<p><strong>Actualidad<\/strong><\/p>\n<p><a href=\"https:\/\/www.google.es\/url?sa=t&amp;rct=j&amp;q=&amp;esrc=s&amp;source=newssearch&amp;cd=85&amp;ved=0ahUKEwjStqvzlNXZAhXIOBQKHe9mC0I4UBCpAggyKAAwBA&amp;url=http%3A%2F%2Fcadenaser.com%2Fser%2F2018%2F03%2F02%2Ftribunales%2F1520002683_328764.html&amp;usg=AOvVaw294YzGrQDDWj9nhJAJ_MxK\">El Tribunal Constitucional y las mujeres<\/a> &#8211; Cadena SER<\/p>\n<p><a href=\"http:\/\/www.rtve.es\/noticias\/20180305\/mujeres-mas-afectadas-menos-deciden-cambio-climatico\/1689060.shtml\">Las mujeres<em>,<\/em> las m\u00e1s afectadas y las que menos deciden en el cambio clim\u00e1tico&#8230;<\/a> &#8211; Rtve<\/p>\n<p><a href=\"https:\/\/www.google.com\/url?rct=j&amp;sa=t&amp;url=http:\/\/www.eleconomista.es\/empresas-finanzas\/noticias\/8977740\/03\/18\/El-virus-del-papiloma-es-responsable-del-10-de-los-casos-de-cancer-en-la-mujer.html&amp;ct=ga&amp;cd=CAEYBioTNzI3MDQyNjQ1MzA2MDY0MjM0NjIZYzAzNzJlYmMyZmVhZGE1OTplczplczpFUw&amp;usg=AFQjCNFjK8m7Ts_PyxBjt4VTZIFY9gn55A\">El virus del papiloma es responsable del 10% de los casos de c\u00e1ncer en la mujer <\/a>&#8211; elEconomista.es<\/p>\n<p><a href=\"https:\/\/www.google.com\/url?rct=j&amp;sa=t&amp;url=https:\/\/www.elespanol.com\/reportajes\/20180304\/feminista-mujeres-influyentes-haran-huelga-no\/289221432_0.html&amp;ct=ga&amp;cd=CAEYCCoUMTgxNzA4NTYwNTc0MDcxNDYzMjUyGWMwMzcyZWJjMmZlYWRhNTk6ZXM6ZXM6RVM&amp;usg=AFQjCNGD5vba9rwrCXK-VyGejI7d8P8zFw\">El 8-M m\u00e1s feminista y 50 mujeres influyentes: por qu\u00e9 unas har\u00e1n huelga y otras no <\/a>&#8211; El Espa\u00f1ol<\/p>\n<p><a href=\"https:\/\/www.google.com\/url?rct=j&amp;sa=t&amp;url=https:\/\/politica.elpais.com\/politica\/2018\/03\/03\/actualidad\/1520113918_328467.html&amp;ct=ga&amp;cd=CAEYACoTNzM4MTEzNDUyNTY5NTE3MzQxMzIZYzAzNzJlYmMyZmVhZGE1OTplczplczpFUw&amp;usg=AFQjCNGu-Cg5E6PBfMRFY_5XM3-c4NCDtA\">Objetivo: que sin mujeres se pare el mundo \u2013 <\/a>El Pa\u00eds<\/p>\n<p><a href=\"http:\/\/www.publico.es\/sociedad\/asociacion-mujeres-juezas-suma-huelga-feminista-huelga-pionera-y-transversal.html\">La Asociaci\u00f3n de Mujeres Juezas se suma a la huelga feminista: \u00abEs pionera, transversal y de \u00e1mbito internacional\u00bb<\/a> &#8211; P\u00fablico<\/p>\n<p><strong>Violencia<\/strong><\/p>\n<p><a href=\"https:\/\/www.google.es\/url?sa=t&amp;rct=j&amp;q=&amp;esrc=s&amp;source=newssearch&amp;cd=9&amp;ved=0ahUKEwit6f76mNXZAhXHWhQKHQZPDvsQqQIIPSgAMAg&amp;url=http%3A%2F%2Fwww.abc.es%2Fsociedad%2Fabci-crece-violencia-machista-espana-mas-150000-victimas-201803051255_noticia.html&amp;usg=AOvVaw0BawZeHMXPXZQ336LtlqPd\">Crece la violencia machista en Espa\u00f1a con m\u00e1s de 150.000 v\u00edctimas &#8230;<\/a> &#8211; Abc.es<\/p>\n<p><strong>Ciencia y Cultura<\/strong><\/p>\n<p><a href=\"https:\/\/elpais.com\/politica\/2018\/03\/04\/actualidad\/1520195159_462681.html\">Pocas rectoras para una mayor\u00eda de universitarias<\/a> \u2013 El Pa\u00eds<\/p>\n<p><a href=\"http:\/\/www.elmundo.es\/espana\/2018\/03\/05\/5a9c6396468aebe24f8b458d.html\">Las razones de las universitarias para hacer la huelga<\/a> \u2013 El Mundo<\/p>\n<p><a href=\"http:\/\/www.publico.es\/culturas\/feminismo-laura-freixas-cultura-crea-mito-igualitaria-no.html\">Laura Freixas: \u00abLa cultura crea el mito de que es igualitaria, pero no lo es\u00bb<\/a> &#8211; P\u00fablico<\/p>\n<p><a href=\"http:\/\/www.publico.es\/culturas\/eclipsada-apartada-ninguneada-mujer-historia-oficial-arte-machirulo.html\">Eclipsada, apartada, ninguneada\u2026 La mujer en la Historia (oficial) del Arte (machirulo)<\/a> &#8211; P\u00fablico<\/p>\n<p><a href=\"http:\/\/www.elmundo.es\/cultura\/cine\/2018\/03\/02\/5a99d5ad22601d0a5d8b466e.html\">Pen\u00e9lope Cruz recibe el C\u00e9sar de Honor del cine franc\u00e9s de manos de Almod\u00f3var<\/a> \u2013 El Mundo<\/p>\n<p><a href=\"http:\/\/www.elmundo.es\/yodona\/lifestyle\/2018\/03\/03\/5a940491e5fdeaac638b462e.html\">Sandra Barneda: \u00abLiteratura y televisi\u00f3n son dos actividades complementarias para m\u00ed\u00bb<\/a>\u2013 El Mundo<\/p>\n<p><a href=\"http:\/\/www.abc.es\/cultura\/libros\/abci-elena-medel-editoriales-poesia-prestigio-mujeres-no-existen-201803040128_noticia.html\">Elena Medel: \u00abEn las editoriales de poes\u00eda con prestigio las &#8230;<\/a> &#8211; Abc.es\u00a0\u00a0\u00a0\u00a0\u00a0\u00a0\u00a0\u00a0\u00a0\u00a0\u00a0\u00a0\u00a0\u00a0\u00a0\u00a0 <\/p>\n<p><strong>Deporte<\/strong>\u00a0<\/p>\n<p><a href=\"https:\/\/elmiradordemadrid.es\/leonas-campeonas-europa\/\">El equipo de rugby femenino campe\u00f3n de Europa<\/a> &#8211; El Mirador de Madrid<\/p>\n<p><a href=\"http:\/\/www.diariojaen.es\/deportes\/ana-peleteiro-se-cuelga-un-historico-bronce-en-triple-salto-JA3839649\">Ana Peleteiro bronce en triple salto en Birmingham<\/a>\u2026 &#8211; Diario Ja\u00e9n<\/p>\n<p><a href=\"http:\/\/soymotor.com\/coches\/noticias\/jorda-formula-e-mujeres-no-barrera-fisica-f1-946447\">Jord\u00e1: \u00abEn F\u00f3rmula E, las mujeres no tenemos la barrera f\u00edsica de F1\u00bb<\/a> &#8211; SoyMotor.com<\/p>\n<p>\u00a0<\/p>\n<p>[\/toggle]<\/p>\n<p>[toggle title=\u00bbInternacional\u00bb]<\/p>\n<p>\u00a0<\/p>\n<p><a href=\"https:\/\/www.google.es\/url?sa=t&amp;rct=j&amp;q=&amp;esrc=s&amp;source=web&amp;cd=1&amp;cad=rja&amp;uact=8&amp;ved=0ahUKEwjXpJbw6tTZAhVBShQKHRz9CFEQFggoMAA&amp;url=https%3A%2F%2Fwww.clarin.com%2Fmundo%2Fpaises-mayor-igualdad-genero_0_HyGy8iSuM.html&amp;usg=AOvVaw1wWMV9Q8eTWG85Wjz2V0EW\">Los pa\u00edses con mayor igualdad de g\u00e9nero \u2026<\/a> &#8211; clar\u00edn.es<\/p>\n<p><a href=\"http:\/\/www.lasexta.com\/noticias\/sociedad\/europa-ignora-a-las-mujeres-lideres-de-opinion-en-dos-de-cada-10-ponencias-solo-habia-hombres_201803045a9bfa2a0cf2daf69133aabb.html\">Europa ignora a las l\u00edderes de opini\u00f3n: en dos de cada 10 solo hab\u00eda hombres \u00a0&#8230;<\/a> &#8211; LaSexta<\/p>\n<p><a href=\"https:\/\/www.google.com\/url?rct=j&amp;sa=t&amp;url=http:\/\/www.lavoz.com.ar\/negocios\/la-economia-con-mirada-de-mujer-como-romper-el-techo-de-cristal&amp;ct=ga&amp;cd=CAEYAioTMTMyMjE2OTYwMzM5OTgwNjg2NjIZYzAzNzJlYmMyZmVhZGE1OTplczplczpFUw&amp;usg=AFQjCNHP4miEyaeMyyWBmJcrggkAGdABcw\">La econom\u00eda con mirada de mujer: c\u00f3mo romper el techo de cristal <\/a>-La Voz del Interior<\/p>\n<p><a href=\"http:\/\/cadenaser.com\/ser\/2018\/03\/02\/internacional\/1520003186_016841.html\">Alemania sufre una de las brechas salariales m\u00e1s altas de Europa<\/a> &#8211; Cadena Ser<\/p>\n<p><a href=\"https:\/\/www.google.com\/url?rct=j&amp;sa=t&amp;url=http:\/\/www.publico.es\/sociedad\/dia-internacional-mujer-frentes-abiertos-feminismo-mundo-arabe.html&amp;ct=ga&amp;cd=CAEYACoUMTE2NTEyNTUwNDU1ODM1MDEwNjcyGWMwMzcyZWJjMmZlYWRhNTk6ZXM6ZXM6RVM&amp;usg=AFQjCNG5-G13hudHE-z6tgpDHi24226iyg\">Los frentes abiertos del feminismo en el mundo \u00e1rabe <\/a>&#8211; P\u00fablico<\/p>\n<p><a href=\"http:\/\/www.publico.es\/internacional\/claves-nueva-gran-coalicion-merkel-alemania.html\">Las claves de la nueva gran coalici\u00f3n de Merkel<\/a> &#8211; P\u00fablico<\/p>\n<p><a href=\"http:\/\/www.mujeremprendedora.net\/100-anos-sufragio-femenino-reino-unido\/\">100 a\u00f1os del sufragio femenino en el Reino Unido<\/a> \u2013 Mujeremprendedora.net<\/p>\n<p><a href=\"https:\/\/www.google.es\/url?sa=t&amp;rct=j&amp;q=&amp;esrc=s&amp;source=newssearch&amp;cd=25&amp;ved=0ahUKEwiIv8ePl9XZAhWDaxQKHQYpCVY4FBCpAggyKAAwBA&amp;url=http%3A%2F%2Fwww.vogue.es%2Fcelebrities%2Foscar%2Farticulos%2Foscar-2018-harvey-weinstein-mujeres-inversoras-compania%2F33561&amp;usg=AOvVaw0M3ss-EvbuSRUpdc3j0RO5\">La empresa de Harvey Weinstein sin Harvey Weinstein estar\u00e1 dirigida por mujeres &#8230;<\/a>&#8211; Vogue Espa\u00f1a<\/p>\n<p><a href=\"http:\/\/www.publico.es\/culturas\/poderoso-discurso-frances-mcdormand-levanto-butacas-mujeres-nominadas-oscar.html\">El poderoso discurso de Frances McDormand que levant\u00f3 de sus butacas a todas las mujeres nominadas en los Oscar<\/a>&#8211; P\u00fablico<\/p>\n<p><a href=\"https:\/\/elpais.com\/cultura\/2018\/03\/05\/actualidad\/1520224159_941421.html\">Los Oscar m\u00e1s femeninos, negros y latinos de la historia<\/a> \u2013 El Pa\u00eds<\/p>\n<p>[\/toggle]<\/p>\n<\/div>\n<\/div>\n<\/div>\n<\/div>\n<\/div>\n<\/div>\n","protected":false},"excerpt":{"rendered":"<p>Las mujeres, las m\u00e1s afectadas y las que menos deciden <a href=\"https:\/\/cklcomunicaciones.es\/coop\/noticias-info-ckl-no-2-084-05-03-18\/\">[&#8230;]<\/a><\/p>\n","protected":false},"author":3,"featured_media":0,"comment_status":"closed","ping_status":"closed","sticky":false,"template":"","format":"standard","meta":{"footnotes":""},"categories":[298,623],"tags":[],"class_list":["post-13692","post","type-post","status-publish","format-standard","hentry","category-newsletter","category-nwl-2-0"],"yoast_head":"<!-- This site is optimized with the Yoast SEO plugin v27.5 - https:\/\/yoast.com\/product\/yoast-seo-wordpress\/ -->\n<title>Noticias Info CKL n\u00ba 2.084-05\/03\/18-Comunicar con perspectiva de g\u00e9nero<\/title>\n<meta name=\"description\" content=\"Comunicar con perspectiva de g\u00e9nero: Las mujeres, las m\u00e1s afectadas y las que menos deciden en el cambio clim\u00e1tico-Andaluc\u00eda: La Universidad garantizar\u00e1 las ense\u00f1anzas obligatorias en Igualdad-Objetivo #8M: que sin mujeres se pare el mundo\" \/>\n<meta name=\"robots\" content=\"index, follow, max-snippet:-1, max-image-preview:large, max-video-preview:-1\" \/>\n<link rel=\"canonical\" href=\"https:\/\/cklcomunicaciones.es\/coop\/noticias-info-ckl-no-2-084-05-03-18\/\" \/>\n<meta property=\"og:locale\" content=\"es_ES\" \/>\n<meta property=\"og:type\" content=\"article\" \/>\n<meta property=\"og:title\" content=\"Noticias Info CKL n\u00ba 2.084-05\/03\/18-Comunicar con perspectiva de g\u00e9nero\" \/>\n<meta property=\"og:description\" content=\"Comunicar con perspectiva de g\u00e9nero: Las mujeres, las m\u00e1s afectadas y las que menos deciden en el cambio clim\u00e1tico-Andaluc\u00eda: La Universidad garantizar\u00e1 las ense\u00f1anzas obligatorias en Igualdad-Objetivo #8M: que sin mujeres se pare el mundo\" \/>\n<meta property=\"og:url\" content=\"https:\/\/cklcomunicaciones.es\/coop\/noticias-info-ckl-no-2-084-05-03-18\/\" \/>\n<meta property=\"og:site_name\" content=\"CKL Comunicaciones\" \/>\n<meta property=\"article:published_time\" content=\"2018-03-05T13:03:30+00:00\" \/>\n<meta property=\"article:modified_time\" content=\"2025-01-17T15:41:00+00:00\" \/>\n<meta property=\"og:image\" content=\"https:\/\/cklcomunicaciones.es\/coop\/wp-content\/uploads\/2018\/02\/ckl-coop_v01a-01-.jpg\" \/>\n\t<meta property=\"og:image:width\" content=\"606\" \/>\n\t<meta property=\"og:image:height\" content=\"606\" \/>\n\t<meta property=\"og:image:type\" content=\"image\/jpeg\" \/>\n<meta name=\"author\" content=\"ckl\" \/>\n<meta name=\"twitter:card\" content=\"summary_large_image\" \/>\n<meta name=\"twitter:label1\" content=\"Escrito por\" \/>\n\t<meta name=\"twitter:data1\" content=\"ckl\" \/>\n\t<meta name=\"twitter:label2\" content=\"Tiempo de lectura\" \/>\n\t<meta name=\"twitter:data2\" content=\"6 minutos\" \/>\n<script type=\"application\/ld+json\" class=\"yoast-schema-graph\">{\"@context\":\"https:\\\/\\\/schema.org\",\"@graph\":[{\"@type\":\"Article\",\"@id\":\"https:\\\/\\\/cklcomunicaciones.es\\\/coop\\\/noticias-info-ckl-no-2-084-05-03-18\\\/#article\",\"isPartOf\":{\"@id\":\"https:\\\/\\\/cklcomunicaciones.es\\\/coop\\\/noticias-info-ckl-no-2-084-05-03-18\\\/\"},\"author\":{\"name\":\"ckl\",\"@id\":\"https:\\\/\\\/cklcomunicaciones.es\\\/coop\\\/#\\\/schema\\\/person\\\/929a6837f7626450bbb50cee1aef266e\"},\"headline\":\"Noticias Info CKL n\u00ba 2.084-05\\\/03\\\/18\",\"datePublished\":\"2018-03-05T13:03:30+00:00\",\"dateModified\":\"2025-01-17T15:41:00+00:00\",\"mainEntityOfPage\":{\"@id\":\"https:\\\/\\\/cklcomunicaciones.es\\\/coop\\\/noticias-info-ckl-no-2-084-05-03-18\\\/\"},\"wordCount\":1215,\"image\":{\"@id\":\"https:\\\/\\\/cklcomunicaciones.es\\\/coop\\\/noticias-info-ckl-no-2-084-05-03-18\\\/#primaryimage\"},\"thumbnailUrl\":\"http:\\\/\\\/www.cklcomunicaciones.es\\\/wp-content\\\/uploads\\\/2018\\\/02\\\/ckl-coop_v01a-01--300x300.jpg\",\"articleSection\":[\"Newsletter\",\"Nwl v2.0\"],\"inLanguage\":\"es\"},{\"@type\":\"WebPage\",\"@id\":\"https:\\\/\\\/cklcomunicaciones.es\\\/coop\\\/noticias-info-ckl-no-2-084-05-03-18\\\/\",\"url\":\"https:\\\/\\\/cklcomunicaciones.es\\\/coop\\\/noticias-info-ckl-no-2-084-05-03-18\\\/\",\"name\":\"Noticias Info CKL n\u00ba 2.084-05\\\/03\\\/18-Comunicar con perspectiva de g\u00e9nero\",\"isPartOf\":{\"@id\":\"https:\\\/\\\/cklcomunicaciones.es\\\/coop\\\/#website\"},\"primaryImageOfPage\":{\"@id\":\"https:\\\/\\\/cklcomunicaciones.es\\\/coop\\\/noticias-info-ckl-no-2-084-05-03-18\\\/#primaryimage\"},\"image\":{\"@id\":\"https:\\\/\\\/cklcomunicaciones.es\\\/coop\\\/noticias-info-ckl-no-2-084-05-03-18\\\/#primaryimage\"},\"thumbnailUrl\":\"http:\\\/\\\/www.cklcomunicaciones.es\\\/wp-content\\\/uploads\\\/2018\\\/02\\\/ckl-coop_v01a-01--300x300.jpg\",\"datePublished\":\"2018-03-05T13:03:30+00:00\",\"dateModified\":\"2025-01-17T15:41:00+00:00\",\"author\":{\"@id\":\"https:\\\/\\\/cklcomunicaciones.es\\\/coop\\\/#\\\/schema\\\/person\\\/929a6837f7626450bbb50cee1aef266e\"},\"description\":\"Comunicar con perspectiva de g\u00e9nero: Las mujeres, las m\u00e1s afectadas y las que menos deciden en el cambio clim\u00e1tico-Andaluc\u00eda: La Universidad garantizar\u00e1 las ense\u00f1anzas obligatorias en Igualdad-Objetivo #8M: que sin mujeres se pare el mundo\",\"breadcrumb\":{\"@id\":\"https:\\\/\\\/cklcomunicaciones.es\\\/coop\\\/noticias-info-ckl-no-2-084-05-03-18\\\/#breadcrumb\"},\"inLanguage\":\"es\",\"potentialAction\":[{\"@type\":\"ReadAction\",\"target\":[\"https:\\\/\\\/cklcomunicaciones.es\\\/coop\\\/noticias-info-ckl-no-2-084-05-03-18\\\/\"]}]},{\"@type\":\"ImageObject\",\"inLanguage\":\"es\",\"@id\":\"https:\\\/\\\/cklcomunicaciones.es\\\/coop\\\/noticias-info-ckl-no-2-084-05-03-18\\\/#primaryimage\",\"url\":\"http:\\\/\\\/www.cklcomunicaciones.es\\\/wp-content\\\/uploads\\\/2018\\\/02\\\/ckl-coop_v01a-01--300x300.jpg\",\"contentUrl\":\"http:\\\/\\\/www.cklcomunicaciones.es\\\/wp-content\\\/uploads\\\/2018\\\/02\\\/ckl-coop_v01a-01--300x300.jpg\"},{\"@type\":\"BreadcrumbList\",\"@id\":\"https:\\\/\\\/cklcomunicaciones.es\\\/coop\\\/noticias-info-ckl-no-2-084-05-03-18\\\/#breadcrumb\",\"itemListElement\":[{\"@type\":\"ListItem\",\"position\":1,\"name\":\"Portada\",\"item\":\"https:\\\/\\\/cklcomunicaciones.es\\\/coop\\\/\"},{\"@type\":\"ListItem\",\"position\":2,\"name\":\"Noticias Info CKL n\u00ba 2.084-05\\\/03\\\/18\"}]},{\"@type\":\"WebSite\",\"@id\":\"https:\\\/\\\/cklcomunicaciones.es\\\/coop\\\/#website\",\"url\":\"https:\\\/\\\/cklcomunicaciones.es\\\/coop\\\/\",\"name\":\"CKL Comunicaciones\",\"description\":\"Sitio web de CKL Comunicaciones coop , la consultora de comunicaci\u00f3n y estrategia\",\"potentialAction\":[{\"@type\":\"SearchAction\",\"target\":{\"@type\":\"EntryPoint\",\"urlTemplate\":\"https:\\\/\\\/cklcomunicaciones.es\\\/coop\\\/?s={search_term_string}\"},\"query-input\":{\"@type\":\"PropertyValueSpecification\",\"valueRequired\":true,\"valueName\":\"search_term_string\"}}],\"inLanguage\":\"es\"},{\"@type\":\"Person\",\"@id\":\"https:\\\/\\\/cklcomunicaciones.es\\\/coop\\\/#\\\/schema\\\/person\\\/929a6837f7626450bbb50cee1aef266e\",\"name\":\"ckl\",\"image\":{\"@type\":\"ImageObject\",\"inLanguage\":\"es\",\"@id\":\"https:\\\/\\\/secure.gravatar.com\\\/avatar\\\/c82db564e8a669bf6023357a157b9dc4780f4d4c618f2ad1d71a6a5dede45057?s=96&d=mm&r=g\",\"url\":\"https:\\\/\\\/secure.gravatar.com\\\/avatar\\\/c82db564e8a669bf6023357a157b9dc4780f4d4c618f2ad1d71a6a5dede45057?s=96&d=mm&r=g\",\"contentUrl\":\"https:\\\/\\\/secure.gravatar.com\\\/avatar\\\/c82db564e8a669bf6023357a157b9dc4780f4d4c618f2ad1d71a6a5dede45057?s=96&d=mm&r=g\",\"caption\":\"ckl\"},\"url\":\"https:\\\/\\\/cklcomunicaciones.es\\\/coop\\\/author\\\/cklcomunicaciones\\\/\"}]}<\/script>\n<!-- \/ Yoast SEO plugin. -->","yoast_head_json":{"title":"Noticias Info CKL n\u00ba 2.084-05\/03\/18-Comunicar con perspectiva de g\u00e9nero","description":"Comunicar con perspectiva de g\u00e9nero: Las mujeres, las m\u00e1s afectadas y las que menos deciden en el cambio clim\u00e1tico-Andaluc\u00eda: La Universidad garantizar\u00e1 las ense\u00f1anzas obligatorias en Igualdad-Objetivo #8M: que sin mujeres se pare el mundo","robots":{"index":"index","follow":"follow","max-snippet":"max-snippet:-1","max-image-preview":"max-image-preview:large","max-video-preview":"max-video-preview:-1"},"canonical":"https:\/\/cklcomunicaciones.es\/coop\/noticias-info-ckl-no-2-084-05-03-18\/","og_locale":"es_ES","og_type":"article","og_title":"Noticias Info CKL n\u00ba 2.084-05\/03\/18-Comunicar con perspectiva de g\u00e9nero","og_description":"Comunicar con perspectiva de g\u00e9nero: Las mujeres, las m\u00e1s afectadas y las que menos deciden en el cambio clim\u00e1tico-Andaluc\u00eda: La Universidad garantizar\u00e1 las ense\u00f1anzas obligatorias en Igualdad-Objetivo #8M: que sin mujeres se pare el mundo","og_url":"https:\/\/cklcomunicaciones.es\/coop\/noticias-info-ckl-no-2-084-05-03-18\/","og_site_name":"CKL Comunicaciones","article_published_time":"2018-03-05T13:03:30+00:00","article_modified_time":"2025-01-17T15:41:00+00:00","og_image":[{"width":606,"height":606,"url":"https:\/\/cklcomunicaciones.es\/coop\/wp-content\/uploads\/2018\/02\/ckl-coop_v01a-01-.jpg","type":"image\/jpeg"}],"author":"ckl","twitter_card":"summary_large_image","twitter_misc":{"Escrito por":"ckl","Tiempo de lectura":"6 minutos"},"schema":{"@context":"https:\/\/schema.org","@graph":[{"@type":"Article","@id":"https:\/\/cklcomunicaciones.es\/coop\/noticias-info-ckl-no-2-084-05-03-18\/#article","isPartOf":{"@id":"https:\/\/cklcomunicaciones.es\/coop\/noticias-info-ckl-no-2-084-05-03-18\/"},"author":{"name":"ckl","@id":"https:\/\/cklcomunicaciones.es\/coop\/#\/schema\/person\/929a6837f7626450bbb50cee1aef266e"},"headline":"Noticias Info CKL n\u00ba 2.084-05\/03\/18","datePublished":"2018-03-05T13:03:30+00:00","dateModified":"2025-01-17T15:41:00+00:00","mainEntityOfPage":{"@id":"https:\/\/cklcomunicaciones.es\/coop\/noticias-info-ckl-no-2-084-05-03-18\/"},"wordCount":1215,"image":{"@id":"https:\/\/cklcomunicaciones.es\/coop\/noticias-info-ckl-no-2-084-05-03-18\/#primaryimage"},"thumbnailUrl":"http:\/\/www.cklcomunicaciones.es\/wp-content\/uploads\/2018\/02\/ckl-coop_v01a-01--300x300.jpg","articleSection":["Newsletter","Nwl v2.0"],"inLanguage":"es"},{"@type":"WebPage","@id":"https:\/\/cklcomunicaciones.es\/coop\/noticias-info-ckl-no-2-084-05-03-18\/","url":"https:\/\/cklcomunicaciones.es\/coop\/noticias-info-ckl-no-2-084-05-03-18\/","name":"Noticias Info CKL n\u00ba 2.084-05\/03\/18-Comunicar con perspectiva de g\u00e9nero","isPartOf":{"@id":"https:\/\/cklcomunicaciones.es\/coop\/#website"},"primaryImageOfPage":{"@id":"https:\/\/cklcomunicaciones.es\/coop\/noticias-info-ckl-no-2-084-05-03-18\/#primaryimage"},"image":{"@id":"https:\/\/cklcomunicaciones.es\/coop\/noticias-info-ckl-no-2-084-05-03-18\/#primaryimage"},"thumbnailUrl":"http:\/\/www.cklcomunicaciones.es\/wp-content\/uploads\/2018\/02\/ckl-coop_v01a-01--300x300.jpg","datePublished":"2018-03-05T13:03:30+00:00","dateModified":"2025-01-17T15:41:00+00:00","author":{"@id":"https:\/\/cklcomunicaciones.es\/coop\/#\/schema\/person\/929a6837f7626450bbb50cee1aef266e"},"description":"Comunicar con perspectiva de g\u00e9nero: Las mujeres, las m\u00e1s afectadas y las que menos deciden en el cambio clim\u00e1tico-Andaluc\u00eda: La Universidad garantizar\u00e1 las ense\u00f1anzas obligatorias en Igualdad-Objetivo #8M: que sin mujeres se pare el mundo","breadcrumb":{"@id":"https:\/\/cklcomunicaciones.es\/coop\/noticias-info-ckl-no-2-084-05-03-18\/#breadcrumb"},"inLanguage":"es","potentialAction":[{"@type":"ReadAction","target":["https:\/\/cklcomunicaciones.es\/coop\/noticias-info-ckl-no-2-084-05-03-18\/"]}]},{"@type":"ImageObject","inLanguage":"es","@id":"https:\/\/cklcomunicaciones.es\/coop\/noticias-info-ckl-no-2-084-05-03-18\/#primaryimage","url":"http:\/\/www.cklcomunicaciones.es\/wp-content\/uploads\/2018\/02\/ckl-coop_v01a-01--300x300.jpg","contentUrl":"http:\/\/www.cklcomunicaciones.es\/wp-content\/uploads\/2018\/02\/ckl-coop_v01a-01--300x300.jpg"},{"@type":"BreadcrumbList","@id":"https:\/\/cklcomunicaciones.es\/coop\/noticias-info-ckl-no-2-084-05-03-18\/#breadcrumb","itemListElement":[{"@type":"ListItem","position":1,"name":"Portada","item":"https:\/\/cklcomunicaciones.es\/coop\/"},{"@type":"ListItem","position":2,"name":"Noticias Info CKL n\u00ba 2.084-05\/03\/18"}]},{"@type":"WebSite","@id":"https:\/\/cklcomunicaciones.es\/coop\/#website","url":"https:\/\/cklcomunicaciones.es\/coop\/","name":"CKL Comunicaciones","description":"Sitio web de CKL Comunicaciones coop , la consultora de comunicaci\u00f3n y estrategia","potentialAction":[{"@type":"SearchAction","target":{"@type":"EntryPoint","urlTemplate":"https:\/\/cklcomunicaciones.es\/coop\/?s={search_term_string}"},"query-input":{"@type":"PropertyValueSpecification","valueRequired":true,"valueName":"search_term_string"}}],"inLanguage":"es"},{"@type":"Person","@id":"https:\/\/cklcomunicaciones.es\/coop\/#\/schema\/person\/929a6837f7626450bbb50cee1aef266e","name":"ckl","image":{"@type":"ImageObject","inLanguage":"es","@id":"https:\/\/secure.gravatar.com\/avatar\/c82db564e8a669bf6023357a157b9dc4780f4d4c618f2ad1d71a6a5dede45057?s=96&d=mm&r=g","url":"https:\/\/secure.gravatar.com\/avatar\/c82db564e8a669bf6023357a157b9dc4780f4d4c618f2ad1d71a6a5dede45057?s=96&d=mm&r=g","contentUrl":"https:\/\/secure.gravatar.com\/avatar\/c82db564e8a669bf6023357a157b9dc4780f4d4c618f2ad1d71a6a5dede45057?s=96&d=mm&r=g","caption":"ckl"},"url":"https:\/\/cklcomunicaciones.es\/coop\/author\/cklcomunicaciones\/"}]}},"_links":{"self":[{"href":"https:\/\/cklcomunicaciones.es\/coop\/wp-json\/wp\/v2\/posts\/13692","targetHints":{"allow":["GET"]}}],"collection":[{"href":"https:\/\/cklcomunicaciones.es\/coop\/wp-json\/wp\/v2\/posts"}],"about":[{"href":"https:\/\/cklcomunicaciones.es\/coop\/wp-json\/wp\/v2\/types\/post"}],"author":[{"embeddable":true,"href":"https:\/\/cklcomunicaciones.es\/coop\/wp-json\/wp\/v2\/users\/3"}],"replies":[{"embeddable":true,"href":"https:\/\/cklcomunicaciones.es\/coop\/wp-json\/wp\/v2\/comments?post=13692"}],"version-history":[{"count":0,"href":"https:\/\/cklcomunicaciones.es\/coop\/wp-json\/wp\/v2\/posts\/13692\/revisions"}],"wp:attachment":[{"href":"https:\/\/cklcomunicaciones.es\/coop\/wp-json\/wp\/v2\/media?parent=13692"}],"wp:term":[{"taxonomy":"category","embeddable":true,"href":"https:\/\/cklcomunicaciones.es\/coop\/wp-json\/wp\/v2\/categories?post=13692"},{"taxonomy":"post_tag","embeddable":true,"href":"https:\/\/cklcomunicaciones.es\/coop\/wp-json\/wp\/v2\/tags?post=13692"}],"curies":[{"name":"wp","href":"https:\/\/api.w.org\/{rel}","templated":true}]}}