{"id":13689,"date":"2018-03-02T14:44:51","date_gmt":"2018-03-02T13:44:51","guid":{"rendered":"http:\/\/www.cklcomunicaciones.es\/?p=13689"},"modified":"2025-01-17T16:41:00","modified_gmt":"2025-01-17T15:41:00","slug":"noticias-info-ckl-no-2-083-02-03-18","status":"publish","type":"post","link":"https:\/\/cklcomunicaciones.es\/coop\/noticias-info-ckl-no-2-083-02-03-18\/","title":{"rendered":"Noticias Info CKL n\u00ba 2.083-02\/03\/18"},"content":{"rendered":"<div id=\"pl-13689\"  class=\"panel-layout\" >\n<div id=\"pg-13689-0\"  class=\"panel-grid panel-no-style\"  data-style=\"{&quot;background_display&quot;:&quot;tile&quot;,&quot;lsow_dark_bg&quot;:&quot;&quot;,&quot;cell_alignment&quot;:&quot;flex-start&quot;}\" >\n<div id=\"pgc-13689-0-0\"  class=\"panel-grid-cell\"  data-weight=\"1\" >\n<div id=\"panel-13689-0-0-0\" class=\"so-panel widget widget_sow-editor panel-first-child panel-last-child\" data-index=\"0\" data-style=\"{&quot;background_image_attachment&quot;:false,&quot;background_display&quot;:&quot;tile&quot;}\" >\n<div class=\"so-widget-sow-editor so-widget-sow-editor-base\">\n<div class=\"siteorigin-widget-tinymce textwidget\">\n<p><img decoding=\"async\" class=\"lazyload alignnone wp-image-13666\" src=\"http:\/\/www.cklcomunicaciones.es\/wp-content\/uploads\/2018\/02\/ckl-coop_v01a-01--300x300.jpg\" data-orig-src=\"http:\/\/www.cklcomunicaciones.es\/wp-content\/uploads\/2018\/02\/ckl-coop_v01a-01--300x300.jpg\" alt=\"CKL Comunicaciones coop - CKL\" width=\"106\" height=\"106\" srcset=\"data:image\/svg+xml,%3Csvg%20xmlns%3D%27http%3A%2F%2Fwww.w3.org%2F2000%2Fsvg%27%20width%3D%27106%27%20height%3D%27106%27%20viewBox%3D%270%200%20106%20106%27%3E%3Crect%20width%3D%27106%27%20height%3D%27106%27%20fill-opacity%3D%220%22%2F%3E%3C%2Fsvg%3E\" data-srcset=\"https:\/\/cklcomunicaciones.es\/coop\/wp-content\/uploads\/2018\/02\/ckl-coop_v01a-01--150x150.jpg 150w, https:\/\/cklcomunicaciones.es\/coop\/wp-content\/uploads\/2018\/02\/ckl-coop_v01a-01--300x300.jpg 300w, https:\/\/cklcomunicaciones.es\/coop\/wp-content\/uploads\/2018\/02\/ckl-coop_v01a-01--450x450.jpg 450w, https:\/\/cklcomunicaciones.es\/coop\/wp-content\/uploads\/2018\/02\/ckl-coop_v01a-01-.jpg 606w\" data-sizes=\"auto\" data-orig-sizes=\"(max-width: 106px) 100vw, 106px\" \/><\/p>\n<p id=\":253\" class=\"hP\" tabindex=\"-1\" data-thread-perm-id=\"161b830a5a7e43ab\"><strong>El porcentaje de empresas espa\u00f1olas que cumple la Ley de Igualdad se sit\u00faa en el 26%-\u00bfQu\u00e9 obst\u00e1culos deben sortear las mujeres para acceder al trabajo-Carme Chaparro, Premio CGPJ contra la VG-#LasPeriodistasParamos<\/strong><\/p>\n<p>[toggle type=\u00bbfirst\u00bb title=\u00bbRecomendaciones\u00bb]<\/p>\n<ul>\n<li>En CKL Comunicaciones Coop paramos <a href=\"https:\/\/www.facebook.com\/hashtag\/nosotrasparamos?source=feed_text\">#NosotrasParamos<\/a> <a href=\"https:\/\/www.facebook.com\/hashtag\/8m?source=feed_text\">#8M<\/a><\/li>\n<li>Nos sumamos a <a href=\"https:\/\/www.facebook.com\/hashtag\/lasperiodistasparamos?source=feed_text\">#LasPeriodistasParamos<\/a> Mujeres periodistas de decenas de medios y agencias de comunicaci\u00f3n, gabinetes de prensa, y, en general, trabajadoras de medios y empresas period\u00edsticas apoyamos la huelga general feminista convocada para este 8 de marzo. De la misma manera, instamos a todas las compa\u00f1eras a que se sumen a la movilizaci\u00f3n en la medida de sus posibilidades y circunstancias. <br \/> Firma <a href=\"https:\/\/lasperiodistasparamos.wordpress.com\/\">https:\/\/lasperiodistasparamos.wordpress.com\/<\/a><\/li>\n<li>Somos parte del cooperativismo andaluz, que apoya la Huelga de Mujeres. Las organizaciones cooperativas AMECOOP y FAECTA se suman a la huelga de mujeres que tendr\u00e1 lugar el pr\u00f3ximo 8 de marzo, D\u00eda Internacional de la Mujer. <a href=\"https:\/\/www.facebook.com\/hashtag\/nosotrasparamos?source=feed_text\">#NosotrasParamos<\/a> <a href=\"https:\/\/www.facebook.com\/hashtag\/8m?source=feed_text\">#8M<\/a>. Desde AMECOOP y FAECTA tambi\u00e9n se hace un llamamiento a todo el sector cooperativo y de la econom\u00eda social para que apoyen la huelga apuntando que \u201cnos sobran razones para secundar esta huelga de mujeres porque nos sobra violencia y nos faltan empresas libres de machismo\u201d. Asimismo, animan a los hombres del sector cooperativo a contribuir con la huelga de mujeres cubriendo ese d\u00eda el trabajo que sus compa\u00f1eras realizan. <a href=\"https:\/\/www.facebook.com\/hashtag\/andaluciacoop?source=feed_text\">#AndaluciaCoop<\/a>. Manifiesto: :<a href=\"https:\/\/www.faecta.coop\/fileadmin\/documentos\/PDF_FAECTA\/MANIFIESTO_8M.pdf\">https:\/\/www.faecta.coop\/\u2026\/docu\u2026\/PDF_FAECTA\/MANIFIESTO_8M.pdf<\/a><\/li>\n<\/ul>\n<p>[\/toggle]<\/p>\n<p>[toggle type=\u00bbfirst\u00bb title=\u00bbConvocatorias\u00bb]<\/p>\n<ul>\n<li><a href=\"http:\/\/www.juntadeandalucia.es\/cultura\/caletras\/opencms\/es\/portal\/letras_capitales\/eventos\/2018.03.05.sevilla.edurne.portela.html\">Presentaci\u00f3n del libro <\/a><a href=\"http:\/\/www.juntadeandalucia.es\/cultura\/caletras\/opencms\/es\/portal\/letras_capitales\/eventos\/2018.03.05.sevilla.edurne.portela.html\">&#8216;<\/a><a href=\"http:\/\/www.juntadeandalucia.es\/cultura\/caletras\/opencms\/es\/portal\/letras_capitales\/eventos\/2018.03.05.sevilla.edurne.portela.html\">Mejor la ausencia<\/a><a href=\"http:\/\/www.juntadeandalucia.es\/cultura\/caletras\/opencms\/es\/portal\/letras_capitales\/eventos\/2018.03.05.sevilla.edurne.portela.html\">&#8216;,<\/a><a href=\"http:\/\/www.juntadeandalucia.es\/cultura\/caletras\/opencms\/es\/portal\/letras_capitales\/eventos\/2018.03.05.sevilla.edurne.portela.html\"> de Edurne Porte<\/a><a href=\"http:\/\/www.juntadeandalucia.es\/cultura\/caletras\/opencms\/es\/portal\/letras_capitales\/eventos\/2018.03.05.sevilla.edurne.portela.html\">la<\/a>. Centro Andaluz de las Letras. 5 de marzo de 2017<\/li>\n<li><a href=\"http:\/\/tresculturas.org\/actividad\/cita-intrepida-la-literatura-encuentro-lidia-jorge\/\">Encuentro con la escritora portuguesa L\u00eddia Jorge en torno a su libro &#8216;Los tiempos del esplendor&#8217;<\/a>. Fundaci\u00f3n Tres Culturas. 6 de marzo de 2018. Precisa reserva<\/li>\n<li><a href=\"http:\/\/www.juntadeandalucia.es\/cultura\/caletras\/opencms\/es\/portal\/letras_capitales\/eventos\/2018.03.06.malaga.una.vida.prestada.html\">Presentaci\u00f3n del libro &#8216;Una vida prestada&#8217;, de Berta V\u00edas<\/a>. Centro Andaluz de las Letras. 6 de marzo de 2018<\/li>\n<li><a href=\"http:\/\/www.juntadeandalucia.es\/iam\/catalogo\/doc\/convocatorias\/2018-iam\/MA-jornada-planes-igualdad-empresas.pdf\">Jornada de capacitaci\u00f3n &#8216;Los Planes de Igualdad en las Empresas&#8217;<\/a>. Instituto Andaluz de la Mujer 9 de marzo de 2018<\/li>\n<\/ul>\n<p>[\/toggle]<\/p>\n<p>[toggle type=\u00bbfirst\u00bb title=\u00bbComunicaci\u00f3n\u00bb]<\/p>\n<p><a href=\"http:\/\/www.huffingtonpost.es\/2018\/03\/02\/lasperiodistasparamos-mas-de-2-800-mujeres-periodistas-apoyan-la-huelga-del-8m_a_23375031\/\">#LasPeriodistasParamos: m\u00e1s de 3.000 mujeres periodistas apoyan &#8230;<\/a> &#8211; El HuffPost<\/p>\n<p><a href=\"http:\/\/www.publico.es\/sociedad\/mas-000-mujeres-periodistas-firman.html\">Miles de mujeres periodistas firman un manifiesto contra el machismo en el sector<\/a> &#8211; P\u00fablico<\/p>\n<p><a href=\"https:\/\/www.cuatro.com\/noticias\/carme-chaparro-premio-cgpj-violencia-machista_2_2524230011.html\">Carme Chaparro, premio del CGPJ contra la violencia machista<\/a> &#8211; Cuatro<\/p>\n<p><a href=\"https:\/\/www.google.es\/url?sa=t&amp;rct=j&amp;q=&amp;esrc=s&amp;source=newssearch&amp;cd=81&amp;ved=0ahUKEwjD_8Ty183ZAhXGthQKHeY9BC84UBCpAggmKAAwAA&amp;url=https%3A%2F%2Fwww.elespanol.com%2Fsocial%2F20180301%2Fidean-gta-empodera-mujeres-frente-brecha-salarial%2F288722251_0.html&amp;usg=AOvVaw0sWF-db_cECDAiyC0UGcvB\">Idean un &#8216;GTA&#8217; que empodera a las mujeres frente a la brecha salarial<\/a> &#8211; El Espa\u00f1ol<\/p>\n<p>\u00a0<\/p>\n<p>[\/toggle]<\/p>\n<p>[toggle type=\u00bbfirst\u00bb title=\u00bbAndaluc\u00eda\u00bb]<\/p>\n<p><strong>Institucional<\/strong><\/p>\n<p><a href=\"https:\/\/www.google.es\/url?sa=t&amp;rct=j&amp;q=&amp;esrc=s&amp;source=newssearch&amp;cd=4&amp;ved=0ahUKEwiMw9GTzs3ZAhWMVhQKHd6ODE8QqQIIMCgAMAM&amp;url=http%3A%2F%2Fwww.lavanguardia.com%2Fvida%2F20180301%2F441167399113%2Fconsejera-destaca-compromiso-de-la-junta-con-programas-igualdad-de-genero.html&amp;usg=AOvVaw2tjx0zH72_zIlhk26wBPZd\">La consejera S\u00e1nchez Rubio destaca compromiso de la Junta con programas de igualdad de g\u00e9nero &#8230;<\/a> &#8211; La Vanguardia<\/p>\n<p><strong>Econom\u00eda y Empresas<\/strong><\/p>\n<p><a href=\"http:\/\/www.teleprensa.com\/sevilla\/andalucia-con-350-la-comunidad-con-mas-empresas-creadas-en-2017-con-el-programa-de-apoyo-empresarial-a-las-mujeres.html.html\">Andaluc\u00eda, con 350, la comunidad con m\u00e1s empresas creadas en el PAEM&#8230;<\/a> &#8211; Teleprensa peri\u00f3dico digital<\/p>\n<p><a href=\"http:\/\/www.diariosur.es\/malaga-capital\/numero-directivas-malaga-20180302001123-ntvo.html\">El n\u00famero de directivas en M\u00e1laga alcanza el 29%, sobre la media &#8230;<\/a> &#8211; Sur Digital<\/p>\n<p><a href=\"https:\/\/www.google.es\/url?sa=t&amp;rct=j&amp;q=&amp;esrc=s&amp;source=newssearch&amp;cd=6&amp;ved=0ahUKEwj0ss_O083ZAhXCshQKHRO0BOAQqQIINSgAMAU&amp;url=http%3A%2F%2Fecodiario.eleconomista.es%2Fespana%2Fnoticias%2F8974485%2F03%2F18%2FEl-46-de-las-andaluzas-en-edad-laboral-se-encuentra-en-riesgo-de-exclusion-o-pobreza-segun-Adecco.html&amp;usg=AOvVaw1xwdetumg5tlEYb4nSHqt6\">El 46% de las andaluzas en edad laboral se encuentra en riesgo de exclusi\u00f3n o pobreza&#8230;<\/a> &#8211; Ecodiario<\/p>\n<p><strong>Actualidad<\/strong><\/p>\n<p><a href=\"https:\/\/www.google.es\/url?sa=t&amp;rct=j&amp;q=&amp;esrc=s&amp;source=newssearch&amp;cd=1&amp;ved=0ahUKEwix6feAzs3ZAhUFwxQKHVQMC90QqQIIJygAMAA&amp;url=http%3A%2F%2Fwww.laopiniondemalaga.es%2Fmalaga%2F2018%2F03%2F01%2Fcarmen-castilla-8-marzo-sera%2F990237.html&amp;usg=AOvVaw2ufFhy8FCq79macYZe8SF_\">UGT pide a todos los hombres que colaboren en la manifestaci\u00f3n del 8M..<\/a> &#8211; La Opini\u00f3n de M\u00e1laga<\/p>\n<p><a href=\"https:\/\/www.google.com\/url?rct=j&amp;sa=t&amp;url=http:\/\/www.diariodesevilla.es\/opinion\/tribuna\/Plenamente-libres_0_1222977857.html&amp;ct=ga&amp;cd=CAEYAyoTNTY5NDUzMTg4MTA4MDA1ODIwMTIZYzAzNzJlYmMyZmVhZGE1OTplczplczpFUw&amp;usg=AFQjCNEMgbFqmhO72vG0AVUqfu96Z0wwYQ\">Plenamente libres <\/a>&#8211; Diario de Sevilla<\/p>\n<p><strong>Ciencia y Cultura<\/strong><\/p>\n<p><a href=\"https:\/\/www.eldiario.es\/cultura\/Juana-Martin-Paris-Camaron-Isla_0_745426602.html\">La dise\u00f1adora cordobesa Juana Mart\u00edn homenajea en Par\u00eds a Camar\u00f3n &#8230;<\/a> &#8211;<a href=\"http:\/\/eldiario.es\">eldiario.es<\/a><\/p>\n<p><a href=\"http:\/\/www.europapress.es\/esandalucia\/almeria\/noticia-alcazaba-organiza-marzo-visita-clave-mujer-recreacion-medieval-historica-20180301155917.html\">La Alcazaba organiza en marzo una visita en clave de mujer y una &#8230;<\/a> &#8211; Europa Press<\/p>\n<p><a href=\"http:\/\/www.abc.es\/cultura\/teatros\/abci-hora-feliz-risas-y-feminismo-teatros-luchana-201803020927_noticia.html\">\u00abLa Hora Feliz\u00bb, risas y feminismo en los Teatros Luchana<\/a> &#8211; Abc.es<\/p>\n<p><a href=\"https:\/\/www.google.es\/url?sa=t&amp;rct=j&amp;q=&amp;esrc=s&amp;source=newssearch&amp;cd=97&amp;ved=0ahUKEwiJ5vvP283ZAhWDuhQKHT4bCY84WhCpAgg4KAAwBg&amp;url=https%3A%2F%2Felpais.com%2Fcultura%2F2018%2F03%2F01%2Factualidad%2F1519920392_424835.html&amp;usg=AOvVaw2SU3JRa-kmzMAlicqPitnT\">Mujeres en la frontera<\/a> \u2013 El Pa\u00eds<\/p>\n<p><strong>Deporte<\/strong><\/p>\n<p><a href=\"http:\/\/www.muchodeporte.com\/deporte_andaluz\/38606\/unas_300_jugadoras_de_rugby_por_la_igualdad_de_genero_en_el_deporte\/\">Unas 300 jugadoras de rugby por la igualdad de g\u00e9nero en el deporte<\/a> &#8211; Mucho Deporte<\/p>\n<p>\u00a0<\/p>\n<p>[\/toggle]<br \/> [toggle title=\u00bbEstado\u00bb]<\/p>\n<p><strong>Institucional-CCAA<\/strong><\/p>\n<p><a href=\"https:\/\/www.google.com\/url?rct=j&amp;sa=t&amp;url=http:\/\/www.hoy.es\/emprende\/coworking\/conocer-proyecto-desafio-20180302095318-nt.html&amp;ct=ga&amp;cd=CAEYACoTMjczODM4MDU2MjM4MzI5OTk2NDIZYzAzNzJlYmMyZmVhZGE1OTplczplczpFUw&amp;usg=AFQjCNEyFh4HhcnPr9KDwKHaGfpdCUN_hg\">LA EOI da a conocer el proyecto &#8216;Desaf\u00edo Mujer Rural&#8217; para las mujeres emprendedoras <\/a>&#8211; Hoy Digital<\/p>\n<p><a href=\"http:\/\/www.mujeremprendedora.net\/premios-internacionales-madrid-womans-week-2018\/\">Premios Internacionales Madrid Woman\u2019s Week 2018<\/a> \u2013 Mujeremprendedora.net<\/p>\n<p><a href=\"http:\/\/www.mujeremprendedora.net\/fernando-lopez-miras-asegura-breve-sera-realidad-murcia-distintivo-igualdad-empresas-red-emplea-igualdad\/\">Fernando L\u00f3pez Miras asegura que \u201cen breve\u201d ser\u00e1 una realidad en Murcia el Distintivo de Igualdad en empresas y la \u2018Red Emplea en Igualdad\u2019<\/a>\u2013 Mujeremprendedora.net<\/p>\n<p><a href=\"http:\/\/www.mujeremprendedora.net\/cantabria-aprueba-proyecto-ley-igualdad-hombres-mujeres\/\">Cantabria aprueba el proyecto de Ley para la Igualdad efectiva entre hombres y mujeres<\/a> -Mujeremprendedora.net<\/p>\n<p><strong>Econom\u00eda y Empresa<\/strong><\/p>\n<p><a href=\"https:\/\/www.google.com\/url?rct=j&amp;sa=t&amp;url=http:\/\/www.lavanguardia.com\/vida\/20180301\/441166495222\/mas-de-2200-mujeres-crearon-empresas-en-2017-gracias-a-la-camara-de-comercio.html&amp;ct=ga&amp;cd=CAEYACoTOTMyODgyMjE2NDU3NjUxMjgxNzIZYzAzNzJlYmMyZmVhZGE1OTplczplczpFUw&amp;usg=AFQjCNF6cqa1IEz7JxysqMRvW0A9YBmuMg\">M\u00e1s de 2.200 mujeres crearon empresas en 2017 gracias a la C\u00e1mara de Comercio de Espa\u00f1a\u2026 <\/a>&#8211; La Vanguardia<\/p>\n<p><a href=\"https:\/\/www.google.com\/url?rct=j&amp;sa=t&amp;url=http:\/\/www.equiposytalento.com\/noticias\/2018\/03\/01\/ejecon-entregara-sus-premios-al-talento-sin-genero-el-5-de-marzo&amp;ct=ga&amp;cd=CAEYCioTNjcwNzQzMzAwNTcwNTAxODM1MTIZYzAzNzJlYmMyZmVhZGE1OTplczplczpFUw&amp;usg=AFQjCNFVzneA2iSB15PmtW7Lhgqgm_nxQg\">EJE&amp;CON entregar\u00e1 sus premios al &#8216;Talento Sin G\u00e9nero&#8217; el 5 de marzo <\/a>&#8211; Equipos &amp; Talento<\/p>\n<p><a href=\"https:\/\/www.google.com\/url?rct=j&amp;sa=t&amp;url=http:\/\/www.informaria.com\/quierosermipropiajefa-una-campana-de-la-camara-de-espana-con-motivo-del-dia-internacional-de-la-mujer\/&amp;ct=ga&amp;cd=CAEYASoUMTI4Nzk0MjI4MTMwMTg0MDQ3ODUyGWMwMzcyZWJjMmZlYWRhNTk6ZXM6ZXM6RVM&amp;usg=AFQjCNE2ELMJ6TkE4dmaJcmHyn5PqPAb9g\">#QuieroSerMiPropiaJefa, una campa\u00f1a de la C\u00e1mara de Espa\u00f1a con motivo del D\u00eda Internacional &#8230; <\/a>&#8211; Informaria Digital<\/p>\n<p><a href=\"http:\/\/www.elmundo.es\/economia\/2018\/03\/01\/5a9838d022601d18688b4580.html\">M\u00e1s de la mitad de los empresarios espa\u00f1oles rechaza las auditor\u00edas para acabar con la brecha salarial<\/a> \u2013 El Mundo<\/p>\n<p><a href=\"http:\/\/www.mujeremprendedora.net\/porcentaje-empresas-espanolas-que-cumple-ley-igualdad-se-situa-26\/\">El porcentaje de empresas espa\u00f1olas que cumple la Ley de Igualdad se sit\u00faa en el 26%<\/a>-Mujeremprendedora.net<\/p>\n<p><a href=\"https:\/\/www.google.es\/url?sa=t&amp;rct=j&amp;q=&amp;esrc=s&amp;source=newssearch&amp;cd=14&amp;ved=0ahUKEwj2jc2z0s3ZAhUD1RQKHYaBDTE4ChCpAgguKAAwAw&amp;url=http%3A%2F%2Fwww.europapress.es%2Fepsocial%2Figualdad%2Fnoticia-discapacidad-edad-responsabilidades-familiares-no-compartidas-violencia-genero-lastres-mujer-trabajar-20180301150100.html&amp;usg=AOvVaw3LB5Mj-zWYriz4PWJzHU2F\">\u00bfQu\u00e9 obst\u00e1culos deben sortear las mujeres para acceder al mercado laboral&#8230;<\/a> &#8211; Europa Press<\/p>\n<p><strong>Actualidad<\/strong><\/p>\n<p><a href=\"https:\/\/elpais.com\/elpais\/2018\/03\/01\/mamas_papas\/1519899736_513425.html\">Las doctoras \u2018milagro\u2019 que salvan a m\u00e1s de 1.000 beb\u00e9s cada a\u00f1o<\/a> \u2013 El Pa\u00eds<\/p>\n<p><a href=\"http:\/\/www.eldiario.es\/desalambre\/Mujeres-migrantes-denuncian-institucional-Espana_0_745425751.html\">Mujeres migrantes denuncian en un informe la \u00abviolencia racista, laboral e institucional\u201d que sufren en Espa\u00f1a &#8230;<\/a> &#8211;<a href=\"http:\/\/eldiario.es\">eldiario.es<\/a><\/p>\n<p><strong>Violencia<\/strong><\/p>\n<p><a href=\"http:\/\/www.elmundo.es\/comunidad-valenciana\/castellon\/2018\/03\/01\/5a98077e268e3e817b8b4573.html\">&#8216;Mia&#8217;, la lucha contra la violencia de g\u00e9nero hecha \u00f3pera<\/a> &#8211; El Mundo<\/p>\n<p><a href=\"http:\/\/www.laopiniondemurcia.es\/murcia\/2018\/03\/02\/cae-red-trata-personas-explotaba\/902405.html\">Cae una red de trata de personas que explotaba a mujeres de &#8230;<\/a> &#8211; La Opini\u00f3n de Murcia<\/p>\n<p><strong>Ciencia y Cultura<\/strong><\/p>\n<p><a href=\"http:\/\/www.librujula.com\/actualidad\/2071-cristina-elena-pardo-una-poeta-a-tener-en-cuenta\">Cristina Elena Pardo, una poeta a tener en cuenta<\/a> &#8211; P\u00fablico<\/p>\n<p><a href=\"http:\/\/www.elmundo.es\/cultura\/literatura\/2018\/03\/01\/5a983469468aebfb0a8b45e3.html\">Elena Zarraluqui presenta &#8216;Divorciadas con historia&#8217;, la historia de 15 mujeres que se enfrentaron a su \u00e9poca<\/a>\u2013 El Mundo<\/p>\n<p><a href=\"https:\/\/www.elperiodico.com\/es\/noticias\/onbarcelona\/leer\/mujeres-pie-guerra-memorias-resistencia-antifranquista-6657061\">&#8216;Mujeres en pie de guerra&#8217;, memorias de resistencia antifranquista<\/a> &#8211; El Peri\u00f3dico<\/p>\n<p><a href=\"https:\/\/www.google.es\/url?sa=t&amp;rct=j&amp;q=&amp;esrc=s&amp;source=newssearch&amp;cd=5&amp;ved=0ahUKEwiz8K-w0M3ZAhXCwxQKHcjsB2IQqQIIMSgAMAQ&amp;url=http%3A%2F%2Fwww.gentedigital.es%2Factualidad%2Fnoticia%2F2340146%2Funa-exposicion-fotografica-a-favor-de-la-igualdad%2F&amp;usg=AOvVaw1Fh6DwyXHNnpEXELrOTCfP\">Una exposici\u00f3n fotogr\u00e1fica a favor de la igualdad<\/a> &#8211; Gente Digital\u00a0\u00a0\u00a0\u00a0\u00a0\u00a0\u00a0\u00a0\u00a0\u00a0\u00a0\u00a0\u00a0\u00a0\u00a0\u00a0\u00a0\u00a0\u00a0\u00a0\u00a0\u00a0\u00a0\u00a0\u00a0\u00a0\u00a0\u00a0\u00a0\u00a0\u00a0\u00a0\u00a0\u00a0\u00a0\u00a0\u00a0\u00a0\u00a0\u00a0\u00a0\u00a0\u00a0\u00a0 <\/p>\n<p><strong>Deporte<\/strong>\u00a0<\/p>\n<p><a href=\"https:\/\/elpais.com\/elpais\/2018\/02\/23\/eps\/1519385741_650390.html\">Vicky Losada, una maestra en el centro del campo<\/a> \u2013 El Pa\u00eds<\/p>\n<p><a href=\"http:\/\/www.publico.es\/deportes\/asociaciones-jugadoras-denuncian-discriminacion-precariedad-laboral-deporte-femenino.html\">Asociaciones de jugadoras denuncian discriminaci\u00f3n y precariedad laboral<\/a> &#8211; P\u00fablico<\/p>\n<p><a href=\"http:\/\/www.superdeporte.es\/polideportivo\/2018\/03\/02\/documental-mujeres-corren-vuelve-valencia\/365251.html\">El Documental Mujeres Que Corren vuelve a Val\u00e8ncia<\/a> -Superdeporte<\/p>\n<p><a href=\"http:\/\/www.lavanguardia.com\/deportes\/20180301\/441168478791\/el-piraguismo-femenino-busca-mas-maialens-y-mas-teresas-con-apoyo-iberdrola.html\">El pirag\u00fcismo femenino busca \u00abm\u00e1s Maialens y m\u00e1s Teresas\u00bb con &#8230;<\/a> &#8211; La Vanguardia<\/p>\n<p>\u00a0<\/p>\n<p>[\/toggle]<\/p>\n<p>[toggle title=\u00bbInternacional\u00bb]<\/p>\n<p><a href=\"https:\/\/www.clarin.com\/entremujeres\/carrera-y-dinero\/w20-arranco-debate-lideres-argentinas-mujeres-lleguen-puestos-decision_0_rJ_8pjrdf.html\">W20: arranc\u00f3 el debate entre las l\u00edderes argentinas para que m\u00e1s mujeres lleguen a puestos de decisi\u00f3n &#8230;<\/a> &#8211; Clar\u00edn.com<\/p>\n<p><a href=\"https:\/\/www.google.es\/url?sa=t&amp;rct=j&amp;q=&amp;esrc=s&amp;source=newssearch&amp;cd=14&amp;ved=0ahUKEwjlj7Pn0c3ZAhXIthQKHfk2CSY4ChCpAggtKAAwAw&amp;url=https%3A%2F%2Fwww.eleconomista.com.mx%2Fopinion%2FMayor-financiamiento-rural-para-mujeres-emprendedoras-I-20180301-0122.html&amp;usg=AOvVaw19wYW2ppXHzOPaTRigseMI\">Mayor financiamiento rural para emprendedoras en M\u00e9xico \u2026<\/a>-El Economista<\/p>\n<p><a href=\"https:\/\/www.elconfidencial.com\/mundo\/2018-03-02\/merkel-feminismo-mujeres-poder-alemania_1528403\/\">La mujer m\u00e1s poderosa del mundo no es feminista<\/a> -El Confidencial<\/p>\n<p><a href=\"http:\/\/www.abc.es\/historia\/abci-mujeres-consuelo-esclavas-sexuales-ejercito-japones-durante-iigm-201803011753_video.html\">\u00ab<em>Mujeres<\/em> de consuelo\u00bb: las esclavas sexuales del Ej\u00e9rcito japon\u00e9s &#8230;<\/a> &#8211; Abc.es<\/p>\n<p><a href=\"https:\/\/www.quien.com\/espectaculos\/2018\/03\/01\/las-mujeres-que-han-hecho-historia-en-90-anos-del-oscar\">Las mujeres que han hecho historia en 90 a\u00f1os del Oscar<\/a> &#8211; quien.com<\/p>\n<p><a href=\"https:\/\/elasombrario.com\/ida-lupino-exploradora-cinematografica\/\">Ida Lupino, 100 a\u00f1os de una exploradora cinematogr\u00e1fica y social<\/a> &#8211; P\u00fablico<\/p>\n<p><a href=\"https:\/\/elpais.com\/internacional\/2018\/03\/02\/actualidad\/1519975388_052971.html\">Detenidas 35 mujeres por ir a ver un partido de f\u00fatbol en Ir\u00e1n<\/a> \u2013 El Pa\u00eds<\/p>\n<p>\u00a0<\/p>\n<p>[\/toggle]<\/p>\n<\/div>\n<\/div>\n<\/div>\n<\/div>\n<\/div>\n<\/div>\n","protected":false},"excerpt":{"rendered":"<p>El porcentaje de empresas espa\u00f1olas que cumple la Ley de <a href=\"https:\/\/cklcomunicaciones.es\/coop\/noticias-info-ckl-no-2-083-02-03-18\/\">[&#8230;]<\/a><\/p>\n","protected":false},"author":3,"featured_media":0,"comment_status":"closed","ping_status":"closed","sticky":false,"template":"","format":"standard","meta":{"footnotes":""},"categories":[298,623],"tags":[],"class_list":["post-13689","post","type-post","status-publish","format-standard","hentry","category-newsletter","category-nwl-2-0"],"yoast_head":"<!-- This site is optimized with the Yoast SEO plugin v27.5 - https:\/\/yoast.com\/product\/yoast-seo-wordpress\/ -->\n<title>Noticias Info CKL n\u00ba 2.083-02\/03\/18-Comunicar con perspectiva de g\u00e9nero<\/title>\n<meta name=\"description\" content=\"Comunicar con perspectiva de g\u00e9nero: El porcentaje de empresas espa\u00f1olas que cumple la Ley de Igualdad se sit\u00faa en el 26%-\u00bfQu\u00e9 obst\u00e1culos deben sortear las mujeres para acceder al trabajo-Carme Chaparro, Premio CGPJ contra la VG-#LasPeriodistasParamos\" \/>\n<meta name=\"robots\" content=\"index, follow, max-snippet:-1, max-image-preview:large, max-video-preview:-1\" \/>\n<link rel=\"canonical\" href=\"https:\/\/cklcomunicaciones.es\/coop\/noticias-info-ckl-no-2-083-02-03-18\/\" \/>\n<meta property=\"og:locale\" content=\"es_ES\" \/>\n<meta property=\"og:type\" content=\"article\" \/>\n<meta property=\"og:title\" content=\"Noticias Info CKL n\u00ba 2.083-02\/03\/18-Comunicar con perspectiva de g\u00e9nero\" \/>\n<meta property=\"og:description\" content=\"Comunicar con perspectiva de g\u00e9nero: El porcentaje de empresas espa\u00f1olas que cumple la Ley de Igualdad se sit\u00faa en el 26%-\u00bfQu\u00e9 obst\u00e1culos deben sortear las mujeres para acceder al trabajo-Carme Chaparro, Premio CGPJ contra la VG-#LasPeriodistasParamos\" \/>\n<meta property=\"og:url\" content=\"https:\/\/cklcomunicaciones.es\/coop\/noticias-info-ckl-no-2-083-02-03-18\/\" \/>\n<meta property=\"og:site_name\" content=\"CKL Comunicaciones\" \/>\n<meta property=\"article:published_time\" content=\"2018-03-02T13:44:51+00:00\" \/>\n<meta property=\"article:modified_time\" content=\"2025-01-17T15:41:00+00:00\" \/>\n<meta property=\"og:image\" content=\"https:\/\/cklcomunicaciones.es\/coop\/wp-content\/uploads\/2018\/02\/ckl-coop_v01a-01-.jpg\" \/>\n\t<meta property=\"og:image:width\" content=\"606\" \/>\n\t<meta property=\"og:image:height\" content=\"606\" \/>\n\t<meta property=\"og:image:type\" content=\"image\/jpeg\" \/>\n<meta name=\"author\" content=\"ckl\" \/>\n<meta name=\"twitter:card\" content=\"summary_large_image\" \/>\n<meta name=\"twitter:label1\" content=\"Escrito por\" \/>\n\t<meta name=\"twitter:data1\" content=\"ckl\" \/>\n\t<meta name=\"twitter:label2\" content=\"Tiempo de lectura\" \/>\n\t<meta name=\"twitter:data2\" content=\"5 minutos\" \/>\n<script type=\"application\/ld+json\" class=\"yoast-schema-graph\">{\"@context\":\"https:\\\/\\\/schema.org\",\"@graph\":[{\"@type\":\"Article\",\"@id\":\"https:\\\/\\\/cklcomunicaciones.es\\\/coop\\\/noticias-info-ckl-no-2-083-02-03-18\\\/#article\",\"isPartOf\":{\"@id\":\"https:\\\/\\\/cklcomunicaciones.es\\\/coop\\\/noticias-info-ckl-no-2-083-02-03-18\\\/\"},\"author\":{\"name\":\"ckl\",\"@id\":\"https:\\\/\\\/cklcomunicaciones.es\\\/coop\\\/#\\\/schema\\\/person\\\/929a6837f7626450bbb50cee1aef266e\"},\"headline\":\"Noticias Info CKL n\u00ba 2.083-02\\\/03\\\/18\",\"datePublished\":\"2018-03-02T13:44:51+00:00\",\"dateModified\":\"2025-01-17T15:41:00+00:00\",\"mainEntityOfPage\":{\"@id\":\"https:\\\/\\\/cklcomunicaciones.es\\\/coop\\\/noticias-info-ckl-no-2-083-02-03-18\\\/\"},\"wordCount\":1064,\"image\":{\"@id\":\"https:\\\/\\\/cklcomunicaciones.es\\\/coop\\\/noticias-info-ckl-no-2-083-02-03-18\\\/#primaryimage\"},\"thumbnailUrl\":\"http:\\\/\\\/www.cklcomunicaciones.es\\\/wp-content\\\/uploads\\\/2018\\\/02\\\/ckl-coop_v01a-01--300x300.jpg\",\"articleSection\":[\"Newsletter\",\"Nwl v2.0\"],\"inLanguage\":\"es\"},{\"@type\":\"WebPage\",\"@id\":\"https:\\\/\\\/cklcomunicaciones.es\\\/coop\\\/noticias-info-ckl-no-2-083-02-03-18\\\/\",\"url\":\"https:\\\/\\\/cklcomunicaciones.es\\\/coop\\\/noticias-info-ckl-no-2-083-02-03-18\\\/\",\"name\":\"Noticias Info CKL n\u00ba 2.083-02\\\/03\\\/18-Comunicar con perspectiva de g\u00e9nero\",\"isPartOf\":{\"@id\":\"https:\\\/\\\/cklcomunicaciones.es\\\/coop\\\/#website\"},\"primaryImageOfPage\":{\"@id\":\"https:\\\/\\\/cklcomunicaciones.es\\\/coop\\\/noticias-info-ckl-no-2-083-02-03-18\\\/#primaryimage\"},\"image\":{\"@id\":\"https:\\\/\\\/cklcomunicaciones.es\\\/coop\\\/noticias-info-ckl-no-2-083-02-03-18\\\/#primaryimage\"},\"thumbnailUrl\":\"http:\\\/\\\/www.cklcomunicaciones.es\\\/wp-content\\\/uploads\\\/2018\\\/02\\\/ckl-coop_v01a-01--300x300.jpg\",\"datePublished\":\"2018-03-02T13:44:51+00:00\",\"dateModified\":\"2025-01-17T15:41:00+00:00\",\"author\":{\"@id\":\"https:\\\/\\\/cklcomunicaciones.es\\\/coop\\\/#\\\/schema\\\/person\\\/929a6837f7626450bbb50cee1aef266e\"},\"description\":\"Comunicar con perspectiva de g\u00e9nero: El porcentaje de empresas espa\u00f1olas que cumple la Ley de Igualdad se sit\u00faa en el 26%-\u00bfQu\u00e9 obst\u00e1culos deben sortear las mujeres para acceder al trabajo-Carme Chaparro, Premio CGPJ contra la VG-#LasPeriodistasParamos\",\"breadcrumb\":{\"@id\":\"https:\\\/\\\/cklcomunicaciones.es\\\/coop\\\/noticias-info-ckl-no-2-083-02-03-18\\\/#breadcrumb\"},\"inLanguage\":\"es\",\"potentialAction\":[{\"@type\":\"ReadAction\",\"target\":[\"https:\\\/\\\/cklcomunicaciones.es\\\/coop\\\/noticias-info-ckl-no-2-083-02-03-18\\\/\"]}]},{\"@type\":\"ImageObject\",\"inLanguage\":\"es\",\"@id\":\"https:\\\/\\\/cklcomunicaciones.es\\\/coop\\\/noticias-info-ckl-no-2-083-02-03-18\\\/#primaryimage\",\"url\":\"http:\\\/\\\/www.cklcomunicaciones.es\\\/wp-content\\\/uploads\\\/2018\\\/02\\\/ckl-coop_v01a-01--300x300.jpg\",\"contentUrl\":\"http:\\\/\\\/www.cklcomunicaciones.es\\\/wp-content\\\/uploads\\\/2018\\\/02\\\/ckl-coop_v01a-01--300x300.jpg\"},{\"@type\":\"BreadcrumbList\",\"@id\":\"https:\\\/\\\/cklcomunicaciones.es\\\/coop\\\/noticias-info-ckl-no-2-083-02-03-18\\\/#breadcrumb\",\"itemListElement\":[{\"@type\":\"ListItem\",\"position\":1,\"name\":\"Portada\",\"item\":\"https:\\\/\\\/cklcomunicaciones.es\\\/coop\\\/\"},{\"@type\":\"ListItem\",\"position\":2,\"name\":\"Noticias Info CKL n\u00ba 2.083-02\\\/03\\\/18\"}]},{\"@type\":\"WebSite\",\"@id\":\"https:\\\/\\\/cklcomunicaciones.es\\\/coop\\\/#website\",\"url\":\"https:\\\/\\\/cklcomunicaciones.es\\\/coop\\\/\",\"name\":\"CKL Comunicaciones\",\"description\":\"Sitio web de CKL Comunicaciones coop , la consultora de comunicaci\u00f3n y estrategia\",\"potentialAction\":[{\"@type\":\"SearchAction\",\"target\":{\"@type\":\"EntryPoint\",\"urlTemplate\":\"https:\\\/\\\/cklcomunicaciones.es\\\/coop\\\/?s={search_term_string}\"},\"query-input\":{\"@type\":\"PropertyValueSpecification\",\"valueRequired\":true,\"valueName\":\"search_term_string\"}}],\"inLanguage\":\"es\"},{\"@type\":\"Person\",\"@id\":\"https:\\\/\\\/cklcomunicaciones.es\\\/coop\\\/#\\\/schema\\\/person\\\/929a6837f7626450bbb50cee1aef266e\",\"name\":\"ckl\",\"image\":{\"@type\":\"ImageObject\",\"inLanguage\":\"es\",\"@id\":\"https:\\\/\\\/secure.gravatar.com\\\/avatar\\\/c82db564e8a669bf6023357a157b9dc4780f4d4c618f2ad1d71a6a5dede45057?s=96&d=mm&r=g\",\"url\":\"https:\\\/\\\/secure.gravatar.com\\\/avatar\\\/c82db564e8a669bf6023357a157b9dc4780f4d4c618f2ad1d71a6a5dede45057?s=96&d=mm&r=g\",\"contentUrl\":\"https:\\\/\\\/secure.gravatar.com\\\/avatar\\\/c82db564e8a669bf6023357a157b9dc4780f4d4c618f2ad1d71a6a5dede45057?s=96&d=mm&r=g\",\"caption\":\"ckl\"},\"url\":\"https:\\\/\\\/cklcomunicaciones.es\\\/coop\\\/author\\\/cklcomunicaciones\\\/\"}]}<\/script>\n<!-- \/ Yoast SEO plugin. -->","yoast_head_json":{"title":"Noticias Info CKL n\u00ba 2.083-02\/03\/18-Comunicar con perspectiva de g\u00e9nero","description":"Comunicar con perspectiva de g\u00e9nero: El porcentaje de empresas espa\u00f1olas que cumple la Ley de Igualdad se sit\u00faa en el 26%-\u00bfQu\u00e9 obst\u00e1culos deben sortear las mujeres para acceder al trabajo-Carme Chaparro, Premio CGPJ contra la VG-#LasPeriodistasParamos","robots":{"index":"index","follow":"follow","max-snippet":"max-snippet:-1","max-image-preview":"max-image-preview:large","max-video-preview":"max-video-preview:-1"},"canonical":"https:\/\/cklcomunicaciones.es\/coop\/noticias-info-ckl-no-2-083-02-03-18\/","og_locale":"es_ES","og_type":"article","og_title":"Noticias Info CKL n\u00ba 2.083-02\/03\/18-Comunicar con perspectiva de g\u00e9nero","og_description":"Comunicar con perspectiva de g\u00e9nero: El porcentaje de empresas espa\u00f1olas que cumple la Ley de Igualdad se sit\u00faa en el 26%-\u00bfQu\u00e9 obst\u00e1culos deben sortear las mujeres para acceder al trabajo-Carme Chaparro, Premio CGPJ contra la VG-#LasPeriodistasParamos","og_url":"https:\/\/cklcomunicaciones.es\/coop\/noticias-info-ckl-no-2-083-02-03-18\/","og_site_name":"CKL Comunicaciones","article_published_time":"2018-03-02T13:44:51+00:00","article_modified_time":"2025-01-17T15:41:00+00:00","og_image":[{"width":606,"height":606,"url":"https:\/\/cklcomunicaciones.es\/coop\/wp-content\/uploads\/2018\/02\/ckl-coop_v01a-01-.jpg","type":"image\/jpeg"}],"author":"ckl","twitter_card":"summary_large_image","twitter_misc":{"Escrito por":"ckl","Tiempo de lectura":"5 minutos"},"schema":{"@context":"https:\/\/schema.org","@graph":[{"@type":"Article","@id":"https:\/\/cklcomunicaciones.es\/coop\/noticias-info-ckl-no-2-083-02-03-18\/#article","isPartOf":{"@id":"https:\/\/cklcomunicaciones.es\/coop\/noticias-info-ckl-no-2-083-02-03-18\/"},"author":{"name":"ckl","@id":"https:\/\/cklcomunicaciones.es\/coop\/#\/schema\/person\/929a6837f7626450bbb50cee1aef266e"},"headline":"Noticias Info CKL n\u00ba 2.083-02\/03\/18","datePublished":"2018-03-02T13:44:51+00:00","dateModified":"2025-01-17T15:41:00+00:00","mainEntityOfPage":{"@id":"https:\/\/cklcomunicaciones.es\/coop\/noticias-info-ckl-no-2-083-02-03-18\/"},"wordCount":1064,"image":{"@id":"https:\/\/cklcomunicaciones.es\/coop\/noticias-info-ckl-no-2-083-02-03-18\/#primaryimage"},"thumbnailUrl":"http:\/\/www.cklcomunicaciones.es\/wp-content\/uploads\/2018\/02\/ckl-coop_v01a-01--300x300.jpg","articleSection":["Newsletter","Nwl v2.0"],"inLanguage":"es"},{"@type":"WebPage","@id":"https:\/\/cklcomunicaciones.es\/coop\/noticias-info-ckl-no-2-083-02-03-18\/","url":"https:\/\/cklcomunicaciones.es\/coop\/noticias-info-ckl-no-2-083-02-03-18\/","name":"Noticias Info CKL n\u00ba 2.083-02\/03\/18-Comunicar con perspectiva de g\u00e9nero","isPartOf":{"@id":"https:\/\/cklcomunicaciones.es\/coop\/#website"},"primaryImageOfPage":{"@id":"https:\/\/cklcomunicaciones.es\/coop\/noticias-info-ckl-no-2-083-02-03-18\/#primaryimage"},"image":{"@id":"https:\/\/cklcomunicaciones.es\/coop\/noticias-info-ckl-no-2-083-02-03-18\/#primaryimage"},"thumbnailUrl":"http:\/\/www.cklcomunicaciones.es\/wp-content\/uploads\/2018\/02\/ckl-coop_v01a-01--300x300.jpg","datePublished":"2018-03-02T13:44:51+00:00","dateModified":"2025-01-17T15:41:00+00:00","author":{"@id":"https:\/\/cklcomunicaciones.es\/coop\/#\/schema\/person\/929a6837f7626450bbb50cee1aef266e"},"description":"Comunicar con perspectiva de g\u00e9nero: El porcentaje de empresas espa\u00f1olas que cumple la Ley de Igualdad se sit\u00faa en el 26%-\u00bfQu\u00e9 obst\u00e1culos deben sortear las mujeres para acceder al trabajo-Carme Chaparro, Premio CGPJ contra la VG-#LasPeriodistasParamos","breadcrumb":{"@id":"https:\/\/cklcomunicaciones.es\/coop\/noticias-info-ckl-no-2-083-02-03-18\/#breadcrumb"},"inLanguage":"es","potentialAction":[{"@type":"ReadAction","target":["https:\/\/cklcomunicaciones.es\/coop\/noticias-info-ckl-no-2-083-02-03-18\/"]}]},{"@type":"ImageObject","inLanguage":"es","@id":"https:\/\/cklcomunicaciones.es\/coop\/noticias-info-ckl-no-2-083-02-03-18\/#primaryimage","url":"http:\/\/www.cklcomunicaciones.es\/wp-content\/uploads\/2018\/02\/ckl-coop_v01a-01--300x300.jpg","contentUrl":"http:\/\/www.cklcomunicaciones.es\/wp-content\/uploads\/2018\/02\/ckl-coop_v01a-01--300x300.jpg"},{"@type":"BreadcrumbList","@id":"https:\/\/cklcomunicaciones.es\/coop\/noticias-info-ckl-no-2-083-02-03-18\/#breadcrumb","itemListElement":[{"@type":"ListItem","position":1,"name":"Portada","item":"https:\/\/cklcomunicaciones.es\/coop\/"},{"@type":"ListItem","position":2,"name":"Noticias Info CKL n\u00ba 2.083-02\/03\/18"}]},{"@type":"WebSite","@id":"https:\/\/cklcomunicaciones.es\/coop\/#website","url":"https:\/\/cklcomunicaciones.es\/coop\/","name":"CKL Comunicaciones","description":"Sitio web de CKL Comunicaciones coop , la consultora de comunicaci\u00f3n y estrategia","potentialAction":[{"@type":"SearchAction","target":{"@type":"EntryPoint","urlTemplate":"https:\/\/cklcomunicaciones.es\/coop\/?s={search_term_string}"},"query-input":{"@type":"PropertyValueSpecification","valueRequired":true,"valueName":"search_term_string"}}],"inLanguage":"es"},{"@type":"Person","@id":"https:\/\/cklcomunicaciones.es\/coop\/#\/schema\/person\/929a6837f7626450bbb50cee1aef266e","name":"ckl","image":{"@type":"ImageObject","inLanguage":"es","@id":"https:\/\/secure.gravatar.com\/avatar\/c82db564e8a669bf6023357a157b9dc4780f4d4c618f2ad1d71a6a5dede45057?s=96&d=mm&r=g","url":"https:\/\/secure.gravatar.com\/avatar\/c82db564e8a669bf6023357a157b9dc4780f4d4c618f2ad1d71a6a5dede45057?s=96&d=mm&r=g","contentUrl":"https:\/\/secure.gravatar.com\/avatar\/c82db564e8a669bf6023357a157b9dc4780f4d4c618f2ad1d71a6a5dede45057?s=96&d=mm&r=g","caption":"ckl"},"url":"https:\/\/cklcomunicaciones.es\/coop\/author\/cklcomunicaciones\/"}]}},"_links":{"self":[{"href":"https:\/\/cklcomunicaciones.es\/coop\/wp-json\/wp\/v2\/posts\/13689","targetHints":{"allow":["GET"]}}],"collection":[{"href":"https:\/\/cklcomunicaciones.es\/coop\/wp-json\/wp\/v2\/posts"}],"about":[{"href":"https:\/\/cklcomunicaciones.es\/coop\/wp-json\/wp\/v2\/types\/post"}],"author":[{"embeddable":true,"href":"https:\/\/cklcomunicaciones.es\/coop\/wp-json\/wp\/v2\/users\/3"}],"replies":[{"embeddable":true,"href":"https:\/\/cklcomunicaciones.es\/coop\/wp-json\/wp\/v2\/comments?post=13689"}],"version-history":[{"count":0,"href":"https:\/\/cklcomunicaciones.es\/coop\/wp-json\/wp\/v2\/posts\/13689\/revisions"}],"wp:attachment":[{"href":"https:\/\/cklcomunicaciones.es\/coop\/wp-json\/wp\/v2\/media?parent=13689"}],"wp:term":[{"taxonomy":"category","embeddable":true,"href":"https:\/\/cklcomunicaciones.es\/coop\/wp-json\/wp\/v2\/categories?post=13689"},{"taxonomy":"post_tag","embeddable":true,"href":"https:\/\/cklcomunicaciones.es\/coop\/wp-json\/wp\/v2\/tags?post=13689"}],"curies":[{"name":"wp","href":"https:\/\/api.w.org\/{rel}","templated":true}]}}