{"id":13619,"date":"2018-02-09T12:16:57","date_gmt":"2018-02-09T11:16:57","guid":{"rendered":"http:\/\/www.cklcomunicaciones.es\/?p=13619"},"modified":"2025-01-17T16:41:03","modified_gmt":"2025-01-17T15:41:03","slug":"noticias-info-ckl-no-2-069-09-02-18","status":"publish","type":"post","link":"https:\/\/cklcomunicaciones.es\/coop\/noticias-info-ckl-no-2-069-09-02-18\/","title":{"rendered":"Noticias Info CKL n\u00ba 2.069-09\/02\/18"},"content":{"rendered":"<div id=\"pl-13619\"  class=\"panel-layout\" >\n<div id=\"pg-13619-0\"  class=\"panel-grid panel-no-style\"  data-style=\"{&quot;background_display&quot;:&quot;tile&quot;,&quot;lsow_dark_bg&quot;:&quot;&quot;,&quot;cell_alignment&quot;:&quot;flex-start&quot;}\" >\n<div id=\"pgc-13619-0-0\"  class=\"panel-grid-cell\"  data-weight=\"1\" >\n<div id=\"panel-13619-0-0-0\" class=\"so-panel widget widget_sow-editor panel-first-child panel-last-child\" data-index=\"0\" data-style=\"{&quot;background_image_attachment&quot;:false,&quot;background_display&quot;:&quot;tile&quot;}\" >\n<div class=\"so-widget-sow-editor so-widget-sow-editor-base\">\n<div class=\"siteorigin-widget-tinymce textwidget\">\n<p><strong>ONU: El empoderamiento econ\u00f3mico de la mujer tema central en marzo-Eva Lootz: Los trazos que inspira la ciencia-Carmen Conde, 40 a\u00f1os de la 1\u00aa mujer en la RAE-Anna Monta\u00f1ana, 1\u00aa mujer entrenadora de un equipo de ACB<\/strong><\/p>\n<p>\u00a0<\/p>\n<p>[toggle type=\u00bbfirst\u00bb title=\u00bbComunicaci\u00f3n\u00bb]<\/p>\n<p><a href=\"http:\/\/www.publico.es\/sociedad\/40-anos-primera-mujer-rae-carmen-conde-barricadas-republicanas-pelicula-raza.html\">Carmen Conde, 40 a\u00f1os de la primera mujer en la RAE..<\/a>.- P\u00fablico<\/p>\n<p><a href=\"http:\/\/www.publico.es\/politica\/rtve-pospone-norma-permite-direccion-acceder-correos-aprobar-protocolo-actuacion.html\">RTVE pospone la norma que permite a la direcci\u00f3n acceder a los correos hasta aprobar un protocolo de actuaci\u00f3n<\/a> &#8211; P\u00fablico<\/p>\n<p><a href=\"https:\/\/www.google.es\/url?sa=t&amp;rct=j&amp;q=&amp;esrc=s&amp;source=newssearch&amp;cd=37&amp;ved=0ahUKEwiwxuS-x5jZAhVN16QKHY8KBPk4HhCpAgg4KAAwBg&amp;url=http%3A%2F%2Fwww.elmostrador.cl%2Fbraga%2F2018%2F02%2F08%2Fla-unesco-denuncio-la-discriminacion-mediatica-que-sufren-las-deportistas-mujeres%2F&amp;usg=AOvVaw1cgGL4HGWve7-KXRMG4EsK\">La Unesco denunci\u00f3 la discriminaci\u00f3n medi\u00e1tica que sufren las mujeres deportistas &#8230;<\/a> &#8211; El Mostrador<\/p>\n<p><a href=\"http:\/\/www.deia.com\/2018\/02\/08\/sociedad\/estado\/miembras-y-jovenas-como-portavoza-fueron-usadas-para-visibilizar-a-las-mujeres-\">\u00abMiembras\u00bb, \u00abj\u00f3venas\u00bb, \u00abportavoza\u00bb&#8230; usadas para visibilizar a las&#8230;<\/a>&#8211; Deia<\/p>\n<p><a href=\"https:\/\/www.google.es\/url?sa=t&amp;rct=j&amp;q=&amp;esrc=s&amp;source=newssearch&amp;cd=4&amp;ved=0ahUKEwjb787b0ZjZAhUKjqQKHWlRDx8QqQIIMCgAMAM&amp;url=https%3A%2F%2Fwww.elconfidencial.com%2Fmundo%2F2018-02-08%2Festocolmo-publicidad-sexista-racista-prohibe_1519198%2F&amp;usg=AOvVaw0M9brVABCslHdMbQ05L52t\">Estocolmo proh\u00edbe la publicidad sexista &#8230;<\/a> &#8211; El Confidencial<\/p>\n<p><a href=\"http:\/\/www.mujeremprendedora.net\/agenda-digital-creara-mesa-trabajo-para-abordar-brecha-genero-ambito-tecnologico\/\">Agenda Digital crear\u00e1 una mesa de trabajo para abordar la brecha de g\u00e9nero en el \u00e1mbito tecnol\u00f3gico<\/a>-Mujeremprendedora.net<\/p>\n<p><a href=\"https:\/\/elpais.com\/tecnologia\/2018\/02\/08\/actualidad\/1518100868_407447.html\">Las tecnol\u00f3gicas ponen freno al porno manipulado por inteligencia artificial<\/a> \u2013 El Pa\u00eds<\/p>\n<p>[\/toggle]<\/p>\n<p>[toggle type=\u00bbfirst\u00bb title=\u00bbAndaluc\u00eda\u00bb]<\/p>\n<p><strong>Institucional<\/strong><\/p>\n<p><a href=\"http:\/\/www.juntadeandalucia.es\/presidencia\/portavoz\/129653\/susana\/diaz\/presidenta\/junta\/andalucia\/igualdad\/politicas\/sociales\/dependencia\/residencia\/adultos\/ocupacional\/discapacitados\/intelecturales\/torredelcampo\/jaen\">La presidenta reclama al Gobierno central los 650 millones que adeuda en Dependencia<\/a> \u2013 Oficina del Portavoz<\/p>\n<p><strong>Econom\u00eda y Empresas<\/strong><\/p>\n<p><a href=\"http:\/\/www.lavozdigital.es\/cadiz\/provincia\/lvdi-gira-coca-cola-busca-cadiz-talento-mujeres-emprendedoras-201802082110_noticia.html\">La Gira Coca Cola busca en C\u00e1diz el talento de mujeres &#8230;<\/a> &#8211; La Voz Digital<\/p>\n<p><a href=\"http:\/\/elcorreoweb.es\/economia\/se-buscan-jovenes-con-ideas-innovadoras-de-negocio-BK3792461\">Se buscan j\u00f3venes con ideas innovadoras de negocio<\/a> \u2013 El Correo de Andaluc\u00eda<\/p>\n<p><a href=\"http:\/\/www.mujeremprendedora.net\/ceseand-scale-up-seleccionara-a-las-10-empresas-jovenes-mas-prometedoras-de-andalucia\/\">Ceseand Scale Up seleccionar\u00e1 a las 10 empresas j\u00f3venes \u201cm\u00e1s prometedoras de Andaluc\u00eda\u201d \u00a0<\/a> -Mujeremprendedora.net<\/p>\n<p><strong>Actualidad<\/strong><\/p>\n<p><a href=\"https:\/\/www.google.es\/url?sa=t&amp;rct=j&amp;q=&amp;esrc=s&amp;source=newssearch&amp;cd=28&amp;ved=0ahUKEwjd3K_P0pjZAhVJKOwKHYNoCF04FBCpAgg6KAAwBw&amp;url=https%3A%2F%2Fwww.elestrechodigital.com%2Finstituciones%2Fla-nueva-gerente-la-agencia-publica-puertos-andalucia-recibida-la-autoridad-portuaria-sevilla%2F&amp;usg=AOvVaw2GF80H3MhPPOaOdeMlHIua\">Mariela Fern\u00e1ndez-Bermejo, nueva gerente de la Agencia P\u00fablica de Puertos de Andaluc\u00eda<em> .<\/em>..<\/a> &#8211; El Estrecho Digital<\/p>\n<p><a href=\"http:\/\/www.elfarodemalaga.es\/index.php?id=ampliada&amp;tx_ttnews%5Btt_news%5D=43107&amp;cHash=b80e622a77c12bf5432fe5de21abbadf\">El II Seminario de Estudios de la Mujer duplica las ponencias para &#8230;<\/a> &#8211; El Faro de M\u00e1laga<\/p>\n<p><a href=\"http:\/\/www.laopiniondemalaga.es\/turismo\/2018\/02\/09\/andalucia-inicia-ano-promocion\/985799.html\">Andaluc\u00eda inicia el a\u00f1o de promoci\u00f3n<\/a> &#8211; La Opini\u00f3n de M\u00e1laga<\/p>\n<p><strong>Violencias<\/strong><\/p>\n<p><a href=\"https:\/\/www.google.es\/url?sa=t&amp;rct=j&amp;q=&amp;esrc=s&amp;source=newssearch&amp;cd=24&amp;ved=0ahUKEwjZjfiVypjZAhWDCOwKHciXDHw4FBCpAggvKAAwAw&amp;url=http%3A%2F%2Fwww.europapress.es%2Fandalucia%2Fnoticia-andalucia-cuenta-mas-15000-casos-activos-sistema-viogen-violencia-genero-20180208153313.html&amp;usg=AOvVaw0UURzGlTAUJVkEjdtTPJ4U\">Andaluc\u00eda registra m\u00e1s de 15.000 casos activos en el sistema Viogen&#8230;<\/a> &#8211; Europa Press<\/p>\n<p><a href=\"http:\/\/elcorreoweb.es\/andalucia\/careo-entre-los-testigos-de-la-presunta-violacion-grupal-a-una-militar-en-antequera-EH3797868\">Careo entre los testigos de la presunta violaci\u00f3n grupal a una militar en Antequera<\/a> &#8211; Europa Press<\/p>\n<p><a href=\"http:\/\/www.elmundo.es\/espana\/2018\/02\/08\/5a7bee5e22601dda3d8b4644.html\">Expulsan a cuatro alumnos en Ja\u00e9n tras la presunta violaci\u00f3n de un ni\u00f1o menor<\/a> \u2013 El Mundo<\/p>\n<p><strong>Ciencia y Cultura<\/strong><\/p>\n<p><a href=\"https:\/\/www.google.es\/url?sa=t&amp;rct=j&amp;q=&amp;esrc=s&amp;source=newssearch&amp;cd=5&amp;ved=0ahUKEwi6rM7hyJjZAhVCCuwKHaOQDgkQqQIIMigAMAQ&amp;url=http%3A%2F%2Fwww.granadahoy.com%2Fgranada%2Fnecesitan-ingenieras_0_1216978887.html&amp;usg=AOvVaw05zLHkjPNuVbtJdARSwYFH\">Josefa Masegosa, investigadora del Instituto de Astrof\u00edsica de Andaluc\u00eda: \u201cSe necesitan ingenieras\u00bb<\/a> &#8211; Granada Hoy<\/p>\n<p><a href=\"http:\/\/www.mujeremprendedora.net\/centro-de-estudios-andaluces-ciencia-no-tiene-genero-pero-si-tiene-sesgos\/\">Adela Mu\u00f1oz P\u00e1ez, catedr\u00e1tica US y vocal de AMIT-Andaluc\u00eda:\u201dLa ciencia no tiene g\u00e9nero pero s\u00ed tiene sesgos\u201d<\/a> \u2013 Mujeremprendedora.net<\/p>\n<p><a href=\"https:\/\/www.google.com\/url?rct=j&amp;sa=t&amp;url=http:\/\/www.diariodesevilla.es\/sevilla\/Asociacion-Mujeres-Investigadoras-VII-asamblea_0_1216978820.html&amp;ct=ga&amp;cd=CAEYACoUMTUxNDUxNzAxNzMwNjcyNTQ0MjQyGWMwMzcyZWJjMmZlYWRhNTk6ZXM6ZXM6RVM&amp;usg=AFQjCNHGpmBYNBkUB6lU7MZas3haxyEyQA\">La Asociaci\u00f3n de Mujeres Investigadoras celebra su VII asamblea anual <\/a>&#8211; Diario de Sevilla<\/p>\n<p><a href=\"https:\/\/www.google.com\/url?rct=j&amp;sa=t&amp;url=https:\/\/www.20minutos.es\/noticia\/3256857\/0\/jardin-botanico-recordara-botanicas-mas-destacadas-dia-mujer-nina-ciencia\/&amp;ct=ga&amp;cd=CAEYBSoTNzMxNjgxNDE3NzMyOTEzOTIyNzIZYzAzNzJlYmMyZmVhZGE1OTplczplczpFUw&amp;usg=AFQjCNGLFIxFmhSzHMUlTZZ3T2wXWKaJ1g\">El Jard\u00edn Bot\u00e1nico de C\u00f3rdoba recordar\u00e1 a las bot\u00e1nicas m\u00e1s destacadas en el D\u00eda de la Mujer y la Ni\u00f1a en la &#8230; <\/a>&#8211; <a href=\"http:\/\/20minutos.es\">20minutos.es<\/a><\/p>\n<p><a href=\"https:\/\/www.google.com\/url?rct=j&amp;sa=t&amp;url=https:\/\/www.20minutos.es\/noticia\/3257029\/0\/upo-celebra-con-numerosas-actividades-dia-internacional-mujer-nina-ciencia\/&amp;ct=ga&amp;cd=CAEYASoTOTI4MzEzNzI1OTk1NjcxNTU4MTIZYzAzNzJlYmMyZmVhZGE1OTplczplczpFUw&amp;usg=AFQjCNFVduGGLtIW9SHAz1LpvPa4TFIw_w\">La UPO celebra con \u00abnumerosas\u00bb actividades el D\u00eda Internacional de la Mujer y la Ni\u00f1a en la Ciencia <\/a>&#8211; <a href=\"http:\/\/20minutos.es\">20minutos.es<\/a><\/p>\n<p><strong>Deporte<\/strong><\/p>\n<p><a href=\"http:\/\/www.diariodehuelva.es\/2018\/02\/09\/281536\/\">El RCMT de Punta Umbr\u00eda acoge la Copa de Andaluc\u00eda de \u00d3ptimist<\/a> &#8211; <a href=\"http:\/\/diariodehuelva.es\">diariodehuelva.es<\/a><\/p>\n<p>\u00a0<\/p>\n<p>[\/toggle]<br \/> [toggle title=\u00bbEstado\u00bb]<\/p>\n<p><strong>Institucional-CCAA<\/strong><\/p>\n<p><a href=\"https:\/\/www.google.com\/url?rct=j&amp;sa=t&amp;url=http:\/\/arainfo.org\/salvo-visibilizar-a-las-mujeres-y-a-las-ninas-en-su-contribucion-a-nuestra-sociedad-es-necesario-para-avanzar-hacia-un-aragon-mas-igualitario\/&amp;ct=ga&amp;cd=CAEYACoUMTYzNDkyMjExMTM3NzE4NTQwNDQyGWMwMzcyZWJjMmZlYWRhNTk6ZXM6ZXM6RVM&amp;usg=AFQjCNFOu2AX4tTohqGE0ZXVshLxguRCwA\">Salvo, directora del Instituto Aragon\u00e9s de la Mujer: \u201cVisibilizar a las mujeres ya las ni\u00f1as en su contribuci\u00f3n a nuestra sociedad es necesario &#8230; <\/a>&#8211; AraInfo<\/p>\n<p><a href=\"http:\/\/www.publico.es\/sociedad\/segregacion-colegios-comunidad-madrid-segunda-region-europea-mayor-segregacion-sistema-educativo.html\">Madrid, la segunda regi\u00f3n europea con mayor segregaci\u00f3n en centros de secundaria<\/a> &#8211; P\u00fablico<\/p>\n<p><a href=\"http:\/\/valenciaplaza.com\/la-paridad-no-es-para-asesores-las-mujeres-no-llegan-al-29-en-el-consell\">La paridad no es para asesores: las mujeres no llegan al 29% en el &#8230;<\/a> &#8211; <a href=\"http:\/\/valenciaplaza.com\">valenciaplaza.com<\/a><\/p>\n<p><a href=\"https:\/\/www.lavozdegalicia.es\/noticia\/carballo\/camarinas\/2018\/02\/09\/inversion-190000-euros-emplear-35-mujeres-vimianzo-camarinas-muxia\/0003_201802C9C7993.htm\">Una inversi\u00f3n de 190.000 euros para emplear a 35 mujeres de &#8230;<\/a> &#8211; La Voz de Galicia<\/p>\n<p><a href=\"https:\/\/www.religionenlibertad.com\/uab-crea-primera-carrera-espana-estudios--62309.htm\">La UAB crea la primera carrera <em>en<\/em> Espa\u00f1a de \u00abEstudios de G\u00e9nero &#8230;<\/a> &#8211; Religi\u00f3n en Libertad<\/p>\n<p><strong>Econom\u00eda y Empresa<\/strong><\/p>\n<p><a href=\"http:\/\/www.lasexta.com\/noticias\/economia\/las-mujeres-las-mas-perjudicadas-por-los-contratos-a-llamada-por-la-tarde-no-saben-si-al-dia-siguiente-las-llamaran-para-trabajar-unas-pocas-horas_201802085a7cbd2a0cf216bbfc604ea8.html\">Las mujeres, las m\u00e1s perjudicadas por los contratos &#8216;a llamada&#8217;: por &#8230;<\/a> &#8211; LaSexta<\/p>\n<p><a href=\"https:\/\/www.google.es\/url?sa=t&amp;rct=j&amp;q=&amp;esrc=s&amp;source=newssearch&amp;cd=11&amp;ved=0ahUKEwjYjtXCxpjZAhUM36QKHU9CBx84ChCpAggmKAAwAA&amp;url=http%3A%2F%2Fwww.huffingtonpost.es%2Frosa-cullell%2Fcontratar-mujeres_a_23356676%2F&amp;usg=AOvVaw107Cj4KL7taDaRYoUEgi8z\">Contratar mujeres<\/a> &#8211; El HuffPost<\/p>\n<p><a href=\"https:\/\/iberoeconomia.es\/emprendedores\/microwd-ayuda-microcreditos-al-empoderamiento-la-mujer-latina\/\">MiCrowd ayuda con microcr\u00e9ditos al empoderamiento de la mujer latina &#8230;<\/a> &#8211; Iberoeconomia<\/p>\n<p><strong>Actualidad<\/strong><\/p>\n<p><a href=\"https:\/\/www.google.com\/url?rct=j&amp;sa=t&amp;url=http:\/\/www.eleconomista.es\/ecoaula\/noticias\/8925688\/02\/18\/Barreras-invisibles-en-la-educacion-que-dificultan-la-promocion-de-las-mujeres.html&amp;ct=ga&amp;cd=CAEYASoTNzMxNjgxNDE3NzMyOTEzOTIyNzIZYzAzNzJlYmMyZmVhZGE1OTplczplczpFUw&amp;usg=AFQjCNGZUqjcNn2IWDi-AJ0FWoZf-rzZ5w\">Barreras invisibles en la educaci\u00f3n que dificultan la promoci\u00f3n de las mujeres <\/a>&#8211; Ecodiario<\/p>\n<p><a href=\"https:\/\/politica.elpais.com\/politica\/2018\/02\/08\/actualidad\/1518097120_079738.html\">M\u00e1s de 300 colectivos respaldan en Espa\u00f1a una huelga de mujeres &#8230;<\/a> \u2013 El Pa\u00eds<\/p>\n<p><strong>Violencia<\/strong><\/p>\n<p><a href=\"http:\/\/www.elderecho.com\/actualidad\/pacto-estado-violencia-genero-penal-CGPJ-judicial-juez_0_1190250219.html\">El CGPJ pone en marcha el desarrollo de sus medidas del Pacto de &#8230;<\/a> &#8211; El Derecho<\/p>\n<p><strong>Ciencia y Cultura<\/strong><\/p>\n<p><a href=\"https:\/\/elpais.com\/elpais\/2018\/02\/07\/album\/1518005429_394609.html\">Los trazos que inspira la ciencia<\/a> \u2013 El Pa\u00eds<\/p>\n<p><a href=\"https:\/\/elpais.com\/elpais\/2018\/01\/30\/estilo\/1517339615_616395.html\">El traje que visualiza el discurso feminista<\/a>\u2013 El Pa\u00eds<\/p>\n<p><strong>Deporte<\/strong>\u00a0<\/p>\n<p><a href=\"http:\/\/www.publico.es\/deportes\/liga-endesa-anna-montanana-historia-convertirse-entrenadora-ayudante-equipo-acb.html\">Anna Monta\u00f1ana hace historia al convertirse en entrenadora ayudante de un equipo de ACB<\/a> &#8211; P\u00fablico<\/p>\n<p><a href=\"https:\/\/www.heraldo.es\/noticias\/deportes\/2018\/02\/09\/lourdes-alameda-nos-hacen-comentarios-hirientes-por-jugar-rugby-1223835-307.html\">Lourdes Alameda: \u00abNos hacen comentarios hirientes por jugar a rugby &#8230;<\/a> &#8211; Heraldo.es<\/p>\n<p><a href=\"http:\/\/www.marca.com\/radio\/2018\/02\/08\/5a7ca23ce2704e5c368b45a8.html\">Anabel Medina: \u00abTenemos jugadoras para optar a ganar una Copa Federaci\u00f3n\u201d &#8230;<\/a> &#8211; Marca.com<\/p>\n<p>\u00a0<\/p>\n<p>[\/toggle]<\/p>\n<p>[toggle title=\u00bbInternacional\u00bb]<\/p>\n<p><a href=\"https:\/\/www.google.es\/url?sa=t&amp;rct=j&amp;q=&amp;esrc=s&amp;source=newssearch&amp;cd=4&amp;ved=0ahUKEwjh8dm6zJjZAhUOzqQKHcJ8CgIQqQIILygAMAM&amp;url=https%3A%2F%2Fwww.elplural.com%2Fsociedad%2F2018%2F02%2F09%2Fel-empoderamiento-economico-de-la-mujer-onu-tribuna-feminista&amp;usg=AOvVaw2uYitmnn4INDcznqk5H9Bp\">El empoderamiento econ\u00f3mico de la mujer ser\u00e1 tema central de la ONU en marzo&#8230;<\/a> &#8211;<a href=\"http:\/\/elplural.com\">elplural.com<\/a><\/p>\n<p><a href=\"https:\/\/www.google.com\/url?rct=j&amp;sa=t&amp;url=http:\/\/es.rfi.fr\/asia-pacifico\/20180208-quien-es-kim-yo-jong-la-mujer-con-mas-poder-en-corea-del-norte&amp;ct=ga&amp;cd=CAEYAioTOTI4MzEzNzI1OTk1NjcxNTU4MTIZYzAzNzJlYmMyZmVhZGE1OTplczplczpFUw&amp;usg=AFQjCNH4RUSOAU8jldaMl1ubteDvCnuRBg\">\u00bfQui\u00e9n es Kim Yo-jong, la mujer con m\u00e1s poder en Corea del Norte? <\/a>&#8211; RFI<\/p>\n<p><a href=\"http:\/\/www.elmundo.es\/internacional\/2018\/02\/08\/5a7c9c2a46163f24508b459d.html\">Bermudas se convierte en el primer territorio del mundo en revertir la ley del matrimonio homosexual<\/a> \u2013 El Mundo<\/p>\n<p><a href=\"http:\/\/www.elmundo.es\/internacional\/2018\/02\/09\/5a7d4eb7ca4741634b8b460f.html\">Directivos de Oxfam organizaron org\u00edas con prostitutas en Hait\u00ed<\/a> \u2013 El Mundo<\/p>\n<p><a href=\"https:\/\/elpais.com\/elpais\/2018\/02\/05\/ciencia\/1517823844_715394.html\">Investigadores de Canad\u00e1 identifican una estructura celular que propicia el rechazo al trasplante<\/a>\u2013 El Pa\u00eds<\/p>\n<p>\u00a0<\/p>\n<p>[\/toggle]<\/p>\n<\/div>\n<\/div>\n<\/div>\n<\/div>\n<\/div>\n<\/div>\n","protected":false},"excerpt":{"rendered":"<p>ONU: El empoderamiento econ\u00f3mico de la mujer tema central en <a href=\"https:\/\/cklcomunicaciones.es\/coop\/noticias-info-ckl-no-2-069-09-02-18\/\">[&#8230;]<\/a><\/p>\n","protected":false},"author":3,"featured_media":0,"comment_status":"closed","ping_status":"closed","sticky":false,"template":"","format":"standard","meta":{"footnotes":""},"categories":[298,623],"tags":[],"class_list":["post-13619","post","type-post","status-publish","format-standard","hentry","category-newsletter","category-nwl-2-0"],"yoast_head":"<!-- This site is optimized with the Yoast SEO plugin v27.5 - https:\/\/yoast.com\/product\/yoast-seo-wordpress\/ -->\n<title>Noticias Info CKL n\u00ba 2.069-09\/02\/18-Comunicar con perspectiva de g\u00e9nero<\/title>\n<meta name=\"description\" content=\"Comunicar con perspectiva de g\u00e9nero: ONU: El empoderamiento econ\u00f3mico de la mujer tema central en marzo-Eva Lootz: Los trazos que inspira la ciencia-Carmen Conde, 40 a\u00f1os de la 1\u00aa mujer en la RAE-Anna Monta\u00f1ana, 1\u00aa mujer entrenadora de un equipo de ACB\" \/>\n<meta name=\"robots\" content=\"index, follow, max-snippet:-1, max-image-preview:large, max-video-preview:-1\" \/>\n<link rel=\"canonical\" href=\"https:\/\/cklcomunicaciones.es\/coop\/noticias-info-ckl-no-2-069-09-02-18\/\" \/>\n<meta property=\"og:locale\" content=\"es_ES\" \/>\n<meta property=\"og:type\" content=\"article\" \/>\n<meta property=\"og:title\" content=\"Noticias Info CKL n\u00ba 2.069-09\/02\/18-Comunicar con perspectiva de g\u00e9nero\" \/>\n<meta property=\"og:description\" content=\"Comunicar con perspectiva de g\u00e9nero: ONU: El empoderamiento econ\u00f3mico de la mujer tema central en marzo-Eva Lootz: Los trazos que inspira la ciencia-Carmen Conde, 40 a\u00f1os de la 1\u00aa mujer en la RAE-Anna Monta\u00f1ana, 1\u00aa mujer entrenadora de un equipo de ACB\" \/>\n<meta property=\"og:url\" content=\"https:\/\/cklcomunicaciones.es\/coop\/noticias-info-ckl-no-2-069-09-02-18\/\" \/>\n<meta property=\"og:site_name\" content=\"CKL Comunicaciones\" \/>\n<meta property=\"article:published_time\" content=\"2018-02-09T11:16:57+00:00\" \/>\n<meta property=\"article:modified_time\" content=\"2025-01-17T15:41:03+00:00\" \/>\n<meta property=\"og:image\" content=\"https:\/\/cklcomunicaciones.es\/coop\/wp-content\/uploads\/2021\/04\/CKL-MiradaDistinta-newsletter2021_1200-x-675.jpg\" \/>\n\t<meta property=\"og:image:width\" content=\"1200\" \/>\n\t<meta property=\"og:image:height\" content=\"676\" \/>\n\t<meta property=\"og:image:type\" content=\"image\/jpeg\" \/>\n<meta name=\"author\" content=\"ckl\" \/>\n<meta name=\"twitter:card\" content=\"summary_large_image\" \/>\n<meta name=\"twitter:label1\" content=\"Escrito por\" \/>\n\t<meta name=\"twitter:data1\" content=\"ckl\" \/>\n\t<meta name=\"twitter:label2\" content=\"Tiempo de lectura\" \/>\n\t<meta name=\"twitter:data2\" content=\"4 minutos\" \/>\n<script type=\"application\/ld+json\" class=\"yoast-schema-graph\">{\"@context\":\"https:\\\/\\\/schema.org\",\"@graph\":[{\"@type\":\"Article\",\"@id\":\"https:\\\/\\\/cklcomunicaciones.es\\\/coop\\\/noticias-info-ckl-no-2-069-09-02-18\\\/#article\",\"isPartOf\":{\"@id\":\"https:\\\/\\\/cklcomunicaciones.es\\\/coop\\\/noticias-info-ckl-no-2-069-09-02-18\\\/\"},\"author\":{\"name\":\"ckl\",\"@id\":\"https:\\\/\\\/cklcomunicaciones.es\\\/coop\\\/#\\\/schema\\\/person\\\/929a6837f7626450bbb50cee1aef266e\"},\"headline\":\"Noticias Info CKL n\u00ba 2.069-09\\\/02\\\/18\",\"datePublished\":\"2018-02-09T11:16:57+00:00\",\"dateModified\":\"2025-01-17T15:41:03+00:00\",\"mainEntityOfPage\":{\"@id\":\"https:\\\/\\\/cklcomunicaciones.es\\\/coop\\\/noticias-info-ckl-no-2-069-09-02-18\\\/\"},\"wordCount\":809,\"articleSection\":[\"Newsletter\",\"Nwl v2.0\"],\"inLanguage\":\"es\"},{\"@type\":\"WebPage\",\"@id\":\"https:\\\/\\\/cklcomunicaciones.es\\\/coop\\\/noticias-info-ckl-no-2-069-09-02-18\\\/\",\"url\":\"https:\\\/\\\/cklcomunicaciones.es\\\/coop\\\/noticias-info-ckl-no-2-069-09-02-18\\\/\",\"name\":\"Noticias Info CKL n\u00ba 2.069-09\\\/02\\\/18-Comunicar con perspectiva de g\u00e9nero\",\"isPartOf\":{\"@id\":\"https:\\\/\\\/cklcomunicaciones.es\\\/coop\\\/#website\"},\"datePublished\":\"2018-02-09T11:16:57+00:00\",\"dateModified\":\"2025-01-17T15:41:03+00:00\",\"author\":{\"@id\":\"https:\\\/\\\/cklcomunicaciones.es\\\/coop\\\/#\\\/schema\\\/person\\\/929a6837f7626450bbb50cee1aef266e\"},\"description\":\"Comunicar con perspectiva de g\u00e9nero: ONU: El empoderamiento econ\u00f3mico de la mujer tema central en marzo-Eva Lootz: Los trazos que inspira la ciencia-Carmen Conde, 40 a\u00f1os de la 1\u00aa mujer en la RAE-Anna Monta\u00f1ana, 1\u00aa mujer entrenadora de un equipo de ACB\",\"breadcrumb\":{\"@id\":\"https:\\\/\\\/cklcomunicaciones.es\\\/coop\\\/noticias-info-ckl-no-2-069-09-02-18\\\/#breadcrumb\"},\"inLanguage\":\"es\",\"potentialAction\":[{\"@type\":\"ReadAction\",\"target\":[\"https:\\\/\\\/cklcomunicaciones.es\\\/coop\\\/noticias-info-ckl-no-2-069-09-02-18\\\/\"]}]},{\"@type\":\"BreadcrumbList\",\"@id\":\"https:\\\/\\\/cklcomunicaciones.es\\\/coop\\\/noticias-info-ckl-no-2-069-09-02-18\\\/#breadcrumb\",\"itemListElement\":[{\"@type\":\"ListItem\",\"position\":1,\"name\":\"Portada\",\"item\":\"https:\\\/\\\/cklcomunicaciones.es\\\/coop\\\/\"},{\"@type\":\"ListItem\",\"position\":2,\"name\":\"Noticias Info CKL n\u00ba 2.069-09\\\/02\\\/18\"}]},{\"@type\":\"WebSite\",\"@id\":\"https:\\\/\\\/cklcomunicaciones.es\\\/coop\\\/#website\",\"url\":\"https:\\\/\\\/cklcomunicaciones.es\\\/coop\\\/\",\"name\":\"CKL Comunicaciones\",\"description\":\"Sitio web de CKL Comunicaciones coop , la consultora de comunicaci\u00f3n y estrategia\",\"potentialAction\":[{\"@type\":\"SearchAction\",\"target\":{\"@type\":\"EntryPoint\",\"urlTemplate\":\"https:\\\/\\\/cklcomunicaciones.es\\\/coop\\\/?s={search_term_string}\"},\"query-input\":{\"@type\":\"PropertyValueSpecification\",\"valueRequired\":true,\"valueName\":\"search_term_string\"}}],\"inLanguage\":\"es\"},{\"@type\":\"Person\",\"@id\":\"https:\\\/\\\/cklcomunicaciones.es\\\/coop\\\/#\\\/schema\\\/person\\\/929a6837f7626450bbb50cee1aef266e\",\"name\":\"ckl\",\"image\":{\"@type\":\"ImageObject\",\"inLanguage\":\"es\",\"@id\":\"https:\\\/\\\/secure.gravatar.com\\\/avatar\\\/c82db564e8a669bf6023357a157b9dc4780f4d4c618f2ad1d71a6a5dede45057?s=96&d=mm&r=g\",\"url\":\"https:\\\/\\\/secure.gravatar.com\\\/avatar\\\/c82db564e8a669bf6023357a157b9dc4780f4d4c618f2ad1d71a6a5dede45057?s=96&d=mm&r=g\",\"contentUrl\":\"https:\\\/\\\/secure.gravatar.com\\\/avatar\\\/c82db564e8a669bf6023357a157b9dc4780f4d4c618f2ad1d71a6a5dede45057?s=96&d=mm&r=g\",\"caption\":\"ckl\"},\"url\":\"https:\\\/\\\/cklcomunicaciones.es\\\/coop\\\/author\\\/cklcomunicaciones\\\/\"}]}<\/script>\n<!-- \/ Yoast SEO plugin. -->","yoast_head_json":{"title":"Noticias Info CKL n\u00ba 2.069-09\/02\/18-Comunicar con perspectiva de g\u00e9nero","description":"Comunicar con perspectiva de g\u00e9nero: ONU: El empoderamiento econ\u00f3mico de la mujer tema central en marzo-Eva Lootz: Los trazos que inspira la ciencia-Carmen Conde, 40 a\u00f1os de la 1\u00aa mujer en la RAE-Anna Monta\u00f1ana, 1\u00aa mujer entrenadora de un equipo de ACB","robots":{"index":"index","follow":"follow","max-snippet":"max-snippet:-1","max-image-preview":"max-image-preview:large","max-video-preview":"max-video-preview:-1"},"canonical":"https:\/\/cklcomunicaciones.es\/coop\/noticias-info-ckl-no-2-069-09-02-18\/","og_locale":"es_ES","og_type":"article","og_title":"Noticias Info CKL n\u00ba 2.069-09\/02\/18-Comunicar con perspectiva de g\u00e9nero","og_description":"Comunicar con perspectiva de g\u00e9nero: ONU: El empoderamiento econ\u00f3mico de la mujer tema central en marzo-Eva Lootz: Los trazos que inspira la ciencia-Carmen Conde, 40 a\u00f1os de la 1\u00aa mujer en la RAE-Anna Monta\u00f1ana, 1\u00aa mujer entrenadora de un equipo de ACB","og_url":"https:\/\/cklcomunicaciones.es\/coop\/noticias-info-ckl-no-2-069-09-02-18\/","og_site_name":"CKL Comunicaciones","article_published_time":"2018-02-09T11:16:57+00:00","article_modified_time":"2025-01-17T15:41:03+00:00","og_image":[{"width":1200,"height":676,"url":"https:\/\/cklcomunicaciones.es\/coop\/wp-content\/uploads\/2021\/04\/CKL-MiradaDistinta-newsletter2021_1200-x-675.jpg","type":"image\/jpeg"}],"author":"ckl","twitter_card":"summary_large_image","twitter_misc":{"Escrito por":"ckl","Tiempo de lectura":"4 minutos"},"schema":{"@context":"https:\/\/schema.org","@graph":[{"@type":"Article","@id":"https:\/\/cklcomunicaciones.es\/coop\/noticias-info-ckl-no-2-069-09-02-18\/#article","isPartOf":{"@id":"https:\/\/cklcomunicaciones.es\/coop\/noticias-info-ckl-no-2-069-09-02-18\/"},"author":{"name":"ckl","@id":"https:\/\/cklcomunicaciones.es\/coop\/#\/schema\/person\/929a6837f7626450bbb50cee1aef266e"},"headline":"Noticias Info CKL n\u00ba 2.069-09\/02\/18","datePublished":"2018-02-09T11:16:57+00:00","dateModified":"2025-01-17T15:41:03+00:00","mainEntityOfPage":{"@id":"https:\/\/cklcomunicaciones.es\/coop\/noticias-info-ckl-no-2-069-09-02-18\/"},"wordCount":809,"articleSection":["Newsletter","Nwl v2.0"],"inLanguage":"es"},{"@type":"WebPage","@id":"https:\/\/cklcomunicaciones.es\/coop\/noticias-info-ckl-no-2-069-09-02-18\/","url":"https:\/\/cklcomunicaciones.es\/coop\/noticias-info-ckl-no-2-069-09-02-18\/","name":"Noticias Info CKL n\u00ba 2.069-09\/02\/18-Comunicar con perspectiva de g\u00e9nero","isPartOf":{"@id":"https:\/\/cklcomunicaciones.es\/coop\/#website"},"datePublished":"2018-02-09T11:16:57+00:00","dateModified":"2025-01-17T15:41:03+00:00","author":{"@id":"https:\/\/cklcomunicaciones.es\/coop\/#\/schema\/person\/929a6837f7626450bbb50cee1aef266e"},"description":"Comunicar con perspectiva de g\u00e9nero: ONU: El empoderamiento econ\u00f3mico de la mujer tema central en marzo-Eva Lootz: Los trazos que inspira la ciencia-Carmen Conde, 40 a\u00f1os de la 1\u00aa mujer en la RAE-Anna Monta\u00f1ana, 1\u00aa mujer entrenadora de un equipo de ACB","breadcrumb":{"@id":"https:\/\/cklcomunicaciones.es\/coop\/noticias-info-ckl-no-2-069-09-02-18\/#breadcrumb"},"inLanguage":"es","potentialAction":[{"@type":"ReadAction","target":["https:\/\/cklcomunicaciones.es\/coop\/noticias-info-ckl-no-2-069-09-02-18\/"]}]},{"@type":"BreadcrumbList","@id":"https:\/\/cklcomunicaciones.es\/coop\/noticias-info-ckl-no-2-069-09-02-18\/#breadcrumb","itemListElement":[{"@type":"ListItem","position":1,"name":"Portada","item":"https:\/\/cklcomunicaciones.es\/coop\/"},{"@type":"ListItem","position":2,"name":"Noticias Info CKL n\u00ba 2.069-09\/02\/18"}]},{"@type":"WebSite","@id":"https:\/\/cklcomunicaciones.es\/coop\/#website","url":"https:\/\/cklcomunicaciones.es\/coop\/","name":"CKL Comunicaciones","description":"Sitio web de CKL Comunicaciones coop , la consultora de comunicaci\u00f3n y estrategia","potentialAction":[{"@type":"SearchAction","target":{"@type":"EntryPoint","urlTemplate":"https:\/\/cklcomunicaciones.es\/coop\/?s={search_term_string}"},"query-input":{"@type":"PropertyValueSpecification","valueRequired":true,"valueName":"search_term_string"}}],"inLanguage":"es"},{"@type":"Person","@id":"https:\/\/cklcomunicaciones.es\/coop\/#\/schema\/person\/929a6837f7626450bbb50cee1aef266e","name":"ckl","image":{"@type":"ImageObject","inLanguage":"es","@id":"https:\/\/secure.gravatar.com\/avatar\/c82db564e8a669bf6023357a157b9dc4780f4d4c618f2ad1d71a6a5dede45057?s=96&d=mm&r=g","url":"https:\/\/secure.gravatar.com\/avatar\/c82db564e8a669bf6023357a157b9dc4780f4d4c618f2ad1d71a6a5dede45057?s=96&d=mm&r=g","contentUrl":"https:\/\/secure.gravatar.com\/avatar\/c82db564e8a669bf6023357a157b9dc4780f4d4c618f2ad1d71a6a5dede45057?s=96&d=mm&r=g","caption":"ckl"},"url":"https:\/\/cklcomunicaciones.es\/coop\/author\/cklcomunicaciones\/"}]}},"_links":{"self":[{"href":"https:\/\/cklcomunicaciones.es\/coop\/wp-json\/wp\/v2\/posts\/13619","targetHints":{"allow":["GET"]}}],"collection":[{"href":"https:\/\/cklcomunicaciones.es\/coop\/wp-json\/wp\/v2\/posts"}],"about":[{"href":"https:\/\/cklcomunicaciones.es\/coop\/wp-json\/wp\/v2\/types\/post"}],"author":[{"embeddable":true,"href":"https:\/\/cklcomunicaciones.es\/coop\/wp-json\/wp\/v2\/users\/3"}],"replies":[{"embeddable":true,"href":"https:\/\/cklcomunicaciones.es\/coop\/wp-json\/wp\/v2\/comments?post=13619"}],"version-history":[{"count":0,"href":"https:\/\/cklcomunicaciones.es\/coop\/wp-json\/wp\/v2\/posts\/13619\/revisions"}],"wp:attachment":[{"href":"https:\/\/cklcomunicaciones.es\/coop\/wp-json\/wp\/v2\/media?parent=13619"}],"wp:term":[{"taxonomy":"category","embeddable":true,"href":"https:\/\/cklcomunicaciones.es\/coop\/wp-json\/wp\/v2\/categories?post=13619"},{"taxonomy":"post_tag","embeddable":true,"href":"https:\/\/cklcomunicaciones.es\/coop\/wp-json\/wp\/v2\/tags?post=13619"}],"curies":[{"name":"wp","href":"https:\/\/api.w.org\/{rel}","templated":true}]}}