{"id":13616,"date":"2018-02-08T12:23:43","date_gmt":"2018-02-08T11:23:43","guid":{"rendered":"http:\/\/www.cklcomunicaciones.es\/?p=13616"},"modified":"2025-01-17T16:41:03","modified_gmt":"2025-01-17T15:41:03","slug":"noticias-info-ckl-no-2-068-08-02-18","status":"publish","type":"post","link":"https:\/\/cklcomunicaciones.es\/coop\/noticias-info-ckl-no-2-068-08-02-18\/","title":{"rendered":"Noticias Info CKL n\u00ba 2.068-08\/02\/18"},"content":{"rendered":"<div id=\"pl-13616\"  class=\"panel-layout\" >\n<div id=\"pg-13616-0\"  class=\"panel-grid panel-no-style\"  data-style=\"{&quot;background_display&quot;:&quot;tile&quot;,&quot;lsow_dark_bg&quot;:&quot;&quot;,&quot;cell_alignment&quot;:&quot;flex-start&quot;}\" >\n<div id=\"pgc-13616-0-0\"  class=\"panel-grid-cell\"  data-weight=\"1\" >\n<div id=\"panel-13616-0-0-0\" class=\"so-panel widget widget_sow-editor panel-first-child panel-last-child\" data-index=\"0\" data-style=\"{&quot;background_image_attachment&quot;:false,&quot;background_display&quot;:&quot;tile&quot;}\" >\n<div class=\"so-widget-sow-editor so-widget-sow-editor-base\">\n<div class=\"siteorigin-widget-tinymce textwidget\">\n<p><strong>\u00bfPuede un algoritmo acabar con la brecha salarial entre hombres y mujeres?-Mujeres en la Ciencia-Relegadas por las \u00e9lites, olvidadas por la historia-Andaluc\u00eda fija criterios para dejar de hacer publicidad sexista<\/strong><\/p>\n<p>[toggle type=\u00bbfirst\u00bb title=\u00bbConvocatorias\u00bb]<\/p>\n<ul>\n<li><a href=\"http:\/\/teatrolopedevega.org\/lope-vega\/teatro-sensible-de-constanze-de-salms-con-kiti-manver\/\">Representaci\u00f3n teatral &#8216;Sensible&#8217;, con Kiti Manver<\/a> (basada en la novela &#8216;<a href=\"https:\/\/www.juntadeandalucia.es\/cultura\/idea\/opacidea\/cdmz\/abnetcl.cgi\/?TITN=143371098\">Veinticuatro horas en la vida de una mujer sensible<\/a>&#8216;, de Constance de Salm). Teatro Lope de Vega. Del 8 al 11 de febrero de 2018<\/li>\n<li><a href=\"http:\/\/www.juntadeandalucia.es\/iam\/catalogo\/doc\/convocatorias\/2018-colaboraciones-iam\/CA-jornadas-feministas-mujeres-entranables.jpg\">Encuentro Feminista &#8216;Mujeres Entra\u00f1ables&#8217;<\/a>. Asociaci\u00f3n de Estudios de G\u00e9nero para la Igualdad AEGI. 16 de marzo de 2018<\/li>\n<\/ul>\n<p>[\/toggle]<\/p>\n<p>[toggle type=\u00bbfirst\u00bb title=\u00bbComunicaci\u00f3n\u00bb]<\/p>\n<p><a href=\"https:\/\/www.google.es\/url?sa=t&amp;rct=j&amp;q=&amp;esrc=s&amp;source=newssearch&amp;cd=33&amp;cad=rja&amp;uact=8&amp;ved=0ahUKEwi6v7_7i5bZAhWF7BQKHdgKCKo4HhCpAggrKAAwAg&amp;url=http%3A%2F%2Fwww.huffingtonpost.es%2F2018%2F02%2F07%2Fandalucia-fija-los-criterios-para-dejar-de-hacer-publicidad-sexista_a_23355664%2F&amp;usg=AOvVaw1_tbD_lzzW0lggu_vwDzlZ\">Andaluc\u00eda fija los criterios para dejar de hacer publicidad sexista<\/a> &#8211; El HuffPost<\/p>\n<p><a href=\"http:\/\/www.diariodemallorca.es\/part-forana\/2018\/02\/07\/mallorca-open-pide-disculpas-dice\/1285951.html\">Mallorca Open pide disculpas y dice que retira su publicidad sexista<\/a> &#8211; Diario de Mallorca<\/p>\n<p><a href=\"https:\/\/www.google.es\/url?sa=t&amp;rct=j&amp;q=&amp;esrc=s&amp;source=newssearch&amp;cd=17&amp;ved=0ahUKEwiQ-MatlZbZAhUKOhQKHTgeAYM4ChCpAgg4KAAwBg&amp;url=http%3A%2F%2Fdemedios.info%2Findex.php%2F2018%2F02%2F07%2Fesp-como-debe-abordar-el-periodismo-la-nueva-ola-feminista%2F&amp;usg=AOvVaw1YTlTI5Iret3mUdqmMLBSU\">\u00bfC\u00f3mo debe abordar el periodismo la nueva ola feminista?<\/a>&#8211; <a href=\"http:\/\/demedios.info\">demedios.info<\/a><\/p>\n<p>\u00a0<\/p>\n<p>[\/toggle]<\/p>\n<p>[toggle type=\u00bbfirst\u00bb title=\u00bbAndaluc\u00eda\u00bb]<\/p>\n<p><strong>Econom\u00eda y Empresas<\/strong><\/p>\n<p><a href=\"https:\/\/www.google.com\/url?rct=j&amp;sa=t&amp;url=https:\/\/www.elconfidencial.com\/espana\/andalucia\/2018-02-08\/mujeres-estibadoras-veto-puerto-algeciras-bolsa-trabajo_1518738\/&amp;ct=ga&amp;cd=CAEYACoTNjA3NzcxMzU3NTEyMDgwODIxMjIZYzAzNzJlYmMyZmVhZGE1OTplczplczpFUw&amp;usg=AFQjCNHMBc_NGZpRIYJ6SIk3ebUfXNrwVg\">Nuevo veto a las mujeres en la estiba de Algeciras: se abre la bolsa solo para ellos <\/a>&#8211; El Confidencial<\/p>\n<p><a href=\"https:\/\/www.google.es\/url?sa=t&amp;rct=j&amp;q=&amp;esrc=s&amp;source=newssearch&amp;cd=56&amp;cad=rja&amp;uact=8&amp;ved=0ahUKEwiNmqf8jJbZAhWCWxQKHaOUAnk4MhCpAgg1KAAwBQ&amp;url=http%3A%2F%2Fwww.europapress.es%2Fandalucia%2Fnoticia-ara-eticom-firman-convenio-impulsar-tic-zonas-rurales-andalucia-20180207163605.html&amp;usg=AOvVaw1EIN3KTpH7DL3Kz6PdQGrs\">ARA y Eticom firman un convenio para impulsar las TIC en las zonas rurales &#8230;<\/a> -Europa Press<\/p>\n<p><a href=\"http:\/\/www.diariodecadiz.es\/provincia\/Carmen-Castilla-UGT-combatir-desigualdad_0_1216678799.html\">Carmen Castilla (UGT) anima a combatir la desigualdad salarial &#8230;<\/a> &#8211; Diario de C\u00e1diz<\/p>\n<p><a href=\"http:\/\/elcorreoweb.es\/economia\/se-buscan-jovenes-con-ideas-innovadoras-de-negocio-BK3792461\">Se buscan j\u00f3venes con ideas innovadoras de negocio<\/a> &#8211; El Correo de Andaluc\u00eda<\/p>\n<p><a href=\"http:\/\/elcorreoweb.es\/andalucia\/la-famp-creara-una-linea-de-trabajo-sobre-despoblamiento-rural-YK3792265\">La FAMP crear\u00e1 una l\u00ednea de trabajo sobre despoblamiento rural<\/a>&#8211; El Correo de Andaluc\u00eda<\/p>\n<p><strong>Actualidad<\/strong><\/p>\n<p><a href=\"https:\/\/www.google.es\/url?sa=t&amp;rct=j&amp;q=&amp;esrc=s&amp;source=newssearch&amp;cd=11&amp;ved=0ahUKEwjOsJrBkpbZAhXB1hQKHc80BdI4ChCpAggmKAAwAA&amp;url=http%3A%2F%2Fwww.europapress.es%2Fandalucia%2Fmas-jaen-00988%2Fnoticia-consejo-igualdad-participacion-mujeres-jiennenses-incorpora-ocho-asociaciones-femeninas-reune-ya-79-20180207130526.html&amp;usg=AOvVaw2P2KclPkjewhDyk-2ubSct\">El Consejo de Igualdad y Participaci\u00f3n de las Mujeres Jiennenses &#8230;<\/a>&#8211; Europa Press<\/p>\n<p><a href=\"http:\/\/www.publico.es\/sociedad\/violencia-genero-juana-rivas-debera-indemnizar-expareja-gastos-estancia-espana-recoger-hijos.html\">Juana Rivas deber\u00e1 indemnizar a su expareja por los gastos de \u00e9ste en Espa\u00f1a cuando recogi\u00f3 a sus hijos<\/a> \u2013 P\u00fablico<\/p>\n<p><strong>Violencias<\/strong><\/p>\n<p><a href=\"https:\/\/www.google.com\/url?rct=j&amp;sa=t&amp;url=http:\/\/carnaval.lavozdigital.es\/noticia\/prevenir-agresiones-sexuales-carnaval\/&amp;ct=ga&amp;cd=CAEYACoUMTYxMzI3NDgxOTQzNzg0OTM0MjYyGWMwMzcyZWJjMmZlYWRhNTk6ZXM6ZXM6RVM&amp;usg=AFQjCNF5mAE3RAXXhAR9IySA1CpRY6Wygg\">Vuelve la campa\u00f1a &#8216;No es no&#8217; para prevenir la violencia sexual en Carnaval <\/a>&#8211; La Voz Digital<\/p>\n<p><strong>Ciencia y Cultura<\/strong><\/p>\n<p><a href=\"https:\/\/www.google.com\/url?rct=j&amp;sa=t&amp;url=http:\/\/www.diariodecadiz.es\/provincia\/Neurociencia-investigan-mujeres-UCA-jornadas_0_1216678796.html&amp;ct=ga&amp;cd=CAEYASoTNjA3NzcxMzU3NTEyMDgwODIxMjIZYzAzNzJlYmMyZmVhZGE1OTplczplczpFUw&amp;usg=AFQjCNFg1DDKhyZsk4xcnlRee2Mn3MGlGg\">La Neurociencia que investigan las mujeres en la UCA se muestra en unas jornadas <\/a>&#8211; Diario de C\u00e1diz<\/p>\n<p><a href=\"http:\/\/www.eldiadecordoba.es\/cordoba\/mujer-representa-investigadores-Universidad_0_1216678536.html\">La mujer representa el 37% de los investigadores de la Universidad<\/a> -El D\u00eda de C\u00f3rdoba<\/p>\n<p><a href=\"http:\/\/www.mujeremprendedora.net\/solea-morente-premio-fpdgi-artes-y-letras-2018\/\">Solea Morente, Premio Fundaci\u00f3n Princesa de Girona de las Artes y Letras 2018\u2026<\/a> &#8211; <a href=\"http:\/\/mujeremprendedora.net\">mujeremprendedora.net<\/a><\/p>\n<p><a href=\"http:\/\/www.eldiadecordoba.es\/ocio\/desigualdad-premios-literarios-enciende-polemica_0_1216678377.html\">La desigualdad en los premios literarios enciende la pol\u00e9mica<\/a> &#8211; El D\u00eda de C\u00f3rdoba<\/p>\n<p><a href=\"http:\/\/www.eldiario.es\/andalucia\/lacajanegra\/de_festivales\/Festivales-musica-escenarios-testosterona_0_737027284.html\">Festivales de m\u00fasica, escenarios de testosterona<\/a> &#8211; <a href=\"http:\/\/eldiario.es\">eldiario.es<\/a><\/p>\n<p><strong>Deporte<\/strong><\/p>\n<p><a href=\"http:\/\/mujerydeporte.practicodeporte.com\/record-participantes-femeninas-maraton-sevilla\/\">R\u00e9cord de participaci\u00f3n femenina en el Marat\u00f3n de Sevilla<\/a> &#8211; Practico deporte<\/p>\n<p><a href=\"https:\/\/www.google.es\/url?sa=t&amp;rct=j&amp;q=&amp;esrc=s&amp;source=newssearch&amp;cd=6&amp;ved=0ahUKEwjXsvy4lJbZAhVEWRQKHbfuApgQqQIINigAMAU&amp;url=http%3A%2F%2Fwww.diariodesevilla.es%2Fvivirensevilla%2FBellasB-golean-campo-contrario_0_1216379107.html&amp;usg=AOvVaw2D7RwJ9RgG46g_TdFPeJAC\">Cuando ellas golean en campo contrario<\/a> &#8211; Diario de Sevilla<\/p>\n<p><a href=\"https:\/\/www.google.es\/url?sa=t&amp;rct=j&amp;q=&amp;esrc=s&amp;source=newssearch&amp;cd=9&amp;ved=0ahUKEwjXsvy4lJbZAhVEWRQKHbfuApgQqQIIPygAMAg&amp;url=http%3A%2F%2Fecodiario.eleconomista.es%2Fespana%2Fnoticias%2F8922204%2F02%2F18%2FHuelva-acogera-del-23-al-29-de-abril-el-XXVII-Campeonato-Europeo-de-Badminton-en-el-que-participara-Carolina-Marin.html&amp;usg=AOvVaw2YdfmC4-4jZkbnYnIdU_yN\">Huelva acoger\u00e1 del 23 al 29 de abril el XXVII Campeonato Europeo de Badminton &#8230;<\/a>&#8211; Ecodiario<\/p>\n<p><a href=\"http:\/\/www.diariosur.es\/deportes\/mas-deportes\/seleccion-femenina-concentrada-20180208003258-ntvo.html\">La selecci\u00f3n femenina de hockey<em>,<\/em> concentrada en M\u00e1laga<\/a> &#8211; Sur Digital (Andaluc\u00eda)<\/p>\n<p>\u00a0<\/p>\n<p>[\/toggle]<br \/> [toggle title=\u00bbEstado\u00bb]<\/p>\n<p><strong>Institucional-CCAA<\/strong><\/p>\n<p><a href=\"https:\/\/www.google.com\/url?rct=j&amp;sa=t&amp;url=https:\/\/www.regiondigital.com\/noticias\/portada\/289130-mujerext-2018-pretende-visibilizar-a-la-mujer-en-el-ambito-deportivo.html&amp;ct=ga&amp;cd=CAEYACoTMTc2Mjg5MjAxMjEzMTU0ODI5MDIZYzAzNzJlYmMyZmVhZGE1OTplczplczpFUw&amp;usg=AFQjCNEdSvQovso7EPjpkJlDxitS6gEfqQ\">Mujerext 2018 pretende visibilizar a la mujer en el \u00e1mbito deportivo <\/a>&#8211; Regi\u00f3n Digital<\/p>\n<p><a href=\"https:\/\/www.google.com\/url?rct=j&amp;sa=t&amp;url=https:\/\/www.atodomotor.com\/noticia\/3255\/I-Seminario-Mujer-y-Motor.html&amp;ct=ga&amp;cd=CAEYAyoUMTE4MjUyNDg4NDk1NDM1NjA3ODEyGWMwMzcyZWJjMmZlYWRhNTk6ZXM6ZXM6RVM&amp;usg=AFQjCNFDQyuOxReCvT4RhcSetJAUeWKO-w\">I Seminario Mujer y Motor <\/a>&#8211; A Todo Moto<\/p>\n<p><a href=\"http:\/\/www.mujeremprendedora.net\/universidad-deusto-presenta-quinta-edicion-premio-ada-byron\/\">La Universidad de Deusto presenta la quinta edici\u00f3n del Premio Ada Byron a la mujer tecn\u00f3loga<\/a>&#8211; <a href=\"http:\/\/mujeremprendedora.net\">mujeremprendedora.net<\/a><\/p>\n<p><a href=\"http:\/\/extraconfidencial.com\/noticias\/la-comunidad-de-madrid-se-suma-al-dia-internacional-de-la-mujer-y-la-nina-en-la-ciencia-para-fomentar-las-vocaciones-cientificas-entre-las-jovenes\/\">La Comunidad de Madrid se suma al D\u00eda Internacional de la Mujer y &#8230;<\/a> &#8211; Extraconfidencial.com<\/p>\n<p><a href=\"http:\/\/www.eleconomista.es\/ecoaula\/noticias\/8923807\/02\/18\/La-Universidad-de-Zaragoza-se-suma-a-los-actos-del-11F-para-visibilizar-el-papel-de-la-mujer-en-la-ciencia.html\">La Universidad de Zaragoza se suma a los actos del \u00ab11F\u00bb para &#8230;<\/a> &#8211; Ecodiario<\/p>\n<p><a href=\"https:\/\/www.google.es\/url?sa=t&amp;rct=j&amp;q=&amp;esrc=s&amp;source=newssearch&amp;cd=2&amp;ved=0ahUKEwjnmbXJj5bZAhXK1xQKHbyNBGwQqQIIKigAMAE&amp;url=http%3A%2F%2Flawyerpress.com%2F2018%2F02%2F08%2Fobservatorio-mujer-empresa-economia-colegio-la-abogacia-barcelona-firman-acuerdo-fomentar-politicas-igualdad%2F&amp;usg=AOvVaw0E8q66cFDUxXuRC38APlp9\">El Observatorio Mujer<em>,<\/em> Empresa y Econom\u00eda y el Colegio de la Abogac\u00eda&#8230;<\/a> &#8211; Lawyer Press<\/p>\n<p><strong>Econom\u00eda y Empresa<\/strong><\/p>\n<p><a href=\"https:\/\/www.google.es\/url?sa=t&amp;rct=j&amp;q=&amp;esrc=s&amp;source=newssearch&amp;cd=7&amp;ved=0ahUKEwiBiun8j5bZAhVMbxQKHd3YBQ8QqQIIOCgAMAY&amp;url=http%3A%2F%2Fwww.nuevatribuna.es%2Farticulo%2Feconomia-social%2Fpersisten-brechas-genero-principales-indicadores-laborales%2F20180207133221148291.html&amp;usg=AOvVaw1m_vO1PRZydW90dat3MtI6\">Hay dos millones de mujeres en paro (registrado) y solo un mill\u00f3n cobran alg\u00fan tipo de prestaci\u00f3n &#8230;<\/a>&#8211; <a href=\"http:\/\/nuevatribuna.es\">nuevatribuna.es<\/a><\/p>\n<p><a href=\"http:\/\/www.elmundo.es\/economia\/2018\/02\/07\/5a7afd3f268e3e024c8b45a9.html\">\u00bfPuede un algoritmo acabar con la brecha salarial entre hombres y mujeres?<\/a> \u2013 El Mundo<\/p>\n<p><a href=\"http:\/\/www.mujeremprendedora.net\/women-in-mobile-crea-premio-iniciativas-promuevan-visibilidad-mujeres-ciencia-tecnologia\/\">Women in Mobile crea un premio para las iniciativas que promuevan la visibilidad femenina en ciencia y tecnolog\u00eda<\/a>&#8211; <a href=\"http:\/\/mujeremprendedora.net\">mujeremprendedora.net<\/a><\/p>\n<p><a href=\"http:\/\/www.mujeremprendedora.net\/puestos-trabajo-generan-mas-interes-espana\/\">Los puestos de trabajo que generan m\u00e1s inter\u00e9s en Espa\u00f1a<\/a> &#8211; <a href=\"http:\/\/mujeremprendedora.net\">mujeremprendedora.net<\/a><\/p>\n<p><strong>Actualidad<\/strong><\/p>\n<p><a href=\"https:\/\/www.google.es\/url?sa=t&amp;rct=j&amp;q=&amp;esrc=s&amp;source=newssearch&amp;cd=15&amp;ved=0ahUKEwiW0s2Cj5bZAhWKuBQKHS-6AFs4ChCpAggyKAAwBA&amp;url=http%3A%2F%2Fwww.eldiario.es%2Fandalucia%2Fdesdeelsur%2Fdecir-nombres-acosadores-agresores_6_737786236.html&amp;usg=AOvVaw2sq5mBP2lWGi8MVXDuaBx6\">Sobre decir los nombres de los acosadores y agresores<\/a> &#8211; <a href=\"http:\/\/eldiario.es\">eldiario.es<\/a><\/p>\n<p><strong>Ciencia y Cultura<\/strong><\/p>\n<p><a href=\"https:\/\/elpais.com\/especiales\/2018\/mujeres-de-la-ciencia\/\">Relegadas por las \u00e9lites, olvidadas por la historia<\/a> \u2013 El Pa\u00eds<\/p>\n<p><a href=\"https:\/\/www.google.com\/url?rct=j&amp;sa=t&amp;url=http:\/\/www.eleconomista.es\/ecoaula\/noticias\/8921792\/02\/18\/Como-conseguir-que-las-ninas-se-enamoren-de-la-ciencia.html&amp;ct=ga&amp;cd=CAEYACoTNDI5MDU4MzMwMDk2MDQ2ODcwODIZYzAzNzJlYmMyZmVhZGE1OTplczplczpFUw&amp;usg=AFQjCNFLwWnCRKVBseqQ3RGaZ-pGynieQA\">\u00bfC\u00f3mo conseguir que las ni\u00f1as se enamoren de la ciencia? <\/a>-Ecodiario<\/p>\n<p><a href=\"https:\/\/cimamujerescineastas.es\/las-mujeres-recogieron-10-premios-goya-en-un-ano-con-solo-el-27-de-nominadas\/\">Las mujeres recogieron 10 premios Goya en un a\u00f1o con solo el 27% de nominadas \u2026.<\/a> \u2013<a href=\"http:\/\/cimamujerescineastas.es\">cimamujerescineastas.es<\/a><\/p>\n<p><strong>Deporte<\/strong>\u00a0<\/p>\n<p><a href=\"https:\/\/www.google.es\/url?sa=t&amp;rct=j&amp;q=&amp;esrc=s&amp;source=newssearch&amp;cd=38&amp;ved=0ahUKEwiTid3fk5bZAhVJuRQKHVfiDCk4HhCpAgg7KAAwBw&amp;url=http%3A%2F%2Fwww.elmundo.es%2Fcomunidad-valenciana%2Fcastellon%2F2018%2F02%2F07%2F5a7b31d546163f7a068b45d2.html&amp;usg=AOvVaw342lKHSRkUz1pwAnS-aCl2\">La triple medallista ol\u00edmpica Lydia Valent\u00edn se une a los premiados &#8230;<\/a> &#8211; El Mundo<\/p>\n<p><a href=\"http:\/\/www.lavanguardia.com\/deportes\/20180207\/44607136715\/la-vuelta-ciclista-valenciana-de-mujeres-reunira-a-174-ciclistas-y-29-equipos.html\">La Vuelta Ciclista Valenciana de Mujeres reunir\u00e1 a 174 ciclistas y 29 equipos &#8230;<\/a> &#8211; La Vanguardia<\/p>\n<p><a href=\"https:\/\/www.google.es\/url?sa=t&amp;rct=j&amp;q=&amp;esrc=s&amp;source=newssearch&amp;cd=47&amp;ved=0ahUKEwjovfr7k5bZAhUMtRQKHSrOCSg4KBCpAgg4KAAwBg&amp;url=http%3A%2F%2Fwww.marca.com%2Ffutbol%2Ffutbol-femenino%2F2018%2F02%2F07%2F5a7b1fd422601dd53d8b45c0.html&amp;usg=AOvVaw0G5WE71o5i1Y0MVpSBkOkG\">Vero Boquete: \u00abMe voy del PSG porque he dejado de ser importante\u00bb<\/a>&#8211; Marca.com<\/p>\n<p>\u00a0<\/p>\n<p>[\/toggle]<\/p>\n<p>[toggle title=\u00bbInternacional\u00bb]<\/p>\n<p><a href=\"http:\/\/www.elmundo.es\/internacional\/2018\/02\/07\/5a7abfb9e5fdea51148b4573.html\">Merkel y Schulz alcanzan un acuerdo<\/a> \u2013 El Mundo<\/p>\n<p><a href=\"https:\/\/www.google.es\/url?sa=t&amp;rct=j&amp;q=&amp;esrc=s&amp;source=newssearch&amp;cd=24&amp;ved=0ahUKEwj54u2miZbZAhUOkRQKHTIXDgw4FBCpAgguKAAwAw&amp;url=http%3A%2F%2Fwww.lne.es%2Foccidente%2F2018%2F02%2F08%2Fmanos-unidas-quiere-recaudar-91000%2F2235402.html&amp;usg=AOvVaw1qGYLGlBk1U9FHjqwuVOgI\">Manos Unidas quiere recaudar 91.000 euros para formar a <em>mujeres en <\/em>Burkina Faso &#8230;<\/a> -La Nueva Espa\u00f1a<\/p>\n<p><a href=\"https:\/\/www.google.es\/url?sa=t&amp;rct=j&amp;q=&amp;esrc=s&amp;source=newssearch&amp;cd=57&amp;cad=rja&amp;uact=8&amp;ved=0ahUKEwj07fGKipbZAhUKPBQKHQLXBso4MhCpAgg2KAAwBg&amp;url=http%3A%2F%2Fwww.lavanguardia.com%2Focio%2F20180207%2F44609836081%2Fforo-mundial-de-parabere-hablara-en-suecia-de-mujer-gastronomia-y-alimentos.html&amp;usg=AOvVaw3LsIjufWTRM4ywE8c22vZ7\">Foro Mundial de Parabere hablar\u00e1 en Suecia de <em>mujer<\/em>, gastronom\u00eda &#8230;<\/a> -La Vanguardia<\/p>\n<p><a href=\"http:\/\/www.mujeremprendedora.net\/plan-international-lanza-la-plataforma-girls-rights-platform-de-documentos-juridicos-sobre-derechos-humanos-de-las-ninas\/\">Plan International lanza Girls\u2019 Rights Platform sobre DD. HH. de las ni\u00f1as<\/a>&#8211; <a href=\"http:\/\/mujeremprendedora.net\">mujeremprendedora.net<\/a><\/p>\n<p><a href=\"https:\/\/www.google.es\/url?sa=t&amp;rct=j&amp;q=&amp;esrc=s&amp;source=newssearch&amp;cd=59&amp;ved=0ahUKEwi38NGriJbZAhXFWxQKHbJgBUU4MhCpAgg-KAAwCA&amp;url=http%3A%2F%2Fes.euronews.com%2F2018%2F02%2F07%2F-las-mujeres-que-dan-a-luz-entran-en-un-sistema-fordista-de-estandarizacion-&amp;usg=AOvVaw0UAtvDIt-gCfVzNPWhlX_2\">\u00abLas <em>mujeres<\/em> que dan a luz entran en un sistema fordista de estandarizaci\u00f3n\u201d&#8230;<\/a> -euronews<\/p>\n<p><a href=\"https:\/\/www.google.es\/url?sa=t&amp;rct=j&amp;q=&amp;esrc=s&amp;source=newssearch&amp;cd=101&amp;ved=0ahUKEwi20cqai5bZAhXIuRQKHS55BRs4ZBCpAggmKAAwAA&amp;url=http%3A%2F%2Fwww.ideal.es%2Fsociedad%2Fisla-mundo-solo-mujeres-no-admiten-hombres-20180207130020-nt.html&amp;usg=AOvVaw0UyJSzwyUqX8B8b13yM4M-\">Una isla del mundo solo para <em>mujeres<\/em>: no se admiten hombres<\/a> &#8211; Ideal Digital<\/p>\n<p><a href=\"http:\/\/www.elmundo.es\/internacional\/2018\/02\/07\/5a7b558f268e3e044c8b4618.html\">El jefe de personal de la Casa Blanca dimite acusado de violencia machista<\/a> \u2013 El Mundo<\/p>\n<p><a href=\"https:\/\/www.google.es\/url?sa=t&amp;rct=j&amp;q=&amp;esrc=s&amp;source=newssearch&amp;cd=10&amp;ved=0ahUKEwjf4peZh5bZAhXDVhQKHQODC-wQqQIIQCgAMAk&amp;url=http%3A%2F%2Fwww.elmundo.es%2Fcomunidad-valenciana%2F2018%2F02%2F08%2F5a7b79f1ca4741e0018b45f5.html&amp;usg=AOvVaw37VG7MLVLTfTMCBPRlQnpt\">Las mujeres veladas de Shadi Ghadirian<\/a> -El Mundo<\/p>\n<p><a href=\"https:\/\/elpais.com\/cultura\/2018\/02\/07\/actualidad\/1518003351_076108.html\">Tarsila do Amaral, la brasile\u00f1a que reinvent\u00f3 el arte moderno<\/a> \u2013 El Pa\u00eds<\/p>\n<p><a href=\"https:\/\/www.google.es\/url?sa=t&amp;rct=j&amp;q=&amp;esrc=s&amp;source=newssearch&amp;cd=87&amp;cad=rja&amp;uact=8&amp;ved=0ahUKEwityIfdipbZAhVLOhQKHQFIAdU4UBCpAgg4KAAwBg&amp;url=https%3A%2F%2Fwww.infobae.com%2Fparati%2Fnews%2F2018%2F02%2F07%2Fgreta-gerwig-por-que-es-la-mujer-del-ano-en-hollywood%2F&amp;usg=AOvVaw0b7VZnyccjweuD8IkOOSh3\">Greta Gerwig, por qu\u00e9 es la mujer del a\u00f1o en Hollywood<\/a> -Infobae.com<\/p>\n<p><a href=\"https:\/\/www.google.es\/url?sa=t&amp;rct=j&amp;q=&amp;esrc=s&amp;source=newssearch&amp;cd=103&amp;cad=rja&amp;uact=8&amp;ved=0ahUKEwi20cqai5bZAhXIuRQKHS55BRs4ZBCpAggsKAAwAg&amp;url=https%3A%2F%2Fesports.marca.com%2Foverwatch%2Fgeguri-podria-ser-primera-mujer-jugar-overwatch-league.html&amp;usg=AOvVaw1c6VtZgJNZSlMsEVF5n5mQ\">Geguri podr\u00eda ser la primera mujer en jugar en la Overwatch League<\/a> -Marca eSport<\/p>\n<p>\u00a0<\/p>\n<p>[\/toggle]<\/p>\n<\/div>\n<\/div>\n<\/div>\n<\/div>\n<\/div>\n<\/div>\n","protected":false},"excerpt":{"rendered":"<p>\u00bfPuede un algoritmo acabar con la brecha salarial entre hombres <a href=\"https:\/\/cklcomunicaciones.es\/coop\/noticias-info-ckl-no-2-068-08-02-18\/\">[&#8230;]<\/a><\/p>\n","protected":false},"author":3,"featured_media":0,"comment_status":"closed","ping_status":"closed","sticky":false,"template":"","format":"standard","meta":{"footnotes":""},"categories":[298,623],"tags":[],"class_list":["post-13616","post","type-post","status-publish","format-standard","hentry","category-newsletter","category-nwl-2-0"],"yoast_head":"<!-- This site is optimized with the Yoast SEO plugin v27.5 - https:\/\/yoast.com\/product\/yoast-seo-wordpress\/ -->\n<title>Noticias Info CKL n\u00ba 2.068-08\/02\/18-Comunicar con perspectiva de g\u00e9nero<\/title>\n<meta name=\"description\" content=\"Comunicar con perspectiva de g\u00e9nero: \u00bfPuede un algoritmo acabar con la brecha salarial entre hombres y mujeres?-Mujeres en la Ciencia-Relegadas por las \u00e9lites, olvidadas por la historia-Andaluc\u00eda fija criterios para dejar de hacer publicidad sexista\" \/>\n<meta name=\"robots\" content=\"index, follow, max-snippet:-1, max-image-preview:large, max-video-preview:-1\" \/>\n<link rel=\"canonical\" href=\"https:\/\/cklcomunicaciones.es\/coop\/noticias-info-ckl-no-2-068-08-02-18\/\" \/>\n<meta property=\"og:locale\" content=\"es_ES\" \/>\n<meta property=\"og:type\" content=\"article\" \/>\n<meta property=\"og:title\" content=\"Noticias Info CKL n\u00ba 2.068-08\/02\/18-Comunicar con perspectiva de g\u00e9nero\" \/>\n<meta property=\"og:description\" content=\"Comunicar con perspectiva de g\u00e9nero: \u00bfPuede un algoritmo acabar con la brecha salarial entre hombres y mujeres?-Mujeres en la Ciencia-Relegadas por las \u00e9lites, olvidadas por la historia-Andaluc\u00eda fija criterios para dejar de hacer publicidad sexista\" \/>\n<meta property=\"og:url\" content=\"https:\/\/cklcomunicaciones.es\/coop\/noticias-info-ckl-no-2-068-08-02-18\/\" \/>\n<meta property=\"og:site_name\" content=\"CKL Comunicaciones\" \/>\n<meta property=\"article:published_time\" content=\"2018-02-08T11:23:43+00:00\" \/>\n<meta property=\"article:modified_time\" content=\"2025-01-17T15:41:03+00:00\" \/>\n<meta property=\"og:image\" content=\"https:\/\/cklcomunicaciones.es\/coop\/wp-content\/uploads\/2021\/04\/CKL-MiradaDistinta-newsletter2021_1200-x-675.jpg\" \/>\n\t<meta property=\"og:image:width\" content=\"1200\" \/>\n\t<meta property=\"og:image:height\" content=\"676\" \/>\n\t<meta property=\"og:image:type\" content=\"image\/jpeg\" \/>\n<meta name=\"author\" content=\"ckl\" \/>\n<meta name=\"twitter:card\" content=\"summary_large_image\" \/>\n<meta name=\"twitter:label1\" content=\"Escrito por\" \/>\n\t<meta name=\"twitter:data1\" content=\"ckl\" \/>\n\t<meta name=\"twitter:label2\" content=\"Tiempo de lectura\" \/>\n\t<meta name=\"twitter:data2\" content=\"4 minutos\" \/>\n<script type=\"application\/ld+json\" class=\"yoast-schema-graph\">{\"@context\":\"https:\\\/\\\/schema.org\",\"@graph\":[{\"@type\":\"Article\",\"@id\":\"https:\\\/\\\/cklcomunicaciones.es\\\/coop\\\/noticias-info-ckl-no-2-068-08-02-18\\\/#article\",\"isPartOf\":{\"@id\":\"https:\\\/\\\/cklcomunicaciones.es\\\/coop\\\/noticias-info-ckl-no-2-068-08-02-18\\\/\"},\"author\":{\"name\":\"ckl\",\"@id\":\"https:\\\/\\\/cklcomunicaciones.es\\\/coop\\\/#\\\/schema\\\/person\\\/929a6837f7626450bbb50cee1aef266e\"},\"headline\":\"Noticias Info CKL n\u00ba 2.068-08\\\/02\\\/18\",\"datePublished\":\"2018-02-08T11:23:43+00:00\",\"dateModified\":\"2025-01-17T15:41:03+00:00\",\"mainEntityOfPage\":{\"@id\":\"https:\\\/\\\/cklcomunicaciones.es\\\/coop\\\/noticias-info-ckl-no-2-068-08-02-18\\\/\"},\"wordCount\":855,\"articleSection\":[\"Newsletter\",\"Nwl v2.0\"],\"inLanguage\":\"es\"},{\"@type\":\"WebPage\",\"@id\":\"https:\\\/\\\/cklcomunicaciones.es\\\/coop\\\/noticias-info-ckl-no-2-068-08-02-18\\\/\",\"url\":\"https:\\\/\\\/cklcomunicaciones.es\\\/coop\\\/noticias-info-ckl-no-2-068-08-02-18\\\/\",\"name\":\"Noticias Info CKL n\u00ba 2.068-08\\\/02\\\/18-Comunicar con perspectiva de g\u00e9nero\",\"isPartOf\":{\"@id\":\"https:\\\/\\\/cklcomunicaciones.es\\\/coop\\\/#website\"},\"datePublished\":\"2018-02-08T11:23:43+00:00\",\"dateModified\":\"2025-01-17T15:41:03+00:00\",\"author\":{\"@id\":\"https:\\\/\\\/cklcomunicaciones.es\\\/coop\\\/#\\\/schema\\\/person\\\/929a6837f7626450bbb50cee1aef266e\"},\"description\":\"Comunicar con perspectiva de g\u00e9nero: \u00bfPuede un algoritmo acabar con la brecha salarial entre hombres y mujeres?-Mujeres en la Ciencia-Relegadas por las \u00e9lites, olvidadas por la historia-Andaluc\u00eda fija criterios para dejar de hacer publicidad sexista\",\"breadcrumb\":{\"@id\":\"https:\\\/\\\/cklcomunicaciones.es\\\/coop\\\/noticias-info-ckl-no-2-068-08-02-18\\\/#breadcrumb\"},\"inLanguage\":\"es\",\"potentialAction\":[{\"@type\":\"ReadAction\",\"target\":[\"https:\\\/\\\/cklcomunicaciones.es\\\/coop\\\/noticias-info-ckl-no-2-068-08-02-18\\\/\"]}]},{\"@type\":\"BreadcrumbList\",\"@id\":\"https:\\\/\\\/cklcomunicaciones.es\\\/coop\\\/noticias-info-ckl-no-2-068-08-02-18\\\/#breadcrumb\",\"itemListElement\":[{\"@type\":\"ListItem\",\"position\":1,\"name\":\"Portada\",\"item\":\"https:\\\/\\\/cklcomunicaciones.es\\\/coop\\\/\"},{\"@type\":\"ListItem\",\"position\":2,\"name\":\"Noticias Info CKL n\u00ba 2.068-08\\\/02\\\/18\"}]},{\"@type\":\"WebSite\",\"@id\":\"https:\\\/\\\/cklcomunicaciones.es\\\/coop\\\/#website\",\"url\":\"https:\\\/\\\/cklcomunicaciones.es\\\/coop\\\/\",\"name\":\"CKL Comunicaciones\",\"description\":\"Sitio web de CKL Comunicaciones coop , la consultora de comunicaci\u00f3n y estrategia\",\"potentialAction\":[{\"@type\":\"SearchAction\",\"target\":{\"@type\":\"EntryPoint\",\"urlTemplate\":\"https:\\\/\\\/cklcomunicaciones.es\\\/coop\\\/?s={search_term_string}\"},\"query-input\":{\"@type\":\"PropertyValueSpecification\",\"valueRequired\":true,\"valueName\":\"search_term_string\"}}],\"inLanguage\":\"es\"},{\"@type\":\"Person\",\"@id\":\"https:\\\/\\\/cklcomunicaciones.es\\\/coop\\\/#\\\/schema\\\/person\\\/929a6837f7626450bbb50cee1aef266e\",\"name\":\"ckl\",\"image\":{\"@type\":\"ImageObject\",\"inLanguage\":\"es\",\"@id\":\"https:\\\/\\\/secure.gravatar.com\\\/avatar\\\/c82db564e8a669bf6023357a157b9dc4780f4d4c618f2ad1d71a6a5dede45057?s=96&d=mm&r=g\",\"url\":\"https:\\\/\\\/secure.gravatar.com\\\/avatar\\\/c82db564e8a669bf6023357a157b9dc4780f4d4c618f2ad1d71a6a5dede45057?s=96&d=mm&r=g\",\"contentUrl\":\"https:\\\/\\\/secure.gravatar.com\\\/avatar\\\/c82db564e8a669bf6023357a157b9dc4780f4d4c618f2ad1d71a6a5dede45057?s=96&d=mm&r=g\",\"caption\":\"ckl\"},\"url\":\"https:\\\/\\\/cklcomunicaciones.es\\\/coop\\\/author\\\/cklcomunicaciones\\\/\"}]}<\/script>\n<!-- \/ Yoast SEO plugin. -->","yoast_head_json":{"title":"Noticias Info CKL n\u00ba 2.068-08\/02\/18-Comunicar con perspectiva de g\u00e9nero","description":"Comunicar con perspectiva de g\u00e9nero: \u00bfPuede un algoritmo acabar con la brecha salarial entre hombres y mujeres?-Mujeres en la Ciencia-Relegadas por las \u00e9lites, olvidadas por la historia-Andaluc\u00eda fija criterios para dejar de hacer publicidad sexista","robots":{"index":"index","follow":"follow","max-snippet":"max-snippet:-1","max-image-preview":"max-image-preview:large","max-video-preview":"max-video-preview:-1"},"canonical":"https:\/\/cklcomunicaciones.es\/coop\/noticias-info-ckl-no-2-068-08-02-18\/","og_locale":"es_ES","og_type":"article","og_title":"Noticias Info CKL n\u00ba 2.068-08\/02\/18-Comunicar con perspectiva de g\u00e9nero","og_description":"Comunicar con perspectiva de g\u00e9nero: \u00bfPuede un algoritmo acabar con la brecha salarial entre hombres y mujeres?-Mujeres en la Ciencia-Relegadas por las \u00e9lites, olvidadas por la historia-Andaluc\u00eda fija criterios para dejar de hacer publicidad sexista","og_url":"https:\/\/cklcomunicaciones.es\/coop\/noticias-info-ckl-no-2-068-08-02-18\/","og_site_name":"CKL Comunicaciones","article_published_time":"2018-02-08T11:23:43+00:00","article_modified_time":"2025-01-17T15:41:03+00:00","og_image":[{"width":1200,"height":676,"url":"https:\/\/cklcomunicaciones.es\/coop\/wp-content\/uploads\/2021\/04\/CKL-MiradaDistinta-newsletter2021_1200-x-675.jpg","type":"image\/jpeg"}],"author":"ckl","twitter_card":"summary_large_image","twitter_misc":{"Escrito por":"ckl","Tiempo de lectura":"4 minutos"},"schema":{"@context":"https:\/\/schema.org","@graph":[{"@type":"Article","@id":"https:\/\/cklcomunicaciones.es\/coop\/noticias-info-ckl-no-2-068-08-02-18\/#article","isPartOf":{"@id":"https:\/\/cklcomunicaciones.es\/coop\/noticias-info-ckl-no-2-068-08-02-18\/"},"author":{"name":"ckl","@id":"https:\/\/cklcomunicaciones.es\/coop\/#\/schema\/person\/929a6837f7626450bbb50cee1aef266e"},"headline":"Noticias Info CKL n\u00ba 2.068-08\/02\/18","datePublished":"2018-02-08T11:23:43+00:00","dateModified":"2025-01-17T15:41:03+00:00","mainEntityOfPage":{"@id":"https:\/\/cklcomunicaciones.es\/coop\/noticias-info-ckl-no-2-068-08-02-18\/"},"wordCount":855,"articleSection":["Newsletter","Nwl v2.0"],"inLanguage":"es"},{"@type":"WebPage","@id":"https:\/\/cklcomunicaciones.es\/coop\/noticias-info-ckl-no-2-068-08-02-18\/","url":"https:\/\/cklcomunicaciones.es\/coop\/noticias-info-ckl-no-2-068-08-02-18\/","name":"Noticias Info CKL n\u00ba 2.068-08\/02\/18-Comunicar con perspectiva de g\u00e9nero","isPartOf":{"@id":"https:\/\/cklcomunicaciones.es\/coop\/#website"},"datePublished":"2018-02-08T11:23:43+00:00","dateModified":"2025-01-17T15:41:03+00:00","author":{"@id":"https:\/\/cklcomunicaciones.es\/coop\/#\/schema\/person\/929a6837f7626450bbb50cee1aef266e"},"description":"Comunicar con perspectiva de g\u00e9nero: \u00bfPuede un algoritmo acabar con la brecha salarial entre hombres y mujeres?-Mujeres en la Ciencia-Relegadas por las \u00e9lites, olvidadas por la historia-Andaluc\u00eda fija criterios para dejar de hacer publicidad sexista","breadcrumb":{"@id":"https:\/\/cklcomunicaciones.es\/coop\/noticias-info-ckl-no-2-068-08-02-18\/#breadcrumb"},"inLanguage":"es","potentialAction":[{"@type":"ReadAction","target":["https:\/\/cklcomunicaciones.es\/coop\/noticias-info-ckl-no-2-068-08-02-18\/"]}]},{"@type":"BreadcrumbList","@id":"https:\/\/cklcomunicaciones.es\/coop\/noticias-info-ckl-no-2-068-08-02-18\/#breadcrumb","itemListElement":[{"@type":"ListItem","position":1,"name":"Portada","item":"https:\/\/cklcomunicaciones.es\/coop\/"},{"@type":"ListItem","position":2,"name":"Noticias Info CKL n\u00ba 2.068-08\/02\/18"}]},{"@type":"WebSite","@id":"https:\/\/cklcomunicaciones.es\/coop\/#website","url":"https:\/\/cklcomunicaciones.es\/coop\/","name":"CKL Comunicaciones","description":"Sitio web de CKL Comunicaciones coop , la consultora de comunicaci\u00f3n y estrategia","potentialAction":[{"@type":"SearchAction","target":{"@type":"EntryPoint","urlTemplate":"https:\/\/cklcomunicaciones.es\/coop\/?s={search_term_string}"},"query-input":{"@type":"PropertyValueSpecification","valueRequired":true,"valueName":"search_term_string"}}],"inLanguage":"es"},{"@type":"Person","@id":"https:\/\/cklcomunicaciones.es\/coop\/#\/schema\/person\/929a6837f7626450bbb50cee1aef266e","name":"ckl","image":{"@type":"ImageObject","inLanguage":"es","@id":"https:\/\/secure.gravatar.com\/avatar\/c82db564e8a669bf6023357a157b9dc4780f4d4c618f2ad1d71a6a5dede45057?s=96&d=mm&r=g","url":"https:\/\/secure.gravatar.com\/avatar\/c82db564e8a669bf6023357a157b9dc4780f4d4c618f2ad1d71a6a5dede45057?s=96&d=mm&r=g","contentUrl":"https:\/\/secure.gravatar.com\/avatar\/c82db564e8a669bf6023357a157b9dc4780f4d4c618f2ad1d71a6a5dede45057?s=96&d=mm&r=g","caption":"ckl"},"url":"https:\/\/cklcomunicaciones.es\/coop\/author\/cklcomunicaciones\/"}]}},"_links":{"self":[{"href":"https:\/\/cklcomunicaciones.es\/coop\/wp-json\/wp\/v2\/posts\/13616","targetHints":{"allow":["GET"]}}],"collection":[{"href":"https:\/\/cklcomunicaciones.es\/coop\/wp-json\/wp\/v2\/posts"}],"about":[{"href":"https:\/\/cklcomunicaciones.es\/coop\/wp-json\/wp\/v2\/types\/post"}],"author":[{"embeddable":true,"href":"https:\/\/cklcomunicaciones.es\/coop\/wp-json\/wp\/v2\/users\/3"}],"replies":[{"embeddable":true,"href":"https:\/\/cklcomunicaciones.es\/coop\/wp-json\/wp\/v2\/comments?post=13616"}],"version-history":[{"count":0,"href":"https:\/\/cklcomunicaciones.es\/coop\/wp-json\/wp\/v2\/posts\/13616\/revisions"}],"wp:attachment":[{"href":"https:\/\/cklcomunicaciones.es\/coop\/wp-json\/wp\/v2\/media?parent=13616"}],"wp:term":[{"taxonomy":"category","embeddable":true,"href":"https:\/\/cklcomunicaciones.es\/coop\/wp-json\/wp\/v2\/categories?post=13616"},{"taxonomy":"post_tag","embeddable":true,"href":"https:\/\/cklcomunicaciones.es\/coop\/wp-json\/wp\/v2\/tags?post=13616"}],"curies":[{"name":"wp","href":"https:\/\/api.w.org\/{rel}","templated":true}]}}