{"id":13597,"date":"2018-02-05T14:33:53","date_gmt":"2018-02-05T13:33:53","guid":{"rendered":"http:\/\/www.cklcomunicaciones.es\/?p=13597"},"modified":"2025-01-17T16:41:03","modified_gmt":"2025-01-17T15:41:03","slug":"noticias-info-ckl-no-2-065-05-02-18","status":"publish","type":"post","link":"https:\/\/cklcomunicaciones.es\/coop\/noticias-info-ckl-no-2-065-05-02-18\/","title":{"rendered":"Noticias Info CKL n\u00ba 2.065-05\/02\/18"},"content":{"rendered":"<div id=\"pl-13597\"  class=\"panel-layout\" >\n<div id=\"pg-13597-0\"  class=\"panel-grid panel-no-style\"  data-style=\"{&quot;background_display&quot;:&quot;tile&quot;,&quot;lsow_dark_bg&quot;:&quot;&quot;,&quot;cell_alignment&quot;:&quot;flex-start&quot;}\" >\n<div id=\"pgc-13597-0-0\"  class=\"panel-grid-cell\"  data-weight=\"1\" >\n<div id=\"panel-13597-0-0-0\" class=\"so-panel widget widget_sow-editor panel-first-child panel-last-child\" data-index=\"0\" data-style=\"{&quot;background_image_attachment&quot;:false,&quot;background_display&quot;:&quot;tile&quot;}\" >\n<div class=\"so-widget-sow-editor so-widget-sow-editor-base\">\n<div class=\"siteorigin-widget-tinymce textwidget\">\n<p><strong>ONU:La paridad llega a los altos cargos\u2013La desigualdad salarial, una brecha muy sutil-Vicepresidenta Soraya: Las mujeres tienen apellido-PremiosGoya:\u201c#M\u00e1smujeres, pero no para putearlas,#M\u00e1smujeres que manden\u201d<\/strong><\/p>\n<p>[toggle type=\u00bbfirst\u00bb title=\u00bbConvocatoria\u00bb<\/p>\n<ul>\n<li><a href=\"http:\/\/www.uco.es\/catedrasyaulas\/catedramujeres\/images\/actividades\/2018\/20180201-miradas-mujeres.jpg\">Presentaci\u00f3n y visionado del documental &#8216;Mujeres y vida amorosa&#8217;<\/a>. Comisi\u00f3n de Cine de la C\u00e1tedra Leonor de Guzm\u00e1n de la Universidad de C\u00f3rdoba dentro del Proyecto Miradas de Mujeres. 7 de febrero de 2018<\/li>\n<li><a href=\"http:\/\/www.juntadeandalucia.es\/iam\/catalogo\/doc\/convocatorias\/2018-colaboraciones-iam\/VP-jornadas-22-febrero-igualdad-salarial.pdf\">IX Jornadas &#8217;22 de Febrero, D\u00eda por la Igualdad Salarial entre Mujeres y Varones&#8217;<\/a>. Plataforma Andaza de Apoyo al Lobby Europeo de Mujeres. Huelva, 19 de febrero; Chiclana (C\u00e1diz), 20 de febrero; C\u00f3rdoba, 22 de febrero de 2018<\/li>\n<\/ul>\n<p>[\/toggle]<\/p>\n<p>[toggle type=\u00bbfirst\u00bb title=\u00bbComunicaci\u00f3n\u00bb]<\/p>\n<p><a href=\"https:\/\/www.google.es\/url?sa=t&amp;rct=j&amp;q=&amp;esrc=s&amp;source=newssearch&amp;cd=9&amp;ved=0ahUKEwiWiPPn6I7ZAhXRZVAKHWc6DcwQqQIIPygAMAg&amp;url=https%3A%2F%2Felpais.com%2Felpais%2F2018%2F02%2F02%2Fopinion%2F1517567790_287409.html&amp;usg=AOvVaw1tmUqKy6WygwRuj9_E3a11\">Vicepresidenta Soraya<\/a> \u2013 El Pa\u00eds<\/p>\n<p><a href=\"http:\/\/andaluciainformacion.es\/el-puerto\/733861\/el-puerto-no-puede-permitir-ningun-tipo-de-publicidad-hacia-la-mujer\/\">\u201cEl Puerto no puede permitir ning\u00fan tipo de publicidad hacia la mujer\u00bb<\/a>&#8211; Andaluc\u00eda Informaci\u00f3n<\/p>\n<p><a href=\"https:\/\/www.consalud.es\/profesionales\/enfermeria\/la-enfermeria-espanola-harta-de-la-imagen-sexista-sobre-la-profesion_46678_102.html\">La Enfermer\u00eda espa\u00f1ola, harta de la imagen sexista sobre la profesi\u00f3n<\/a> &#8211; ConSalud<\/p>\n<p><a href=\"https:\/\/www.infobae.com\/tecno\/2018\/02\/04\/la-aficion-de-las-mujeres-por-las-redes-sociales-podria-explicar-este-presente-feminista-una-especialista-piensa-que-si\/\">\u00bfLa afici\u00f3n de las mujeres por las redes sociales podr\u00eda explicar este presente &#8230;<\/a> &#8211; Infobae.com<\/p>\n<p>\u00a0<\/p>\n<p>[\/toggle]<\/p>\n<p>[toggle type=\u00bbfirst\u00bb title=\u00bbAndaluc\u00eda\u00bb]<\/p>\n<p><strong>Institucional<\/strong><\/p>\n<p><a href=\"http:\/\/www.juntadeandalucia.es\/presidencia\/portavoz\/gobierno\/129375\/susana\/diaz\/demanda\/europa\/politica\/cohesion\/ambiciosa\/inversion\/presidenta\/junta\/andalucia\/pleno\/CDR\/comite\/europe\/regiones\/timmermans\/democracia\">Susana D\u00edaz demanda a Europa una pol\u00edtica de cohesi\u00f3n \u00abm\u00e1s ambiciosa\u00bb y \u00abcon m\u00e1s inversi\u00f3n\u00bb<\/a> \u00a0&#8211; Oficina del Portavoz<\/p>\n<p><a href=\"https:\/\/www.20minutos.es\/noticia\/3253291\/0\/rosa-aguilar-condena-asesinato-mujer-guadix-pide-poner-funcionamiento-ya-pacto-estado\/\">Rosa Aguilar condena el asesinato de una <em>mujer<\/em> en Guadix y pide el funcionamiento ya del Pacto de Estado&#8230;<\/a> &#8211; <a href=\"http:\/\/20minutos.es\">20minutos.es<\/a><\/p>\n<p><strong>Econom\u00eda y Empresas<\/strong><\/p>\n<p><a href=\"https:\/\/www.google.es\/url?sa=t&amp;rct=j&amp;q=&amp;esrc=s&amp;source=newssearch&amp;cd=28&amp;ved=0ahUKEwiV6p7X647ZAhUCaFAKHWCEBw44FBCpAgg7KAAwBw&amp;url=http%3A%2F%2Fcadenaser.com%2Femisora%2F2018%2F02%2F02%2Fser_malaga%2F1517574614_616325.html&amp;usg=AOvVaw2qAgmLaTIHEkpaESlfyTaq\">Los talleres de Formaci\u00f3n &#8216;Gira Mujeres&#8217; de Coca-Cola llegan a M\u00e1laga&#8230;<\/a> &#8211; Cadena SER<\/p>\n<p><a href=\"http:\/\/www.elmundo.es\/andalucia\/2018\/02\/04\/5a7736c246163f785b8b463a.html\">La econom\u00eda de los lunares<\/a> &#8211; El Mundo<\/p>\n<p><a href=\"http:\/\/elcorreoweb.es\/economia\/restalia-desembarcara-en-francia-antes-de-junio-BH3779928\">Restalia desembarcar\u00e1 en Francia antes de junio<\/a> \u2013 El Correo de Andaluc\u00eda<\/p>\n<p><a href=\"http:\/\/elcorreoweb.es\/economia\/sevilla-acogera-el-primer-startup-weekend-para-youths-de-espana-AB3773763\">Sevilla acoger\u00e1 el primer Startup Weekend para \u2018youths\u2019 de Espa\u00f1a<\/a>\u2013 El Correo de Andaluc\u00eda<\/p>\n<p><a href=\"http:\/\/www.mujeremprendedora.net\/asociacion-jovenes-empresarios-jaen-convoca-premios-anuales\/\">La Asociaci\u00f3n de J\u00f3venes Empresarios de Ja\u00e9n convoca sus premios anuales<\/a>\u2013 Mujeremprendedora.net<\/p>\n<p><strong>Actualidad<\/strong><\/p>\n<p><a href=\"https:\/\/www.google.com\/url?rct=j&amp;sa=t&amp;url=http:\/\/www.masnoticias.mx\/en-cordoba-reiniciaran-programa-mujer-segura-en-el-transporte\/&amp;ct=ga&amp;cd=CAEYACoUMTQyMzMxMzgzMjY3NzU1Njg2MTEyGWMwMzcyZWJjMmZlYWRhNTk6ZXM6ZXM6RVM&amp;usg=AFQjCNFNAH-JTBpkEhK-bpN8v_6pV6Cf8g\">En C\u00f3rdoba reiniciar\u00e1n programa \u00abMujer segura\u00bb en el transporte <\/a>\u2013 Masnoticias.es<\/p>\n<p><strong>Violencias<\/strong><\/p>\n<p><a href=\"https:\/\/www.google.com\/url?rct=j&amp;sa=t&amp;url=https:\/\/www.eldiario.es\/politica\/Instituto-Andaluz-Mujer-muestra-violacion_0_735976962.html&amp;ct=ga&amp;cd=CAEYACoTNTU5NjIyMzEyOTQxMjI0MTg0MTIZYzAzNzJlYmMyZmVhZGE1OTplczplczpFUw&amp;usg=AFQjCNFqikkkZfmCDRfxpGUOVnu0fvtxpg\">El Instituto Andaluz de la Mujer muestra su \u00abrepulsa\u00bb ante la violaci\u00f3n grupal de una militar <\/a>&#8211; <a href=\"http:\/\/eldiario.es\">eldiario.es<\/a><\/p>\n<p><a href=\"https:\/\/www.google.com\/url?rct=j&amp;sa=t&amp;url=http:\/\/www.diariosur.es\/andalucia\/junta-publicara-destino-20180205211905-nt.html&amp;ct=ga&amp;cd=CAEYBioUMTYyMTkyMjA0ODIwOTgzNzg5NjkyGWMwMzcyZWJjMmZlYWRhNTk6ZXM6ZXM6RVM&amp;usg=AFQjCNE7CD1YR-q8gb1lhgTrnFfBeh4SYA\">La Junta no publicar\u00e1 el destino de sus empleadas v\u00edctimas de violencia machista <\/a>&#8211; Sur Digital<\/p>\n<p><a href=\"https:\/\/www.google.com\/url?rct=j&amp;sa=t&amp;url=https:\/\/www.20minutos.es\/noticia\/3252306\/0\/plataforma-contra-violencia-mujeres-pide-unidades-especializadas-violencia-genero-guardia-civil\/&amp;ct=ga&amp;cd=CAEYAioTMjc0NzAwMTYwMTg5ODgxMjQ4ODIZYzAzNzJlYmMyZmVhZGE1OTplczplczpFUw&amp;usg=AFQjCNGn05dQNswXOE40mhfCnCLKXPTVLg\">Plataforma contra violencia a mujeres pide unidades especializadas en violencia de g\u00e9nero en la &#8230; <\/a>&#8211; <a href=\"http:\/\/20minutos.es\">20minutos.es<\/a><\/p>\n<p><a href=\"http:\/\/www.publico.es\/sociedad\/granada-detenido-vecino-guadix-granada-confesar-haber-asesinado-mujer.html\">Detenido un hombre en Guadix (Granada) tras confesar haber asesinado a su mujer<\/a> &#8211; P\u00fablico<\/p>\n<p><a href=\"http:\/\/www.diariosur.es\/andalucia\/mutilacion-genital-nueva-20180205005136-ntvo.html\">La mutilaci\u00f3n genital, en la nueva ley que se debate en Andaluc\u00eda<\/a> &#8211; Sur Digital (Andaluc\u00eda)<\/p>\n<p><strong>Ciencia y Cultura<\/strong><\/p>\n<p><a href=\"http:\/\/www.mujeremprendedora.net\/ii-congreso-emprendimiento-universitario-llega-cordoba\/\">C\u00f3rdoba acoge el II Congreso de Emprendimiento Universitario<\/a>\u2013 Mujeremprendedora.net<\/p>\n<p><a href=\"https:\/\/www.google.com\/url?rct=j&amp;sa=t&amp;url=http:\/\/www.malaga.es\/noticias\/com1_prt-1\/com1_md3_cd-34604\/margarita-leon-analiza-camino-hacia-igualdad-nivel-social-politico-nuevo-ciclo-termica&amp;ct=ga&amp;cd=CAEYASoTNTQzNDExNzI3NDYwNDgxMDg3NjIZYzAzNzJlYmMyZmVhZGE1OTplczplczpFUw&amp;usg=AFQjCNF8AaqDcKYvNjNicvUV3Zghv70X6A\">Margarita Le\u00f3n analiza el camino hacia la igualdad a nivel social y pol\u00edtico en un nuevo ciclo de &#8230; <\/a>&#8211; Diputaci\u00f3n de M\u00e1laga<\/p>\n<p><a href=\"http:\/\/elcorreoweb.es\/cultura\/no-quedarme-atrapada-en-la-comedia-fue-una-obsesion-durante-una-epoca-MH3768086\">Mar\u00eda Ad\u00e1nez: \u201cNo quedarme atrapada en la comedia fue una obsesi\u00f3n durante una \u00e9poca\u00bb<\/a> &#8211; El Correo de Andaluc\u00eda<\/p>\n<p><a href=\"http:\/\/www.diariocordoba.com\/noticias\/carnaval\/domingo-coplas_1203426.html\">Un domingo de coplas<\/a>&#8211; Diario C\u00f3rdoba<\/p>\n<p><strong>Deporte<\/strong><\/p>\n<p><a href=\"http:\/\/cordopolis.es\/2018\/02\/04\/las-chicas-hacen-historia\/\">Las chicas hacen historia<\/a> &#8211; Cord\u00f3polis<\/p>\n<p><a href=\"http:\/\/www.europapress.es\/andalucia\/almeria-00350\/noticia-mas-4600-corredores-participan-xxi-media-maraton-ciudad-almeria-20180204182041.html\">M\u00e1s de 4.600 corredores participan en la XXI Media Marat\u00f3n &#8230;<\/a> &#8211; Europa Press<\/p>\n<p>\u00a0<\/p>\n<p>[\/toggle]<br \/> [toggle title=\u00bbEstado\u00bb]<\/p>\n<p><strong>Institucional-CCAA<\/strong><\/p>\n<p><a href=\"https:\/\/www.google.com\/url?rct=j&amp;sa=t&amp;url=http:\/\/www.noticiasdealava.com\/2018\/02\/02\/sociedad\/emakunde-reconoce-la-contribucion-a-la-igualdad&amp;ct=ga&amp;cd=CAEYAioUMTA0ODU3MDgwOTMzNDkzMjE1NzgyGWMwMzcyZWJjMmZlYWRhNTk6ZXM6ZXM6RVM&amp;usg=AFQjCNFxxNxkL1xaICTNGeioK1JeCPFD-Q\">Emakunde reconoce la contribuci\u00f3n a la igualdad <\/a>&#8211; Noticias de \u00c1lava<\/p>\n<p><a href=\"https:\/\/www.google.com\/url?rct=j&amp;sa=t&amp;url=https:\/\/ultimahora.es\/noticias\/local\/2018\/02\/02\/324913\/aprobada-creacion-del-observatorio-para-igualdad.html&amp;ct=ga&amp;cd=CAEYASoUMTcwMTAxNDgwMzc1MTkwMTcxMzUyGWMwMzcyZWJjMmZlYWRhNTk6ZXM6ZXM6RVM&amp;usg=AFQjCNHxE9zfYT7b8n33n1rFCEa6uyhQYw\">Aprobada la creaci\u00f3n del Observatorio para la Igualdad <\/a>&#8211; \u00daltima hora<\/p>\n<p><a href=\"https:\/\/www.google.com\/url?rct=j&amp;sa=t&amp;url=https:\/\/www.heraldo.es\/noticias\/aragon\/2018\/02\/03\/la-mujeres-siquiera-suponen-del-alumnado-varias-ingenierias-la-1222607-300.html&amp;ct=ga&amp;cd=CAEYACoTNTc4MTE0MDM1ODU3MjUxMjY0MzIZYzAzNzJlYmMyZmVhZGE1OTplczplczpFUw&amp;usg=AFQjCNEu6_kAiU3ha4mMkXbihstYuDe3gQ\">La mujeres ni siquiera suponen el 15% del alumnado en varias ingenier\u00edas de la UZ <\/a>-Heraldo.es<\/p>\n<p><a href=\"https:\/\/elpais.com\/elpais\/2018\/02\/02\/seres_urbanos\/1517564563_111545.html\">Las <em>mujeres<\/em> porteadoras en la ciudad de Melilla<\/a>&#8211; El Pa\u00eds<\/p>\n<p><a href=\"http:\/\/www.eldiario.es\/eldiarioex\/politica\/Extremadura-denuncia-ejecutan-aprobados-violencia_0_735277553.html\">Extremadura denuncia que no se financian las medidas del pacto &#8230;<\/a> &#8211; <a href=\"http:\/\/eldiario.es\">eldiario.es<\/a><\/p>\n<p><a href=\"https:\/\/www.eldiario.es\/cv\/Mujeres-decision-fallas-punteras-Valencia_0_735977344.html\"><em>Mujeres<\/em> con escaso poder de decisi\u00f3n en una de las fallas punteras &#8230;<\/a> &#8211; <a href=\"http:\/\/eldiario.es\">eldiario.es<\/a><\/p>\n<p><strong>Econom\u00eda y Empresa<\/strong><\/p>\n<p><a href=\"http:\/\/www.eleconomista.es\/ecoaula\/noticias\/8915862\/02\/18\/El-empleo-del-futuro-profesionaes-STEM-con-deficit-de-mujeres.html\">El empleo del futuro, profesiones STEM con d\u00e9ficit de mujeres<\/a> &#8211; Ecodiario<\/p>\n<p><a href=\"http:\/\/www.mujeremprendedora.net\/fuencisla-clemares-soy-una-optimista-tecnologica-si-usamos-bien-la-tecnologia-los-avances-pueden-ser-brutales\/\">Fuencisla Clemares: \u201csoy una optimista tecnol\u00f3gica. Si usamos bien la tecnolog\u00eda, los avances pueden ser brutales\u201d<\/a> \u2013 Mujeremprendedora.net<\/p>\n<p><a href=\"https:\/\/www.google.com\/url?rct=j&amp;sa=t&amp;url=https:\/\/elpais.com\/elpais\/2018\/02\/02\/opinion\/1517589945_902288.html&amp;ct=ga&amp;cd=CAEYACoUMTc2NjA0MzU2MDc2MjkwNTQ5MjMyGWMwMzcyZWJjMmZlYWRhNTk6ZXM6ZXM6RVM&amp;usg=AFQjCNGd-WkpXd56yt69DoEblJfY-AvcCA\">La desigualdad salarial, una brecha muy sutil <\/a>\u2013 El Pa\u00eds<\/p>\n<p><a href=\"https:\/\/www.google.com\/url?rct=j&amp;sa=t&amp;url=http:\/\/www.economiaynegocios.cl\/noticias\/noticias.asp%3Fid%3D440772&amp;ct=ga&amp;cd=CAEYACoUMTI2NzQ5Nzc0Mjg3MTcwNzMzNzQyGTFkYzViZWNjNzA2ZWNmOGI6ZXM6ZXM6RVM&amp;usg=AFQjCNGhn-kHkGq9DZOKQVYT94BuMM5iXQ\">Las mujeres est\u00e1n ganando terreno en la industria de los juegos digitales <\/a>&#8211; Econom\u00eda y Negocios online<\/p>\n<p><a href=\"http:\/\/www.mujeremprendedora.net\/ceoe-destaca-compromiso-empresas-reduccion-brecha-salarial\/\">La CEOE destaca el compromiso de las empresas con la reducci\u00f3n de la brecha salarial<\/a> \u2013 Mujeremprendedora.net<\/p>\n<p><strong>Actualidad<\/strong><\/p>\n<p><a href=\"https:\/\/www.google.com\/url?rct=j&amp;sa=t&amp;url=https:\/\/www.actuall.com\/educacion\/alicia-rubio-discriminacion-laboral-van-contar-entrepiernas-mejor-sexen-pollos\/&amp;ct=ga&amp;cd=CAEYACoUMTc4MDAwMjY1MTc5NDA4NzY0MDkyGWMwMzcyZWJjMmZlYWRhNTk6ZXM6ZXM6RVM&amp;usg=AFQjCNHZ4rqnr10quPq_9mFOjfYAQjQWRw\">Alicia Rubio, sobre discriminaci\u00f3n laboral: \u201cSi van a contar entrepiernas, mejor que sexen pollos\u201d <\/a>&#8211; Actuall<\/p>\n<p><a href=\"https:\/\/www.google.com\/url?rct=j&amp;sa=t&amp;url=https:\/\/elpais.com\/ccaa\/2018\/02\/02\/valencia\/1517595803_988048.html&amp;ct=ga&amp;cd=CAEYACoUMTQyOTk3ODQ1MjUwNDA3MTI5NzIyGWUxZTc3ZDE1NjA5OGE4ZTM6ZXM6ZXM6RVM&amp;usg=AFQjCNHCE-PYFvBbf-LYeyv-3DZoaZiY6w\">Ciberexpert@s: mediadores en las aulas contra el ciberacoso y otros riesgos &#8216;online&#8217; <\/a>\u2013 El Pa\u00eds<\/p>\n<p><a href=\"http:\/\/www.publico.es\/sociedad\/violencia-sexual-cuerpos-mujeres-cicatrices-fronterizas.html\">Cuerpos de mujeres, cicatrices fronterizas<\/a> \u2013 P\u00fablico<\/p>\n<p><a href=\"https:\/\/elpais.com\/elpais\/2018\/02\/05\/mamas_papas\/1517817753_240006.html\">Madres solas por elecci\u00f3n: un nuevo modelo de familia<\/a> \u2013 El Pa\u00eds<\/p>\n<p><a href=\"http:\/\/www.elmundo.es\/papel\/historias\/2018\/02\/04\/5a7487ef46163f4e1b8b466c.html\">Luz Casal: \u00abCon el c\u00e1ncer te quedas d\u00e9bil, pelona, pasas a ser alguien dependiente&#8230; Eso es lo duro\u00bb<\/a> \u2013 El Mundo<\/p>\n<p><strong>Ciencia y Cultura<\/strong><\/p>\n<p><a href=\"https:\/\/www.google.com\/url?rct=j&amp;sa=t&amp;url=http:\/\/ecodiario.eleconomista.es\/sociedad\/noticias\/8914368\/02\/18\/Margarita-salas-abre-manana-su-legado-en-la-caja-de-las-letras-del-instituto-cervantes.html&amp;ct=ga&amp;cd=CAEYASoSNTk3MDU0NjAwNjcwODk0OTM4MhljMDM3MmViYzJmZWFkYTU5OmVzOmVzOkVT&amp;usg=AFQjCNHa3w0eq8Zk2NGhEAukSS2E0FxBDg\">Margarita salas abre ma\u00f1ana su legado en la &#8216;caja de las letras&#8217; del instituto cervantes <\/a>&#8211; Ecodiario<\/p>\n<p><a href=\"https:\/\/www.google.com\/url?rct=j&amp;sa=t&amp;url=http:\/\/www.rtve.es\/radio\/20180202\/mujeres-cientificas-inspiran-vocaciones\/1672468.shtml&amp;ct=ga&amp;cd=CAEYAioTMjgyMjA4OTY4NzkxMDcxNzY4MDIZYzAzNzJlYmMyZmVhZGE1OTplczplczpFUw&amp;usg=AFQjCNGOzdIKOZqnp5Yw9Xp89MapL3OjBw\">Mujeres cient\u00edficas que inspiran vocaciones <\/a>&#8211; Rtve<\/p>\n<p><a href=\"http:\/\/www.publico.es\/culturas\/goyas-2018-mujeres-no-putearlas-mujeres-manden.html\">Dos mujeres directoras, dos Goyas a Mejor Direcci\u00f3n: \u201cM\u00e1s mujeres, pero no para putearlas, m\u00e1s mujeres que manden\u201d<\/a> &#8211; P\u00fablico<\/p>\n<p><a href=\"http:\/\/www.publico.es\/culturas\/premios-goya-academia-reivindicamos-cineastas-damos-paso-adelante-equidad.html\">La Academia: \u00abReivindicamos a nuestras cineastas y damos un paso hacia adelante por la equidad\u00bb<\/a> \u00a0&#8211; P\u00fablico<\/p>\n<p><a href=\"https:\/\/elpais.com\/cultura\/2018\/02\/04\/actualidad\/1517764289_268931.html\">En la c\u00e1rcel de las musas<\/a>\u2013 El Pa\u00eds<\/p>\n<p><a href=\"https:\/\/elpais.com\/cultura\/2018\/02\/04\/actualidad\/1517740416_697177.html\">\u00bfPor qu\u00e9 no hubo m\u00e1s abanicos en la alfombra roja de los Goya?<\/a> \u2013 El Pa\u00eds<\/p>\n<p><strong>Deporte<\/strong>\u00a0<\/p>\n<p><a href=\"http:\/\/www.publico.es\/sociedad\/motogp-mantendra-azafatas-parrilla-f1-retira-tenis-ciclismo-reconducen-labor.html\">MotoGP mantendr\u00e1 a las azafatas de parrilla, mientras la F1 las retira y el tenis y el ciclismo reconducen su labor<\/a> \u2013 P\u00fablico<\/p>\n<p><a href=\"https:\/\/www.google.es\/url?sa=t&amp;rct=j&amp;q=&amp;esrc=s&amp;source=newssearch&amp;cd=22&amp;cad=rja&amp;uact=8&amp;ved=0ahUKEwjGprXF7Y7ZAhWEK1AKHT3bD6s4FBCpAggpKAAwAQ&amp;url=http%3A%2F%2Fmujerydeporte.practicodeporte.com%2Ffemenina-waterpolo-final-six%2F&amp;usg=AOvVaw26AEjM_ZMMkjrOjM-53KsN\">La femenina de waterpolo a semifinales de la Final Six por la puerta &#8230;<\/a> &#8211; Practico deporte<\/p>\n<p><a href=\"https:\/\/elpais.com\/deportes\/2018\/02\/04\/actualidad\/1517764633_259947.html\">Una patada a los t\u00f3picos del f\u00fatbol<\/a> \u2013 El Pa\u00eds<\/p>\n<p>\u00a0<\/p>\n<p>[\/toggle]<\/p>\n<p>[toggle title=\u00bbInternacional\u00bb]<\/p>\n<p><a href=\"http:\/\/www.mujeremprendedora.net\/la-paridad-llega-a-los-altos-cargos-de-la-onu\/\">La paridad llega a los altos cargos de la ONU<\/a> \u2013 Mujeremprendedora.net<\/p>\n<p><a href=\"https:\/\/elpais.com\/economia\/2018\/02\/02\/actualidad\/1517611535_854654.html\">Y Yellen se llev\u00f3 el ponche<\/a>\u2013 El Pa\u00eds<\/p>\n<p><a href=\"https:\/\/elpais.com\/internacional\/2018\/02\/02\/actualidad\/1517586289_179206.html\">Se buscan mujeres y j\u00f3venes para el nuevo Gobierno alem\u00e1n<\/a> \u2013 El Pa\u00eds<\/p>\n<p><a href=\"http:\/\/www.elmundo.es\/cronica\/2018\/02\/04\/5a7640f1468aebc42f8b460f.html\">La &#8216;suprema&#8217; victoria de las viudas de la poligamia del S\u00e1hara espa\u00f1ol<\/a> \u2013 El Mundo<\/p>\n<p><a href=\"http:\/\/www.publico.es\/internacional\/igualdad-himno-nacional-canadiense-no-excluye-mujeres.html\">El himno nacional canadiense ya no excluye a las mujeres<\/a>&#8211; P\u00fablico<\/p>\n<p><a href=\"https:\/\/elpais.com\/elpais\/2018\/01\/15\/ciencia\/1516008282_014622.html\">\u00bfPor qu\u00e9 se acusa de brujer\u00eda a las mujeres? Un estudio en la China rural da la clave<\/a> \u2013 El Pa\u00eds<\/p>\n<p><a href=\"https:\/\/www.google.com\/url?rct=j&amp;sa=t&amp;url=http:\/\/www.eldiario.es\/sociedad\/Acusan-mujeres-chilenas-discriminadas-salario_0_735977467.html&amp;ct=ga&amp;cd=CAEYAioUMTYwMTE3MzQ5MTI5NDc4NzkxMjQyGWMwMzcyZWJjMmZlYWRhNTk6ZXM6ZXM6RVM&amp;usg=AFQjCNHUoNP7-Q-OvRIV0E0Vb4I7pgKljg\">Acusan que las mujeres chilenas son discriminadas en salario, pensi\u00f3n y salud <\/a>&#8211; <a href=\"http:\/\/eldiario.es\">eldiario.es<\/a><\/p>\n<p><a href=\"http:\/\/www.publico.es\/sociedad\/uma-thurman-revela-agredida-sexualmente.html\">Uma Thurman revela que tambi\u00e9n fue agredida sexualmente por Weinstein<\/a> &#8211; P\u00fablico<\/p>\n<p><a href=\"http:\/\/www.publico.es\/sociedad\/denuncias-carnaval-no-no-mujeres-dicen-basta-acoso-carnaval-brasil.html\">\u00abNo es no\u00bb: las mujeres dicen basta al acoso en el carnaval de Brasil<\/a> &#8211; P\u00fablico<\/p>\n<p><a href=\"https:\/\/www.clarin.com\/sociedad\/alemana-primera-mujer-subir-aconcagua-prueba-alta-resistencia_0_Hyt5Q0NIM.html\">Una alemana es la primera mujer en subir el Aconcagua en una &#8230;<\/a> &#8211; Clar\u00edn.com<\/p>\n<p>\u00a0<\/p>\n<p>[\/toggle]<\/p>\n<\/div>\n<\/div>\n<\/div>\n<\/div>\n<\/div>\n<\/div>\n","protected":false},"excerpt":{"rendered":"<p>ONU:La paridad llega a los altos cargos\u2013La desigualdad salarial, una <a href=\"https:\/\/cklcomunicaciones.es\/coop\/noticias-info-ckl-no-2-065-05-02-18\/\">[&#8230;]<\/a><\/p>\n","protected":false},"author":3,"featured_media":0,"comment_status":"closed","ping_status":"closed","sticky":false,"template":"","format":"standard","meta":{"footnotes":""},"categories":[298,623],"tags":[],"class_list":["post-13597","post","type-post","status-publish","format-standard","hentry","category-newsletter","category-nwl-2-0"],"yoast_head":"<!-- This site is optimized with the Yoast SEO plugin v27.5 - https:\/\/yoast.com\/product\/yoast-seo-wordpress\/ -->\n<title>Noticias Info CKL n\u00ba 2.065-05\/02\/18-Comunicar con perspectiva de g\u00e9nero<\/title>\n<meta name=\"description\" content=\"Comunicar con perspectiva de g\u00e9nero: ONU:La paridad llega a los altos cargos\u2013La desigualdad salarial, una brecha muy sutil-Vicepresidenta Soraya: Las mujeres tienen apellido-PremiosGoya:\u201c#M\u00e1smujeres, pero no para putearlas,#M\u00e1smujeres que manden\u201d\" \/>\n<meta name=\"robots\" content=\"index, follow, max-snippet:-1, max-image-preview:large, max-video-preview:-1\" \/>\n<link rel=\"canonical\" href=\"https:\/\/cklcomunicaciones.es\/coop\/noticias-info-ckl-no-2-065-05-02-18\/\" \/>\n<meta property=\"og:locale\" content=\"es_ES\" \/>\n<meta property=\"og:type\" content=\"article\" \/>\n<meta property=\"og:title\" content=\"Noticias Info CKL n\u00ba 2.065-05\/02\/18-Comunicar con perspectiva de g\u00e9nero\" \/>\n<meta property=\"og:description\" content=\"Comunicar con perspectiva de g\u00e9nero: ONU:La paridad llega a los altos cargos\u2013La desigualdad salarial, una brecha muy sutil-Vicepresidenta Soraya: Las mujeres tienen apellido-PremiosGoya:\u201c#M\u00e1smujeres, pero no para putearlas,#M\u00e1smujeres que manden\u201d\" \/>\n<meta property=\"og:url\" content=\"https:\/\/cklcomunicaciones.es\/coop\/noticias-info-ckl-no-2-065-05-02-18\/\" \/>\n<meta property=\"og:site_name\" content=\"CKL Comunicaciones\" \/>\n<meta property=\"article:published_time\" content=\"2018-02-05T13:33:53+00:00\" \/>\n<meta property=\"article:modified_time\" content=\"2025-01-17T15:41:03+00:00\" \/>\n<meta property=\"og:image\" content=\"https:\/\/cklcomunicaciones.es\/coop\/wp-content\/uploads\/2021\/04\/CKL-MiradaDistinta-newsletter2021_1200-x-675.jpg\" \/>\n\t<meta property=\"og:image:width\" content=\"1200\" \/>\n\t<meta property=\"og:image:height\" content=\"676\" \/>\n\t<meta property=\"og:image:type\" content=\"image\/jpeg\" \/>\n<meta name=\"author\" content=\"ckl\" \/>\n<meta name=\"twitter:card\" content=\"summary_large_image\" \/>\n<meta name=\"twitter:label1\" content=\"Escrito por\" \/>\n\t<meta name=\"twitter:data1\" content=\"ckl\" \/>\n\t<meta name=\"twitter:label2\" content=\"Tiempo de lectura\" \/>\n\t<meta name=\"twitter:data2\" content=\"5 minutos\" \/>\n<script type=\"application\/ld+json\" class=\"yoast-schema-graph\">{\"@context\":\"https:\\\/\\\/schema.org\",\"@graph\":[{\"@type\":\"Article\",\"@id\":\"https:\\\/\\\/cklcomunicaciones.es\\\/coop\\\/noticias-info-ckl-no-2-065-05-02-18\\\/#article\",\"isPartOf\":{\"@id\":\"https:\\\/\\\/cklcomunicaciones.es\\\/coop\\\/noticias-info-ckl-no-2-065-05-02-18\\\/\"},\"author\":{\"name\":\"ckl\",\"@id\":\"https:\\\/\\\/cklcomunicaciones.es\\\/coop\\\/#\\\/schema\\\/person\\\/929a6837f7626450bbb50cee1aef266e\"},\"headline\":\"Noticias Info CKL n\u00ba 2.065-05\\\/02\\\/18\",\"datePublished\":\"2018-02-05T13:33:53+00:00\",\"dateModified\":\"2025-01-17T15:41:03+00:00\",\"mainEntityOfPage\":{\"@id\":\"https:\\\/\\\/cklcomunicaciones.es\\\/coop\\\/noticias-info-ckl-no-2-065-05-02-18\\\/\"},\"wordCount\":1052,\"articleSection\":[\"Newsletter\",\"Nwl v2.0\"],\"inLanguage\":\"es\"},{\"@type\":\"WebPage\",\"@id\":\"https:\\\/\\\/cklcomunicaciones.es\\\/coop\\\/noticias-info-ckl-no-2-065-05-02-18\\\/\",\"url\":\"https:\\\/\\\/cklcomunicaciones.es\\\/coop\\\/noticias-info-ckl-no-2-065-05-02-18\\\/\",\"name\":\"Noticias Info CKL n\u00ba 2.065-05\\\/02\\\/18-Comunicar con perspectiva de g\u00e9nero\",\"isPartOf\":{\"@id\":\"https:\\\/\\\/cklcomunicaciones.es\\\/coop\\\/#website\"},\"datePublished\":\"2018-02-05T13:33:53+00:00\",\"dateModified\":\"2025-01-17T15:41:03+00:00\",\"author\":{\"@id\":\"https:\\\/\\\/cklcomunicaciones.es\\\/coop\\\/#\\\/schema\\\/person\\\/929a6837f7626450bbb50cee1aef266e\"},\"description\":\"Comunicar con perspectiva de g\u00e9nero: ONU:La paridad llega a los altos cargos\u2013La desigualdad salarial, una brecha muy sutil-Vicepresidenta Soraya: Las mujeres tienen apellido-PremiosGoya:\u201c#M\u00e1smujeres, pero no para putearlas,#M\u00e1smujeres que manden\u201d\",\"breadcrumb\":{\"@id\":\"https:\\\/\\\/cklcomunicaciones.es\\\/coop\\\/noticias-info-ckl-no-2-065-05-02-18\\\/#breadcrumb\"},\"inLanguage\":\"es\",\"potentialAction\":[{\"@type\":\"ReadAction\",\"target\":[\"https:\\\/\\\/cklcomunicaciones.es\\\/coop\\\/noticias-info-ckl-no-2-065-05-02-18\\\/\"]}]},{\"@type\":\"BreadcrumbList\",\"@id\":\"https:\\\/\\\/cklcomunicaciones.es\\\/coop\\\/noticias-info-ckl-no-2-065-05-02-18\\\/#breadcrumb\",\"itemListElement\":[{\"@type\":\"ListItem\",\"position\":1,\"name\":\"Portada\",\"item\":\"https:\\\/\\\/cklcomunicaciones.es\\\/coop\\\/\"},{\"@type\":\"ListItem\",\"position\":2,\"name\":\"Noticias Info CKL n\u00ba 2.065-05\\\/02\\\/18\"}]},{\"@type\":\"WebSite\",\"@id\":\"https:\\\/\\\/cklcomunicaciones.es\\\/coop\\\/#website\",\"url\":\"https:\\\/\\\/cklcomunicaciones.es\\\/coop\\\/\",\"name\":\"CKL Comunicaciones\",\"description\":\"Sitio web de CKL Comunicaciones coop , la consultora de comunicaci\u00f3n y estrategia\",\"potentialAction\":[{\"@type\":\"SearchAction\",\"target\":{\"@type\":\"EntryPoint\",\"urlTemplate\":\"https:\\\/\\\/cklcomunicaciones.es\\\/coop\\\/?s={search_term_string}\"},\"query-input\":{\"@type\":\"PropertyValueSpecification\",\"valueRequired\":true,\"valueName\":\"search_term_string\"}}],\"inLanguage\":\"es\"},{\"@type\":\"Person\",\"@id\":\"https:\\\/\\\/cklcomunicaciones.es\\\/coop\\\/#\\\/schema\\\/person\\\/929a6837f7626450bbb50cee1aef266e\",\"name\":\"ckl\",\"image\":{\"@type\":\"ImageObject\",\"inLanguage\":\"es\",\"@id\":\"https:\\\/\\\/secure.gravatar.com\\\/avatar\\\/c82db564e8a669bf6023357a157b9dc4780f4d4c618f2ad1d71a6a5dede45057?s=96&d=mm&r=g\",\"url\":\"https:\\\/\\\/secure.gravatar.com\\\/avatar\\\/c82db564e8a669bf6023357a157b9dc4780f4d4c618f2ad1d71a6a5dede45057?s=96&d=mm&r=g\",\"contentUrl\":\"https:\\\/\\\/secure.gravatar.com\\\/avatar\\\/c82db564e8a669bf6023357a157b9dc4780f4d4c618f2ad1d71a6a5dede45057?s=96&d=mm&r=g\",\"caption\":\"ckl\"},\"url\":\"https:\\\/\\\/cklcomunicaciones.es\\\/coop\\\/author\\\/cklcomunicaciones\\\/\"}]}<\/script>\n<!-- \/ Yoast SEO plugin. -->","yoast_head_json":{"title":"Noticias Info CKL n\u00ba 2.065-05\/02\/18-Comunicar con perspectiva de g\u00e9nero","description":"Comunicar con perspectiva de g\u00e9nero: ONU:La paridad llega a los altos cargos\u2013La desigualdad salarial, una brecha muy sutil-Vicepresidenta Soraya: Las mujeres tienen apellido-PremiosGoya:\u201c#M\u00e1smujeres, pero no para putearlas,#M\u00e1smujeres que manden\u201d","robots":{"index":"index","follow":"follow","max-snippet":"max-snippet:-1","max-image-preview":"max-image-preview:large","max-video-preview":"max-video-preview:-1"},"canonical":"https:\/\/cklcomunicaciones.es\/coop\/noticias-info-ckl-no-2-065-05-02-18\/","og_locale":"es_ES","og_type":"article","og_title":"Noticias Info CKL n\u00ba 2.065-05\/02\/18-Comunicar con perspectiva de g\u00e9nero","og_description":"Comunicar con perspectiva de g\u00e9nero: ONU:La paridad llega a los altos cargos\u2013La desigualdad salarial, una brecha muy sutil-Vicepresidenta Soraya: Las mujeres tienen apellido-PremiosGoya:\u201c#M\u00e1smujeres, pero no para putearlas,#M\u00e1smujeres que manden\u201d","og_url":"https:\/\/cklcomunicaciones.es\/coop\/noticias-info-ckl-no-2-065-05-02-18\/","og_site_name":"CKL Comunicaciones","article_published_time":"2018-02-05T13:33:53+00:00","article_modified_time":"2025-01-17T15:41:03+00:00","og_image":[{"width":1200,"height":676,"url":"https:\/\/cklcomunicaciones.es\/coop\/wp-content\/uploads\/2021\/04\/CKL-MiradaDistinta-newsletter2021_1200-x-675.jpg","type":"image\/jpeg"}],"author":"ckl","twitter_card":"summary_large_image","twitter_misc":{"Escrito por":"ckl","Tiempo de lectura":"5 minutos"},"schema":{"@context":"https:\/\/schema.org","@graph":[{"@type":"Article","@id":"https:\/\/cklcomunicaciones.es\/coop\/noticias-info-ckl-no-2-065-05-02-18\/#article","isPartOf":{"@id":"https:\/\/cklcomunicaciones.es\/coop\/noticias-info-ckl-no-2-065-05-02-18\/"},"author":{"name":"ckl","@id":"https:\/\/cklcomunicaciones.es\/coop\/#\/schema\/person\/929a6837f7626450bbb50cee1aef266e"},"headline":"Noticias Info CKL n\u00ba 2.065-05\/02\/18","datePublished":"2018-02-05T13:33:53+00:00","dateModified":"2025-01-17T15:41:03+00:00","mainEntityOfPage":{"@id":"https:\/\/cklcomunicaciones.es\/coop\/noticias-info-ckl-no-2-065-05-02-18\/"},"wordCount":1052,"articleSection":["Newsletter","Nwl v2.0"],"inLanguage":"es"},{"@type":"WebPage","@id":"https:\/\/cklcomunicaciones.es\/coop\/noticias-info-ckl-no-2-065-05-02-18\/","url":"https:\/\/cklcomunicaciones.es\/coop\/noticias-info-ckl-no-2-065-05-02-18\/","name":"Noticias Info CKL n\u00ba 2.065-05\/02\/18-Comunicar con perspectiva de g\u00e9nero","isPartOf":{"@id":"https:\/\/cklcomunicaciones.es\/coop\/#website"},"datePublished":"2018-02-05T13:33:53+00:00","dateModified":"2025-01-17T15:41:03+00:00","author":{"@id":"https:\/\/cklcomunicaciones.es\/coop\/#\/schema\/person\/929a6837f7626450bbb50cee1aef266e"},"description":"Comunicar con perspectiva de g\u00e9nero: ONU:La paridad llega a los altos cargos\u2013La desigualdad salarial, una brecha muy sutil-Vicepresidenta Soraya: Las mujeres tienen apellido-PremiosGoya:\u201c#M\u00e1smujeres, pero no para putearlas,#M\u00e1smujeres que manden\u201d","breadcrumb":{"@id":"https:\/\/cklcomunicaciones.es\/coop\/noticias-info-ckl-no-2-065-05-02-18\/#breadcrumb"},"inLanguage":"es","potentialAction":[{"@type":"ReadAction","target":["https:\/\/cklcomunicaciones.es\/coop\/noticias-info-ckl-no-2-065-05-02-18\/"]}]},{"@type":"BreadcrumbList","@id":"https:\/\/cklcomunicaciones.es\/coop\/noticias-info-ckl-no-2-065-05-02-18\/#breadcrumb","itemListElement":[{"@type":"ListItem","position":1,"name":"Portada","item":"https:\/\/cklcomunicaciones.es\/coop\/"},{"@type":"ListItem","position":2,"name":"Noticias Info CKL n\u00ba 2.065-05\/02\/18"}]},{"@type":"WebSite","@id":"https:\/\/cklcomunicaciones.es\/coop\/#website","url":"https:\/\/cklcomunicaciones.es\/coop\/","name":"CKL Comunicaciones","description":"Sitio web de CKL Comunicaciones coop , la consultora de comunicaci\u00f3n y estrategia","potentialAction":[{"@type":"SearchAction","target":{"@type":"EntryPoint","urlTemplate":"https:\/\/cklcomunicaciones.es\/coop\/?s={search_term_string}"},"query-input":{"@type":"PropertyValueSpecification","valueRequired":true,"valueName":"search_term_string"}}],"inLanguage":"es"},{"@type":"Person","@id":"https:\/\/cklcomunicaciones.es\/coop\/#\/schema\/person\/929a6837f7626450bbb50cee1aef266e","name":"ckl","image":{"@type":"ImageObject","inLanguage":"es","@id":"https:\/\/secure.gravatar.com\/avatar\/c82db564e8a669bf6023357a157b9dc4780f4d4c618f2ad1d71a6a5dede45057?s=96&d=mm&r=g","url":"https:\/\/secure.gravatar.com\/avatar\/c82db564e8a669bf6023357a157b9dc4780f4d4c618f2ad1d71a6a5dede45057?s=96&d=mm&r=g","contentUrl":"https:\/\/secure.gravatar.com\/avatar\/c82db564e8a669bf6023357a157b9dc4780f4d4c618f2ad1d71a6a5dede45057?s=96&d=mm&r=g","caption":"ckl"},"url":"https:\/\/cklcomunicaciones.es\/coop\/author\/cklcomunicaciones\/"}]}},"_links":{"self":[{"href":"https:\/\/cklcomunicaciones.es\/coop\/wp-json\/wp\/v2\/posts\/13597","targetHints":{"allow":["GET"]}}],"collection":[{"href":"https:\/\/cklcomunicaciones.es\/coop\/wp-json\/wp\/v2\/posts"}],"about":[{"href":"https:\/\/cklcomunicaciones.es\/coop\/wp-json\/wp\/v2\/types\/post"}],"author":[{"embeddable":true,"href":"https:\/\/cklcomunicaciones.es\/coop\/wp-json\/wp\/v2\/users\/3"}],"replies":[{"embeddable":true,"href":"https:\/\/cklcomunicaciones.es\/coop\/wp-json\/wp\/v2\/comments?post=13597"}],"version-history":[{"count":0,"href":"https:\/\/cklcomunicaciones.es\/coop\/wp-json\/wp\/v2\/posts\/13597\/revisions"}],"wp:attachment":[{"href":"https:\/\/cklcomunicaciones.es\/coop\/wp-json\/wp\/v2\/media?parent=13597"}],"wp:term":[{"taxonomy":"category","embeddable":true,"href":"https:\/\/cklcomunicaciones.es\/coop\/wp-json\/wp\/v2\/categories?post=13597"},{"taxonomy":"post_tag","embeddable":true,"href":"https:\/\/cklcomunicaciones.es\/coop\/wp-json\/wp\/v2\/tags?post=13597"}],"curies":[{"name":"wp","href":"https:\/\/api.w.org\/{rel}","templated":true}]}}