{"id":13594,"date":"2018-02-01T13:13:02","date_gmt":"2018-02-01T12:13:02","guid":{"rendered":"http:\/\/www.cklcomunicaciones.es\/?p=13594"},"modified":"2025-01-17T16:41:04","modified_gmt":"2025-01-17T15:41:04","slug":"noticias-info-ckl-no-2-064-01-02-18","status":"publish","type":"post","link":"https:\/\/cklcomunicaciones.es\/coop\/noticias-info-ckl-no-2-064-01-02-18\/","title":{"rendered":"Noticias Info CKL n\u00ba 2.064-01\/02\/18"},"content":{"rendered":"<div id=\"pl-13594\"  class=\"panel-layout\" >\n<div id=\"pg-13594-0\"  class=\"panel-grid panel-no-style\"  data-style=\"{&quot;background_display&quot;:&quot;tile&quot;,&quot;lsow_dark_bg&quot;:&quot;&quot;,&quot;cell_alignment&quot;:&quot;flex-start&quot;}\" >\n<div id=\"pgc-13594-0-0\"  class=\"panel-grid-cell\"  data-weight=\"1\" >\n<div id=\"panel-13594-0-0-0\" class=\"so-panel widget widget_sow-editor panel-first-child panel-last-child\" data-index=\"0\" data-style=\"{&quot;background_image_attachment&quot;:false,&quot;background_display&quot;:&quot;tile&quot;}\" >\n<div class=\"so-widget-sow-editor so-widget-sow-editor-base\">\n<div class=\"siteorigin-widget-tinymce textwidget\">\n<p><strong>Dolors Montserrat anuncia la reforma de la Ley Integral para aplicar el Pacto de VG-Las marroqu\u00edes buscan una oportudad en la fresa-La prostituci\u00f3n: esto no va de sexo-Premios Goya: La noche de los abanicos rojos <\/strong><\/p>\n<p>[toggle type=\u00bbfirst\u00bb title=\u00bbConvocatoria\u00bb]<\/p>\n<ul>\n<li><a href=\"https:\/\/centrodeestudiosandaluces.es\/index.php?mod=cea_actividades&amp;IdProg=ACT107\/18&amp;id=1621&amp;idm=\">Coloquio &#8216;Mujeres en la Ciencia e Investigaci\u00f3n en Andaluc\u00eda. \u00bfHa llegado nuestro momento?&#8217;<\/a>. Centro de Estudios Andaluces. 7 de febrero de 2018<\/li>\n<\/ul>\n<p>[\/toggle]<\/p>\n<p>[toggle type=\u00bbfirst\u00bb title=\u00bbComunicaci\u00f3n\u00bb]<\/p>\n<p><a href=\"https:\/\/www.elplural.com\/sociedad\/2018\/02\/01\/tribuna-feminista-consejo-audivisual-andalucia-anuncios-sexistas\">El Consejo Audivisual propone criterios para sancionar anuncios machistas &#8230;<\/a> &#8211; <a href=\"http:\/\/elplural.com\">elplural.com<\/a><\/p>\n<p><a href=\"http:\/\/ecoteuve.eleconomista.es\/programas\/noticias\/8907979\/02\/18\/Ana-Rosa-rine-a-sus-colaboradores-por-un-comentario-machista.html\">La periodista Ana Rosa Quintana ri\u00f1e a sus colaboradores por una expresi\u00f3n machista<\/a> &#8211; elEconomista.es<\/p>\n<p><a href=\"http:\/\/www.elmundo.es\/yodona\/lifestyle\/2018\/01\/31\/5a71f5cc268e3e6e218b45b6.html\">Google lanza una campa\u00f1a contra el discurso del odio y el desaf\u00edo #YoMeSumo<\/a> \u2013 El Mundo<\/p>\n<p>\u00a0<\/p>\n<p>[\/toggle]<\/p>\n<p>[toggle type=\u00bbfirst\u00bb title=\u00bbAndaluc\u00eda\u00bb]<\/p>\n<p><strong>Institucional<\/strong><\/p>\n<p><a href=\"https:\/\/www.google.es\/url?sa=t&amp;rct=j&amp;q=&amp;esrc=s&amp;source=newssearch&amp;cd=4&amp;ved=0ahUKEwixoaLXzITZAhWFKFAKHTLXCB8QqQIIMCgAMAM&amp;url=http%3A%2F%2Fwww.teleprensa.com%2Fandalucia%2Fdiaz-reclama-que-la-ue-sea-mas-sensible-con-los-paises-y-regiones-del-sur.html&amp;usg=AOvVaw3stqQ98wHGd1GUCOn_unPA\">D\u00edaz reclama que la UE sea m\u00e1s sensible con los pa\u00edses y regiones del sur &#8230;<\/a> &#8211; Teleprensa peri\u00f3dico digital<\/p>\n<p><a href=\"http:\/\/www.europapress.es\/andalucia\/noticia-marina-alvarez-abordara-jueves-pleno-parlamento-situacion-sanidad-andalucia-20180201054935.html\">La consejera Marina \u00c1lvarez aborda en el Pleno del Parlamento la situaci\u00f3n de la sanidad en Andaluc\u00eda &#8230;<\/a> &#8211; Europa Press<\/p>\n<p><strong>Econom\u00eda y Empresas<\/strong><\/p>\n<p><a href=\"https:\/\/www.eldiario.es\/economia\/mujeres-marroqui-buscan-oportunidad-espanola_0_735277599.html\">Las mujeres del campo marroqu\u00ed buscan una oportunidad en la fresa &#8230;<\/a> &#8211; <a href=\"http:\/\/eldiario.es\">eldiario.es<\/a><\/p>\n<p><a href=\"https:\/\/www.google.es\/url?sa=t&amp;rct=j&amp;q=&amp;esrc=s&amp;source=newssearch&amp;cd=29&amp;ved=0ahUKEwjjmIH_xoTZAhWEY1AKHf4jDJM4FBCpAgg-KAAwCA&amp;url=http%3A%2F%2Fwww.diariodecadiz.es%2Fprovincia%2FPremios-negocios-liderados-cooperativas-provincia_0_1214579108.html&amp;usg=AOvVaw19AhNhGscIelj9GTbIe-Be\">Premios a negocios liderados por j\u00f3venes y mujeres y a cooperativas de la provincia&#8230;<\/a> &#8211; Diario de C\u00e1diz<\/p>\n<p><a href=\"http:\/\/www.europapress.es\/esandalucia\/malaga\/noticia-mas-2700-emprendedores-ponen-marcha-2386-empresas-2017-malaga-respaldo-cade-20180201121232.html\">M\u00e1s de 2.700 emprendedores ponen en marcha 2.386 empresas en M\u00e1laga, el 42% impulsadas por mujeres&#8230;<\/a> &#8211; Europa Press<\/p>\n<p><a href=\"http:\/\/www.diariojaen.es\/andalucia\/los-recursos-adicionales-se-cifran-en-unos-4-000-millones-DE3723173\">Los recursos adicionales se cifran en unos 4.000 millones<\/a> &#8211; Diario Ja\u00e9n<\/p>\n<p><strong>Actualidad<\/strong><\/p>\n<p><a href=\"http:\/\/www.leonoticias.com\/sociedad\/mama-estrecho-20180201093204-ntrc.html\">La &#8216;mam\u00e1&#8217; del Estrecho<\/a> &#8211; <a href=\"http:\/\/leonoticias.com\">leonoticias.com<\/a><\/p>\n<p><strong>Violencias<\/strong><\/p>\n<p><a href=\"https:\/\/www.google.com\/url?rct=j&amp;sa=t&amp;url=http:\/\/www.diariosur.es\/malaga-capital\/comunidad-educativa-malaguena-20180131153123-nt.html&amp;ct=ga&amp;cd=CAEYAioUMTQ0NzEwNzg0MzkwMDc2NjU0ODgyGWMwMzcyZWJjMmZlYWRhNTk6ZXM6ZXM6RVM&amp;usg=AFQjCNG8b9oT8Gr55QeGhfKrDS6OvMDlbA\">La comunidad educativa malague\u00f1a reitera su compromiso contra la violencia de g\u00e9nero <\/a>&#8211; Sur Digital<\/p>\n<p><a href=\"https:\/\/www.google.es\/url?sa=t&amp;rct=j&amp;q=&amp;esrc=s&amp;source=newssearch&amp;cd=18&amp;ved=0ahUKEwjmupnHzoTZAhXJXhQKHT03De84ChCpAgg7KAAwBw&amp;url=http%3A%2F%2Fwww.teleprensa.com%2Fandalucia%2Fcc-oo-exige-formacion-sobre-violencia-de-genero-para-el-personal-de-los-juzgados.html&amp;usg=AOvVaw2lSp7c5VjAr6pKQTKii8IJ\">CC OO exige formaci\u00f3n sobre violencia de g\u00e9nero para el personal de los juzgados &#8230;<\/a> &#8211; Teleprensa peri\u00f3dico digital<\/p>\n<p><strong>Ciencia y Cultura<\/strong><\/p>\n<p><a href=\"http:\/\/elcorreoweb.es\/andalucia\/andalucia-impulsa-una-ley-de-artes-escenicas-pionera-BB3762210\">Andaluc\u00eda impulsa una ley de Artes Esc\u00e9nicas pionera<\/a> &#8211; El Correo<\/p>\n<p><a href=\"http:\/\/www.diariodesevilla.es\/ocio\/desigualdad-certamenes-literarios-enciende-polemica_0_1214578646.html\">La desigualdad en los cert\u00e1menes literarios enciende la pol\u00e9mica<\/a> &#8211; Diario de Sevilla<\/p>\n<p><a href=\"http:\/\/www.lavozdealmeria.es\/vernoticia.php?IdNoticia=145856&amp;IdSeccion=5\">El CAF pone en marcha sus talleres con la directora Chus Guti\u00e9rrez<\/a> &#8211; La Voz de Almer\u00eda<\/p>\n<p><a href=\"http:\/\/www.granadahoy.com\/ocio\/CALLEEl-triunfo-arte-emergente_0_1214578582.html\">A la calle&#8217;, el triunfo del <em>arte<\/em> emergente<\/a> &#8211; Granada Hoy<\/p>\n<p><strong>Deporte<\/strong><\/p>\n<p><a href=\"https:\/\/www.google.es\/url?sa=t&amp;rct=j&amp;q=&amp;esrc=s&amp;source=newssearch&amp;cd=62&amp;ved=0ahUKEwigqLrMz4TZAhUF0RQKHa3QAlo4PBCpAggpKAAwAQ&amp;url=http%3A%2F%2Fwww.estadiodeportivo.com%2Fnoticias-deportes%2F2018%2F01%2F31%2Fdeporte-genero%2F143305.html&amp;usg=AOvVaw1tB0ry0E7QatTzpFEq5eAY\">\u00abEl deporte no tiene g\u00e9nero\u00bb<\/a> &#8211; <a href=\"http:\/\/estadiodeportivo.com\">estadiodeportivo.com<\/a><\/p>\n<p><a href=\"http:\/\/www.laopiniondemalaga.es\/todo-deporte\/2018\/02\/01\/sierra-nevada-acoge-campeonato-espana\/983909.html\">Sierra Nevada acoge el Campeonato de Espa\u00f1a de Snow Running<\/a> &#8211; La Opini\u00f3n de M\u00e1laga<\/p>\n<p>\u00a0<\/p>\n<p>[\/toggle]<br \/> [toggle title=\u00bbEstado\u00bb]<\/p>\n<p><strong>Institucional<\/strong><\/p>\n<p><a href=\"https:\/\/www.google.com\/url?rct=j&amp;sa=t&amp;url=http:\/\/www.europapress.es\/epsocial\/igualdad\/noticia-montserrat-anuncia-reforma-20-articulos-ley-integral-aplicar-pacto-violencia-genero-20180131114849.html&amp;ct=ga&amp;cd=CAEYACoTNjMzNjUzODY0Nzc1OTA3NzExMTIZYzAzNzJlYmMyZmVhZGE1OTplczplczpFUw&amp;usg=AFQjCNEBMSmBB-pZ_hw3eR8Gndysnv16PQ\">La Ministra de Igualdad, Dolors Montserrat anuncia la reforma de 20 art\u00edculos de la Ley Integral para aplicar el Pacto de Violencia &#8230; <\/a>&#8211; Europa Press<\/p>\n<p><strong>Institucional-CCAA<\/strong><\/p>\n<p><u><a href=\"https:\/\/www.google.com\/url?rct=j&amp;sa=t&amp;url=http:\/\/www.diariodenavarra.es\/noticias\/vivir\/ciencia\/2018\/01\/31\/navarra-celebrara-dia-internacional-nina-mujer-ciencia-hablando-empleabilidad-574334-3241.html&amp;ct=ga&amp;cd=CAEYACoTMjkzNzA4ODk3MzkxMzM0MDEwNzIZYzAzNzJlYmMyZmVhZGE1OTplczplczpFUw&amp;usg=AFQjCNFjiI5C_f0jOIGzV_C0rJwMoKZGSA\">Navarra celebrar\u00e1 el D\u00eda de la Ni\u00f1a y la Mujer en la Ciencia hablando de su empleabilidad<\/a> <\/u>&#8211; Diario de Navarra<\/p>\n<p><a href=\"https:\/\/www.google.com\/url?rct=j&amp;sa=t&amp;url=http:\/\/www.diariodelaltoaragon.es\/NoticiasDetalle.aspx%3FId%3D1103939&amp;ct=ga&amp;cd=CAEYAyoTMjkzNzA4ODk3MzkxMzM0MDEwNzIZYzAzNzJlYmMyZmVhZGE1OTplczplczpFUw&amp;usg=AFQjCNHTJkBjT3vvguyDrGnbyXs7xApERg\">El Programa de Apoyo Empresarial a la Mujer orienta en la b\u00fasqueda de financiaci\u00f3n <\/a>&#8211; Alto Arag\u00f3n<\/p>\n<p><a href=\"https:\/\/www.google.com\/url?rct=j&amp;sa=t&amp;url=http:\/\/www.eldigitaldealbacete.com\/2018\/01\/31\/este-jueves-se-inaugura-albacete-la-exposicion-carteles-mujeres-la-primera-guerra-mundial-vanguardia-retaguardia\/&amp;ct=ga&amp;cd=CAEYDCoTMjkzNzA4ODk3MzkxMzM0MDEwNzIZYzAzNzJlYmMyZmVhZGE1OTplczplczpFUw&amp;usg=AFQjCNGDjiAcp3kutZvb6VVCUO-JCJ9G8Q\">Este jueves se inaugura en Albacete la exposici\u00f3n de carteles &#8216;Mujeres en la primera Guerra &#8230; <\/a>&#8211; El Digital de Albacete<\/p>\n<p><a href=\"http:\/\/www.mujeremprendedora.net\/badajoz-impulsa-proyecto-dana-empleo-emprendimiento-igualdad\/\">Badajoz impulsa el proyecto DANA por el empleo y emprendimiento en igualdad<\/a> \u2013 Mujeremprendedora.net<\/p>\n<p><a href=\"http:\/\/www.elperiodicodearagon.com\/noticias\/economia\/43-contratos-firmados-mujeres-son-tiempo-parcial_1260899.html\">El 43% de los contratos firmados por mujeres son a tiempo parcial<\/a> &#8211; El Peri\u00f3dico de Arag\u00f3n<\/p>\n<p><a href=\"http:\/\/cadenaser.com\/emisora\/2018\/01\/31\/radio_lugo\/1517404081_049789.html\">Premios Son Muller 2018: un reconocimiento a las mujeres<em> .<\/em>..<\/a> &#8211; Cadena SER<\/p>\n<p><a href=\"http:\/\/valenciaplaza.com\/womprende-el-evento-que-conecta-a-mujeres-emprendedoras-en-valencia\">Womprende: el evento que conecta a emprendedoras en &#8230;<\/a> &#8211; <a href=\"http:\/\/valenciaplaza.com\">valenciaplaza.com<\/a><\/p>\n<p><a href=\"https:\/\/www.murcia.com\/mazarron\/noticias\/2018\/01\/31-la-fundacion-coca-cola-despliega-en-mazarron-su-proyecto-gira-mujeres.asp\">La fundaci\u00f3n Coca Cola despliega en Mazarr\u00f3n su proyecto \u00abGira Mujeres\u201d&#8230;<\/a> &#8211; Murcia.com<\/p>\n<p><strong>Econom\u00eda y Empresa<\/strong><\/p>\n<p><a href=\"https:\/\/www.google.es\/url?sa=t&amp;rct=j&amp;q=&amp;esrc=s&amp;source=newssearch&amp;cd=1&amp;ved=0ahUKEwiyv8bp0oTZAhVQlxQKHdJkAE8QqQIIJygAMAA&amp;url=http%3A%2F%2Fwww.diariodeleon.es%2Fnoticias%2Feconomia%2Fbotin-dice-brecha-bs-ausencia-mujeres-poder_1223173.html&amp;usg=AOvVaw0RUebjFT0qs2ULP_nbXQkP\">Bot\u00edn dice que la brecha en el BS est\u00e1 en la ausencia de mujeres en los puestos de poder &#8230;<\/a> &#8211; Diario de Le\u00f3n<\/p>\n<p><a href=\"http:\/\/www.elboletin.com\/noticia\/158803\/economia\/maria-dolores-dancausa-unica-mujer-en-el-ranking-forbes-de-los-mejores-ceo-de-2017.html\">Mar\u00eda Dolores Dancausa, \u00fanica mujer en el ranking Forbes de los &#8230;<\/a> \u2013 El Bolet\u00edn.com<\/p>\n<p><a href=\"http:\/\/www.elmundo.es\/papel\/historias\/2018\/02\/01\/5a71cef322601db5288b45af.html\">Estas son las 10 mujeres m\u00e1s ricas de Espa\u00f1a<\/a> &#8211; El Mundo<\/p>\n<p><strong>Actualidad<\/strong><\/p>\n<p><a href=\"http:\/\/www.elmundo.es\/espana\/2018\/02\/01\/5a7279c5e5fdeae73f8b45d5.html\">Un profesor de igualdad de g\u00e9nero o \u00abcoeducador\u00bb en cada colegio<\/a> \u2013 El Mundo<\/p>\n<p><a href=\"https:\/\/www.consalud.es\/profesionales\/enfermeria\/alcampo-retirara-el-disfraz-que-denigra-a-las-profesionales-de-enfermeria_46597_102.html\">Alcampo retirar\u00e1 el disfraz que \u00abdenigra\u00bb a las profesionales de enfermer\u00eda &#8230;<\/a> &#8211; ConSalud<\/p>\n<p><a href=\"https:\/\/www.google.es\/url?sa=t&amp;rct=j&amp;q=&amp;esrc=s&amp;source=newssearch&amp;cd=28&amp;ved=0ahUKEwjjmIH_xoTZAhWEY1AKHf4jDJM4FBCpAgg7KAAwBw&amp;url=http%3A%2F%2Fwww.granadadigital.es%2Flas-muertes-por-cancer-de-pulmon-en-mujeres-se-triplican-en-los-ultimos-20-anos%2F&amp;usg=AOvVaw3jUzIXR5BpkyD08eBUkndw\">Las muertes por c\u00e1ncer de pulm\u00f3n en mujeres<em> s<\/em>e triplican en los \u00faltimos 20 a\u00f1os&#8230;<\/a> &#8211; GranadaDigital<\/p>\n<p><a href=\"https:\/\/www.elsaltodiario.com\/genero\/akai-baena-sistema-binario-genero-crisis-transexualidad-feminismo\">Akai Baena: \u201cEl sistema binario de g\u00e9nero est\u00e1 en crisis\u201d<\/a> -El Salto<\/p>\n<p><strong>Violencia<\/strong><\/p>\n<p><a href=\"https:\/\/politica.elpais.com\/politica\/2018\/01\/31\/actualidad\/1517388727_991631.html\">6.300 presos por violencia machista en 2017<\/a> \u2013El Pa\u00eds<\/p>\n<p><a href=\"https:\/\/www.google.es\/url?sa=t&amp;rct=j&amp;q=&amp;esrc=s&amp;source=newssearch&amp;cd=32&amp;ved=0ahUKEwjc5srRzYTZAhUE1hQKHZiLCoU4HhCpAggpKAAwAQ&amp;url=https%3A%2F%2Felpais.com%2Felpais%2F2018%2F01%2F22%2Fopinion%2F1516637617_357207.html&amp;usg=AOvVaw3WtMD8OeZJTD8yKNsVnQAo\">La prostituci\u00f3n: esto no va de sexo<\/a> \u2013 El Pa\u00eds<\/p>\n<p><u><a href=\"https:\/\/www.google.com\/url?rct=j&amp;sa=t&amp;url=http:\/\/mallorcaconfidencial.com\/2018-01-31-la-mujer-apunalada-marido-inca-se-encuentra-grave&amp;ct=ga&amp;cd=CAEYAioTMjkzNzA4ODk3MzkxMzM0MDEwNzIZYzAzNzJlYmMyZmVhZGE1OTplczplczpFUw&amp;usg=AFQjCNGq4DZAFX44aj9FLSqy_dkIBxPVPA\">La mujer apu\u00f1alada por su marido en Inca se encuentra muy grave<\/a><\/u> &#8211; Mallorca Confidencial<\/p>\n<p><strong>Ciencia y Cultura<\/strong><\/p>\n<p><a href=\"https:\/\/www.google.com\/url?rct=j&amp;sa=t&amp;url=https:\/\/www.lavozdegalicia.es\/noticia\/santiago\/santiago\/2018\/02\/01\/usc-impulsara-emprendimiento-mujer-ciencias-tecnologia\/0003_201802S1C5991.htm&amp;ct=ga&amp;cd=CAEYACoUMTEyODkzODc1NDE2MTA0MzMwOTUyGWMwMzcyZWJjMmZlYWRhNTk6ZXM6ZXM6RVM&amp;usg=AFQjCNFRWtZWMcuPk-9s91-wykS8i_AxaA\">La Universidad de Santiago de Compostela impulsar\u00e1 el emprendimiento de la mujer en ciencias y tecnolog\u00eda <\/a>&#8211; La Voz de Galicia<\/p>\n<p><a href=\"http:\/\/www.publico.es\/culturas\/goyas-2018-noche-abanicos-rojos.html\">La noche de los abanicos rojos<\/a> &#8211; P\u00fablico<\/p>\n<p><a href=\"https:\/\/elpais.com\/cultura\/2018\/01\/24\/actualidad\/1516808812_008050.html\">Sandra Escaneda, la primera candidata a los Goya nacida del siglo XXI<\/a> \u2013 El Pa\u00eds<\/p>\n<p><a href=\"https:\/\/elpais.com\/cultura\/2018\/01\/31\/television\/1517419583_547012.html\">Mujeres directoras y los abusos de poder, seg\u00fan los realizadores espa\u00f1oles<\/a>\u2013 El Pa\u00eds<\/p>\n<p><a href=\"https:\/\/www.google.es\/url?sa=t&amp;rct=j&amp;q=&amp;esrc=s&amp;source=newssearch&amp;cd=1&amp;ved=0ahUKEwivvsr0xYTZAhVF-aQKHa11DcAQqQIIJygAMAA&amp;url=http%3A%2F%2Fwww.elmundo.es%2Fpapel%2Fcultura%2F2018%2F02%2F01%2F5a72001022601dbe288b45ac.html&amp;usg=AOvVaw1VZkdgXEAw9OGQG-9Kd6gx\">Ver\u00f3nica Echegui: \u00abLas mujeres hemos sufrido un holocausto\u00bb<\/a> &#8211; El Mundo<\/p>\n<p><a href=\"https:\/\/www.eldiario.es\/norte\/cantabria\/ultima-hora\/MUPAC-homenaje-vinculacion-ciencia-muestra_0_735276961.html\">El MUPAC rinde homenaje a la mujer y su vinculaci\u00f3n con la &#8230;<\/a> &#8211; <a href=\"http:\/\/eldiario.es\">eldiario.es<\/a><\/p>\n<p><strong>Deporte<\/strong>\u00a0<\/p>\n<p><a href=\"http:\/\/www.publico.es\/sociedad\/formula-1-ya-no-habra-azafatas-carreras.html\">Ya no habr\u00e1 azafatas en las carreras de F\u00f3rmula 1<\/a> &#8211; P\u00fablico<\/p>\n<p><a href=\"https:\/\/elpais.com\/cultura\/2018\/01\/30\/actualidad\/1517324680_855581.html\">Jugar al f\u00fatbol no es solo cosa de hombres<\/a>\u2013 El Pa\u00eds<\/p>\n<p><a href=\"https:\/\/www.google.es\/url?sa=t&amp;rct=j&amp;q=&amp;esrc=s&amp;source=newssearch&amp;cd=4&amp;ved=0ahUKEwiP3obrzoTZAhUEWBQKHcegCLEQqQIIMCgAMAM&amp;url=http%3A%2F%2Fwww.eldesmarque.com%2Fformula-1%2F214308-expertas-exigen-desaparicion-de-las-azafatas-en-todos-los-eventos-deportivos&amp;usg=AOvVaw3pcy_JMPDjHSn_Lpmjz9cf\">Expertas exigen desaparici\u00f3n de las azafatas en todos los eventos deportivos &#8230;<\/a> &#8211; El Desmarque<\/p>\n<p><a href=\"https:\/\/www.google.es\/url?sa=t&amp;rct=j&amp;q=&amp;esrc=s&amp;source=newssearch&amp;cd=63&amp;ved=0ahUKEwigqLrMz4TZAhUF0RQKHa3QAlo4PBCpAggsKAAwAg&amp;url=http%3A%2F%2Fwww.marca.com%2Ffutbol%2Ffutbol-femenino%2F2018%2F01%2F31%2F5a70bc0346163f20178b467b.html&amp;usg=AOvVaw1yyKWNa9hjxFnP2eeJiFT5\">La RFEF crear\u00e1 una mesa de trabajo para reestructurar el f\u00fatbol femenino &#8230;<\/a> -Marca.com<\/p>\n<p>[\/toggle]<\/p>\n<p>[toggle title=\u00bbInternacional\u00bb]<\/p>\n<p><a href=\"https:\/\/www.google.es\/url?sa=t&amp;rct=j&amp;q=&amp;esrc=s&amp;source=newssearch&amp;cd=6&amp;cad=rja&amp;uact=8&amp;ved=0ahUKEwiyv8bp0oTZAhVQlxQKHdJkAE8QqQIINigAMAU&amp;url=http%3A%2F%2Fwww.iprofesional.com%2Fnotas%2F262714-crecimiento-estados-unidos-banco-central-tasas-desempleo-hipoteca-fed-mercado-tasa-herencia-janet-yellen-tasa-de-interes-Fed-mantiene-las-tasas-y-despide-a-su-primera-presidente-mujer-entre-elogios-por-haber-devuelto-la-economia-de-EEUU-a-la-normalidad&amp;usg=AOvVaw2bu7MJEvXRmoov-ZtIoJl4\">Fed mantiene las tasas y despide a su primera presidente mujer &#8230;<\/a> &#8211;<a href=\"http:\/\/iprofesional.com\">iprofesional.com<\/a><\/p>\n<p><a href=\"https:\/\/www.google.es\/url?sa=t&amp;rct=j&amp;q=&amp;esrc=s&amp;source=newssearch&amp;cd=25&amp;ved=0ahUKEwiz3--yy4TZAhVCJFAKHYgkAHE4FBCpAggyKAAwBA&amp;url=https%3A%2F%2Fwww.df.cl%2Fnoticias%2Fopinion%2Fcolumnistas%2Fdesafios-de-la-incorporacion-de-mujeres-en-la-alta-direccion-de-empresas%2F2018-01-29%2F201355.html&amp;usg=AOvVaw0D33txUX4uEAHkQLLbV1nw\">Desaf\u00edos de la incorporaci\u00f3n de mujeres en la Alta Direcci\u00f3n de Empresas &#8230;<\/a> &#8211; Diario Financiero<\/p>\n<p><a href=\"https:\/\/elpais.com\/internacional\/2017\/12\/10\/actualidad\/1512904516_620591.html\">Los obst\u00e1culos al aborto ensombrecen los avances de T\u00fanez<\/a>\u2013 El Pa\u00eds<\/p>\n<p><a href=\"https:\/\/elpais.com\/internacional\/2018\/01\/31\/actualidad\/1517405353_633539.html\">F\u00e1tima Sehu, abogada nigeriana: \u201cNo solo viola a las mujeres Boko Haram, tambi\u00e9n el Ej\u00e9rcito y los civiles\u201d<\/a> \u2013 El Pa\u00eds<\/p>\n<p><a href=\"https:\/\/www.larazon.es\/familia\/estan-las-ninas-y-mujeres-discriminadas-por-la-ciencia-KK17592190\">\u00bfEst\u00e1n las ni\u00f1as y mujeres discriminadas por la ciencia?<\/a> &#8211; La Raz\u00f3n<\/p>\n<p><a href=\"https:\/\/elpais.com\/cultura\/2018\/01\/22\/actualidad\/1516630859_362418.html\">Marisa Merz, el \u2018arte povera\u2019 femenino<\/a>\u2013 El Pa\u00eds<\/p>\n<p><a href=\"http:\/\/www.elmundo.es\/television\/2018\/01\/31\/5a72023b22601db1288b45c9.html\">La trilog\u00eda de Margaret Atwood &#8216;MaddAddam&#8217; da el salto a la TV<\/a> \u2013 El Mundo<\/p>\n<p><a href=\"http:\/\/www.lavanguardia.com\/vida\/20180131\/44426912039\/mujeres-jockey-carreras-caballo.html\">\u00bfPor qu\u00e9 no hay m\u00e1s mujeres jockey?<\/a> &#8211; La Vanguardia<\/p>\n<p>\u00a0<\/p>\n<p>[\/toggle]<\/p>\n<\/div>\n<\/div>\n<\/div>\n<\/div>\n<\/div>\n<\/div>\n","protected":false},"excerpt":{"rendered":"<p>Dolors Montserrat anuncia la reforma de la Ley Integral para <a href=\"https:\/\/cklcomunicaciones.es\/coop\/noticias-info-ckl-no-2-064-01-02-18\/\">[&#8230;]<\/a><\/p>\n","protected":false},"author":3,"featured_media":0,"comment_status":"closed","ping_status":"closed","sticky":false,"template":"","format":"standard","meta":{"footnotes":""},"categories":[298,623],"tags":[],"class_list":["post-13594","post","type-post","status-publish","format-standard","hentry","category-newsletter","category-nwl-2-0"],"yoast_head":"<!-- This site is optimized with the Yoast SEO plugin v27.5 - https:\/\/yoast.com\/product\/yoast-seo-wordpress\/ -->\n<title>Noticias Info CKL n\u00ba 2.064-01\/02\/18-Comunicar con perspectiva de g\u00e9nero<\/title>\n<meta name=\"description\" content=\"Comunicar con perspectiva de g\u00e9nero: Dolors Montserrat anuncia la reforma de la Ley Integral para aplicar el Pacto de VG-Las marroqu\u00edes buscan una oportudad en la fresa-La prostituci\u00f3n: esto no va de sexo-Premios Goya: La noche de los abanicos rojos\" \/>\n<meta name=\"robots\" content=\"index, follow, max-snippet:-1, max-image-preview:large, max-video-preview:-1\" \/>\n<link rel=\"canonical\" href=\"https:\/\/cklcomunicaciones.es\/coop\/noticias-info-ckl-no-2-064-01-02-18\/\" \/>\n<meta property=\"og:locale\" content=\"es_ES\" \/>\n<meta property=\"og:type\" content=\"article\" \/>\n<meta property=\"og:title\" content=\"Noticias Info CKL n\u00ba 2.064-01\/02\/18-Comunicar con perspectiva de g\u00e9nero\" \/>\n<meta property=\"og:description\" content=\"Comunicar con perspectiva de g\u00e9nero: Dolors Montserrat anuncia la reforma de la Ley Integral para aplicar el Pacto de VG-Las marroqu\u00edes buscan una oportudad en la fresa-La prostituci\u00f3n: esto no va de sexo-Premios Goya: La noche de los abanicos rojos\" \/>\n<meta property=\"og:url\" content=\"https:\/\/cklcomunicaciones.es\/coop\/noticias-info-ckl-no-2-064-01-02-18\/\" \/>\n<meta property=\"og:site_name\" content=\"CKL Comunicaciones\" \/>\n<meta property=\"article:published_time\" content=\"2018-02-01T12:13:02+00:00\" \/>\n<meta property=\"article:modified_time\" content=\"2025-01-17T15:41:04+00:00\" \/>\n<meta property=\"og:image\" content=\"https:\/\/cklcomunicaciones.es\/coop\/wp-content\/uploads\/2021\/04\/CKL-MiradaDistinta-newsletter2021_1200-x-675.jpg\" \/>\n\t<meta property=\"og:image:width\" content=\"1200\" \/>\n\t<meta property=\"og:image:height\" content=\"676\" \/>\n\t<meta property=\"og:image:type\" content=\"image\/jpeg\" \/>\n<meta name=\"author\" content=\"ckl\" \/>\n<meta name=\"twitter:card\" content=\"summary_large_image\" \/>\n<meta name=\"twitter:label1\" content=\"Escrito por\" \/>\n\t<meta name=\"twitter:data1\" content=\"ckl\" \/>\n\t<meta name=\"twitter:label2\" content=\"Tiempo de lectura\" \/>\n\t<meta name=\"twitter:data2\" content=\"5 minutos\" \/>\n<script type=\"application\/ld+json\" class=\"yoast-schema-graph\">{\"@context\":\"https:\\\/\\\/schema.org\",\"@graph\":[{\"@type\":\"Article\",\"@id\":\"https:\\\/\\\/cklcomunicaciones.es\\\/coop\\\/noticias-info-ckl-no-2-064-01-02-18\\\/#article\",\"isPartOf\":{\"@id\":\"https:\\\/\\\/cklcomunicaciones.es\\\/coop\\\/noticias-info-ckl-no-2-064-01-02-18\\\/\"},\"author\":{\"name\":\"ckl\",\"@id\":\"https:\\\/\\\/cklcomunicaciones.es\\\/coop\\\/#\\\/schema\\\/person\\\/929a6837f7626450bbb50cee1aef266e\"},\"headline\":\"Noticias Info CKL n\u00ba 2.064-01\\\/02\\\/18\",\"datePublished\":\"2018-02-01T12:13:02+00:00\",\"dateModified\":\"2025-01-17T15:41:04+00:00\",\"mainEntityOfPage\":{\"@id\":\"https:\\\/\\\/cklcomunicaciones.es\\\/coop\\\/noticias-info-ckl-no-2-064-01-02-18\\\/\"},\"wordCount\":974,\"articleSection\":[\"Newsletter\",\"Nwl v2.0\"],\"inLanguage\":\"es\"},{\"@type\":\"WebPage\",\"@id\":\"https:\\\/\\\/cklcomunicaciones.es\\\/coop\\\/noticias-info-ckl-no-2-064-01-02-18\\\/\",\"url\":\"https:\\\/\\\/cklcomunicaciones.es\\\/coop\\\/noticias-info-ckl-no-2-064-01-02-18\\\/\",\"name\":\"Noticias Info CKL n\u00ba 2.064-01\\\/02\\\/18-Comunicar con perspectiva de g\u00e9nero\",\"isPartOf\":{\"@id\":\"https:\\\/\\\/cklcomunicaciones.es\\\/coop\\\/#website\"},\"datePublished\":\"2018-02-01T12:13:02+00:00\",\"dateModified\":\"2025-01-17T15:41:04+00:00\",\"author\":{\"@id\":\"https:\\\/\\\/cklcomunicaciones.es\\\/coop\\\/#\\\/schema\\\/person\\\/929a6837f7626450bbb50cee1aef266e\"},\"description\":\"Comunicar con perspectiva de g\u00e9nero: Dolors Montserrat anuncia la reforma de la Ley Integral para aplicar el Pacto de VG-Las marroqu\u00edes buscan una oportudad en la fresa-La prostituci\u00f3n: esto no va de sexo-Premios Goya: La noche de los abanicos rojos\",\"breadcrumb\":{\"@id\":\"https:\\\/\\\/cklcomunicaciones.es\\\/coop\\\/noticias-info-ckl-no-2-064-01-02-18\\\/#breadcrumb\"},\"inLanguage\":\"es\",\"potentialAction\":[{\"@type\":\"ReadAction\",\"target\":[\"https:\\\/\\\/cklcomunicaciones.es\\\/coop\\\/noticias-info-ckl-no-2-064-01-02-18\\\/\"]}]},{\"@type\":\"BreadcrumbList\",\"@id\":\"https:\\\/\\\/cklcomunicaciones.es\\\/coop\\\/noticias-info-ckl-no-2-064-01-02-18\\\/#breadcrumb\",\"itemListElement\":[{\"@type\":\"ListItem\",\"position\":1,\"name\":\"Portada\",\"item\":\"https:\\\/\\\/cklcomunicaciones.es\\\/coop\\\/\"},{\"@type\":\"ListItem\",\"position\":2,\"name\":\"Noticias Info CKL n\u00ba 2.064-01\\\/02\\\/18\"}]},{\"@type\":\"WebSite\",\"@id\":\"https:\\\/\\\/cklcomunicaciones.es\\\/coop\\\/#website\",\"url\":\"https:\\\/\\\/cklcomunicaciones.es\\\/coop\\\/\",\"name\":\"CKL Comunicaciones\",\"description\":\"Sitio web de CKL Comunicaciones coop , la consultora de comunicaci\u00f3n y estrategia\",\"potentialAction\":[{\"@type\":\"SearchAction\",\"target\":{\"@type\":\"EntryPoint\",\"urlTemplate\":\"https:\\\/\\\/cklcomunicaciones.es\\\/coop\\\/?s={search_term_string}\"},\"query-input\":{\"@type\":\"PropertyValueSpecification\",\"valueRequired\":true,\"valueName\":\"search_term_string\"}}],\"inLanguage\":\"es\"},{\"@type\":\"Person\",\"@id\":\"https:\\\/\\\/cklcomunicaciones.es\\\/coop\\\/#\\\/schema\\\/person\\\/929a6837f7626450bbb50cee1aef266e\",\"name\":\"ckl\",\"image\":{\"@type\":\"ImageObject\",\"inLanguage\":\"es\",\"@id\":\"https:\\\/\\\/secure.gravatar.com\\\/avatar\\\/c82db564e8a669bf6023357a157b9dc4780f4d4c618f2ad1d71a6a5dede45057?s=96&d=mm&r=g\",\"url\":\"https:\\\/\\\/secure.gravatar.com\\\/avatar\\\/c82db564e8a669bf6023357a157b9dc4780f4d4c618f2ad1d71a6a5dede45057?s=96&d=mm&r=g\",\"contentUrl\":\"https:\\\/\\\/secure.gravatar.com\\\/avatar\\\/c82db564e8a669bf6023357a157b9dc4780f4d4c618f2ad1d71a6a5dede45057?s=96&d=mm&r=g\",\"caption\":\"ckl\"},\"url\":\"https:\\\/\\\/cklcomunicaciones.es\\\/coop\\\/author\\\/cklcomunicaciones\\\/\"}]}<\/script>\n<!-- \/ Yoast SEO plugin. -->","yoast_head_json":{"title":"Noticias Info CKL n\u00ba 2.064-01\/02\/18-Comunicar con perspectiva de g\u00e9nero","description":"Comunicar con perspectiva de g\u00e9nero: Dolors Montserrat anuncia la reforma de la Ley Integral para aplicar el Pacto de VG-Las marroqu\u00edes buscan una oportudad en la fresa-La prostituci\u00f3n: esto no va de sexo-Premios Goya: La noche de los abanicos rojos","robots":{"index":"index","follow":"follow","max-snippet":"max-snippet:-1","max-image-preview":"max-image-preview:large","max-video-preview":"max-video-preview:-1"},"canonical":"https:\/\/cklcomunicaciones.es\/coop\/noticias-info-ckl-no-2-064-01-02-18\/","og_locale":"es_ES","og_type":"article","og_title":"Noticias Info CKL n\u00ba 2.064-01\/02\/18-Comunicar con perspectiva de g\u00e9nero","og_description":"Comunicar con perspectiva de g\u00e9nero: Dolors Montserrat anuncia la reforma de la Ley Integral para aplicar el Pacto de VG-Las marroqu\u00edes buscan una oportudad en la fresa-La prostituci\u00f3n: esto no va de sexo-Premios Goya: La noche de los abanicos rojos","og_url":"https:\/\/cklcomunicaciones.es\/coop\/noticias-info-ckl-no-2-064-01-02-18\/","og_site_name":"CKL Comunicaciones","article_published_time":"2018-02-01T12:13:02+00:00","article_modified_time":"2025-01-17T15:41:04+00:00","og_image":[{"width":1200,"height":676,"url":"https:\/\/cklcomunicaciones.es\/coop\/wp-content\/uploads\/2021\/04\/CKL-MiradaDistinta-newsletter2021_1200-x-675.jpg","type":"image\/jpeg"}],"author":"ckl","twitter_card":"summary_large_image","twitter_misc":{"Escrito por":"ckl","Tiempo de lectura":"5 minutos"},"schema":{"@context":"https:\/\/schema.org","@graph":[{"@type":"Article","@id":"https:\/\/cklcomunicaciones.es\/coop\/noticias-info-ckl-no-2-064-01-02-18\/#article","isPartOf":{"@id":"https:\/\/cklcomunicaciones.es\/coop\/noticias-info-ckl-no-2-064-01-02-18\/"},"author":{"name":"ckl","@id":"https:\/\/cklcomunicaciones.es\/coop\/#\/schema\/person\/929a6837f7626450bbb50cee1aef266e"},"headline":"Noticias Info CKL n\u00ba 2.064-01\/02\/18","datePublished":"2018-02-01T12:13:02+00:00","dateModified":"2025-01-17T15:41:04+00:00","mainEntityOfPage":{"@id":"https:\/\/cklcomunicaciones.es\/coop\/noticias-info-ckl-no-2-064-01-02-18\/"},"wordCount":974,"articleSection":["Newsletter","Nwl v2.0"],"inLanguage":"es"},{"@type":"WebPage","@id":"https:\/\/cklcomunicaciones.es\/coop\/noticias-info-ckl-no-2-064-01-02-18\/","url":"https:\/\/cklcomunicaciones.es\/coop\/noticias-info-ckl-no-2-064-01-02-18\/","name":"Noticias Info CKL n\u00ba 2.064-01\/02\/18-Comunicar con perspectiva de g\u00e9nero","isPartOf":{"@id":"https:\/\/cklcomunicaciones.es\/coop\/#website"},"datePublished":"2018-02-01T12:13:02+00:00","dateModified":"2025-01-17T15:41:04+00:00","author":{"@id":"https:\/\/cklcomunicaciones.es\/coop\/#\/schema\/person\/929a6837f7626450bbb50cee1aef266e"},"description":"Comunicar con perspectiva de g\u00e9nero: Dolors Montserrat anuncia la reforma de la Ley Integral para aplicar el Pacto de VG-Las marroqu\u00edes buscan una oportudad en la fresa-La prostituci\u00f3n: esto no va de sexo-Premios Goya: La noche de los abanicos rojos","breadcrumb":{"@id":"https:\/\/cklcomunicaciones.es\/coop\/noticias-info-ckl-no-2-064-01-02-18\/#breadcrumb"},"inLanguage":"es","potentialAction":[{"@type":"ReadAction","target":["https:\/\/cklcomunicaciones.es\/coop\/noticias-info-ckl-no-2-064-01-02-18\/"]}]},{"@type":"BreadcrumbList","@id":"https:\/\/cklcomunicaciones.es\/coop\/noticias-info-ckl-no-2-064-01-02-18\/#breadcrumb","itemListElement":[{"@type":"ListItem","position":1,"name":"Portada","item":"https:\/\/cklcomunicaciones.es\/coop\/"},{"@type":"ListItem","position":2,"name":"Noticias Info CKL n\u00ba 2.064-01\/02\/18"}]},{"@type":"WebSite","@id":"https:\/\/cklcomunicaciones.es\/coop\/#website","url":"https:\/\/cklcomunicaciones.es\/coop\/","name":"CKL Comunicaciones","description":"Sitio web de CKL Comunicaciones coop , la consultora de comunicaci\u00f3n y estrategia","potentialAction":[{"@type":"SearchAction","target":{"@type":"EntryPoint","urlTemplate":"https:\/\/cklcomunicaciones.es\/coop\/?s={search_term_string}"},"query-input":{"@type":"PropertyValueSpecification","valueRequired":true,"valueName":"search_term_string"}}],"inLanguage":"es"},{"@type":"Person","@id":"https:\/\/cklcomunicaciones.es\/coop\/#\/schema\/person\/929a6837f7626450bbb50cee1aef266e","name":"ckl","image":{"@type":"ImageObject","inLanguage":"es","@id":"https:\/\/secure.gravatar.com\/avatar\/c82db564e8a669bf6023357a157b9dc4780f4d4c618f2ad1d71a6a5dede45057?s=96&d=mm&r=g","url":"https:\/\/secure.gravatar.com\/avatar\/c82db564e8a669bf6023357a157b9dc4780f4d4c618f2ad1d71a6a5dede45057?s=96&d=mm&r=g","contentUrl":"https:\/\/secure.gravatar.com\/avatar\/c82db564e8a669bf6023357a157b9dc4780f4d4c618f2ad1d71a6a5dede45057?s=96&d=mm&r=g","caption":"ckl"},"url":"https:\/\/cklcomunicaciones.es\/coop\/author\/cklcomunicaciones\/"}]}},"_links":{"self":[{"href":"https:\/\/cklcomunicaciones.es\/coop\/wp-json\/wp\/v2\/posts\/13594","targetHints":{"allow":["GET"]}}],"collection":[{"href":"https:\/\/cklcomunicaciones.es\/coop\/wp-json\/wp\/v2\/posts"}],"about":[{"href":"https:\/\/cklcomunicaciones.es\/coop\/wp-json\/wp\/v2\/types\/post"}],"author":[{"embeddable":true,"href":"https:\/\/cklcomunicaciones.es\/coop\/wp-json\/wp\/v2\/users\/3"}],"replies":[{"embeddable":true,"href":"https:\/\/cklcomunicaciones.es\/coop\/wp-json\/wp\/v2\/comments?post=13594"}],"version-history":[{"count":0,"href":"https:\/\/cklcomunicaciones.es\/coop\/wp-json\/wp\/v2\/posts\/13594\/revisions"}],"wp:attachment":[{"href":"https:\/\/cklcomunicaciones.es\/coop\/wp-json\/wp\/v2\/media?parent=13594"}],"wp:term":[{"taxonomy":"category","embeddable":true,"href":"https:\/\/cklcomunicaciones.es\/coop\/wp-json\/wp\/v2\/categories?post=13594"},{"taxonomy":"post_tag","embeddable":true,"href":"https:\/\/cklcomunicaciones.es\/coop\/wp-json\/wp\/v2\/tags?post=13594"}],"curies":[{"name":"wp","href":"https:\/\/api.w.org\/{rel}","templated":true}]}}