{"id":13581,"date":"2018-01-26T13:25:43","date_gmt":"2018-01-26T12:25:43","guid":{"rendered":"http:\/\/www.cklcomunicaciones.es\/?p=13581"},"modified":"2025-01-17T16:41:04","modified_gmt":"2025-01-17T15:41:04","slug":"noticias-info-ckl-no-2-060-26-01-18","status":"publish","type":"post","link":"https:\/\/cklcomunicaciones.es\/coop\/noticias-info-ckl-no-2-060-26-01-18\/","title":{"rendered":"Noticias Info CKL n\u00ba 2.060-26\/01\/18"},"content":{"rendered":"<div id=\"pl-13581\"  class=\"panel-layout\" >\n<div id=\"pg-13581-0\"  class=\"panel-grid panel-no-style\"  data-style=\"{&quot;background_display&quot;:&quot;tile&quot;,&quot;lsow_dark_bg&quot;:&quot;&quot;,&quot;cell_alignment&quot;:&quot;flex-start&quot;}\" >\n<div id=\"pgc-13581-0-0\"  class=\"panel-grid-cell\"  data-weight=\"1\" >\n<div id=\"panel-13581-0-0-0\" class=\"so-panel widget widget_sow-editor panel-first-child panel-last-child\" data-index=\"0\" data-style=\"{&quot;background_image_attachment&quot;:false,&quot;background_display&quot;:&quot;tile&quot;}\" >\n<div class=\"so-widget-sow-editor so-widget-sow-editor-base\">\n<div class=\"siteorigin-widget-tinymce textwidget\">\n<p><strong>Davos se atasca con la igualdad de g\u00e9nero-Telecos&#8217;: La mujer supera el 30% de ocupaci\u00f3n pero sigue lejos del nivel de 2011-\u00abMusas y creadoras\u00bb-Oxford admite a m\u00e1s mujeres que hombres en casi 1.000 a\u00f1os de historia <\/strong><\/p>\n<p>[toggle type=\u00bbfirst\u00bb title=\u00bbConvocatorias\u00bb]<\/p>\n<ul>\n<li><a href=\"http:\/\/www.uco.es\/catedrasyaulas\/catedramujeres\/images\/actividades\/2018\/20180124-mujeres-ciudad.jpg\">J<\/a><a href=\"http:\/\/www.uco.es\/catedrasyaulas\/catedramujeres\/images\/actividades\/2018\/20180124-mujeres-ciudad.jpg\">o<\/a><a href=\"http:\/\/www.uco.es\/catedrasyaulas\/catedramujeres\/images\/actividades\/2018\/20180124-mujeres-ciudad.jpg\">rnadas &#8216;Mujer<\/a><a href=\"http:\/\/www.uco.es\/catedrasyaulas\/catedramujeres\/images\/actividades\/2018\/20180124-mujeres-ciudad.jpg\">es<\/a> <a href=\"http:\/\/www.uco.es\/catedrasyaulas\/catedramujeres\/images\/actividades\/2018\/20180124-mujeres-ciudad.jpg\">y Ciudad&#8217;<\/a>. C\u00e1tedra de Estudios de las Mujeres &#8216;Leonor de Guzm\u00e1n&#8217;. 31 de enero de 2018<\/li>\n<\/ul>\n<p>[\/toggle]<\/p>\n<p>[toggle type=\u00bbfirst\u00bb title=\u00bbComunicaci\u00f3n\u00bb]<\/p>\n<p><a href=\"http:\/\/www.publico.es\/sociedad\/mas-100-mujeres-periodistas-presentan-candidatura-colectiva-redactor-jefe-le-parisien.html\">M\u00e1s de 100 mujeres periodistas presentan una candidatura colectiva para un puesto de redactor jefe en &#8216;Le Parisien&#8217; como protesta<\/a> &#8211; P\u00fablico<\/p>\n<p><a href=\"http:\/\/www.elmundo.es\/television\/2018\/01\/25\/5a6a1c1322601d3c288b45ca.html\">Oleada de movilizaciones en Francia por el predominio masculino en los medios de comunicaci\u00f3n<\/a> \u2013 El Mundo<\/p>\n<p><a href=\"https:\/\/elpais.com\/internacional\/2018\/01\/26\/actualidad\/1516954934_214094.html\">Cuatro de los principales presentadores de la BBC se rebajar\u00e1n el sueldo para combatir la brecha salarial<\/a> \u2013 El Pa\u00eds<\/p>\n<p><a href=\"http:\/\/www.lavanguardia.com\/cultura\/20180126\/44279876917\/la-rae-no-eliminara-la-acepcion-de-mujer-facil.html\">La RAE no eliminar\u00e1 la pol\u00e9mica acepci\u00f3n de \u201cmujer f\u00e1cil\u201d<\/a> &#8211; La Vanguardia<\/p>\n<p><a href=\"https:\/\/elpais.com\/tecnologia\/2018\/01\/26\/actualidad\/1516921398_129734.html\">\u201cLas agresiones en las redes son una extensi\u00f3n de la violencia contra las mujeres en las calles\u201d<\/a> \u2013 El Pa\u00eds<\/p>\n<p><a href=\"https:\/\/elpais.com\/tecnologia\/2018\/01\/24\/actualidad\/1516797736_106862.html\">Facebook avanza una nueva herramienta para que los usuarios gestionen su privacidad<\/a>\u2013 El<\/p>\n<p>\u00a0<\/p>\n<p>[\/toggle]<\/p>\n<p>[toggle type=\u00bbfirst\u00bb title=\u00bbAndaluc\u00eda\u00bb]<\/p>\n<p><strong>Institucional<\/strong><\/p>\n<p><a href=\"https:\/\/www.google.es\/url?sa=t&amp;rct=j&amp;q=&amp;esrc=s&amp;source=newssearch&amp;cd=6&amp;ved=0ahUKEwj37crHwPXYAhWFwBQKHVh9DFEQqQIINigAMAU&amp;url=http%3A%2F%2Fcadenaser.com%2Femisora%2F2018%2F01%2F23%2Fradio_cordoba%2F1516735941_493800.html&amp;usg=AOvVaw3PZmfKhFYg7V8yNeKcPVbU\">Susana D\u00edaz presenta en C\u00f3rdoba el plan de la Junta para modernizar el campo andaluz &#8230;<\/a> -Cadena SER<\/p>\n<p><strong>Econom\u00eda y Empresas<\/strong><\/p>\n<p><a href=\"http:\/\/elcorreoweb.es\/andalucia\/andalucia-y-gibraltar-negociaran-medidas-para-paliar-el-brexit-IE3745390\">Andaluc\u00eda y Gibraltar negociar\u00e1n medidas para paliar el \u2018brexit\u2019<\/a> \u2013 El Correo de Andaluc\u00eda<\/p>\n<p><a href=\"http:\/\/andaluciainformacion.es\/campo-de-gibraltar\/731581\/la-camara-de-comercio-atendio-a-1600-empresas-en-2017\/\">La C\u00e1mara de Comercio atendi\u00f3 a 1.600 empresas en 2017, m\u00e1s del 50% dirigidas por mujeres \u2026<\/a>-Andaluc\u00eda Informaci\u00f3n<\/p>\n<p><a href=\"https:\/\/www.google.es\/url?sa=t&amp;rct=j&amp;q=&amp;esrc=s&amp;source=newssearch&amp;cd=22&amp;ved=0ahUKEwi3gsi4w_XYAhWFOxQKHdvPASM4FBCpAggpKAAwAQ&amp;url=https%3A%2F%2Flas4esquinas.com%2Fla-mujer-agroturismo-protagonistas-una-jornada-organizada-antequera%2F&amp;usg=AOvVaw2Sz2OJ2qa25pqF9FEIITTF\">La mujer y el agroturismo, protagonistas de una jornada organizada &#8230;<\/a> -Las 4 Esquinas<\/p>\n<p><a href=\"https:\/\/www.google.com\/url?rct=j&amp;sa=t&amp;url=http:\/\/www.lavanguardia.com\/politica\/20180125\/44274505644\/mas-de-14000-emprendedores-crean-12600-empresas-con-el-apoyo-de-la-junta.html&amp;ct=ga&amp;cd=CAEYACoTNjM0ODk2MzQ1Njg5NjczMTc5ODIZZDc4ZTU4NzVhMGYxZjJhYzplczplczpFUw&amp;usg=AFQjCNGQwQqFeQbJ7yocwcNcct4_S-BZ5w\">M\u00e1s de 14.000 emprendedores crean 12.600 empresas con el apoyo de la Junta <\/a>&#8211; La Vanguardia<\/p>\n<p><a href=\"http:\/\/www.diariocordoba.com\/noticias\/cordobalocal\/sindicatos-insisten-alta-tasa-desempleo-femenino_1200999.html\">Los sindicatos insisten en la alta tasa de desempleo femenino<\/a> &#8211; Diario C\u00f3rdoba<\/p>\n<p><strong>Actualidad<\/strong><\/p>\n<p><a href=\"http:\/\/sevilla.abc.es\/sevilla\/sevi-maria-luisa-alejandre-nueva-presidenta-sala-contencioso-tsja-sevilla-201801251340_noticia.html\">Mar\u00eda Luisa Alejandre, nueva presidenta de la sala de lo Contencioso del Tribunal Superior de Justicia de Andaluc\u00eda &#8230;<\/a> &#8211; <a href=\"http:\/\/abcdesevilla.es\">abcdesevilla.es<\/a><\/p>\n<p><a href=\"https:\/\/elpais.com\/politica\/2018\/01\/25\/actualidad\/1516869241_046520.html\">Las seis preguntas que Juana Rivas se hace a diario sin respuesta<\/a>\u2013 El Pa\u00eds<\/p>\n<p><a href=\"https:\/\/www.google.com\/url?rct=j&amp;sa=t&amp;url=http:\/\/elcorreoweb.es\/sevilla\/una-tierra-de-dialogo-entre-israel-y-palestina-HD3746810&amp;ct=ga&amp;cd=CAEYACoTMjQ4MzEwMzE0MTAyMjkyMDczMzIZZDcxNzUwMTgzYzVmYzQ2YTplczplczpFUw&amp;usg=AFQjCNFMM_FZKPSgP8oT4mMp-cIpXRXf4A\">Una tierra de di\u00e1logo entre Israel y Palestina <\/a>&#8211; <a href=\"http:\/\/elcorreoweb.es\">elcorreoweb.es<\/a><\/p>\n<p><strong>Violencias<\/strong><\/p>\n<p><a href=\"https:\/\/www.google.es\/url?sa=t&amp;rct=j&amp;q=&amp;esrc=s&amp;source=newssearch&amp;cd=2&amp;ved=0ahUKEwik3o7yxfXYAhUFvxQKHYARB2oQqQIIKSgAMAE&amp;url=https%3A%2F%2Felfarodeceuta.es%2Fla-violencia-genero-ya-ha-matado-mas-eta-no-la-combatimos%2F&amp;usg=AOvVaw30wnHPfkR9k98VfwgiucDW\">Gracia Rodr\u00edguez Velasco, Fiscal de Violencia de G\u00e9nero de Ja\u00e9n: \u201cLa violencia de g\u00e9nero ya ha matado m\u00e1s que ETA pero no la combatimos con todo\u201d &#8230;<\/a> -El Faro de Ceuta<\/p>\n<p><a href=\"https:\/\/www.elplural.com\/andalucia\/2018\/01\/26\/tribuna-feminista-instituto-andaluz-mujer-545-menores-violencia-machista\">Instituto Andaluz de la Mujer atendi\u00f3 a 545 menores v\u00edctimas de violencia machista &#8230;<\/a> &#8211;<a href=\"http:\/\/elplural.com\">elplural.com<\/a><\/p>\n<p><a href=\"http:\/\/sevilla.abc.es\/andalucia\/malaga\/sevi-malaga-exporta-senales-prohibida-violencia-machista-201801252133_noticia.html\">M\u00e1laga exporta sus se\u00f1ales de prohibida la violencia machista<\/a> &#8211; <a href=\"http:\/\/abcdesevilla.es\">abcdesevilla.es<\/a><\/p>\n<p><strong>Ciencia y Cultura<\/strong><\/p>\n<p><a href=\"https:\/\/www.google.es\/url?sa=t&amp;rct=j&amp;q=&amp;esrc=s&amp;source=newssearch&amp;cd=5&amp;ved=0ahUKEwjZxMfhxPXYAhWLshQKHQQKDDEQqQIIMSgAMAQ&amp;url=http%3A%2F%2Fwww.ecoticias.com%2Fsostenibilidad%2F180024%2FAndalucia-presenta-ante-Comision-Europea-proyecto-piloto-innovador-Campus-Inteligente&amp;usg=AOvVaw0dYwY7JKLimalKlifelwZN\">Andaluc\u00eda presenta ante la Comisi\u00f3n Europea un proyecto piloto innovador de Campus Inteligente &#8230;<\/a> &#8211; Ecoticias.com<\/p>\n<p><a href=\"http:\/\/www.mujeremprendedora.net\/universidad-granada-secot-impulsan-emprendimiento\/\">La Universidad de Granada y SECOT impulsan el emprendimiento<\/a>\u2013 Mujeremprendedora.net<\/p>\n<p><a href=\"http:\/\/www.europapress.es\/andalucia\/cordoba-unica-01012\/noticia-fundacion-boti-reivindicara-2018-papel-mujer-dentro-arte-contemporaneo-20180125142427.html\">La Fundaci\u00f3n Bot\u00ed reivindicar\u00e1 durante 2018 el papel de la mujer dentro del arte contempor\u00e1neo&#8230;<\/a> &#8211; Europa Press<\/p>\n<p><a href=\"http:\/\/www.diariosur.es\/culturas\/poesia-cultura-violencia-20180126010245-ntvo.html\">Poes\u00eda y cultura contra la violencia de g\u00e9nero &#8216;Musas y creadoras &#8230;<\/a> &#8211; Sur Digital<\/p>\n<p><strong>Deporte<\/strong><\/p>\n<p><a href=\"http:\/\/www.abc.es\/deportes\/vela\/equipo-olimpico\/abci-manchon-y-botinlopez-marra-segundos-miami-201801260822_noticia.html\">Blanca Manch\u00f3n y Bot\u00edn\/L\u00f3pez Marra, segundos en Miami<\/a> &#8211; Abc.es<\/p>\n<p><a href=\"http:\/\/www.diariodejerez.es\/deportes\/Andalucia-jugadoras-Guadalcacin-Cari-Bibi_0_1212778853.html\">Andaluc\u00eda, con las jugadoras del Guadalcac\u00edn Cari y Bibi, debuta hoy<\/a> -Diario de Jerez<\/p>\n<p><a href=\"https:\/\/www.larazon.es\/local\/andalucia\/la-medio-maraton-de-sevilla-batira-record-de-participacion-con-9-000-corredores-KB17529542\">La Medio Marat\u00f3n de Sevilla batir\u00e1 r\u00e9cord de participaci\u00f3n con &#8230;<\/a> &#8211; La Raz\u00f3n<\/p>\n<p>\u00a0<\/p>\n<p>[\/toggle]<br \/> [toggle title=\u00bbEstado\u00bb]<\/p>\n<p>\u00a0<\/p>\n<p><strong>Institucional<\/strong><\/p>\n<p><a href=\"https:\/\/elpais.com\/economia\/2018\/01\/25\/actualidad\/1516892163_089260.html\">B\u00e1\u00f1ez plantea endurecer las sanciones contra la temporalidad fraudulenta<\/a>\u2013 El Pa\u00eds<\/p>\n<p><strong>Institucional-CCAA<\/strong><\/p>\n<p><a href=\"https:\/\/www.google.com\/url?rct=j&amp;sa=t&amp;url=http:\/\/www.eldiario.es\/clm\/Quiereme-educacion-afectivo-sexual-violencia-machista_0_733177737.html&amp;ct=ga&amp;cd=CAEYACoUMTUwNTU4OTczNzYyNjMwNjU4MTUyGWMwMzcyZWJjMmZlYWRhNTk6ZXM6ZXM6RVM&amp;usg=AFQjCNFfVUrVoKl0uXtuyrJbSd_AnchfRA\">&#8216;Qui\u00e9reme bien&#8217;: educaci\u00f3n afectivo-sexual en las aulas para luchar contra la violencia machista <\/a>&#8211; <a href=\"http:\/\/eldiario.es\">eldiario.es<\/a><\/p>\n<p><a href=\"http:\/\/www.elmundo.es\/comunidad-valenciana\/castellon\/2018\/01\/25\/5a69a136e2704e7e3a8b4675.html\">Eva Alc\u00f3n hace oficial su candidatura a rectora de la Universitat Jaume I de Castell\u00f3n<\/a> \u2013 El Mundo<\/p>\n<p><a href=\"http:\/\/www.abc.es\/espana\/castilla-leon\/abci-rosa-chacon-zamora-muere-y-negocios-ella-201801251533_noticia.html\">Rosa Chac\u00f3n, Presidenta de la Asociaci\u00f3n de Mujeres Empresarias de Zamora: \u00abZamora se muere y los negocios con ella\u00bb<\/a> &#8211; Abc.es<\/p>\n<p><a href=\"http:\/\/www.laopiniondemurcia.es\/comunidad\/2018\/01\/26\/mujeres-cogen-riendas\/892908.html\">Las mujeres &#8216;cogen las riendas&#8217;<\/a> &#8211; La Opini\u00f3n de Murcia<\/p>\n<p><strong>Econom\u00eda y Empresa<\/strong><\/p>\n<p><a href=\"https:\/\/www.google.com\/url?rct=j&amp;sa=t&amp;url=https:\/\/www.kippel01.com\/entorno\/telecos-la-mujer-supera-el-30-de-ocupados-pero-sigue-lejos-de-los-niveles-de-2011.html&amp;ct=ga&amp;cd=CAEYAyoUMTMyMDUyMjgyNjYxNTI0MzQ2OTkyGWMwMzcyZWJjMmZlYWRhNTk6ZXM6ZXM6RVM&amp;usg=AFQjCNHRK7HgBK9ZCFBfbA8Cy14vkQIRug\">Telecos&#8217;: la mujer supera el 30% de ocupados pero sigue lejos de los niveles de 2011 <\/a>&#8211; Kippel01<\/p>\n<p><a href=\"http:\/\/www.publico.es\/economia\/brecha-mercado-precariedad-laboral-cosa-mujeres.html\">Las mujeres s\u00f3lo lograron un tercio de los contratos indefinidos en 2017<\/a> &#8211; P\u00fablico<\/p>\n<p><a href=\"http:\/\/www.laregion.es\/articulo\/euro\/empresas-comienzan-adherirse-curriculum-ciego\/20180125114414764639.html\">Las empresas comienzan a adherirse al curr\u00edculum ciego<\/a> &#8211; La Regi\u00f3n<\/p>\n<p><a href=\"https:\/\/iberoeconomia.es\/mercados\/los-10-retos-del-ecosistema-emprendedor-2018\/\">Los 10 retos del ecosistema emprendedor para 2018<\/a> -Iberoeconomia<\/p>\n<p><a href=\"https:\/\/blogs.20minutos.es\/capeando-la-crisis\/2018\/01\/25\/las-cooperativas-de-energia-renovable-quieren-mas-mujeres-en-sus-organizaciones\/\">Las cooperativas de energ\u00eda renovable quieren m\u00e1s mujeres en sus organizaciones&#8230;<\/a> &#8211; <a href=\"http:\/\/20minutos.es\">20minutos.es<\/a><\/p>\n<p><strong>Actualidad<\/strong><\/p>\n<p><a href=\"https:\/\/www.google.es\/url?sa=t&amp;rct=j&amp;q=&amp;esrc=s&amp;source=newssearch&amp;cd=77&amp;ved=0ahUKEwjkzp24xPXYAhVDvxQKHXFeAjI4RhCpAgg4KAAwBg&amp;url=http%3A%2F%2Fwww.elmundo.es%2Fcronica%2F2018%2F01%2F25%2F5a625d5ee2704e4d588b45ae.html&amp;usg=AOvVaw1gHb-HbqdJRHswp3QDOiws\">&#8230;y la cipotuda Clara Campoamor, que dio el voto a las mujeres<\/a> &#8211; El Mundo<\/p>\n<p><a href=\"http:\/\/www.lasexta.com\/noticias\/sociedad\/colectivos-feministas-convocan-la-primera-huelga-general-de-mujeres-para-luchar-contra-la-desigualdad_201801255a69ecbe0cf2c163afc26c56.html\">Colectivos feministas convocan la primera huelga general de &#8230;<\/a>&#8211; LaSexta<\/p>\n<p><strong>Violencia<\/strong><\/p>\n<p><a href=\"http:\/\/www.elmundo.es\/pais-vasco\/2018\/01\/26\/5a6af9f2e5fdeaa54c8b4637.html\">Liberan a 12 mujeres prostituidas por varios grupos de proxenetas en Bilbao y Benidorm<\/a>\u2013 El Mundo<\/p>\n<p><strong>Ciencia y Cultura<\/strong><\/p>\n<p><a href=\"https:\/\/cimamujerescineastas.es\/la-cineasta-chus-gutierrez-recibira-el-premio-asecan-de-honor-2018\/\">La cineasta Chus Guti\u00e9rrez recibir\u00e1 el Premio ASECAN de honor 2018 \u2026<\/a> &#8211;<a href=\"http:\/\/mujerescineastas.es\">mujerescineastas.es<\/a><\/p>\n<p><a href=\"https:\/\/www.google.com\/url?rct=j&amp;sa=t&amp;url=http:\/\/www.diariodemallorca.es\/cultura\/2018\/01\/25\/festival-cine-dirigido-mujeres-directed\/1282236.html&amp;ct=ga&amp;cd=CAEYAioUMTUxMTI0NTU0MjcwNTk2OTU3ODUyGWMwMzcyZWJjMmZlYWRhNTk6ZXM6ZXM6RVM&amp;usg=AFQjCNE31v-AI2RPzyFtSr0QGqJo8dYQdw\">El festival de cine dirigido por mujeres, &#8216;Directed by Woman&#8217;, se presenta hoy en Palma <\/a>&#8211; Diario de Mallorca<\/p>\n<p><a href=\"https:\/\/elpais.com\/cultura\/2018\/01\/25\/actualidad\/1516902112_148962.html\">Mujeres rapadas: la humillaci\u00f3n como arma pol\u00edtica<\/a> \u2013 El Pa\u00eds<\/p>\n<p><a href=\"https:\/\/www.google.es\/url?sa=t&amp;rct=j&amp;q=&amp;esrc=s&amp;source=newssearch&amp;cd=57&amp;ved=0ahUKEwihmPyBxPXYAhXHWhQKHfeXDFI4MhCpAgg4KAAwBg&amp;url=http%3A%2F%2Fwww.lasexta.com%2Fprogramas%2Fdonde-estabas-entonces%2Fmejores-momentos%2Fel-magico-mundo-del-comic-en-1984-visto-por-pepe-viyuela-el-tiempo-se-diluia-eras-incapaz-de-separarte_201801255a6a567b0cf27229a99bba3b.html&amp;usg=AOvVaw0VkfeUfkjWMpvKGMYULSLS\">Purita Campos, la mujer que abri\u00f3 el camino de la cultura feminista &#8230;<\/a> &#8211; LaSexta<\/p>\n<p><strong>Deporte<\/strong>\u00a0<\/p>\n<p><a href=\"http:\/\/www.mundodeportivo.com\/rugby\/20180126\/44292302950\/las-espanolas-aranan-la-clasificacion-para-los-cuartos-en-sydney.html\">La selecci\u00f3n femenina, a cuartos en las Series Mundiales de S\u00eddney<\/a> &#8211; Mundo Deportivo<\/p>\n<p>\u00a0<\/p>\n<div class=\"jqDnR\">\n<p>[\/toggle]<\/p>\n<\/div>\n<p>[toggle title=\u00bbInternacional\u00bb]<\/p>\n<p><a href=\"http:\/\/www.publico.es\/sociedad\/foro-davos-atasca-igualdad-genero.html\">El Foro de Davos se atasca con la igualdad de g\u00e9nero<\/a> \u2013 P\u00fablico<\/p>\n<p><a href=\"https:\/\/elpais.com\/elpais\/2018\/01\/23\/ciencia\/1516667043_294821.html\">Daria Tataj, asesora de la Comisi\u00f3n Europea en Innovaci\u00f3n:\u201dLa habilidad para arrancar compa\u00f1\u00edas no se percibe como sexy en Europa\u201d<\/a> \u2013 El Pa\u00eds<\/p>\n<p><a href=\"https:\/\/www.forbes.com.mx\/estos-son-los-cinco-paises-con-mas-mujeres-emprendedoras\/\">\u00c9stos son los cinco pa\u00edses con m\u00e1s emprendedoras<\/a> &#8211; Forbes Mexico<\/p>\n<p><a href=\"http:\/\/www.gentedigital.es\/barcelona\/noticia\/2314139\/airbnb-lanza-womenup-para-aumentar-la-presencia-de-la-mujer-en-el-mwc\/\">Airbnb lanza &#8216;womenup&#8217; para aumentar la presencia de la mujer en &#8230;<\/a> &#8211; Gente Digital<\/p>\n<p><a href=\"http:\/\/www.eluniversal.com.mx\/mundo\/malala-pide-hombres-respetar-derechos-y-equidad-de-las-mujeres\">Malala pide a hombres respetar derechos y equidad de las mujeres<\/a> &#8211; El Universal<\/p>\n<p><a href=\"http:\/\/www.elmundo.es\/internacional\/2018\/01\/24\/5a68b6d1ca4741e8768b4613.html\">Dimite el alto cargo brit\u00e1nico que organiz\u00f3 la cena para hombres donde se acos\u00f3 a las azafatas<\/a>\u2013 El Mundo<\/p>\n<p><a href=\"http:\/\/www.elmundo.es\/cultura\/cine\/2018\/01\/26\/5a6a1c51268e3ece168b4667.html\">Olivier Nakache: \u00abSi todo el hurac\u00e1n sirve para que una sola mujer no sea acosada, habr\u00e1 merecido la pena\u00bb<\/a> \u2013 El Mundo<\/p>\n<p><a href=\"http:\/\/www.dineroenimagen.com\/2018-01-25\/95353\">Oxford admite a m\u00e1s mujeres que hombres por primera vez en casi 1.000 a\u00f1os &#8230;<\/a>&#8211; Dinero en imagen<\/p>\n<p><a href=\"http:\/\/www.elmundo.es\/cultura\/literatura\/2018\/01\/26\/5a6af92dca4741dd3f8b464a.html\">Nicaragua rinde honores a la poetisa Claribel Alegr\u00eda en la hora de su muerte<\/a> \u2013 El Mundo<\/p>\n<p>\u00a0<\/p>\n<p>[\/toggle]<\/p>\n<\/div>\n<\/div>\n<\/div>\n<\/div>\n<\/div>\n<\/div>\n","protected":false},"excerpt":{"rendered":"<p>Davos se atasca con la igualdad de g\u00e9nero-Telecos&#8217;: La mujer <a href=\"https:\/\/cklcomunicaciones.es\/coop\/noticias-info-ckl-no-2-060-26-01-18\/\">[&#8230;]<\/a><\/p>\n","protected":false},"author":3,"featured_media":0,"comment_status":"closed","ping_status":"closed","sticky":false,"template":"","format":"standard","meta":{"footnotes":""},"categories":[298,623],"tags":[],"class_list":["post-13581","post","type-post","status-publish","format-standard","hentry","category-newsletter","category-nwl-2-0"],"yoast_head":"<!-- This site is optimized with the Yoast SEO plugin v27.5 - https:\/\/yoast.com\/product\/yoast-seo-wordpress\/ -->\n<title>Noticias Info CKL n\u00ba 2.060-26\/01\/18-Comunicar con perspectiva de g\u00e9nero<\/title>\n<meta name=\"description\" content=\"Comunicar con perspectiva de g\u00e9nero: Davos se atasca con la igualdad de g\u00e9nero-Telecos&#039;: La mujer supera el 30% de ocupaci\u00f3n pero sigue lejos del nivel de 2011-&quot;Musas y creadoras&quot;-Oxford admite a m\u00e1s mujeres que hombres en casi 1.000 a\u00f1os de historia\" \/>\n<meta name=\"robots\" content=\"index, follow, max-snippet:-1, max-image-preview:large, max-video-preview:-1\" \/>\n<link rel=\"canonical\" href=\"https:\/\/cklcomunicaciones.es\/coop\/noticias-info-ckl-no-2-060-26-01-18\/\" \/>\n<meta property=\"og:locale\" content=\"es_ES\" \/>\n<meta property=\"og:type\" content=\"article\" \/>\n<meta property=\"og:title\" content=\"Noticias Info CKL n\u00ba 2.060-26\/01\/18-Comunicar con perspectiva de g\u00e9nero\" \/>\n<meta property=\"og:description\" content=\"Comunicar con perspectiva de g\u00e9nero: Davos se atasca con la igualdad de g\u00e9nero-Telecos&#039;: La mujer supera el 30% de ocupaci\u00f3n pero sigue lejos del nivel de 2011-&quot;Musas y creadoras&quot;-Oxford admite a m\u00e1s mujeres que hombres en casi 1.000 a\u00f1os de historia\" \/>\n<meta property=\"og:url\" content=\"https:\/\/cklcomunicaciones.es\/coop\/noticias-info-ckl-no-2-060-26-01-18\/\" \/>\n<meta property=\"og:site_name\" content=\"CKL Comunicaciones\" \/>\n<meta property=\"article:published_time\" content=\"2018-01-26T12:25:43+00:00\" \/>\n<meta property=\"article:modified_time\" content=\"2025-01-17T15:41:04+00:00\" \/>\n<meta property=\"og:image\" content=\"https:\/\/cklcomunicaciones.es\/coop\/wp-content\/uploads\/2021\/04\/CKL-MiradaDistinta-newsletter2021_1200-x-675.jpg\" \/>\n\t<meta property=\"og:image:width\" content=\"1200\" \/>\n\t<meta property=\"og:image:height\" content=\"676\" \/>\n\t<meta property=\"og:image:type\" content=\"image\/jpeg\" \/>\n<meta name=\"author\" content=\"ckl\" \/>\n<meta name=\"twitter:card\" content=\"summary_large_image\" \/>\n<meta name=\"twitter:label1\" content=\"Escrito por\" \/>\n\t<meta name=\"twitter:data1\" content=\"ckl\" \/>\n\t<meta name=\"twitter:label2\" content=\"Tiempo de lectura\" \/>\n\t<meta name=\"twitter:data2\" content=\"5 minutos\" \/>\n<script type=\"application\/ld+json\" class=\"yoast-schema-graph\">{\"@context\":\"https:\\\/\\\/schema.org\",\"@graph\":[{\"@type\":\"Article\",\"@id\":\"https:\\\/\\\/cklcomunicaciones.es\\\/coop\\\/noticias-info-ckl-no-2-060-26-01-18\\\/#article\",\"isPartOf\":{\"@id\":\"https:\\\/\\\/cklcomunicaciones.es\\\/coop\\\/noticias-info-ckl-no-2-060-26-01-18\\\/\"},\"author\":{\"name\":\"ckl\",\"@id\":\"https:\\\/\\\/cklcomunicaciones.es\\\/coop\\\/#\\\/schema\\\/person\\\/929a6837f7626450bbb50cee1aef266e\"},\"headline\":\"Noticias Info CKL n\u00ba 2.060-26\\\/01\\\/18\",\"datePublished\":\"2018-01-26T12:25:43+00:00\",\"dateModified\":\"2025-01-17T15:41:04+00:00\",\"mainEntityOfPage\":{\"@id\":\"https:\\\/\\\/cklcomunicaciones.es\\\/coop\\\/noticias-info-ckl-no-2-060-26-01-18\\\/\"},\"wordCount\":975,\"articleSection\":[\"Newsletter\",\"Nwl v2.0\"],\"inLanguage\":\"es\"},{\"@type\":\"WebPage\",\"@id\":\"https:\\\/\\\/cklcomunicaciones.es\\\/coop\\\/noticias-info-ckl-no-2-060-26-01-18\\\/\",\"url\":\"https:\\\/\\\/cklcomunicaciones.es\\\/coop\\\/noticias-info-ckl-no-2-060-26-01-18\\\/\",\"name\":\"Noticias Info CKL n\u00ba 2.060-26\\\/01\\\/18-Comunicar con perspectiva de g\u00e9nero\",\"isPartOf\":{\"@id\":\"https:\\\/\\\/cklcomunicaciones.es\\\/coop\\\/#website\"},\"datePublished\":\"2018-01-26T12:25:43+00:00\",\"dateModified\":\"2025-01-17T15:41:04+00:00\",\"author\":{\"@id\":\"https:\\\/\\\/cklcomunicaciones.es\\\/coop\\\/#\\\/schema\\\/person\\\/929a6837f7626450bbb50cee1aef266e\"},\"description\":\"Comunicar con perspectiva de g\u00e9nero: Davos se atasca con la igualdad de g\u00e9nero-Telecos': La mujer supera el 30% de ocupaci\u00f3n pero sigue lejos del nivel de 2011-\\\"Musas y creadoras\\\"-Oxford admite a m\u00e1s mujeres que hombres en casi 1.000 a\u00f1os de historia\",\"breadcrumb\":{\"@id\":\"https:\\\/\\\/cklcomunicaciones.es\\\/coop\\\/noticias-info-ckl-no-2-060-26-01-18\\\/#breadcrumb\"},\"inLanguage\":\"es\",\"potentialAction\":[{\"@type\":\"ReadAction\",\"target\":[\"https:\\\/\\\/cklcomunicaciones.es\\\/coop\\\/noticias-info-ckl-no-2-060-26-01-18\\\/\"]}]},{\"@type\":\"BreadcrumbList\",\"@id\":\"https:\\\/\\\/cklcomunicaciones.es\\\/coop\\\/noticias-info-ckl-no-2-060-26-01-18\\\/#breadcrumb\",\"itemListElement\":[{\"@type\":\"ListItem\",\"position\":1,\"name\":\"Portada\",\"item\":\"https:\\\/\\\/cklcomunicaciones.es\\\/coop\\\/\"},{\"@type\":\"ListItem\",\"position\":2,\"name\":\"Noticias Info CKL n\u00ba 2.060-26\\\/01\\\/18\"}]},{\"@type\":\"WebSite\",\"@id\":\"https:\\\/\\\/cklcomunicaciones.es\\\/coop\\\/#website\",\"url\":\"https:\\\/\\\/cklcomunicaciones.es\\\/coop\\\/\",\"name\":\"CKL Comunicaciones\",\"description\":\"Sitio web de CKL Comunicaciones coop , la consultora de comunicaci\u00f3n y estrategia\",\"potentialAction\":[{\"@type\":\"SearchAction\",\"target\":{\"@type\":\"EntryPoint\",\"urlTemplate\":\"https:\\\/\\\/cklcomunicaciones.es\\\/coop\\\/?s={search_term_string}\"},\"query-input\":{\"@type\":\"PropertyValueSpecification\",\"valueRequired\":true,\"valueName\":\"search_term_string\"}}],\"inLanguage\":\"es\"},{\"@type\":\"Person\",\"@id\":\"https:\\\/\\\/cklcomunicaciones.es\\\/coop\\\/#\\\/schema\\\/person\\\/929a6837f7626450bbb50cee1aef266e\",\"name\":\"ckl\",\"image\":{\"@type\":\"ImageObject\",\"inLanguage\":\"es\",\"@id\":\"https:\\\/\\\/secure.gravatar.com\\\/avatar\\\/c82db564e8a669bf6023357a157b9dc4780f4d4c618f2ad1d71a6a5dede45057?s=96&d=mm&r=g\",\"url\":\"https:\\\/\\\/secure.gravatar.com\\\/avatar\\\/c82db564e8a669bf6023357a157b9dc4780f4d4c618f2ad1d71a6a5dede45057?s=96&d=mm&r=g\",\"contentUrl\":\"https:\\\/\\\/secure.gravatar.com\\\/avatar\\\/c82db564e8a669bf6023357a157b9dc4780f4d4c618f2ad1d71a6a5dede45057?s=96&d=mm&r=g\",\"caption\":\"ckl\"},\"url\":\"https:\\\/\\\/cklcomunicaciones.es\\\/coop\\\/author\\\/cklcomunicaciones\\\/\"}]}<\/script>\n<!-- \/ Yoast SEO plugin. -->","yoast_head_json":{"title":"Noticias Info CKL n\u00ba 2.060-26\/01\/18-Comunicar con perspectiva de g\u00e9nero","description":"Comunicar con perspectiva de g\u00e9nero: Davos se atasca con la igualdad de g\u00e9nero-Telecos': La mujer supera el 30% de ocupaci\u00f3n pero sigue lejos del nivel de 2011-\"Musas y creadoras\"-Oxford admite a m\u00e1s mujeres que hombres en casi 1.000 a\u00f1os de historia","robots":{"index":"index","follow":"follow","max-snippet":"max-snippet:-1","max-image-preview":"max-image-preview:large","max-video-preview":"max-video-preview:-1"},"canonical":"https:\/\/cklcomunicaciones.es\/coop\/noticias-info-ckl-no-2-060-26-01-18\/","og_locale":"es_ES","og_type":"article","og_title":"Noticias Info CKL n\u00ba 2.060-26\/01\/18-Comunicar con perspectiva de g\u00e9nero","og_description":"Comunicar con perspectiva de g\u00e9nero: Davos se atasca con la igualdad de g\u00e9nero-Telecos': La mujer supera el 30% de ocupaci\u00f3n pero sigue lejos del nivel de 2011-\"Musas y creadoras\"-Oxford admite a m\u00e1s mujeres que hombres en casi 1.000 a\u00f1os de historia","og_url":"https:\/\/cklcomunicaciones.es\/coop\/noticias-info-ckl-no-2-060-26-01-18\/","og_site_name":"CKL Comunicaciones","article_published_time":"2018-01-26T12:25:43+00:00","article_modified_time":"2025-01-17T15:41:04+00:00","og_image":[{"width":1200,"height":676,"url":"https:\/\/cklcomunicaciones.es\/coop\/wp-content\/uploads\/2021\/04\/CKL-MiradaDistinta-newsletter2021_1200-x-675.jpg","type":"image\/jpeg"}],"author":"ckl","twitter_card":"summary_large_image","twitter_misc":{"Escrito por":"ckl","Tiempo de lectura":"5 minutos"},"schema":{"@context":"https:\/\/schema.org","@graph":[{"@type":"Article","@id":"https:\/\/cklcomunicaciones.es\/coop\/noticias-info-ckl-no-2-060-26-01-18\/#article","isPartOf":{"@id":"https:\/\/cklcomunicaciones.es\/coop\/noticias-info-ckl-no-2-060-26-01-18\/"},"author":{"name":"ckl","@id":"https:\/\/cklcomunicaciones.es\/coop\/#\/schema\/person\/929a6837f7626450bbb50cee1aef266e"},"headline":"Noticias Info CKL n\u00ba 2.060-26\/01\/18","datePublished":"2018-01-26T12:25:43+00:00","dateModified":"2025-01-17T15:41:04+00:00","mainEntityOfPage":{"@id":"https:\/\/cklcomunicaciones.es\/coop\/noticias-info-ckl-no-2-060-26-01-18\/"},"wordCount":975,"articleSection":["Newsletter","Nwl v2.0"],"inLanguage":"es"},{"@type":"WebPage","@id":"https:\/\/cklcomunicaciones.es\/coop\/noticias-info-ckl-no-2-060-26-01-18\/","url":"https:\/\/cklcomunicaciones.es\/coop\/noticias-info-ckl-no-2-060-26-01-18\/","name":"Noticias Info CKL n\u00ba 2.060-26\/01\/18-Comunicar con perspectiva de g\u00e9nero","isPartOf":{"@id":"https:\/\/cklcomunicaciones.es\/coop\/#website"},"datePublished":"2018-01-26T12:25:43+00:00","dateModified":"2025-01-17T15:41:04+00:00","author":{"@id":"https:\/\/cklcomunicaciones.es\/coop\/#\/schema\/person\/929a6837f7626450bbb50cee1aef266e"},"description":"Comunicar con perspectiva de g\u00e9nero: Davos se atasca con la igualdad de g\u00e9nero-Telecos': La mujer supera el 30% de ocupaci\u00f3n pero sigue lejos del nivel de 2011-\"Musas y creadoras\"-Oxford admite a m\u00e1s mujeres que hombres en casi 1.000 a\u00f1os de historia","breadcrumb":{"@id":"https:\/\/cklcomunicaciones.es\/coop\/noticias-info-ckl-no-2-060-26-01-18\/#breadcrumb"},"inLanguage":"es","potentialAction":[{"@type":"ReadAction","target":["https:\/\/cklcomunicaciones.es\/coop\/noticias-info-ckl-no-2-060-26-01-18\/"]}]},{"@type":"BreadcrumbList","@id":"https:\/\/cklcomunicaciones.es\/coop\/noticias-info-ckl-no-2-060-26-01-18\/#breadcrumb","itemListElement":[{"@type":"ListItem","position":1,"name":"Portada","item":"https:\/\/cklcomunicaciones.es\/coop\/"},{"@type":"ListItem","position":2,"name":"Noticias Info CKL n\u00ba 2.060-26\/01\/18"}]},{"@type":"WebSite","@id":"https:\/\/cklcomunicaciones.es\/coop\/#website","url":"https:\/\/cklcomunicaciones.es\/coop\/","name":"CKL Comunicaciones","description":"Sitio web de CKL Comunicaciones coop , la consultora de comunicaci\u00f3n y estrategia","potentialAction":[{"@type":"SearchAction","target":{"@type":"EntryPoint","urlTemplate":"https:\/\/cklcomunicaciones.es\/coop\/?s={search_term_string}"},"query-input":{"@type":"PropertyValueSpecification","valueRequired":true,"valueName":"search_term_string"}}],"inLanguage":"es"},{"@type":"Person","@id":"https:\/\/cklcomunicaciones.es\/coop\/#\/schema\/person\/929a6837f7626450bbb50cee1aef266e","name":"ckl","image":{"@type":"ImageObject","inLanguage":"es","@id":"https:\/\/secure.gravatar.com\/avatar\/c82db564e8a669bf6023357a157b9dc4780f4d4c618f2ad1d71a6a5dede45057?s=96&d=mm&r=g","url":"https:\/\/secure.gravatar.com\/avatar\/c82db564e8a669bf6023357a157b9dc4780f4d4c618f2ad1d71a6a5dede45057?s=96&d=mm&r=g","contentUrl":"https:\/\/secure.gravatar.com\/avatar\/c82db564e8a669bf6023357a157b9dc4780f4d4c618f2ad1d71a6a5dede45057?s=96&d=mm&r=g","caption":"ckl"},"url":"https:\/\/cklcomunicaciones.es\/coop\/author\/cklcomunicaciones\/"}]}},"_links":{"self":[{"href":"https:\/\/cklcomunicaciones.es\/coop\/wp-json\/wp\/v2\/posts\/13581","targetHints":{"allow":["GET"]}}],"collection":[{"href":"https:\/\/cklcomunicaciones.es\/coop\/wp-json\/wp\/v2\/posts"}],"about":[{"href":"https:\/\/cklcomunicaciones.es\/coop\/wp-json\/wp\/v2\/types\/post"}],"author":[{"embeddable":true,"href":"https:\/\/cklcomunicaciones.es\/coop\/wp-json\/wp\/v2\/users\/3"}],"replies":[{"embeddable":true,"href":"https:\/\/cklcomunicaciones.es\/coop\/wp-json\/wp\/v2\/comments?post=13581"}],"version-history":[{"count":0,"href":"https:\/\/cklcomunicaciones.es\/coop\/wp-json\/wp\/v2\/posts\/13581\/revisions"}],"wp:attachment":[{"href":"https:\/\/cklcomunicaciones.es\/coop\/wp-json\/wp\/v2\/media?parent=13581"}],"wp:term":[{"taxonomy":"category","embeddable":true,"href":"https:\/\/cklcomunicaciones.es\/coop\/wp-json\/wp\/v2\/categories?post=13581"},{"taxonomy":"post_tag","embeddable":true,"href":"https:\/\/cklcomunicaciones.es\/coop\/wp-json\/wp\/v2\/tags?post=13581"}],"curies":[{"name":"wp","href":"https:\/\/api.w.org\/{rel}","templated":true}]}}