{"id":13513,"date":"2018-01-08T13:13:03","date_gmt":"2018-01-08T12:13:03","guid":{"rendered":"http:\/\/www.cklcomunicaciones.es\/?p=13513"},"modified":"2018-01-08T13:13:03","modified_gmt":"2018-01-08T12:13:03","slug":"brechadegenero-06-01-18","status":"publish","type":"post","link":"https:\/\/cklcomunicaciones.es\/coop\/brechadegenero-06-01-18\/","title":{"rendered":"Por qu\u00e9 ser\u00eda bueno que imit\u00e1ramos a Islandia y Alemania"},"content":{"rendered":"<div id=\"pl-13513\"  class=\"panel-layout\" >\n<div id=\"pg-13513-0\"  class=\"panel-grid panel-no-style\"  data-style=\"{&quot;background_display&quot;:&quot;tile&quot;,&quot;lsow_dark_bg&quot;:&quot;&quot;,&quot;cell_alignment&quot;:&quot;flex-start&quot;}\" >\n<div id=\"pgc-13513-0-0\"  class=\"panel-grid-cell panel-grid-cell-mobile-last\"  data-style=\"{&quot;background_display&quot;:&quot;tile&quot;,&quot;vertical_alignment&quot;:&quot;auto&quot;}\"  data-weight=\"0.85\" >\n<div id=\"panel-13513-0-0-0\" class=\"so-panel widget widget_sow-editor panel-first-child panel-last-child\" data-index=\"0\" data-style=\"{&quot;background_image_attachment&quot;:false,&quot;background_display&quot;:&quot;tile&quot;}\" >\n<div class=\"so-widget-sow-editor so-widget-sow-editor-base\">\n<div class=\"siteorigin-widget-tinymce textwidget\">\n<div>\n<p class=\"entradilla\"><strong>Islandia ha dado un paso m\u00e1s hacia la igualdad de g\u00e9nero<\/strong><\/p>\n<p>A partir de ahora se convierte en el primer pa\u00eds del mundo, que cuenta con una ley que exigir\u00e1 a las empresas y a los organismos p\u00fablicos, con una plantilla superior a 25 trabajadores, que retribuyan a sus empleados, que desempe\u00f1en las mismas funciones, con el mismo sueldo, con independencia de si es hombre o mujer, de su etnia, sexualidad o nacionalidad.\u00a0 M\u00e1s Informaci\u00f3n: <span style=\"color: #ff0000;\">(<a href=\"https:\/\/cincodias.elpais.com\/cincodias\/2018\/01\/05\/fortunas\/1515155502_278825.html\"><span style=\"color: #ff0000;\">Cinco D\u00edas 06\/01\/18<\/span><\/a>)<\/span><\/p>\n<\/div>\n<\/div>\n<\/div>\n<\/div>\n<\/div>\n<div id=\"pgc-13513-0-1\"  class=\"panel-grid-cell panel-grid-cell-empty\"  data-weight=\"0.15\" ><\/div>\n<\/div>\n<\/div>\n","protected":false},"excerpt":{"rendered":"<p>Islandia ha dado un paso m\u00e1s hacia la igualdad de <a href=\"https:\/\/cklcomunicaciones.es\/coop\/brechadegenero-06-01-18\/\">[&#8230;]<\/a><\/p>\n","protected":false},"author":3,"featured_media":0,"comment_status":"closed","ping_status":"closed","sticky":false,"template":"","format":"standard","meta":{"footnotes":""},"categories":[299],"tags":[95],"class_list":["post-13513","post","type-post","status-publish","format-standard","hentry","category-noticias-destacadas","tag-brecha-salarial"],"yoast_head":"<!-- This site is optimized with the Yoast SEO plugin v27.5 - https:\/\/yoast.com\/product\/yoast-seo-wordpress\/ -->\n<title>Brecha salarial: Por qu\u00e9 ser\u00eda bueno que imit\u00e1ramos a Islandia y Alemania<\/title>\n<meta name=\"description\" content=\"Islandia y Alemania dan un paso m\u00e1s hacia la igualdad de g\u00e9nero. No es un hecho aislado. La brecha salarial entre hombres y mujeres llega a todos los \u00e1mbitos y sectores productivos.\" \/>\n<meta name=\"robots\" content=\"index, follow, max-snippet:-1, max-image-preview:large, max-video-preview:-1\" \/>\n<link rel=\"canonical\" href=\"https:\/\/cklcomunicaciones.es\/coop\/brechadegenero-06-01-18\/\" \/>\n<meta property=\"og:locale\" content=\"es_ES\" \/>\n<meta property=\"og:type\" content=\"article\" \/>\n<meta property=\"og:title\" content=\"Brecha salarial: Por qu\u00e9 ser\u00eda bueno que imit\u00e1ramos a Islandia y Alemania\" \/>\n<meta property=\"og:description\" content=\"Islandia y Alemania dan un paso m\u00e1s hacia la igualdad de g\u00e9nero. No es un hecho aislado. La brecha salarial entre hombres y mujeres llega a todos los \u00e1mbitos y sectores productivos.\" \/>\n<meta property=\"og:url\" content=\"https:\/\/cklcomunicaciones.es\/coop\/brechadegenero-06-01-18\/\" \/>\n<meta property=\"og:site_name\" content=\"CKL Comunicaciones\" \/>\n<meta property=\"article:published_time\" content=\"2018-01-08T12:13:03+00:00\" \/>\n<meta property=\"og:image\" content=\"https:\/\/cklcomunicaciones.es\/coop\/wp-content\/uploads\/2021\/04\/CKL-MiradaDistinta-newsletter2021_1200-x-675.jpg\" \/>\n\t<meta property=\"og:image:width\" content=\"1200\" \/>\n\t<meta property=\"og:image:height\" content=\"676\" \/>\n\t<meta property=\"og:image:type\" content=\"image\/jpeg\" \/>\n<meta name=\"author\" content=\"ckl\" \/>\n<meta name=\"twitter:card\" content=\"summary_large_image\" \/>\n<meta name=\"twitter:label1\" content=\"Escrito por\" \/>\n\t<meta name=\"twitter:data1\" content=\"ckl\" \/>\n<script type=\"application\/ld+json\" class=\"yoast-schema-graph\">{\"@context\":\"https:\\\/\\\/schema.org\",\"@graph\":[{\"@type\":\"Article\",\"@id\":\"https:\\\/\\\/cklcomunicaciones.es\\\/coop\\\/brechadegenero-06-01-18\\\/#article\",\"isPartOf\":{\"@id\":\"https:\\\/\\\/cklcomunicaciones.es\\\/coop\\\/brechadegenero-06-01-18\\\/\"},\"author\":{\"name\":\"ckl\",\"@id\":\"https:\\\/\\\/cklcomunicaciones.es\\\/coop\\\/#\\\/schema\\\/person\\\/929a6837f7626450bbb50cee1aef266e\"},\"headline\":\"Por qu\u00e9 ser\u00eda bueno que imit\u00e1ramos a Islandia y Alemania\",\"datePublished\":\"2018-01-08T12:13:03+00:00\",\"mainEntityOfPage\":{\"@id\":\"https:\\\/\\\/cklcomunicaciones.es\\\/coop\\\/brechadegenero-06-01-18\\\/\"},\"wordCount\":96,\"keywords\":[\"brecha salarial\"],\"articleSection\":[\"noticias destacadas\"],\"inLanguage\":\"es\"},{\"@type\":\"WebPage\",\"@id\":\"https:\\\/\\\/cklcomunicaciones.es\\\/coop\\\/brechadegenero-06-01-18\\\/\",\"url\":\"https:\\\/\\\/cklcomunicaciones.es\\\/coop\\\/brechadegenero-06-01-18\\\/\",\"name\":\"Brecha salarial: Por qu\u00e9 ser\u00eda bueno que imit\u00e1ramos a Islandia y Alemania\",\"isPartOf\":{\"@id\":\"https:\\\/\\\/cklcomunicaciones.es\\\/coop\\\/#website\"},\"datePublished\":\"2018-01-08T12:13:03+00:00\",\"author\":{\"@id\":\"https:\\\/\\\/cklcomunicaciones.es\\\/coop\\\/#\\\/schema\\\/person\\\/929a6837f7626450bbb50cee1aef266e\"},\"description\":\"Islandia y Alemania dan un paso m\u00e1s hacia la igualdad de g\u00e9nero. No es un hecho aislado. La brecha salarial entre hombres y mujeres llega a todos los \u00e1mbitos y sectores productivos.\",\"breadcrumb\":{\"@id\":\"https:\\\/\\\/cklcomunicaciones.es\\\/coop\\\/brechadegenero-06-01-18\\\/#breadcrumb\"},\"inLanguage\":\"es\",\"potentialAction\":[{\"@type\":\"ReadAction\",\"target\":[\"https:\\\/\\\/cklcomunicaciones.es\\\/coop\\\/brechadegenero-06-01-18\\\/\"]}]},{\"@type\":\"BreadcrumbList\",\"@id\":\"https:\\\/\\\/cklcomunicaciones.es\\\/coop\\\/brechadegenero-06-01-18\\\/#breadcrumb\",\"itemListElement\":[{\"@type\":\"ListItem\",\"position\":1,\"name\":\"Portada\",\"item\":\"https:\\\/\\\/cklcomunicaciones.es\\\/coop\\\/\"},{\"@type\":\"ListItem\",\"position\":2,\"name\":\"Por qu\u00e9 ser\u00eda bueno que imit\u00e1ramos a Islandia y Alemania\"}]},{\"@type\":\"WebSite\",\"@id\":\"https:\\\/\\\/cklcomunicaciones.es\\\/coop\\\/#website\",\"url\":\"https:\\\/\\\/cklcomunicaciones.es\\\/coop\\\/\",\"name\":\"CKL Comunicaciones\",\"description\":\"Sitio web de CKL Comunicaciones coop , la consultora de comunicaci\u00f3n y estrategia\",\"potentialAction\":[{\"@type\":\"SearchAction\",\"target\":{\"@type\":\"EntryPoint\",\"urlTemplate\":\"https:\\\/\\\/cklcomunicaciones.es\\\/coop\\\/?s={search_term_string}\"},\"query-input\":{\"@type\":\"PropertyValueSpecification\",\"valueRequired\":true,\"valueName\":\"search_term_string\"}}],\"inLanguage\":\"es\"},{\"@type\":\"Person\",\"@id\":\"https:\\\/\\\/cklcomunicaciones.es\\\/coop\\\/#\\\/schema\\\/person\\\/929a6837f7626450bbb50cee1aef266e\",\"name\":\"ckl\",\"image\":{\"@type\":\"ImageObject\",\"inLanguage\":\"es\",\"@id\":\"https:\\\/\\\/secure.gravatar.com\\\/avatar\\\/c82db564e8a669bf6023357a157b9dc4780f4d4c618f2ad1d71a6a5dede45057?s=96&d=mm&r=g\",\"url\":\"https:\\\/\\\/secure.gravatar.com\\\/avatar\\\/c82db564e8a669bf6023357a157b9dc4780f4d4c618f2ad1d71a6a5dede45057?s=96&d=mm&r=g\",\"contentUrl\":\"https:\\\/\\\/secure.gravatar.com\\\/avatar\\\/c82db564e8a669bf6023357a157b9dc4780f4d4c618f2ad1d71a6a5dede45057?s=96&d=mm&r=g\",\"caption\":\"ckl\"},\"url\":\"https:\\\/\\\/cklcomunicaciones.es\\\/coop\\\/author\\\/cklcomunicaciones\\\/\"}]}<\/script>\n<!-- \/ Yoast SEO plugin. -->","yoast_head_json":{"title":"Brecha salarial: Por qu\u00e9 ser\u00eda bueno que imit\u00e1ramos a Islandia y Alemania","description":"Islandia y Alemania dan un paso m\u00e1s hacia la igualdad de g\u00e9nero. No es un hecho aislado. La brecha salarial entre hombres y mujeres llega a todos los \u00e1mbitos y sectores productivos.","robots":{"index":"index","follow":"follow","max-snippet":"max-snippet:-1","max-image-preview":"max-image-preview:large","max-video-preview":"max-video-preview:-1"},"canonical":"https:\/\/cklcomunicaciones.es\/coop\/brechadegenero-06-01-18\/","og_locale":"es_ES","og_type":"article","og_title":"Brecha salarial: Por qu\u00e9 ser\u00eda bueno que imit\u00e1ramos a Islandia y Alemania","og_description":"Islandia y Alemania dan un paso m\u00e1s hacia la igualdad de g\u00e9nero. No es un hecho aislado. La brecha salarial entre hombres y mujeres llega a todos los \u00e1mbitos y sectores productivos.","og_url":"https:\/\/cklcomunicaciones.es\/coop\/brechadegenero-06-01-18\/","og_site_name":"CKL Comunicaciones","article_published_time":"2018-01-08T12:13:03+00:00","og_image":[{"width":1200,"height":676,"url":"https:\/\/cklcomunicaciones.es\/coop\/wp-content\/uploads\/2021\/04\/CKL-MiradaDistinta-newsletter2021_1200-x-675.jpg","type":"image\/jpeg"}],"author":"ckl","twitter_card":"summary_large_image","twitter_misc":{"Escrito por":"ckl"},"schema":{"@context":"https:\/\/schema.org","@graph":[{"@type":"Article","@id":"https:\/\/cklcomunicaciones.es\/coop\/brechadegenero-06-01-18\/#article","isPartOf":{"@id":"https:\/\/cklcomunicaciones.es\/coop\/brechadegenero-06-01-18\/"},"author":{"name":"ckl","@id":"https:\/\/cklcomunicaciones.es\/coop\/#\/schema\/person\/929a6837f7626450bbb50cee1aef266e"},"headline":"Por qu\u00e9 ser\u00eda bueno que imit\u00e1ramos a Islandia y Alemania","datePublished":"2018-01-08T12:13:03+00:00","mainEntityOfPage":{"@id":"https:\/\/cklcomunicaciones.es\/coop\/brechadegenero-06-01-18\/"},"wordCount":96,"keywords":["brecha salarial"],"articleSection":["noticias destacadas"],"inLanguage":"es"},{"@type":"WebPage","@id":"https:\/\/cklcomunicaciones.es\/coop\/brechadegenero-06-01-18\/","url":"https:\/\/cklcomunicaciones.es\/coop\/brechadegenero-06-01-18\/","name":"Brecha salarial: Por qu\u00e9 ser\u00eda bueno que imit\u00e1ramos a Islandia y Alemania","isPartOf":{"@id":"https:\/\/cklcomunicaciones.es\/coop\/#website"},"datePublished":"2018-01-08T12:13:03+00:00","author":{"@id":"https:\/\/cklcomunicaciones.es\/coop\/#\/schema\/person\/929a6837f7626450bbb50cee1aef266e"},"description":"Islandia y Alemania dan un paso m\u00e1s hacia la igualdad de g\u00e9nero. No es un hecho aislado. La brecha salarial entre hombres y mujeres llega a todos los \u00e1mbitos y sectores productivos.","breadcrumb":{"@id":"https:\/\/cklcomunicaciones.es\/coop\/brechadegenero-06-01-18\/#breadcrumb"},"inLanguage":"es","potentialAction":[{"@type":"ReadAction","target":["https:\/\/cklcomunicaciones.es\/coop\/brechadegenero-06-01-18\/"]}]},{"@type":"BreadcrumbList","@id":"https:\/\/cklcomunicaciones.es\/coop\/brechadegenero-06-01-18\/#breadcrumb","itemListElement":[{"@type":"ListItem","position":1,"name":"Portada","item":"https:\/\/cklcomunicaciones.es\/coop\/"},{"@type":"ListItem","position":2,"name":"Por qu\u00e9 ser\u00eda bueno que imit\u00e1ramos a Islandia y Alemania"}]},{"@type":"WebSite","@id":"https:\/\/cklcomunicaciones.es\/coop\/#website","url":"https:\/\/cklcomunicaciones.es\/coop\/","name":"CKL Comunicaciones","description":"Sitio web de CKL Comunicaciones coop , la consultora de comunicaci\u00f3n y estrategia","potentialAction":[{"@type":"SearchAction","target":{"@type":"EntryPoint","urlTemplate":"https:\/\/cklcomunicaciones.es\/coop\/?s={search_term_string}"},"query-input":{"@type":"PropertyValueSpecification","valueRequired":true,"valueName":"search_term_string"}}],"inLanguage":"es"},{"@type":"Person","@id":"https:\/\/cklcomunicaciones.es\/coop\/#\/schema\/person\/929a6837f7626450bbb50cee1aef266e","name":"ckl","image":{"@type":"ImageObject","inLanguage":"es","@id":"https:\/\/secure.gravatar.com\/avatar\/c82db564e8a669bf6023357a157b9dc4780f4d4c618f2ad1d71a6a5dede45057?s=96&d=mm&r=g","url":"https:\/\/secure.gravatar.com\/avatar\/c82db564e8a669bf6023357a157b9dc4780f4d4c618f2ad1d71a6a5dede45057?s=96&d=mm&r=g","contentUrl":"https:\/\/secure.gravatar.com\/avatar\/c82db564e8a669bf6023357a157b9dc4780f4d4c618f2ad1d71a6a5dede45057?s=96&d=mm&r=g","caption":"ckl"},"url":"https:\/\/cklcomunicaciones.es\/coop\/author\/cklcomunicaciones\/"}]}},"_links":{"self":[{"href":"https:\/\/cklcomunicaciones.es\/coop\/wp-json\/wp\/v2\/posts\/13513","targetHints":{"allow":["GET"]}}],"collection":[{"href":"https:\/\/cklcomunicaciones.es\/coop\/wp-json\/wp\/v2\/posts"}],"about":[{"href":"https:\/\/cklcomunicaciones.es\/coop\/wp-json\/wp\/v2\/types\/post"}],"author":[{"embeddable":true,"href":"https:\/\/cklcomunicaciones.es\/coop\/wp-json\/wp\/v2\/users\/3"}],"replies":[{"embeddable":true,"href":"https:\/\/cklcomunicaciones.es\/coop\/wp-json\/wp\/v2\/comments?post=13513"}],"version-history":[{"count":0,"href":"https:\/\/cklcomunicaciones.es\/coop\/wp-json\/wp\/v2\/posts\/13513\/revisions"}],"wp:attachment":[{"href":"https:\/\/cklcomunicaciones.es\/coop\/wp-json\/wp\/v2\/media?parent=13513"}],"wp:term":[{"taxonomy":"category","embeddable":true,"href":"https:\/\/cklcomunicaciones.es\/coop\/wp-json\/wp\/v2\/categories?post=13513"},{"taxonomy":"post_tag","embeddable":true,"href":"https:\/\/cklcomunicaciones.es\/coop\/wp-json\/wp\/v2\/tags?post=13513"}],"curies":[{"name":"wp","href":"https:\/\/api.w.org\/{rel}","templated":true}]}}