{"id":13468,"date":"2017-12-21T14:32:48","date_gmt":"2017-12-21T13:32:48","guid":{"rendered":"http:\/\/www.cklcomunicaciones.es\/?p=13468"},"modified":"2025-01-17T16:41:07","modified_gmt":"2025-01-17T15:41:07","slug":"noticias-info-ckl-no-2-044-21-12-17","status":"publish","type":"post","link":"https:\/\/cklcomunicaciones.es\/coop\/noticias-info-ckl-no-2-044-21-12-17\/","title":{"rendered":"Noticias Info CKL n\u00ba 2.044 -21\/12\/17"},"content":{"rendered":"<div id=\"pl-13468\"  class=\"panel-layout\" >\n<div id=\"pg-13468-0\"  class=\"panel-grid panel-no-style\"  data-style=\"{&quot;background_display&quot;:&quot;tile&quot;,&quot;lsow_dark_bg&quot;:&quot;&quot;,&quot;cell_alignment&quot;:&quot;flex-start&quot;}\" >\n<div id=\"pgc-13468-0-0\"  class=\"panel-grid-cell\"  data-weight=\"1\" >\n<div id=\"panel-13468-0-0-0\" class=\"so-panel widget widget_sow-editor panel-first-child panel-last-child\" data-index=\"0\" data-style=\"{&quot;background_display&quot;:&quot;tile&quot;}\" >\n<div class=\"so-widget-sow-editor so-widget-sow-editor-base\">\n<div class=\"siteorigin-widget-tinymce textwidget\">\n<p class=\"hP\" tabindex=\"-1\"><strong>La falta de educaci\u00f3n financiera frena el liderazgo femenino-Mujeres surrealistas: mucho m\u00e1s que musas-El empoderamiento femenino en la TV espa\u00f1ola-Am\u00e9rica Latina se queda sin presidentas despu\u00e9s de una d\u00e9cada<\/strong><\/p>\n<p>\u00a0<\/p>\n<p>[toggle type=\u00bbfirst\u00bb title=\u00bbComunicaci\u00f3n\u00bb]<\/p>\n<p><a href=\"http:\/\/bluper.elespanol.com\/noticias\/empoderamiento-mujeres-television-espanola\">El empoderamiento femenino en la televisi\u00f3n espa\u00f1ola<\/a> &#8211; Bluper<\/p>\n<p><a href=\"https:\/\/elpais.com\/cultura\/2017\/12\/19\/actualidad\/1513688326_142047.html\">La RAE redefine el machismo y clica mariposear, chicano y postureo<\/a>\u2013 El Pa\u00eds<\/p>\n<p><a href=\"http:\/\/www.elmundo.es\/television\/2017\/12\/19\/5a39755d468aeb5a028b45e0.html\">Marcela Turati: \u00abLa impunidad es una invitaci\u00f3n a que m\u00e1s gente asesine a <strong>periodistas<\/strong>\u00ab<\/a>\u2013 El Mundo<\/p>\n<p><a href=\"http:\/\/www.elmundo.es\/comunidad-valenciana\/2017\/12\/20\/5a3a95cde5fdeabf6c8b465a.html\">CEAR y la Uni\u00f3 de Periodistes editan un manual contra el discurso xen\u00f3fobo<\/a> \u2013 El Mundo<\/p>\n<p><a href=\"https:\/\/www.google.es\/url?sa=t&amp;rct=j&amp;q=&amp;esrc=s&amp;source=newssearch&amp;cd=4&amp;ved=0ahUKEwivs8jq8ZrYAhUGShQKHbdGC4sQqQIIMCgAMAM&amp;url=http%3A%2F%2Fwww.eldiario.es%2Fsociedad%2Fpublicidad_sexista-adolecentes-micromachismos-ciencia_0_720228387.html&amp;usg=AOvVaw1ZKMSom-ckJpH1HZbl7CNW\">La mayor\u00eda de los adolescentes es incapaz de identificar el machismo en la publicidad &#8230;<\/a> &#8211; <a href=\"http:\/\/eldiario.es\">eldiario.es<\/a><\/p>\n<p><a href=\"http:\/\/www.elmundo.es\/papel\/historias\/2017\/12\/21\/5a3abdd4268e3eed228b4576.html\">Tu opini\u00f3n en WhatsApp puede ser delito<\/a> \u2013 El Mundo<\/p>\n<p><a href=\"https:\/\/elpais.com\/tecnologia\/2017\/12\/20\/actualidad\/1513770240_441991.html\">Google activar\u00e1 el 15 de febrero su bloqueador de anuncios<\/a> \u2013 El Pa\u00eds<\/p>\n<p>[\/toggle]<\/p>\n<p>[toggle type=\u00bbfirst\u00bb title=\u00bbAndaluc\u00eda\u00bb]<\/p>\n<p><strong>Econom\u00eda y Empresas<\/strong><\/p>\n<p><a href=\"http:\/\/www.corresponsables.com\/actualidad\/ansemac-techo-de-cristal-mujeres-puestos-de-responsabilidad\">Esperanza Fitz, Presidenta de ANSEMAC: \u201cExiste un techo de cristal que impide a las mujeres<em> c<\/em>ualificadas &#8230;<\/a> &#8211; Corresponsables.com<\/p>\n<p><a href=\"http:\/\/www.juntadeandalucia.es\/presidencia\/portavoz\/gobierno\/128510\/andalucia\/cierra\/parados\/menos\/crecimiento\/economico\/superior\">Andaluc\u00eda cierra 2017 con 71.243 parados menos y un crecimiento econ\u00f3mico superior al 3%<\/a> &#8211; Oficina del Portavoz<\/p>\n<p><a href=\"https:\/\/www.google.es\/url?sa=t&amp;rct=j&amp;q=&amp;esrc=s&amp;source=newssearch&amp;cd=17&amp;ved=0ahUKEwie0Ira7JrYAhUHPRQKHZXGBBY4ChCpAgg4KAAwBg&amp;url=https%3A%2F%2Fcadiznoticias.es%2Fagricultura-pone-24-millones-disposicion-la-dinamizacion-la-sostenibilidad-las-zonas-pesqueras%2F&amp;usg=AOvVaw2LWOsfMfEcws9nBGmMSnns\">Agricultura pone 24 millones a disposici\u00f3n de la dinamizaci\u00f3n y la sostenibilidad &#8230;<\/a> &#8211; Cadiznoticias<\/p>\n<p><strong>Actualidad<\/strong><\/p>\n<p><a href=\"https:\/\/www.google.com\/url?rct=j&amp;sa=t&amp;url=http:\/\/www.europapress.es\/esandalucia\/sevilla\/noticia-iam-destina-13-millones-atender-mas-16000-mujeres-riesgo-exclusion-social-20171221095436.html&amp;ct=ga&amp;cd=CAEYACoTNDUwNTgzMzMyNDQ3NDQ3MTYyNzIZYzAzNzJlYmMyZmVhZGE1OTplczplczpFUw&amp;usg=AFQjCNGJAHLvToKDXEkB2pE25ltJDHUekw\">El IAM destina 1,3 millones para atender a m\u00e1s de 16.000 mujeres en riesgo de exclusi\u00f3n social <\/a>&#8211; Europa Press<\/p>\n<p><a href=\"https:\/\/www.google.es\/url?sa=t&amp;rct=j&amp;q=&amp;esrc=s&amp;source=newssearch&amp;cd=7&amp;ved=0ahUKEwjP3p3Z6ZrYAhWBNBQKHfFzBtYQqQIIOSgAMAY&amp;url=http%3A%2F%2Fwww.diariocordoba.com%2Fnoticias%2Fcontraportada%2Foruga-pudo-volar_1194019.html&amp;usg=AOvVaw1AVLxH0JfqFK9HPUhz5qwp\">La oruga que pudo volar<\/a> &#8211; Diario C\u00f3rdoba<\/p>\n<p><a href=\"https:\/\/www.elplural.com\/andalucia\/2017\/12\/21\/los-torpes-en-mecanica-del-automovil-son-solo-mujeres\">\u00bfLos torpes en mec\u00e1nica del autom\u00f3vil son solo mujeres?<\/a> &#8211; <a href=\"http:\/\/elplural.com\">elplural.com<\/a><\/p>\n<p><a href=\"http:\/\/www.noticiasdealmeria.com\/torrecardenas-se-suma-al-proyecto-almohada-del-corazon\">Torrec\u00e1rdenas se suma al proyecto &#8216;Almohada del Coraz\u00f3n&#8217;<\/a> &#8211; Noticias de Almer\u00eda<\/p>\n<p><a href=\"https:\/\/www.google.com\/url?rct=j&amp;sa=t&amp;url=http:\/\/www.diariosur.es\/malaga\/malaga-provincia-andaluza-20171221231139-nt.html&amp;ct=ga&amp;cd=CAEYACoTMTc0ODkwNzMyNjk0MDAzNjU5MjIZYzAzNzJlYmMyZmVhZGE1OTplczplczpFUw&amp;usg=AFQjCNH4lA0SxBoVYYFA8soI-xShsodgVQ\">M\u00e1laga es la provincia andaluza que m\u00e1s poblaci\u00f3n ganar\u00e1 en los pr\u00f3ximos veinte a\u00f1os <\/a>&#8211; Sur Digital<\/p>\n<p><a href=\"http:\/\/www.elmundo.es\/andalucia\/el-caminante\/2017\/12\/21\/5a3b782ae5fdeacd6c8b467b.html\">Los premios El Caminante reconocen el talento andaluz a nivel tur\u00edstico<\/a> \u2013 El Mundo<\/p>\n<p><strong>Violencia<\/strong><\/p>\n<p><a href=\"http:\/\/huelvaya.es\/2017\/12\/20\/nuevo-servicio-para-la-deteccion-precoz-de-la-violencia-de-genero-en-zonas-rurales\/\">Nuevo servicio para la detecci\u00f3n precoz de la violencia de g\u00e9nero<\/a> &#8211; HuelvaYA<\/p>\n<p><a href=\"http:\/\/elcorreoweb.es\/andalucia\/suben-un-8-5-las-denuncias-por-violencia-machista-en-andalucia-en-el-tercer-trimestre-CC3646554\">Suben un 8,5% las denuncias por violencia machista en Andaluc\u00eda<\/a> \u2013 El Correo de Andaluc\u00eda<\/p>\n<p><strong>Ciencia y Cultura<\/strong><\/p>\n<p><a href=\"http:\/\/www.eldiario.es\/andalucia\/Mujeres-surrealistas-musas_0_719528492.html\">Mujeres surrealistas: mucho m\u00e1s que musas<\/a> &#8211; <a href=\"http:\/\/eldiario.es\">eldiario.es<\/a><\/p>\n<p><a href=\"https:\/\/elpais.com\/elpais\/2017\/12\/19\/mujeres\/1513705356_096495.html\">Las mujeres ya est\u00e1n pagadas con el amor que reciben (y otros mitos)<\/a> \u2013 El Pa\u00eds<\/p>\n<p><a href=\"http:\/\/www.publico.es\/culturas\/lorca-legado-lorca-llegara-granada-30-junio-2018-sera-publico.html\">El legado de Lorca llegar\u00e1 a Granada antes del 30 de junio de 2018 y ser\u00e1 p\u00fablico<\/a> -P\u00fablico<\/p>\n<p><strong>Deporte<\/strong><\/p>\n<p><a href=\"http:\/\/estepona.com\/la-esteponera-ana-moncada-talento-los-v-premios-estimulos-al-deporte\/\">La Esteponera Ana Moncada, talento en los V Premios Est\u00edmulos al Deporte &#8230;<\/a> &#8211; <a href=\"http:\/\/estepona.com\">estepona.com<\/a><\/p>\n<p>\u00a0<\/p>\n<p>[\/toggle]<br \/> [toggle title=\u00bbEstado\u00bb]<\/p>\n<p><strong>Institucional-CCAA<\/strong><\/p>\n<p><a href=\"https:\/\/www.google.com\/url?rct=j&amp;sa=t&amp;url=http:\/\/www.eldiario.es\/clm\/Nuevo-impulso-Junta-mutilacion-femenina_0_720578418.html&amp;ct=ga&amp;cd=CAEYACoUMTA5NTc4MDIyMTU0NzcxNTQzMzcyGWMwMzcyZWJjMmZlYWRhNTk6ZXM6ZXM6RVM&amp;usg=AFQjCNGUo8Uoq_QUcLTP9IAyZWEhn82xaw\">Nuevo impulso de Castilla-La Mancha para poner fin a la mutilaci\u00f3n genital femenina en la regi\u00f3n <\/a>&#8211; <a href=\"http:\/\/eldiario.es\">eldiario.es<\/a><\/p>\n<p><a href=\"https:\/\/www.google.com\/url?rct=j&amp;sa=t&amp;url=http:\/\/www.finanzas.com\/noticias\/empleo\/20171220\/abogan-reducir-numero-plantilla-3747215.html&amp;ct=ga&amp;cd=CAEYACoUMTMyNTkyMDg0NzQzMzYwNzIwOTMyGWMwMzcyZWJjMmZlYWRhNTk6ZXM6ZXM6RVM&amp;usg=AFQjCNG5JWPAKc6B-VRu7eWKMbGzs55e2Q\">Abogan por reducir n\u00famero de plantilla exigible para implantar plan igualdad <\/a>&#8211; Finanzas.com<\/p>\n<p><a href=\"https:\/\/www.google.es\/url?sa=t&amp;rct=j&amp;q=&amp;esrc=s&amp;source=newssearch&amp;cd=20&amp;ved=0ahUKEwj7raDx6ZrYAhVKOhQKHffNB4A4ChCpAghAKAAwCQ&amp;url=http%3A%2F%2Fwww.elnortedecastilla.es%2Fcastillayleon%2Fhogares-monoparentales-encabezados-20171220192124-nt.html&amp;usg=AOvVaw3ofZMrFsbwNUDvkXusaNYj\">El 83% de los hogares monoparentales de Castilla y Le\u00f3n est\u00e1n encabezados por mujeres &#8230;<\/a> &#8211; El Norte de Castilla<\/p>\n<p><a href=\"https:\/\/www.google.es\/url?sa=t&amp;rct=j&amp;q=&amp;esrc=s&amp;source=newssearch&amp;cd=2&amp;cad=rja&amp;uact=8&amp;ved=0ahUKEwjjmqiS7prYAhWMuBQKHVkIDJEQqQIIKigAMAE&amp;url=http%3A%2F%2Fwww.hoy.es%2Femprende%2Fcaceres-acoge-encuentro-20171221103856-nt.html&amp;usg=AOvVaw0ltRhbCeTDZaLT8VjXH9BJ\">C\u00e1ceres acoge el XVI Encuentro de Emprendedoras y Empresarias &#8230;<\/a> -Hoy Digital<\/p>\n<p><a href=\"https:\/\/periodicodeibiza.es\/noticias\/baleares\/2017\/12\/20\/315257\/balears-presenta-ratio-mas-elevada-mujeres-victimas-violencia-genero-espana.html\">Balears presenta la ratio m\u00e1s elevada de v\u00edctimas de violencia de g\u00e9nero en Espa\u00f1a&#8230;<\/a> -Periodico de Ibiza y Formentera<\/p>\n<p><strong>Econom\u00eda y Empresas<\/strong><\/p>\n<p><a href=\"https:\/\/www.bbva.com\/es\/falta-educacion-financiera-frena-liderazgo-femenino\/\">La falta de educaci\u00f3n financiera frena el liderazgo femenino<\/a> &#8211; BBVA<\/p>\n<p><a href=\"https:\/\/www.google.com\/url?rct=j&amp;sa=t&amp;url=https:\/\/iberoeconomia.es\/internacional\/espana-ecuador-trazan-plan-empoderar-economicamente-la-mujer\/&amp;ct=ga&amp;cd=CAEYACoTNDMxNjI4MDY0MTQ0MTUxNzkwOTIZYzAzNzJlYmMyZmVhZGE1OTplczplczpFUw&amp;usg=AFQjCNE49EFxD54PPYvjELEz_phNg13eyw\">Espa\u00f1a y Ecuador trazan un plan para empoderar econ\u00f3micamente a la mujer <\/a>&#8211; Iberoeconomia<\/p>\n<p><a href=\"https:\/\/elpais.com\/economia\/2017\/12\/19\/actualidad\/1513689726_884896.html\">Espa\u00f1a, un pa\u00eds de pocos emprendedores pero muy resistentes<\/a> \u2013 El Pa\u00eds<\/p>\n<p><strong>Actualidad<\/strong><\/p>\n<p><a href=\"https:\/\/www.google.es\/url?sa=t&amp;rct=j&amp;q=&amp;esrc=s&amp;source=newssearch&amp;cd=42&amp;ved=0ahUKEwipi-aV7JrYAhVJbRQKHZpJCGQ4KBCpAggpKAAwAQ&amp;url=https%3A%2F%2Felpais.com%2Felpais%2F2017%2F12%2F20%2Fopinion%2F1513786376_115834.html&amp;usg=AOvVaw2zl_bLM72IsOzsG22CvxzL\">Superabuelas<\/a> \u2013 El Pa\u00eds<\/p>\n<p><a href=\"https:\/\/www.google.es\/url?sa=t&amp;rct=j&amp;q=&amp;esrc=s&amp;source=newssearch&amp;cd=10&amp;ved=0ahUKEwiO1t2i-JrYAhVBuxQKHelSCJoQqQIIQSgAMAk&amp;url=http%3A%2F%2Fwww.eldiario.es%2Fcultura%2Ffeminismo%2FFeminismo-anonimato-igual-valida_0_720578252.html&amp;usg=AOvVaw18XOPONf2r_Bm1HbzehEQH\">Feminismo desde el anonimato, \u00bfes igual de v\u00e1lida la lucha sin &#8230;<\/a> &#8211; <a href=\"http:\/\/eldiario.es\">eldiario.es<\/a><\/p>\n<p><strong>Violencia<\/strong><\/p>\n<p><a href=\"http:\/\/www.zamora24horas.com\/texto-diario\/mostrar\/974697\/angeles-carmona-preocupan-escasas-denuncias-malos-tratos-presentan-familiares-victimas\">\u00c1ngeles Carmona: \u201cPreocupan las escasas denuncias de malos tratos que presentan los familiares\u201d &#8230;<\/a> &#8211; Zamora 24 horas<\/p>\n<p><strong>Ciencia y Cultura<\/strong><\/p>\n<p><a href=\"https:\/\/elpais.com\/cultura\/2017\/12\/20\/actualidad\/1513792310_114296.html\">La nena que estaba all\u00ed<\/a>\u2013 El Pa\u00eds<\/p>\n<p><a href=\"http:\/\/www.abc.es\/play\/cine\/noticias\/abci-cine-mujeres-para-todos-201712201512_noticia.html\">Cine de mujeres para todos<\/a> \u2013 Abc.es<\/p>\n<p><strong>\u00a0<\/strong><strong>Deporte<\/strong>\u00a0<\/p>\n<p><a href=\"http:\/\/bizkaia.eldesmarque.com\/nosdesmarcamoscon\/64978-el-rugby-se-abre-a-las-mujeres-en-bilbao\">El rugby se abre a las mujeres en Bilbao<\/a> &#8211; El Desmarque<\/p>\n<p><a href=\"https:\/\/www.clm24.es\/articulo\/deportes\/seleccion-absoluta-femenina-jugara-bulgaria-c-real-14-febrero\/20171220201422185666.html\">Selecci\u00f3n absoluta femenina jugar\u00e1 ante Bulgaria en Ciudad Real<\/a> &#8211; CLM24<\/p>\n<p>\u00a0<\/p>\n<div class=\"jqDnR\">\n<p>[\/toggle]<\/p>\n<\/div>\n<p>[toggle title=\u00bbInternacional\u00bb]<\/p>\n<p><a href=\"http:\/\/Iberoam\u00e9rica%20se%20queda%20sin%20mujeres%20presidentas%20despu\u00e9s%20de%20m\u00e1s%20de%20una%20d\u00e9cada%20...\">Iberoam\u00e9rica se queda sin mujeres presidentas despu\u00e9s de m\u00e1s de una d\u00e9cada &#8230;<\/a> &#8211; <a href=\"http:\/\/www.notimerica.com\">www.notimerica.com<\/a><\/p>\n<p><a href=\"https:\/\/elpais.com\/elpais\/2017\/12\/18\/seres_urbanos\/1513637919_610168.html\">Ciudades para mujeres<\/a> \u2013 El Pa\u00eds<\/p>\n<p><a href=\"https:\/\/www.eluniverso.com\/entretenimiento\/2017\/12\/21\/nota\/6534991\/2017-ano-que-mujeres-alzaron-su-voz\">2017, a\u00f1o en el que las mujeres alzaron su voz contra el acoso sexual<\/a> -El Universo<\/p>\n<p><a href=\"https:\/\/elpais.com\/internacional\/2017\/12\/20\/actualidad\/1513804333_979692.html\">Dimite el \u2018n\u00famero dos\u2019 de Theresa May por un esc\u00e1ndalo de pornograf\u00eda y acoso sexual<\/a> \u2013 El Pa\u00eds<\/p>\n<p><a href=\"http:\/\/www.elmundo.es\/album\/papel\/historias\/2017\/12\/20\/5a3a441ce5fdeacb6c8b45f2.html\">El fot\u00f3grafo Karl Mancini retrata el horror del &#8216;feminicidio&#8217; en Argentina<\/a> \u2013 El Mundo<\/p>\n<p><a href=\"https:\/\/elpais.com\/elpais\/2017\/12\/13\/eps\/1513183350_845813.html\">El &#8216;handicap&#8217; de ser mujer, latina y artista<\/a> \u2013 El Pa\u00eds<\/p>\n<p><a href=\"https:\/\/elpais.com\/deportes\/2017\/12\/20\/actualidad\/1513768493_417675.html\">El optimista regreso de Marion Bartoli<\/a>\u2013 El Pa\u00eds<\/p>\n<p>\u00a0<\/p>\n<p>[\/toggle]<\/p>\n<\/div>\n<\/div>\n<\/div>\n<\/div>\n<\/div>\n<\/div>\n","protected":false},"excerpt":{"rendered":"<p>La falta de educaci\u00f3n financiera frena el liderazgo femenino-Mujeres surrealistas: <a href=\"https:\/\/cklcomunicaciones.es\/coop\/noticias-info-ckl-no-2-044-21-12-17\/\">[&#8230;]<\/a><\/p>\n","protected":false},"author":3,"featured_media":0,"comment_status":"closed","ping_status":"closed","sticky":false,"template":"","format":"standard","meta":{"footnotes":""},"categories":[298,623],"tags":[],"class_list":["post-13468","post","type-post","status-publish","format-standard","hentry","category-newsletter","category-nwl-2-0"],"yoast_head":"<!-- This site is optimized with the Yoast SEO plugin v27.5 - https:\/\/yoast.com\/product\/yoast-seo-wordpress\/ -->\n<title>Noticias Info CKL n\u00ba 2.044-21\/12\/17-Comunicar con perspectiva de g\u00e9nero<\/title>\n<meta name=\"description\" content=\"Comunicar con perspectiva de g\u00e9nero: La falta de educaci\u00f3n financiera frena el liderazgo femenino-Mujeres surrealistas: mucho m\u00e1s que musas-El empoderamiento femenino en la TV espa\u00f1ola-Am\u00e9rica Latina se queda sin presidentas despu\u00e9s de una d\u00e9cada\" \/>\n<meta name=\"robots\" content=\"index, follow, max-snippet:-1, max-image-preview:large, max-video-preview:-1\" \/>\n<link rel=\"canonical\" href=\"https:\/\/cklcomunicaciones.es\/coop\/noticias-info-ckl-no-2-044-21-12-17\/\" \/>\n<meta property=\"og:locale\" content=\"es_ES\" \/>\n<meta property=\"og:type\" content=\"article\" \/>\n<meta property=\"og:title\" content=\"Noticias Info CKL n\u00ba 2.044-21\/12\/17-Comunicar con perspectiva de g\u00e9nero\" \/>\n<meta property=\"og:description\" content=\"Comunicar con perspectiva de g\u00e9nero: La falta de educaci\u00f3n financiera frena el liderazgo femenino-Mujeres surrealistas: mucho m\u00e1s que musas-El empoderamiento femenino en la TV espa\u00f1ola-Am\u00e9rica Latina se queda sin presidentas despu\u00e9s de una d\u00e9cada\" \/>\n<meta property=\"og:url\" content=\"https:\/\/cklcomunicaciones.es\/coop\/noticias-info-ckl-no-2-044-21-12-17\/\" \/>\n<meta property=\"og:site_name\" content=\"CKL Comunicaciones\" \/>\n<meta property=\"article:published_time\" content=\"2017-12-21T13:32:48+00:00\" \/>\n<meta property=\"article:modified_time\" content=\"2025-01-17T15:41:07+00:00\" \/>\n<meta property=\"og:image\" content=\"https:\/\/cklcomunicaciones.es\/coop\/wp-content\/uploads\/2021\/04\/CKL-MiradaDistinta-newsletter2021_1200-x-675.jpg\" \/>\n\t<meta property=\"og:image:width\" content=\"1200\" \/>\n\t<meta property=\"og:image:height\" content=\"676\" \/>\n\t<meta property=\"og:image:type\" content=\"image\/jpeg\" \/>\n<meta name=\"author\" content=\"ckl\" \/>\n<meta name=\"twitter:card\" content=\"summary_large_image\" \/>\n<meta name=\"twitter:label1\" content=\"Escrito por\" \/>\n\t<meta name=\"twitter:data1\" content=\"ckl\" \/>\n\t<meta name=\"twitter:label2\" content=\"Tiempo de lectura\" \/>\n\t<meta name=\"twitter:data2\" content=\"4 minutos\" \/>\n<script type=\"application\/ld+json\" class=\"yoast-schema-graph\">{\"@context\":\"https:\\\/\\\/schema.org\",\"@graph\":[{\"@type\":\"Article\",\"@id\":\"https:\\\/\\\/cklcomunicaciones.es\\\/coop\\\/noticias-info-ckl-no-2-044-21-12-17\\\/#article\",\"isPartOf\":{\"@id\":\"https:\\\/\\\/cklcomunicaciones.es\\\/coop\\\/noticias-info-ckl-no-2-044-21-12-17\\\/\"},\"author\":{\"name\":\"ckl\",\"@id\":\"https:\\\/\\\/cklcomunicaciones.es\\\/coop\\\/#\\\/schema\\\/person\\\/929a6837f7626450bbb50cee1aef266e\"},\"headline\":\"Noticias Info CKL n\u00ba 2.044 -21\\\/12\\\/17\",\"datePublished\":\"2017-12-21T13:32:48+00:00\",\"dateModified\":\"2025-01-17T15:41:07+00:00\",\"mainEntityOfPage\":{\"@id\":\"https:\\\/\\\/cklcomunicaciones.es\\\/coop\\\/noticias-info-ckl-no-2-044-21-12-17\\\/\"},\"wordCount\":722,\"articleSection\":[\"Newsletter\",\"Nwl v2.0\"],\"inLanguage\":\"es\"},{\"@type\":\"WebPage\",\"@id\":\"https:\\\/\\\/cklcomunicaciones.es\\\/coop\\\/noticias-info-ckl-no-2-044-21-12-17\\\/\",\"url\":\"https:\\\/\\\/cklcomunicaciones.es\\\/coop\\\/noticias-info-ckl-no-2-044-21-12-17\\\/\",\"name\":\"Noticias Info CKL n\u00ba 2.044-21\\\/12\\\/17-Comunicar con perspectiva de g\u00e9nero\",\"isPartOf\":{\"@id\":\"https:\\\/\\\/cklcomunicaciones.es\\\/coop\\\/#website\"},\"datePublished\":\"2017-12-21T13:32:48+00:00\",\"dateModified\":\"2025-01-17T15:41:07+00:00\",\"author\":{\"@id\":\"https:\\\/\\\/cklcomunicaciones.es\\\/coop\\\/#\\\/schema\\\/person\\\/929a6837f7626450bbb50cee1aef266e\"},\"description\":\"Comunicar con perspectiva de g\u00e9nero: La falta de educaci\u00f3n financiera frena el liderazgo femenino-Mujeres surrealistas: mucho m\u00e1s que musas-El empoderamiento femenino en la TV espa\u00f1ola-Am\u00e9rica Latina se queda sin presidentas despu\u00e9s de una d\u00e9cada\",\"breadcrumb\":{\"@id\":\"https:\\\/\\\/cklcomunicaciones.es\\\/coop\\\/noticias-info-ckl-no-2-044-21-12-17\\\/#breadcrumb\"},\"inLanguage\":\"es\",\"potentialAction\":[{\"@type\":\"ReadAction\",\"target\":[\"https:\\\/\\\/cklcomunicaciones.es\\\/coop\\\/noticias-info-ckl-no-2-044-21-12-17\\\/\"]}]},{\"@type\":\"BreadcrumbList\",\"@id\":\"https:\\\/\\\/cklcomunicaciones.es\\\/coop\\\/noticias-info-ckl-no-2-044-21-12-17\\\/#breadcrumb\",\"itemListElement\":[{\"@type\":\"ListItem\",\"position\":1,\"name\":\"Portada\",\"item\":\"https:\\\/\\\/cklcomunicaciones.es\\\/coop\\\/\"},{\"@type\":\"ListItem\",\"position\":2,\"name\":\"Noticias Info CKL n\u00ba 2.044 -21\\\/12\\\/17\"}]},{\"@type\":\"WebSite\",\"@id\":\"https:\\\/\\\/cklcomunicaciones.es\\\/coop\\\/#website\",\"url\":\"https:\\\/\\\/cklcomunicaciones.es\\\/coop\\\/\",\"name\":\"CKL Comunicaciones\",\"description\":\"Sitio web de CKL Comunicaciones coop , la consultora de comunicaci\u00f3n y estrategia\",\"potentialAction\":[{\"@type\":\"SearchAction\",\"target\":{\"@type\":\"EntryPoint\",\"urlTemplate\":\"https:\\\/\\\/cklcomunicaciones.es\\\/coop\\\/?s={search_term_string}\"},\"query-input\":{\"@type\":\"PropertyValueSpecification\",\"valueRequired\":true,\"valueName\":\"search_term_string\"}}],\"inLanguage\":\"es\"},{\"@type\":\"Person\",\"@id\":\"https:\\\/\\\/cklcomunicaciones.es\\\/coop\\\/#\\\/schema\\\/person\\\/929a6837f7626450bbb50cee1aef266e\",\"name\":\"ckl\",\"image\":{\"@type\":\"ImageObject\",\"inLanguage\":\"es\",\"@id\":\"https:\\\/\\\/secure.gravatar.com\\\/avatar\\\/c82db564e8a669bf6023357a157b9dc4780f4d4c618f2ad1d71a6a5dede45057?s=96&d=mm&r=g\",\"url\":\"https:\\\/\\\/secure.gravatar.com\\\/avatar\\\/c82db564e8a669bf6023357a157b9dc4780f4d4c618f2ad1d71a6a5dede45057?s=96&d=mm&r=g\",\"contentUrl\":\"https:\\\/\\\/secure.gravatar.com\\\/avatar\\\/c82db564e8a669bf6023357a157b9dc4780f4d4c618f2ad1d71a6a5dede45057?s=96&d=mm&r=g\",\"caption\":\"ckl\"},\"url\":\"https:\\\/\\\/cklcomunicaciones.es\\\/coop\\\/author\\\/cklcomunicaciones\\\/\"}]}<\/script>\n<!-- \/ Yoast SEO plugin. -->","yoast_head_json":{"title":"Noticias Info CKL n\u00ba 2.044-21\/12\/17-Comunicar con perspectiva de g\u00e9nero","description":"Comunicar con perspectiva de g\u00e9nero: La falta de educaci\u00f3n financiera frena el liderazgo femenino-Mujeres surrealistas: mucho m\u00e1s que musas-El empoderamiento femenino en la TV espa\u00f1ola-Am\u00e9rica Latina se queda sin presidentas despu\u00e9s de una d\u00e9cada","robots":{"index":"index","follow":"follow","max-snippet":"max-snippet:-1","max-image-preview":"max-image-preview:large","max-video-preview":"max-video-preview:-1"},"canonical":"https:\/\/cklcomunicaciones.es\/coop\/noticias-info-ckl-no-2-044-21-12-17\/","og_locale":"es_ES","og_type":"article","og_title":"Noticias Info CKL n\u00ba 2.044-21\/12\/17-Comunicar con perspectiva de g\u00e9nero","og_description":"Comunicar con perspectiva de g\u00e9nero: La falta de educaci\u00f3n financiera frena el liderazgo femenino-Mujeres surrealistas: mucho m\u00e1s que musas-El empoderamiento femenino en la TV espa\u00f1ola-Am\u00e9rica Latina se queda sin presidentas despu\u00e9s de una d\u00e9cada","og_url":"https:\/\/cklcomunicaciones.es\/coop\/noticias-info-ckl-no-2-044-21-12-17\/","og_site_name":"CKL Comunicaciones","article_published_time":"2017-12-21T13:32:48+00:00","article_modified_time":"2025-01-17T15:41:07+00:00","og_image":[{"width":1200,"height":676,"url":"https:\/\/cklcomunicaciones.es\/coop\/wp-content\/uploads\/2021\/04\/CKL-MiradaDistinta-newsletter2021_1200-x-675.jpg","type":"image\/jpeg"}],"author":"ckl","twitter_card":"summary_large_image","twitter_misc":{"Escrito por":"ckl","Tiempo de lectura":"4 minutos"},"schema":{"@context":"https:\/\/schema.org","@graph":[{"@type":"Article","@id":"https:\/\/cklcomunicaciones.es\/coop\/noticias-info-ckl-no-2-044-21-12-17\/#article","isPartOf":{"@id":"https:\/\/cklcomunicaciones.es\/coop\/noticias-info-ckl-no-2-044-21-12-17\/"},"author":{"name":"ckl","@id":"https:\/\/cklcomunicaciones.es\/coop\/#\/schema\/person\/929a6837f7626450bbb50cee1aef266e"},"headline":"Noticias Info CKL n\u00ba 2.044 -21\/12\/17","datePublished":"2017-12-21T13:32:48+00:00","dateModified":"2025-01-17T15:41:07+00:00","mainEntityOfPage":{"@id":"https:\/\/cklcomunicaciones.es\/coop\/noticias-info-ckl-no-2-044-21-12-17\/"},"wordCount":722,"articleSection":["Newsletter","Nwl v2.0"],"inLanguage":"es"},{"@type":"WebPage","@id":"https:\/\/cklcomunicaciones.es\/coop\/noticias-info-ckl-no-2-044-21-12-17\/","url":"https:\/\/cklcomunicaciones.es\/coop\/noticias-info-ckl-no-2-044-21-12-17\/","name":"Noticias Info CKL n\u00ba 2.044-21\/12\/17-Comunicar con perspectiva de g\u00e9nero","isPartOf":{"@id":"https:\/\/cklcomunicaciones.es\/coop\/#website"},"datePublished":"2017-12-21T13:32:48+00:00","dateModified":"2025-01-17T15:41:07+00:00","author":{"@id":"https:\/\/cklcomunicaciones.es\/coop\/#\/schema\/person\/929a6837f7626450bbb50cee1aef266e"},"description":"Comunicar con perspectiva de g\u00e9nero: La falta de educaci\u00f3n financiera frena el liderazgo femenino-Mujeres surrealistas: mucho m\u00e1s que musas-El empoderamiento femenino en la TV espa\u00f1ola-Am\u00e9rica Latina se queda sin presidentas despu\u00e9s de una d\u00e9cada","breadcrumb":{"@id":"https:\/\/cklcomunicaciones.es\/coop\/noticias-info-ckl-no-2-044-21-12-17\/#breadcrumb"},"inLanguage":"es","potentialAction":[{"@type":"ReadAction","target":["https:\/\/cklcomunicaciones.es\/coop\/noticias-info-ckl-no-2-044-21-12-17\/"]}]},{"@type":"BreadcrumbList","@id":"https:\/\/cklcomunicaciones.es\/coop\/noticias-info-ckl-no-2-044-21-12-17\/#breadcrumb","itemListElement":[{"@type":"ListItem","position":1,"name":"Portada","item":"https:\/\/cklcomunicaciones.es\/coop\/"},{"@type":"ListItem","position":2,"name":"Noticias Info CKL n\u00ba 2.044 -21\/12\/17"}]},{"@type":"WebSite","@id":"https:\/\/cklcomunicaciones.es\/coop\/#website","url":"https:\/\/cklcomunicaciones.es\/coop\/","name":"CKL Comunicaciones","description":"Sitio web de CKL Comunicaciones coop , la consultora de comunicaci\u00f3n y estrategia","potentialAction":[{"@type":"SearchAction","target":{"@type":"EntryPoint","urlTemplate":"https:\/\/cklcomunicaciones.es\/coop\/?s={search_term_string}"},"query-input":{"@type":"PropertyValueSpecification","valueRequired":true,"valueName":"search_term_string"}}],"inLanguage":"es"},{"@type":"Person","@id":"https:\/\/cklcomunicaciones.es\/coop\/#\/schema\/person\/929a6837f7626450bbb50cee1aef266e","name":"ckl","image":{"@type":"ImageObject","inLanguage":"es","@id":"https:\/\/secure.gravatar.com\/avatar\/c82db564e8a669bf6023357a157b9dc4780f4d4c618f2ad1d71a6a5dede45057?s=96&d=mm&r=g","url":"https:\/\/secure.gravatar.com\/avatar\/c82db564e8a669bf6023357a157b9dc4780f4d4c618f2ad1d71a6a5dede45057?s=96&d=mm&r=g","contentUrl":"https:\/\/secure.gravatar.com\/avatar\/c82db564e8a669bf6023357a157b9dc4780f4d4c618f2ad1d71a6a5dede45057?s=96&d=mm&r=g","caption":"ckl"},"url":"https:\/\/cklcomunicaciones.es\/coop\/author\/cklcomunicaciones\/"}]}},"_links":{"self":[{"href":"https:\/\/cklcomunicaciones.es\/coop\/wp-json\/wp\/v2\/posts\/13468","targetHints":{"allow":["GET"]}}],"collection":[{"href":"https:\/\/cklcomunicaciones.es\/coop\/wp-json\/wp\/v2\/posts"}],"about":[{"href":"https:\/\/cklcomunicaciones.es\/coop\/wp-json\/wp\/v2\/types\/post"}],"author":[{"embeddable":true,"href":"https:\/\/cklcomunicaciones.es\/coop\/wp-json\/wp\/v2\/users\/3"}],"replies":[{"embeddable":true,"href":"https:\/\/cklcomunicaciones.es\/coop\/wp-json\/wp\/v2\/comments?post=13468"}],"version-history":[{"count":0,"href":"https:\/\/cklcomunicaciones.es\/coop\/wp-json\/wp\/v2\/posts\/13468\/revisions"}],"wp:attachment":[{"href":"https:\/\/cklcomunicaciones.es\/coop\/wp-json\/wp\/v2\/media?parent=13468"}],"wp:term":[{"taxonomy":"category","embeddable":true,"href":"https:\/\/cklcomunicaciones.es\/coop\/wp-json\/wp\/v2\/categories?post=13468"},{"taxonomy":"post_tag","embeddable":true,"href":"https:\/\/cklcomunicaciones.es\/coop\/wp-json\/wp\/v2\/tags?post=13468"}],"curies":[{"name":"wp","href":"https:\/\/api.w.org\/{rel}","templated":true}]}}