{"id":13433,"date":"2017-12-12T13:40:08","date_gmt":"2017-12-12T12:40:08","guid":{"rendered":"http:\/\/www.cklcomunicaciones.es\/?p=13433"},"modified":"2025-01-17T16:37:35","modified_gmt":"2025-01-17T15:37:35","slug":"noticias-info-ckl-no-2-037-12-12-17","status":"publish","type":"post","link":"https:\/\/cklcomunicaciones.es\/coop\/noticias-info-ckl-no-2-037-12-12-17\/","title":{"rendered":"Noticias Info CKL n\u00ba 2.037 -12\/12\/17"},"content":{"rendered":"<div id=\"pl-13433\"  class=\"panel-layout\" >\n<div id=\"pg-13433-0\"  class=\"panel-grid panel-no-style\"  data-style=\"{&quot;background_display&quot;:&quot;tile&quot;,&quot;lsow_dark_bg&quot;:&quot;&quot;,&quot;cell_alignment&quot;:&quot;flex-start&quot;}\" >\n<div id=\"pgc-13433-0-0\"  class=\"panel-grid-cell\"  data-weight=\"1\" >\n<div id=\"panel-13433-0-0-0\" class=\"so-panel widget widget_sow-editor panel-first-child panel-last-child\" data-index=\"0\" data-style=\"{&quot;background_display&quot;:&quot;tile&quot;}\" >\n<div class=\"so-widget-sow-editor so-widget-sow-editor-base\">\n<div class=\"siteorigin-widget-tinymce textwidget\">\n<p id=\":m5\" class=\"hP\" tabindex=\"-1\"><strong>El 46% de las espa\u00f1olas percibe la brecha salarial-\u00abEl agotamiento social de las mujeres\u00bb-Homeward Bound Antarctic Expedition-El Congreso, el Congreso de los Diputados o el Congreso de los Diputados y Diputadas?<\/strong><\/p>\n<p>[toggle type=\u00bbfirst\u00bb title=\u00bbComunicaci\u00f3n\u00bb]<\/p>\n<p><a href=\"http:\/\/www.mundoplus.tv\/noticias\/?seccion=programacion&amp;id=16014963\">Antena 3 dedica una noche \u00abContra el silencio\u00bb<\/a> &#8211; <a href=\"http:\/\/mundoplus.tv\">mundoplus.tv<\/a><\/p>\n<p><a href=\"https:\/\/www.google.es\/url?sa=t&amp;rct=j&amp;q=&amp;esrc=s&amp;source=newssearch&amp;cd=3&amp;ved=0ahUKEwiu_q6Vo4TYAhWCWBoKHQurAasQqQIILSgAMAI&amp;url=http%3A%2F%2Fwww.europapress.es%2Fepsocial%2Figualdad%2Fnoticia-congreso-congreso-diputados-congreso-diputados-diputadas-menos-sexista-20171211144645.html&amp;usg=AOvVaw17KCJ8F_XnWJlCwNC1iFo3\">El Congreso, el Congreso de los Diputados o el Congreso de los Diputados y Diputadas, \u00bfQu\u00e9 es menos sexista? &#8230;<\/a> &#8211; Europa Press<\/p>\n<p><a href=\"http:\/\/www.lanacion.com.ar\/2089376-representacion-mujer-havas-group\">\u00bfC\u00f3mo se representa a la mujer en los medios de comunicaci\u00f3n?<\/a> \u2013 La Naci\u00f3n<\/p>\n<p><a href=\"http:\/\/www.publico.es\/tremending\/2017\/12\/11\/machismo-una-mujer-con-coraje-de-hombre-los-tuiteros-corrigen-los-diez-titulares-de-prensa-mas-machistas\/\">\u00bf\u00bbUna mujer con coraje de hombre\u00bb?: los tuiteros corrigen los diez \u00a0titulares de prensa m\u00e1s machistas<\/a> &#8211; P\u00fablico<\/p>\n<p>\u00a0<\/p>\n<p>[\/toggle]<\/p>\n<p>[toggle type=\u00bbfirst\u00bb title=\u00bbAndaluc\u00eda\u00bb]<\/p>\n<p><strong>Institucional<\/strong><\/p>\n<p><a href=\"http:\/\/www.juntadeandalucia.es\/presidencia\/portavoz\/gobierno\/128199\/presidenta\/andaluza\/afirma\/momento\/recuperar\/personas\/ejemplares\/ganar\/futuro\/igualdad\">La presidenta andaluza afirma que es el momento de recuperar a \u00abpersonas ejemplares\u00bb para ganar el futuro en igualdad<\/a> \u2013 Oficina del Portavoz<\/p>\n<p><a href=\"https:\/\/www.google.es\/url?sa=t&amp;rct=j&amp;q=&amp;esrc=s&amp;source=newssearch&amp;cd=1&amp;ved=0ahUKEwiy-Jm7nYTYAhWE2RoKHaD8Ak8QqQIIJigAMAA&amp;url=http%3A%2F%2Fwww.lavanguardia.com%2Fpolitica%2F20171211%2F433574694684%2Fel-consejo-de-gobierno-aprueba-la-modificacion-de-la-ley-violencia-de-genero.html&amp;usg=AOvVaw0ivee6KG2kUzZRmMtdxAKO\">El Consejo de Gobierno aprueba la modificaci\u00f3n de la Ley de Violencia de G\u00e9nero &#8230;<\/a> &#8211; La Vanguardia<\/p>\n<p><strong>Econom\u00eda y Empresas<\/strong><\/p>\n<p><a href=\"https:\/\/www.google.es\/url?sa=t&amp;rct=j&amp;q=&amp;esrc=s&amp;source=newssearch&amp;cd=3&amp;ved=0ahUKEwix84D2n4TYAhVIfRoKHYelA1MQqQIILSgAMAI&amp;url=http%3A%2F%2Fwww.aulamagna.com.es%2Fel-dia-de-la-persona-emprendedora-reune-en-andalucia-a-a-mas-de-3-000-personas%2F&amp;usg=AOvVaw0Nrm3iA_epVJwZOacdrf3C\">Andaluc\u00eda se posiciona como la primera comunidad aut\u00f3noma en n\u00famero de iniciativas&#8230;<\/a> &#8211; Aula Magna<\/p>\n<p><a href=\"https:\/\/www.google.es\/url?sa=t&amp;rct=j&amp;q=&amp;esrc=s&amp;source=newssearch&amp;cd=8&amp;ved=0ahUKEwjonJ_rnYTYAhWSSxoKHfKNDOAQqQIIOigAMAc&amp;url=http%3A%2F%2Fwww.diariocordoba.com%2Fnoticias%2Fcordobalocal%2Fcordoba-cola-espana-peso-mujeres-sector-publico_1191843.html&amp;usg=AOvVaw1WrfuK92GZeF048obC3ORn\">C\u00f3rdoba est\u00e1 a la cola de Espa\u00f1a por el peso de las mujeres en el sector p\u00fablico &#8230;<\/a> &#8211; Diario C\u00f3rdoba<\/p>\n<p><a href=\"http:\/\/www.juntadeandalucia.es\/presidencia\/portavoz\/economia\/128162\/andalucia\/contara\/nuevas\/lanzaderas\">Andaluc\u00eda contar\u00e1 en 2018 con 29 nuevas lanzaderas de empleo<\/a> \u2013 Oficina del Portavoz<\/p>\n<p><a href=\"http:\/\/www.europapress.es\/esandalucia\/sevilla\/noticia-69-nuevas-empresas-andalucia-sobreviven-dos-primeros-anos-nueve-puntos-mas-media-nacional-20171211142058.html\">Un 69% de nuevas empresas en Andaluc\u00eda sobreviven dos a\u00f1os, nueve puntos m\u00e1s que la media nacional &#8230;<\/a>&#8211; Europa Press<\/p>\n<p><strong>Actualidad<\/strong><\/p>\n<p><a href=\"https:\/\/www.google.es\/url?sa=t&amp;rct=j&amp;q=&amp;esrc=s&amp;source=newssearch&amp;cd=11&amp;ved=0ahUKEwiA1_KVoYTYAhVJcBoKHR7qAnk4ChCpAggmKAAwAA&amp;url=http%3A%2F%2Fwww.diariosur.es%2Fmalaga%2Fpremio-sociedad-flor-20171211140006-nt.html&amp;usg=AOvVaw2FRPH7Oer3xsMP2SRP6N6t\">Malague\u00f1a del a\u00f1o en Sociedad: Flor de Torres, fiscal delegada contra la violencia de g\u00e9nero &#8230;<\/a> &#8211; Sur Digital<\/p>\n<p><a href=\"http:\/\/www.eldiario.es\/alternativaseconomicas\/agotamiento-social-mujeres_6_717488255.html\">El agotamiento social de las mujeres<\/a> &#8211; <a href=\"http:\/\/eldiario.es\">eldiario.es<\/a><\/p>\n<p><a href=\"https:\/\/www.google.com\/url?rct=j&amp;sa=t&amp;url=http:\/\/www.sevillaactualidad.com\/andalucia\/83106-la-junta-comienza-el-juego-con-igualdad-esta-navidad\/&amp;ct=ga&amp;cd=CAEYAioTNDcwNTI3ODQ5NTk4MTE3ODMxMTIZMWRjNWJlY2M3MDZlY2Y4YjplczplczpFUw&amp;usg=AFQjCNFktAAh9CYdPZU_oHacvqxEJfpCDg\">Una Navidad sin juguetes sexistas <\/a>&#8211; Sevilla Actualidad<\/p>\n<p><a href=\"http:\/\/www.eldiario.es\/andalucia\/Caso-Maloma-meses-secuestrada-desierto_0_717429089.html\">Caso Maloma: 24 meses secuestrada en el desierto<\/a> &#8211; <a href=\"http:\/\/eldiario.es\">eldiario.es<\/a><\/p>\n<p><strong>Ciencia y Cultura<\/strong><\/p>\n<p><a href=\"https:\/\/www.google.com\/url?rct=j&amp;sa=t&amp;url=http:\/\/www.diariojaen.es\/opinion\/articulistas\/la-guerrera-de-los-iberos-CM3493949&amp;ct=ga&amp;cd=CAEYAyoUMTI5Mzk1ODc3ODI1Nzc5NTgzMjkyGWMwMzcyZWJjMmZlYWRhNTk6ZXM6ZXM6RVM&amp;usg=AFQjCNE0GyqfatyyBBRWn-U8_yvuvbHGIw\">Pilar Palaz\u00f3n Palaz\u00f3n, la guerrera de los \u00edberos <\/a>&#8211; Diario Ja\u00e9n<\/p>\n<p><a href=\"https:\/\/www.google.es\/url?sa=t&amp;rct=j&amp;q=&amp;esrc=s&amp;source=newssearch&amp;cd=4&amp;ved=0ahUKEwjonJ_rnYTYAhWSSxoKHfKNDOAQqQIILygAMAM&amp;url=http%3A%2F%2Fcadenaser.com%2Femisora%2F2017%2F12%2F11%2Fradio_cadiz%2F1513031207_467380.html&amp;usg=AOvVaw2z1jiXHIsO4UxkvD8ex7Cz\">Amanda Real: \u00abSer mujer te limita en el carnaval al no poder salir &#8230;<\/a> &#8211; Cadena SER<\/p>\n<p><a href=\"http:\/\/www.granadadigital.es\/hijas-de-un-sueno-muy-real\/\">Hijas de un sue\u00f1o muy real<\/a> &#8211; GranadaDigital<\/p>\n<p><strong>Deporte<\/strong><\/p>\n<p><a href=\"http:\/\/www.diariocordoba.com\/noticias\/deportes\/egabrense-maria-pilar-lucena-gana-oro-nacional-caza-menor-perro-femenino_1191732.html\">La egabrense Mar\u00eda Pilar Lucena gana el oro nacional de caza menor &#8230;<\/a> &#8211; Diario C\u00f3rdoba<\/p>\n<p><a href=\"http:\/\/www.elfaromotril.es\/2017\/12\/09\/la-iii-carrera-solidaria-de-la-mujer-de-orgiva-reune-a-400-participantes\/\">La III Carrera Solidaria de la Mujer de \u00d3rgiva re\u00fane a 400 &#8230;<\/a> &#8211; El Faro<\/p>\n<p>\u00a0<\/p>\n<p>[\/toggle]<br \/> [toggle title=\u00bbEstado\u00bb]<\/p>\n<p><strong>Institucional-CCAA<\/strong><\/p>\n<p><a href=\"https:\/\/www.google.com\/url?rct=j&amp;sa=t&amp;url=http:\/\/www.europapress.es\/extremadura\/noticia-ayuntamiento-merida-elabora-decalogo-medidas-contra-juguetes-sexistas-violentos-20171211141359.html&amp;ct=ga&amp;cd=CAEYACoTNDcwNTI3ODQ5NTk4MTE3ODMxMTIZMWRjNWJlY2M3MDZlY2Y4YjplczplczpFUw&amp;usg=AFQjCNGmnIVELeYWf4kZyMub_RaU7GK3vg\">El Ayuntamiento de M\u00e9rida elabora un dec\u00e1logo de medidas contra los juguetes sexistas y violentos <\/a>&#8211; Europa Press<\/p>\n<p><a href=\"https:\/\/www.google.com\/url?rct=j&amp;sa=t&amp;url=http:\/\/www.lacerca.com\/noticias\/cuenca\/aje-pone-marcha-proyecto-empoderamiento-emprendimiento-liderazgo-femenino-396586-1.html&amp;ct=ga&amp;cd=CAEYACoTMTQ3OTk5MTQ5NDU3ODU3MTYzODIZYzAzNzJlYmMyZmVhZGE1OTplczplczpFUw&amp;usg=AFQjCNHtue4zrsCWjMNQkanNrsLUtzXFAw\">AJE Castilla-La Mancha pone en marcha el proyecto \u201cempoderamiento, emprendimiento y liderazgo femenino&#8230; <\/a>&#8211; La Cerca<\/p>\n<p><a href=\"https:\/\/www.google.es\/url?sa=t&amp;rct=j&amp;q=&amp;esrc=s&amp;source=newssearch&amp;cd=9&amp;ved=0ahUKEwjFxZ-Cn4TYAhWG0RoKHdd9BXwQqQIIPygAMAg&amp;url=https%3A%2F%2Felpais.com%2Fccaa%2F2017%2F12%2F11%2Fcatalunya%2F1513007583_194088.html&amp;usg=AOvVaw2VNUIeMLKBRT1LHQdJGS_V\">De un vivero de empresas a impulsar una econom\u00eda m\u00e1s social<\/a> \u2013 El Pa\u00eds<\/p>\n<p><a href=\"http:\/\/www.estedemadrid.com\/noticia\/49032\/madrid\/la-comunidad-apoya-a-los-ayuntamientos-en-la-lucha-contra-la-pobreza-infantil-violencia-de-genero-y-exclusion-socia.html\">La Comunidad de Madrid apoya a los ayuntamientos en la lucha contra la violencia de g\u00e9nero y la exclusi\u00f3n social &#8230;<\/a> &#8211; Este de Madrid<\/p>\n<p><a href=\"http:\/\/eldia.es\/canarias\/2017-12-12\/7-mujeres-coraje-dependencia.htm\">Las mujeres coraje de la dependencia<\/a> &#8211; <a href=\"http:\/\/eldia.es\">eldia.es<\/a><\/p>\n<p><strong>Econom\u00eda y Empresas<\/strong><\/p>\n<p><a href=\"https:\/\/www.google.es\/url?sa=t&amp;rct=j&amp;q=&amp;esrc=s&amp;source=newssearch&amp;cd=3&amp;ved=0ahUKEwiYvsfan4TYAhXBiRoKHVTRCdQQqQIILSgAMAI&amp;url=https%3A%2F%2Fwww.elindependiente.com%2Feconomia%2F2017%2F12%2F11%2Fempleo-propone-mujeres-puedan-exigir-datos-empresas-discriminacion-salarial%2F&amp;usg=AOvVaw3S7dbS9YIb_Cu30xRy-xrt\">Empleo plantea que las mujeres puedan exigir informaci\u00f3n para saber si cobran menos &#8230;<\/a> \u2013 El Independiente<\/p>\n<p><a href=\"http:\/\/www.abc.es\/economia\/abci-46-por-ciento-mujeres-espanolas-percibe-diferencias-salariales-genero-empresas-201712111455_noticia.html\">El 46% de las espa\u00f1olas percibe diferencias salariales por &#8230;<\/a> &#8211; Abc.es<\/p>\n<p><a href=\"https:\/\/www.google.es\/url?sa=t&amp;rct=j&amp;q=&amp;esrc=s&amp;source=newssearch&amp;cd=1&amp;ved=0ahUKEwjonJ_rnYTYAhWSSxoKHfKNDOAQqQIIJygAMAA&amp;url=http%3A%2F%2Fwww.20minutos.es%2Fnoticia%2F3209897%2F0%2Fpuestos-trabajo-creados-2017-mujer-41-hombre-59%2F&amp;usg=AOvVaw3LhHeMO-Qq_GS9XCYpoXEW\">La mujer ocupa 4 de cada 10 de los puestos de trabajo creados en los \u00faltimos doce meses&#8230;<\/a> &#8211; <a href=\"http:\/\/20minutos.es\">20minutos.es<\/a><\/p>\n<p><a href=\"http:\/\/www.elcomercio.es\/economia\/trabajo\/brecha-salarial-lleva-20171212003813-ntvo.html\">\u00abLa brecha salarial lleva a muchas mujeres a la pobreza cuando toca jubilarse &#8230;<\/a> &#8211; El Comercio Digital<\/p>\n<p><strong>Actualidad<\/strong><\/p>\n<p><a href=\"http:\/\/www.elmundo.es\/espana\/2017\/12\/11\/5a2ef2b9e2704e69568b458e.html\">Cayetana \u00c1lvarez de Toledo, premio Sociedad Civil 2017 por su \u00abdefensa de la libertad\u00bb<\/a> \u2013 El Mundo<\/p>\n<p><a href=\"https:\/\/elpais.com\/elpais\/2017\/12\/11\/buenavida\/1513009319_516500.html\">Las mujeres mueren m\u00e1s por infarto que los hombres<\/a> \u2013 El Pa\u00eds<\/p>\n<p><strong>Violencia<\/strong><\/p>\n<p><a href=\"http:\/\/www.20minutos.es\/noticia\/3208769\/0\/psicologas-acoso-sexual-problema-educa-hombres\/\">Psic\u00f3logas alertan: \u00abEl principal problema del acoso sexual es que no se educa a los hombres\u201d &#8230;<\/a> &#8211; <a href=\"http:\/\/20minutos.es\">20minutos.es<\/a><\/p>\n<p><a href=\"http:\/\/www.elmundo.es\/deportes\/futbol\/2017\/12\/12\/5a2f97db468aeb90328b4621.html\">Tres jugadores del equipo de f\u00fatbol Arandina, detenidos por agresi\u00f3n sexual<\/a> \u2013 El Mundo<\/p>\n<p><strong>Ciencia y Cultura<\/strong><\/p>\n<p><a href=\"http:\/\/www.culturamas.es\/blog\/2017\/12\/11\/silvia-marso-24-horas-en-la-vida-de-una-mujer-es-un-reto-y-una-ilusion\/\">Silvia Mars\u00f3: \u201c24 horas en la vida de una mujer es un reto y una ilusi\u00f3n &#8230;<\/a> &#8211; Culturamas<\/p>\n<p><a href=\"http:\/\/www.heraldo.es\/noticias\/aragon\/turismo\/2017\/12\/11\/la-mujer-las-obras-del-museo-provincial-zaragoza-una-visita-guiada-gratuita-1212702-2261087.html\">La mujer en las obras del Museo Provincial de Zaragoza<\/a> &#8211; Heraldo.es<\/p>\n<p><a href=\"https:\/\/www.infobae.com\/america\/cultura-america\/2017\/12\/12\/emily-dickinson-una-mujer-encerrada-en-el-lenguaje\/\">Emily Dickinson, una mujer encerrada en el lenguaje<\/a> &#8211; Infobae.com<\/p>\n<p><strong>Deporte<\/strong>\u00a0\u00a0<\/p>\n<p><a href=\"https:\/\/www.google.es\/url?sa=t&amp;rct=j&amp;q=&amp;esrc=s&amp;source=newssearch&amp;cd=3&amp;ved=0ahUKEwjsr925oYTYAhWK0xoKHXflCWAQqQIILSgAMAI&amp;url=https%3A%2F%2Fcampeonisimas.es%2Fdeportes%2Fbalonmano%2Fguerreras-mundial-balonmano-se-despiden-favoritas%2F&amp;usg=AOvVaw1ydH5fqvjAGli46uWNPZnZ\">Las Guerreras se despiden del Mundial de Balonmano ante las campeonas del mundo, Noruega &#8230;<\/a> &#8211; Campeon\u00edsimas<\/p>\n<p><a href=\"https:\/\/www.google.es\/url?sa=t&amp;rct=j&amp;q=&amp;esrc=s&amp;source=newssearch&amp;cd=19&amp;ved=0ahUKEwiovPTloYTYAhVJPBoKHdRKBnE4ChCpAgg8KAAwCA&amp;url=https%3A%2F%2Fas.com%2Fmasdeporte%2F2017%2F12%2F11%2Fpolideportivo%2F1513032224_478474.html&amp;usg=AOvVaw04RiOT7uqEoXDejRZRoTJv\">Este martes se presenta el documental &#8216;M\u00e1s que plata&#8217;<\/a> &#8211; AS<\/p>\n<p>\u00a0<\/p>\n<div class=\"jqDnR\">\n<p>[\/toggle]<\/p>\n<\/div>\n<p>[toggle title=\u00bbInternacional\u00bb]<\/p>\n<p><a href=\"https:\/\/www.infobae.com\/politica\/2017\/12\/11\/susana-balbo-la-presidente-del-w20-el-g20-femenino-esta-probado-que-si-las-mujeres-trabajan-en-igualdad-que-el-hombre-el-pbi-del-mundo-puede-aumentar-un-7\/\">Susana Balbo, Presidenta del W20 Argentina, el G20 femenino: \u00abEst\u00e1 probado que si las mujeres trabajan\u00a0 en igualdad &#8230;<\/a> &#8211; Infobae.com<\/p>\n<p><a href=\"http:\/\/www.elperiodico.com\/es\/internacional\/20171211\/simone-askew-primera-mujer-negra-lidera-cadetes-west-point-6487216\">Simone Askew, primera mujer negra que lidera los cadetes de &#8230;<\/a> &#8211; El Peri\u00f3dico<\/p>\n<p><a href=\"http:\/\/www.elmundo.es\/internacional\/2017\/12\/12\/5a2e9fb1ca4741036f8b46c8.html\">Abusos contra mujeres en las FARC: \u00abEl comandante me viol\u00f3 a los 11 a\u00f1os y me oblig\u00f3 a abortar 3 veces\u00bb<\/a>\u2013 El Mundo<\/p>\n<p><a href=\"https:\/\/www.google.es\/url?sa=t&amp;rct=j&amp;q=&amp;esrc=s&amp;source=newssearch&amp;cd=1&amp;ved=0ahUKEwjtxs2lnITYAhWGPBQKHeVLDYUQqQIIJygAMAA&amp;url=https%3A%2F%2Fwww.infobae.com%2Famerica%2Fcultura-america%2F2017%2F12%2F12%2Fmargaret-atwood-con-infobae-muchas-mujeres-aun-se-sienten-comodas-con-hombres-como-trump-en-el-poder%2F&amp;usg=AOvVaw2TSh3oD7O5TOlhe71YJmdx\">Margaret Atwood, escritora: \u00abMuchas mujeres a\u00fan se sienten c\u00f3modas con Trump en el poder\u201d &#8230;<\/a> &#8211; Infobae.com<\/p>\n<p><a href=\"http:\/\/laestrella.com.pa\/eventos\/cine\/cine-hecho-mujeres-para-eliminar-violencia-genero\/24037887\">Cine hecho por mujeres, para eliminar la violencia de g\u00e9nero<\/a> &#8211; La Estrella de Panam\u00e1<\/p>\n<p><a href=\"http:\/\/www.huffingtonpost.es\/2017\/12\/12\/esta-expedicion-mundial-antartica-sobre-el-cambio-climatico-solo-acepta-mujeres-y-vas-a-entender-por-que_a_23301792\/\">Esta expedici\u00f3n mundial ant\u00e1rtica sobre el cambio clim\u00e1tico s\u00f3lo acepta mujeres &#8230;<\/a> &#8211; El Huffington Post<\/p>\n<p>\u00a0<\/p>\n<p>[\/toggle]<\/p>\n<\/div>\n<\/div>\n<\/div>\n<\/div>\n<\/div>\n<\/div>\n","protected":false},"excerpt":{"rendered":"<p>El 46% de las espa\u00f1olas percibe la brecha salarial-\u00abEl agotamiento <a href=\"https:\/\/cklcomunicaciones.es\/coop\/noticias-info-ckl-no-2-037-12-12-17\/\">[&#8230;]<\/a><\/p>\n","protected":false},"author":3,"featured_media":0,"comment_status":"closed","ping_status":"closed","sticky":false,"template":"","format":"standard","meta":{"footnotes":""},"categories":[298,623],"tags":[],"class_list":["post-13433","post","type-post","status-publish","format-standard","hentry","category-newsletter","category-nwl-2-0"],"yoast_head":"<!-- This site is optimized with the Yoast SEO plugin v27.5 - https:\/\/yoast.com\/product\/yoast-seo-wordpress\/ -->\n<title>Noticias Info CKL n\u00ba 2.037-12\/12\/17-Comunicar con perspectiva de g\u00e9nero<\/title>\n<meta name=\"description\" content=\"Noticias Info CKL n\u00ba 2.037-12\/12\/17 - comunicaci\u00f3n con perspectiva de g\u00e9nero:El 46% de las espa\u00f1olas percibe la brecha salarial-&quot;El agotamiento social de las mujeres&quot;-Homeward Bound Antarctic Expedition-El Congreso, el Congreso de los Diputados o el Congreso de los Diputados y Diputadas?\" \/>\n<meta name=\"robots\" content=\"index, follow, max-snippet:-1, max-image-preview:large, max-video-preview:-1\" \/>\n<link rel=\"canonical\" href=\"https:\/\/cklcomunicaciones.es\/coop\/noticias-info-ckl-no-2-037-12-12-17\/\" \/>\n<meta property=\"og:locale\" content=\"es_ES\" \/>\n<meta property=\"og:type\" content=\"article\" \/>\n<meta property=\"og:title\" content=\"Noticias Info CKL n\u00ba 2.037-12\/12\/17-Comunicar con perspectiva de g\u00e9nero\" \/>\n<meta property=\"og:description\" content=\"Noticias Info CKL n\u00ba 2.037-12\/12\/17 - comunicaci\u00f3n con perspectiva de g\u00e9nero:El 46% de las espa\u00f1olas percibe la brecha salarial-&quot;El agotamiento social de las mujeres&quot;-Homeward Bound Antarctic Expedition-El Congreso, el Congreso de los Diputados o el Congreso de los Diputados y Diputadas?\" \/>\n<meta property=\"og:url\" content=\"https:\/\/cklcomunicaciones.es\/coop\/noticias-info-ckl-no-2-037-12-12-17\/\" \/>\n<meta property=\"og:site_name\" content=\"CKL Comunicaciones\" \/>\n<meta property=\"article:published_time\" content=\"2017-12-12T12:40:08+00:00\" \/>\n<meta property=\"article:modified_time\" content=\"2025-01-17T15:37:35+00:00\" \/>\n<meta property=\"og:image\" content=\"https:\/\/cklcomunicaciones.es\/coop\/wp-content\/uploads\/2021\/04\/CKL-MiradaDistinta-newsletter2021_1200-x-675.jpg\" \/>\n\t<meta property=\"og:image:width\" content=\"1200\" \/>\n\t<meta property=\"og:image:height\" content=\"676\" \/>\n\t<meta property=\"og:image:type\" content=\"image\/jpeg\" \/>\n<meta name=\"author\" content=\"ckl\" \/>\n<meta name=\"twitter:card\" content=\"summary_large_image\" \/>\n<meta name=\"twitter:label1\" content=\"Escrito por\" \/>\n\t<meta name=\"twitter:data1\" content=\"ckl\" \/>\n\t<meta name=\"twitter:label2\" content=\"Tiempo de lectura\" \/>\n\t<meta name=\"twitter:data2\" content=\"4 minutos\" \/>\n<script type=\"application\/ld+json\" class=\"yoast-schema-graph\">{\"@context\":\"https:\\\/\\\/schema.org\",\"@graph\":[{\"@type\":\"Article\",\"@id\":\"https:\\\/\\\/cklcomunicaciones.es\\\/coop\\\/noticias-info-ckl-no-2-037-12-12-17\\\/#article\",\"isPartOf\":{\"@id\":\"https:\\\/\\\/cklcomunicaciones.es\\\/coop\\\/noticias-info-ckl-no-2-037-12-12-17\\\/\"},\"author\":{\"name\":\"ckl\",\"@id\":\"https:\\\/\\\/cklcomunicaciones.es\\\/coop\\\/#\\\/schema\\\/person\\\/929a6837f7626450bbb50cee1aef266e\"},\"headline\":\"Noticias Info CKL n\u00ba 2.037 -12\\\/12\\\/17\",\"datePublished\":\"2017-12-12T12:40:08+00:00\",\"dateModified\":\"2025-01-17T15:37:35+00:00\",\"mainEntityOfPage\":{\"@id\":\"https:\\\/\\\/cklcomunicaciones.es\\\/coop\\\/noticias-info-ckl-no-2-037-12-12-17\\\/\"},\"wordCount\":781,\"articleSection\":[\"Newsletter\",\"Nwl v2.0\"],\"inLanguage\":\"es\"},{\"@type\":\"WebPage\",\"@id\":\"https:\\\/\\\/cklcomunicaciones.es\\\/coop\\\/noticias-info-ckl-no-2-037-12-12-17\\\/\",\"url\":\"https:\\\/\\\/cklcomunicaciones.es\\\/coop\\\/noticias-info-ckl-no-2-037-12-12-17\\\/\",\"name\":\"Noticias Info CKL n\u00ba 2.037-12\\\/12\\\/17-Comunicar con perspectiva de g\u00e9nero\",\"isPartOf\":{\"@id\":\"https:\\\/\\\/cklcomunicaciones.es\\\/coop\\\/#website\"},\"datePublished\":\"2017-12-12T12:40:08+00:00\",\"dateModified\":\"2025-01-17T15:37:35+00:00\",\"author\":{\"@id\":\"https:\\\/\\\/cklcomunicaciones.es\\\/coop\\\/#\\\/schema\\\/person\\\/929a6837f7626450bbb50cee1aef266e\"},\"description\":\"Noticias Info CKL n\u00ba 2.037-12\\\/12\\\/17 - comunicaci\u00f3n con perspectiva de g\u00e9nero:El 46% de las espa\u00f1olas percibe la brecha salarial-\\\"El agotamiento social de las mujeres\\\"-Homeward Bound Antarctic Expedition-El Congreso, el Congreso de los Diputados o el Congreso de los Diputados y Diputadas?\",\"breadcrumb\":{\"@id\":\"https:\\\/\\\/cklcomunicaciones.es\\\/coop\\\/noticias-info-ckl-no-2-037-12-12-17\\\/#breadcrumb\"},\"inLanguage\":\"es\",\"potentialAction\":[{\"@type\":\"ReadAction\",\"target\":[\"https:\\\/\\\/cklcomunicaciones.es\\\/coop\\\/noticias-info-ckl-no-2-037-12-12-17\\\/\"]}]},{\"@type\":\"BreadcrumbList\",\"@id\":\"https:\\\/\\\/cklcomunicaciones.es\\\/coop\\\/noticias-info-ckl-no-2-037-12-12-17\\\/#breadcrumb\",\"itemListElement\":[{\"@type\":\"ListItem\",\"position\":1,\"name\":\"Portada\",\"item\":\"https:\\\/\\\/cklcomunicaciones.es\\\/coop\\\/\"},{\"@type\":\"ListItem\",\"position\":2,\"name\":\"Noticias Info CKL n\u00ba 2.037 -12\\\/12\\\/17\"}]},{\"@type\":\"WebSite\",\"@id\":\"https:\\\/\\\/cklcomunicaciones.es\\\/coop\\\/#website\",\"url\":\"https:\\\/\\\/cklcomunicaciones.es\\\/coop\\\/\",\"name\":\"CKL Comunicaciones\",\"description\":\"Sitio web de CKL Comunicaciones coop , la consultora de comunicaci\u00f3n y estrategia\",\"potentialAction\":[{\"@type\":\"SearchAction\",\"target\":{\"@type\":\"EntryPoint\",\"urlTemplate\":\"https:\\\/\\\/cklcomunicaciones.es\\\/coop\\\/?s={search_term_string}\"},\"query-input\":{\"@type\":\"PropertyValueSpecification\",\"valueRequired\":true,\"valueName\":\"search_term_string\"}}],\"inLanguage\":\"es\"},{\"@type\":\"Person\",\"@id\":\"https:\\\/\\\/cklcomunicaciones.es\\\/coop\\\/#\\\/schema\\\/person\\\/929a6837f7626450bbb50cee1aef266e\",\"name\":\"ckl\",\"image\":{\"@type\":\"ImageObject\",\"inLanguage\":\"es\",\"@id\":\"https:\\\/\\\/secure.gravatar.com\\\/avatar\\\/c82db564e8a669bf6023357a157b9dc4780f4d4c618f2ad1d71a6a5dede45057?s=96&d=mm&r=g\",\"url\":\"https:\\\/\\\/secure.gravatar.com\\\/avatar\\\/c82db564e8a669bf6023357a157b9dc4780f4d4c618f2ad1d71a6a5dede45057?s=96&d=mm&r=g\",\"contentUrl\":\"https:\\\/\\\/secure.gravatar.com\\\/avatar\\\/c82db564e8a669bf6023357a157b9dc4780f4d4c618f2ad1d71a6a5dede45057?s=96&d=mm&r=g\",\"caption\":\"ckl\"},\"url\":\"https:\\\/\\\/cklcomunicaciones.es\\\/coop\\\/author\\\/cklcomunicaciones\\\/\"}]}<\/script>\n<!-- \/ Yoast SEO plugin. -->","yoast_head_json":{"title":"Noticias Info CKL n\u00ba 2.037-12\/12\/17-Comunicar con perspectiva de g\u00e9nero","description":"Noticias Info CKL n\u00ba 2.037-12\/12\/17 - comunicaci\u00f3n con perspectiva de g\u00e9nero:El 46% de las espa\u00f1olas percibe la brecha salarial-\"El agotamiento social de las mujeres\"-Homeward Bound Antarctic Expedition-El Congreso, el Congreso de los Diputados o el Congreso de los Diputados y Diputadas?","robots":{"index":"index","follow":"follow","max-snippet":"max-snippet:-1","max-image-preview":"max-image-preview:large","max-video-preview":"max-video-preview:-1"},"canonical":"https:\/\/cklcomunicaciones.es\/coop\/noticias-info-ckl-no-2-037-12-12-17\/","og_locale":"es_ES","og_type":"article","og_title":"Noticias Info CKL n\u00ba 2.037-12\/12\/17-Comunicar con perspectiva de g\u00e9nero","og_description":"Noticias Info CKL n\u00ba 2.037-12\/12\/17 - comunicaci\u00f3n con perspectiva de g\u00e9nero:El 46% de las espa\u00f1olas percibe la brecha salarial-\"El agotamiento social de las mujeres\"-Homeward Bound Antarctic Expedition-El Congreso, el Congreso de los Diputados o el Congreso de los Diputados y Diputadas?","og_url":"https:\/\/cklcomunicaciones.es\/coop\/noticias-info-ckl-no-2-037-12-12-17\/","og_site_name":"CKL Comunicaciones","article_published_time":"2017-12-12T12:40:08+00:00","article_modified_time":"2025-01-17T15:37:35+00:00","og_image":[{"width":1200,"height":676,"url":"https:\/\/cklcomunicaciones.es\/coop\/wp-content\/uploads\/2021\/04\/CKL-MiradaDistinta-newsletter2021_1200-x-675.jpg","type":"image\/jpeg"}],"author":"ckl","twitter_card":"summary_large_image","twitter_misc":{"Escrito por":"ckl","Tiempo de lectura":"4 minutos"},"schema":{"@context":"https:\/\/schema.org","@graph":[{"@type":"Article","@id":"https:\/\/cklcomunicaciones.es\/coop\/noticias-info-ckl-no-2-037-12-12-17\/#article","isPartOf":{"@id":"https:\/\/cklcomunicaciones.es\/coop\/noticias-info-ckl-no-2-037-12-12-17\/"},"author":{"name":"ckl","@id":"https:\/\/cklcomunicaciones.es\/coop\/#\/schema\/person\/929a6837f7626450bbb50cee1aef266e"},"headline":"Noticias Info CKL n\u00ba 2.037 -12\/12\/17","datePublished":"2017-12-12T12:40:08+00:00","dateModified":"2025-01-17T15:37:35+00:00","mainEntityOfPage":{"@id":"https:\/\/cklcomunicaciones.es\/coop\/noticias-info-ckl-no-2-037-12-12-17\/"},"wordCount":781,"articleSection":["Newsletter","Nwl v2.0"],"inLanguage":"es"},{"@type":"WebPage","@id":"https:\/\/cklcomunicaciones.es\/coop\/noticias-info-ckl-no-2-037-12-12-17\/","url":"https:\/\/cklcomunicaciones.es\/coop\/noticias-info-ckl-no-2-037-12-12-17\/","name":"Noticias Info CKL n\u00ba 2.037-12\/12\/17-Comunicar con perspectiva de g\u00e9nero","isPartOf":{"@id":"https:\/\/cklcomunicaciones.es\/coop\/#website"},"datePublished":"2017-12-12T12:40:08+00:00","dateModified":"2025-01-17T15:37:35+00:00","author":{"@id":"https:\/\/cklcomunicaciones.es\/coop\/#\/schema\/person\/929a6837f7626450bbb50cee1aef266e"},"description":"Noticias Info CKL n\u00ba 2.037-12\/12\/17 - comunicaci\u00f3n con perspectiva de g\u00e9nero:El 46% de las espa\u00f1olas percibe la brecha salarial-\"El agotamiento social de las mujeres\"-Homeward Bound Antarctic Expedition-El Congreso, el Congreso de los Diputados o el Congreso de los Diputados y Diputadas?","breadcrumb":{"@id":"https:\/\/cklcomunicaciones.es\/coop\/noticias-info-ckl-no-2-037-12-12-17\/#breadcrumb"},"inLanguage":"es","potentialAction":[{"@type":"ReadAction","target":["https:\/\/cklcomunicaciones.es\/coop\/noticias-info-ckl-no-2-037-12-12-17\/"]}]},{"@type":"BreadcrumbList","@id":"https:\/\/cklcomunicaciones.es\/coop\/noticias-info-ckl-no-2-037-12-12-17\/#breadcrumb","itemListElement":[{"@type":"ListItem","position":1,"name":"Portada","item":"https:\/\/cklcomunicaciones.es\/coop\/"},{"@type":"ListItem","position":2,"name":"Noticias Info CKL n\u00ba 2.037 -12\/12\/17"}]},{"@type":"WebSite","@id":"https:\/\/cklcomunicaciones.es\/coop\/#website","url":"https:\/\/cklcomunicaciones.es\/coop\/","name":"CKL Comunicaciones","description":"Sitio web de CKL Comunicaciones coop , la consultora de comunicaci\u00f3n y estrategia","potentialAction":[{"@type":"SearchAction","target":{"@type":"EntryPoint","urlTemplate":"https:\/\/cklcomunicaciones.es\/coop\/?s={search_term_string}"},"query-input":{"@type":"PropertyValueSpecification","valueRequired":true,"valueName":"search_term_string"}}],"inLanguage":"es"},{"@type":"Person","@id":"https:\/\/cklcomunicaciones.es\/coop\/#\/schema\/person\/929a6837f7626450bbb50cee1aef266e","name":"ckl","image":{"@type":"ImageObject","inLanguage":"es","@id":"https:\/\/secure.gravatar.com\/avatar\/c82db564e8a669bf6023357a157b9dc4780f4d4c618f2ad1d71a6a5dede45057?s=96&d=mm&r=g","url":"https:\/\/secure.gravatar.com\/avatar\/c82db564e8a669bf6023357a157b9dc4780f4d4c618f2ad1d71a6a5dede45057?s=96&d=mm&r=g","contentUrl":"https:\/\/secure.gravatar.com\/avatar\/c82db564e8a669bf6023357a157b9dc4780f4d4c618f2ad1d71a6a5dede45057?s=96&d=mm&r=g","caption":"ckl"},"url":"https:\/\/cklcomunicaciones.es\/coop\/author\/cklcomunicaciones\/"}]}},"_links":{"self":[{"href":"https:\/\/cklcomunicaciones.es\/coop\/wp-json\/wp\/v2\/posts\/13433","targetHints":{"allow":["GET"]}}],"collection":[{"href":"https:\/\/cklcomunicaciones.es\/coop\/wp-json\/wp\/v2\/posts"}],"about":[{"href":"https:\/\/cklcomunicaciones.es\/coop\/wp-json\/wp\/v2\/types\/post"}],"author":[{"embeddable":true,"href":"https:\/\/cklcomunicaciones.es\/coop\/wp-json\/wp\/v2\/users\/3"}],"replies":[{"embeddable":true,"href":"https:\/\/cklcomunicaciones.es\/coop\/wp-json\/wp\/v2\/comments?post=13433"}],"version-history":[{"count":0,"href":"https:\/\/cklcomunicaciones.es\/coop\/wp-json\/wp\/v2\/posts\/13433\/revisions"}],"wp:attachment":[{"href":"https:\/\/cklcomunicaciones.es\/coop\/wp-json\/wp\/v2\/media?parent=13433"}],"wp:term":[{"taxonomy":"category","embeddable":true,"href":"https:\/\/cklcomunicaciones.es\/coop\/wp-json\/wp\/v2\/categories?post=13433"},{"taxonomy":"post_tag","embeddable":true,"href":"https:\/\/cklcomunicaciones.es\/coop\/wp-json\/wp\/v2\/tags?post=13433"}],"curies":[{"name":"wp","href":"https:\/\/api.w.org\/{rel}","templated":true}]}}