{"id":12979,"date":"2017-11-28T12:51:42","date_gmt":"2017-11-28T11:51:42","guid":{"rendered":"http:\/\/www.cklcomunicaciones.es\/?p=12979"},"modified":"2017-11-28T12:51:42","modified_gmt":"2017-11-28T11:51:42","slug":"tambienesviolencia","status":"publish","type":"post","link":"https:\/\/cklcomunicaciones.es\/coop\/tambienesviolencia\/","title":{"rendered":"La APS y La AMPS ponen en marcha la campa\u00f1a #TAMBI\u00c9NESVIOLENCIA"},"content":{"rendered":"<div class=\"text_exposed_show\">\n<div>La Asociaci\u00f3n de la Prensa de Sevilla (APS) y la Asamblea de Mujeres Periodistas de Sevilla (AMPS) retomar\u00f3n, con motivo del D\u00eda Internacional contra la Violencia de G\u00e9nero, 25 de noviembre, la campa\u00f1a de sensibilizaci\u00f3n y denuncia<strong>\u00a0#Tambi\u00e9nEsViolencia<\/strong>, que tiene como objetivo denunciar los distintos tipos de violencia que se ejercen sobre las mujeres y que se difunden a trav\u00e9s de los medios de comunicaci\u00f3n.<\/div>\n<p>Esta iniciativa se llevar\u00e1 a cabo, principalmente, a trav\u00e9s de redes sociales y tiene como eje la denuncia de la difusi\u00f3n de im\u00e1genes, v\u00eddeos y noticias de contenido marcadamente sexista y discriminatorio hacia la mujer, que han sido publicadas o emitidas en prensa, radio y televisi\u00f3n. La APS y la AMPS pretenden con esta campa\u00f1a visibilizar aquellas malas pr\u00e1cticas que, a veces, cometen los medios de comunicaci\u00f3n presentando una imagen distorsionada y estereotipada de las mujeres.<\/p>\n<p>M\u00e1s informaci\u00f3n: <a href=\"https:\/\/mujeresperiodistassevilla.wordpress.com\/2017\/11\/24\/la-aps-y-la-amps-ponen-en-marcha-la-campana-tambienesviolencia-con-motivo-del-25n\/\">#Tambi\u00e9nEsViolencia<\/a><\/p>\n<p>Equipo CKL<\/p>\n<p>&nbsp;<\/p>\n<\/div>\n","protected":false},"excerpt":{"rendered":"<p>La Asociaci\u00f3n de la Prensa de Sevilla (APS) y la <a href=\"https:\/\/cklcomunicaciones.es\/coop\/tambienesviolencia\/\">[&#8230;]<\/a><\/p>\n","protected":false},"author":3,"featured_media":12980,"comment_status":"closed","ping_status":"closed","sticky":false,"template":"","format":"standard","meta":{"footnotes":""},"categories":[297],"tags":[109],"class_list":["post-12979","post","type-post","status-publish","format-standard","has-post-thumbnail","hentry","category-actualidad","tag-violencia-de-genero"],"yoast_head":"<!-- This site is optimized with the Yoast SEO plugin v27.5 - https:\/\/yoast.com\/product\/yoast-seo-wordpress\/ -->\n<title>Campa\u00f1a 25N de la APS y AMPS #Tambi\u00e9nEsViolencia<\/title>\n<meta name=\"description\" content=\"#Tambi\u00e9nEsViolencia, iniciativa con el objetivo de denunciar los distintos tipos de violencia sobre las mujeres que se difunden en medios de comunicaci\u00f3n\" \/>\n<meta name=\"robots\" content=\"index, follow, max-snippet:-1, max-image-preview:large, max-video-preview:-1\" \/>\n<link rel=\"canonical\" href=\"https:\/\/cklcomunicaciones.es\/coop\/tambienesviolencia\/\" \/>\n<meta property=\"og:locale\" content=\"es_ES\" \/>\n<meta property=\"og:type\" content=\"article\" \/>\n<meta property=\"og:title\" content=\"Campa\u00f1a 25N de la APS y AMPS #Tambi\u00e9nEsViolencia\" \/>\n<meta property=\"og:description\" content=\"#Tambi\u00e9nEsViolencia, iniciativa con el objetivo de denunciar los distintos tipos de violencia sobre las mujeres que se difunden en medios de comunicaci\u00f3n\" \/>\n<meta property=\"og:url\" content=\"https:\/\/cklcomunicaciones.es\/coop\/tambienesviolencia\/\" \/>\n<meta property=\"og:site_name\" content=\"CKL Comunicaciones\" \/>\n<meta property=\"article:published_time\" content=\"2017-11-28T11:51:42+00:00\" \/>\n<meta property=\"og:image\" content=\"https:\/\/cklcomunicaciones.es\/coop\/wp-content\/uploads\/2017\/11\/tambic3a9nesnoticia_blog.png\" \/>\n\t<meta property=\"og:image:width\" content=\"560\" \/>\n\t<meta property=\"og:image:height\" content=\"312\" \/>\n\t<meta property=\"og:image:type\" content=\"image\/png\" \/>\n<meta name=\"author\" content=\"ckl\" \/>\n<meta name=\"twitter:card\" content=\"summary_large_image\" \/>\n<meta name=\"twitter:label1\" content=\"Escrito por\" \/>\n\t<meta name=\"twitter:data1\" content=\"ckl\" \/>\n\t<meta name=\"twitter:label2\" content=\"Tiempo de lectura\" \/>\n\t<meta name=\"twitter:data2\" content=\"1 minuto\" \/>\n<script type=\"application\/ld+json\" class=\"yoast-schema-graph\">{\"@context\":\"https:\\\/\\\/schema.org\",\"@graph\":[{\"@type\":\"Article\",\"@id\":\"https:\\\/\\\/cklcomunicaciones.es\\\/coop\\\/tambienesviolencia\\\/#article\",\"isPartOf\":{\"@id\":\"https:\\\/\\\/cklcomunicaciones.es\\\/coop\\\/tambienesviolencia\\\/\"},\"author\":{\"name\":\"ckl\",\"@id\":\"https:\\\/\\\/cklcomunicaciones.es\\\/coop\\\/#\\\/schema\\\/person\\\/929a6837f7626450bbb50cee1aef266e\"},\"headline\":\"La APS y La AMPS ponen en marcha la campa\u00f1a #TAMBI\u00c9NESVIOLENCIA\",\"datePublished\":\"2017-11-28T11:51:42+00:00\",\"mainEntityOfPage\":{\"@id\":\"https:\\\/\\\/cklcomunicaciones.es\\\/coop\\\/tambienesviolencia\\\/\"},\"wordCount\":179,\"image\":{\"@id\":\"https:\\\/\\\/cklcomunicaciones.es\\\/coop\\\/tambienesviolencia\\\/#primaryimage\"},\"thumbnailUrl\":\"https:\\\/\\\/cklcomunicaciones.es\\\/coop\\\/wp-content\\\/uploads\\\/2017\\\/11\\\/tambic3a9nesnoticia_blog.png\",\"keywords\":[\"violencia de g\u00e9nero\"],\"articleSection\":[\"Actualidad\"],\"inLanguage\":\"es\"},{\"@type\":\"WebPage\",\"@id\":\"https:\\\/\\\/cklcomunicaciones.es\\\/coop\\\/tambienesviolencia\\\/\",\"url\":\"https:\\\/\\\/cklcomunicaciones.es\\\/coop\\\/tambienesviolencia\\\/\",\"name\":\"Campa\u00f1a 25N de la APS y AMPS #Tambi\u00e9nEsViolencia\",\"isPartOf\":{\"@id\":\"https:\\\/\\\/cklcomunicaciones.es\\\/coop\\\/#website\"},\"primaryImageOfPage\":{\"@id\":\"https:\\\/\\\/cklcomunicaciones.es\\\/coop\\\/tambienesviolencia\\\/#primaryimage\"},\"image\":{\"@id\":\"https:\\\/\\\/cklcomunicaciones.es\\\/coop\\\/tambienesviolencia\\\/#primaryimage\"},\"thumbnailUrl\":\"https:\\\/\\\/cklcomunicaciones.es\\\/coop\\\/wp-content\\\/uploads\\\/2017\\\/11\\\/tambic3a9nesnoticia_blog.png\",\"datePublished\":\"2017-11-28T11:51:42+00:00\",\"author\":{\"@id\":\"https:\\\/\\\/cklcomunicaciones.es\\\/coop\\\/#\\\/schema\\\/person\\\/929a6837f7626450bbb50cee1aef266e\"},\"description\":\"#Tambi\u00e9nEsViolencia, iniciativa con el objetivo de denunciar los distintos tipos de violencia sobre las mujeres que se difunden en medios de comunicaci\u00f3n\",\"breadcrumb\":{\"@id\":\"https:\\\/\\\/cklcomunicaciones.es\\\/coop\\\/tambienesviolencia\\\/#breadcrumb\"},\"inLanguage\":\"es\",\"potentialAction\":[{\"@type\":\"ReadAction\",\"target\":[\"https:\\\/\\\/cklcomunicaciones.es\\\/coop\\\/tambienesviolencia\\\/\"]}]},{\"@type\":\"ImageObject\",\"inLanguage\":\"es\",\"@id\":\"https:\\\/\\\/cklcomunicaciones.es\\\/coop\\\/tambienesviolencia\\\/#primaryimage\",\"url\":\"https:\\\/\\\/cklcomunicaciones.es\\\/coop\\\/wp-content\\\/uploads\\\/2017\\\/11\\\/tambic3a9nesnoticia_blog.png\",\"contentUrl\":\"https:\\\/\\\/cklcomunicaciones.es\\\/coop\\\/wp-content\\\/uploads\\\/2017\\\/11\\\/tambic3a9nesnoticia_blog.png\",\"width\":560,\"height\":312,\"caption\":\"Campa\u00f1a de la APS y AMPS #Tambi\u00e9nEsViolencia\"},{\"@type\":\"BreadcrumbList\",\"@id\":\"https:\\\/\\\/cklcomunicaciones.es\\\/coop\\\/tambienesviolencia\\\/#breadcrumb\",\"itemListElement\":[{\"@type\":\"ListItem\",\"position\":1,\"name\":\"Portada\",\"item\":\"https:\\\/\\\/cklcomunicaciones.es\\\/coop\\\/\"},{\"@type\":\"ListItem\",\"position\":2,\"name\":\"La APS y La AMPS ponen en marcha la campa\u00f1a #TAMBI\u00c9NESVIOLENCIA\"}]},{\"@type\":\"WebSite\",\"@id\":\"https:\\\/\\\/cklcomunicaciones.es\\\/coop\\\/#website\",\"url\":\"https:\\\/\\\/cklcomunicaciones.es\\\/coop\\\/\",\"name\":\"CKL Comunicaciones\",\"description\":\"Sitio web de CKL Comunicaciones coop , la consultora de comunicaci\u00f3n y estrategia\",\"potentialAction\":[{\"@type\":\"SearchAction\",\"target\":{\"@type\":\"EntryPoint\",\"urlTemplate\":\"https:\\\/\\\/cklcomunicaciones.es\\\/coop\\\/?s={search_term_string}\"},\"query-input\":{\"@type\":\"PropertyValueSpecification\",\"valueRequired\":true,\"valueName\":\"search_term_string\"}}],\"inLanguage\":\"es\"},{\"@type\":\"Person\",\"@id\":\"https:\\\/\\\/cklcomunicaciones.es\\\/coop\\\/#\\\/schema\\\/person\\\/929a6837f7626450bbb50cee1aef266e\",\"name\":\"ckl\",\"image\":{\"@type\":\"ImageObject\",\"inLanguage\":\"es\",\"@id\":\"https:\\\/\\\/secure.gravatar.com\\\/avatar\\\/c82db564e8a669bf6023357a157b9dc4780f4d4c618f2ad1d71a6a5dede45057?s=96&d=mm&r=g\",\"url\":\"https:\\\/\\\/secure.gravatar.com\\\/avatar\\\/c82db564e8a669bf6023357a157b9dc4780f4d4c618f2ad1d71a6a5dede45057?s=96&d=mm&r=g\",\"contentUrl\":\"https:\\\/\\\/secure.gravatar.com\\\/avatar\\\/c82db564e8a669bf6023357a157b9dc4780f4d4c618f2ad1d71a6a5dede45057?s=96&d=mm&r=g\",\"caption\":\"ckl\"},\"url\":\"https:\\\/\\\/cklcomunicaciones.es\\\/coop\\\/author\\\/cklcomunicaciones\\\/\"}]}<\/script>\n<!-- \/ Yoast SEO plugin. -->","yoast_head_json":{"title":"Campa\u00f1a 25N de la APS y AMPS #Tambi\u00e9nEsViolencia","description":"#Tambi\u00e9nEsViolencia, iniciativa con el objetivo de denunciar los distintos tipos de violencia sobre las mujeres que se difunden en medios de comunicaci\u00f3n","robots":{"index":"index","follow":"follow","max-snippet":"max-snippet:-1","max-image-preview":"max-image-preview:large","max-video-preview":"max-video-preview:-1"},"canonical":"https:\/\/cklcomunicaciones.es\/coop\/tambienesviolencia\/","og_locale":"es_ES","og_type":"article","og_title":"Campa\u00f1a 25N de la APS y AMPS #Tambi\u00e9nEsViolencia","og_description":"#Tambi\u00e9nEsViolencia, iniciativa con el objetivo de denunciar los distintos tipos de violencia sobre las mujeres que se difunden en medios de comunicaci\u00f3n","og_url":"https:\/\/cklcomunicaciones.es\/coop\/tambienesviolencia\/","og_site_name":"CKL Comunicaciones","article_published_time":"2017-11-28T11:51:42+00:00","og_image":[{"width":560,"height":312,"url":"https:\/\/cklcomunicaciones.es\/coop\/wp-content\/uploads\/2017\/11\/tambic3a9nesnoticia_blog.png","type":"image\/png"}],"author":"ckl","twitter_card":"summary_large_image","twitter_misc":{"Escrito por":"ckl","Tiempo de lectura":"1 minuto"},"schema":{"@context":"https:\/\/schema.org","@graph":[{"@type":"Article","@id":"https:\/\/cklcomunicaciones.es\/coop\/tambienesviolencia\/#article","isPartOf":{"@id":"https:\/\/cklcomunicaciones.es\/coop\/tambienesviolencia\/"},"author":{"name":"ckl","@id":"https:\/\/cklcomunicaciones.es\/coop\/#\/schema\/person\/929a6837f7626450bbb50cee1aef266e"},"headline":"La APS y La AMPS ponen en marcha la campa\u00f1a #TAMBI\u00c9NESVIOLENCIA","datePublished":"2017-11-28T11:51:42+00:00","mainEntityOfPage":{"@id":"https:\/\/cklcomunicaciones.es\/coop\/tambienesviolencia\/"},"wordCount":179,"image":{"@id":"https:\/\/cklcomunicaciones.es\/coop\/tambienesviolencia\/#primaryimage"},"thumbnailUrl":"https:\/\/cklcomunicaciones.es\/coop\/wp-content\/uploads\/2017\/11\/tambic3a9nesnoticia_blog.png","keywords":["violencia de g\u00e9nero"],"articleSection":["Actualidad"],"inLanguage":"es"},{"@type":"WebPage","@id":"https:\/\/cklcomunicaciones.es\/coop\/tambienesviolencia\/","url":"https:\/\/cklcomunicaciones.es\/coop\/tambienesviolencia\/","name":"Campa\u00f1a 25N de la APS y AMPS #Tambi\u00e9nEsViolencia","isPartOf":{"@id":"https:\/\/cklcomunicaciones.es\/coop\/#website"},"primaryImageOfPage":{"@id":"https:\/\/cklcomunicaciones.es\/coop\/tambienesviolencia\/#primaryimage"},"image":{"@id":"https:\/\/cklcomunicaciones.es\/coop\/tambienesviolencia\/#primaryimage"},"thumbnailUrl":"https:\/\/cklcomunicaciones.es\/coop\/wp-content\/uploads\/2017\/11\/tambic3a9nesnoticia_blog.png","datePublished":"2017-11-28T11:51:42+00:00","author":{"@id":"https:\/\/cklcomunicaciones.es\/coop\/#\/schema\/person\/929a6837f7626450bbb50cee1aef266e"},"description":"#Tambi\u00e9nEsViolencia, iniciativa con el objetivo de denunciar los distintos tipos de violencia sobre las mujeres que se difunden en medios de comunicaci\u00f3n","breadcrumb":{"@id":"https:\/\/cklcomunicaciones.es\/coop\/tambienesviolencia\/#breadcrumb"},"inLanguage":"es","potentialAction":[{"@type":"ReadAction","target":["https:\/\/cklcomunicaciones.es\/coop\/tambienesviolencia\/"]}]},{"@type":"ImageObject","inLanguage":"es","@id":"https:\/\/cklcomunicaciones.es\/coop\/tambienesviolencia\/#primaryimage","url":"https:\/\/cklcomunicaciones.es\/coop\/wp-content\/uploads\/2017\/11\/tambic3a9nesnoticia_blog.png","contentUrl":"https:\/\/cklcomunicaciones.es\/coop\/wp-content\/uploads\/2017\/11\/tambic3a9nesnoticia_blog.png","width":560,"height":312,"caption":"Campa\u00f1a de la APS y AMPS #Tambi\u00e9nEsViolencia"},{"@type":"BreadcrumbList","@id":"https:\/\/cklcomunicaciones.es\/coop\/tambienesviolencia\/#breadcrumb","itemListElement":[{"@type":"ListItem","position":1,"name":"Portada","item":"https:\/\/cklcomunicaciones.es\/coop\/"},{"@type":"ListItem","position":2,"name":"La APS y La AMPS ponen en marcha la campa\u00f1a #TAMBI\u00c9NESVIOLENCIA"}]},{"@type":"WebSite","@id":"https:\/\/cklcomunicaciones.es\/coop\/#website","url":"https:\/\/cklcomunicaciones.es\/coop\/","name":"CKL Comunicaciones","description":"Sitio web de CKL Comunicaciones coop , la consultora de comunicaci\u00f3n y estrategia","potentialAction":[{"@type":"SearchAction","target":{"@type":"EntryPoint","urlTemplate":"https:\/\/cklcomunicaciones.es\/coop\/?s={search_term_string}"},"query-input":{"@type":"PropertyValueSpecification","valueRequired":true,"valueName":"search_term_string"}}],"inLanguage":"es"},{"@type":"Person","@id":"https:\/\/cklcomunicaciones.es\/coop\/#\/schema\/person\/929a6837f7626450bbb50cee1aef266e","name":"ckl","image":{"@type":"ImageObject","inLanguage":"es","@id":"https:\/\/secure.gravatar.com\/avatar\/c82db564e8a669bf6023357a157b9dc4780f4d4c618f2ad1d71a6a5dede45057?s=96&d=mm&r=g","url":"https:\/\/secure.gravatar.com\/avatar\/c82db564e8a669bf6023357a157b9dc4780f4d4c618f2ad1d71a6a5dede45057?s=96&d=mm&r=g","contentUrl":"https:\/\/secure.gravatar.com\/avatar\/c82db564e8a669bf6023357a157b9dc4780f4d4c618f2ad1d71a6a5dede45057?s=96&d=mm&r=g","caption":"ckl"},"url":"https:\/\/cklcomunicaciones.es\/coop\/author\/cklcomunicaciones\/"}]}},"_links":{"self":[{"href":"https:\/\/cklcomunicaciones.es\/coop\/wp-json\/wp\/v2\/posts\/12979","targetHints":{"allow":["GET"]}}],"collection":[{"href":"https:\/\/cklcomunicaciones.es\/coop\/wp-json\/wp\/v2\/posts"}],"about":[{"href":"https:\/\/cklcomunicaciones.es\/coop\/wp-json\/wp\/v2\/types\/post"}],"author":[{"embeddable":true,"href":"https:\/\/cklcomunicaciones.es\/coop\/wp-json\/wp\/v2\/users\/3"}],"replies":[{"embeddable":true,"href":"https:\/\/cklcomunicaciones.es\/coop\/wp-json\/wp\/v2\/comments?post=12979"}],"version-history":[{"count":0,"href":"https:\/\/cklcomunicaciones.es\/coop\/wp-json\/wp\/v2\/posts\/12979\/revisions"}],"wp:featuredmedia":[{"embeddable":true,"href":"https:\/\/cklcomunicaciones.es\/coop\/wp-json\/wp\/v2\/media\/12980"}],"wp:attachment":[{"href":"https:\/\/cklcomunicaciones.es\/coop\/wp-json\/wp\/v2\/media?parent=12979"}],"wp:term":[{"taxonomy":"category","embeddable":true,"href":"https:\/\/cklcomunicaciones.es\/coop\/wp-json\/wp\/v2\/categories?post=12979"},{"taxonomy":"post_tag","embeddable":true,"href":"https:\/\/cklcomunicaciones.es\/coop\/wp-json\/wp\/v2\/tags?post=12979"}],"curies":[{"name":"wp","href":"https:\/\/api.w.org\/{rel}","templated":true}]}}