{"id":12920,"date":"2017-11-24T12:43:57","date_gmt":"2017-11-24T11:43:57","guid":{"rendered":"http:\/\/www.cklcomunicaciones.es\/?p=12920"},"modified":"2017-11-24T12:43:57","modified_gmt":"2017-11-24T11:43:57","slug":"25noviembre2017","status":"publish","type":"post","link":"https:\/\/cklcomunicaciones.es\/coop\/25noviembre2017\/","title":{"rendered":"Movilizaciones 2017 #25Noviembre"},"content":{"rendered":"<div class=\"text_exposed_show\">\n<div>\n<p class=\"surlignable\"><strong>Movilizaciones 2017 #25Noviembre D\u00eda Internacional Por la Eliminaci\u00f3n de las Violencias hacia las Mujeres<\/strong><\/p>\n<\/div>\n<p class=\"spip\"><strong>25 NOVIEMBRE<\/strong><\/p>\n<p><img decoding=\"async\" class=\"lazyload puce\" src=\"data:image\/svg+xml,%3Csvg%20xmlns%3D%27http%3A%2F%2Fwww.w3.org%2F2000%2Fsvg%27%20width%3D%278%27%20height%3D%2711%27%20viewBox%3D%270%200%208%2011%27%3E%3Crect%20width%3D%278%27%20height%3D%2711%27%20fill-opacity%3D%220%22%2F%3E%3C%2Fsvg%3E\" data-orig-src=\"http:\/\/www.feministas.org\/local\/cache-vignettes\/L8xH11\/puce-cebf5.gif\" alt=\"-\" width=\"8\" height=\"11\" \/>\u00a0<strong>ALACANT-ALICANTE<\/strong><br class=\"autobr\" \/> A las 18:30 pla\u00e7a de la Muntanyeta<br class=\"autobr\" \/> Convoca: Plataforma Feminista de Alicante<\/p>\n<p>III Marxa De Torxes Alacant contra les viol\u00e8ncies masclistes<br class=\"autobr\" \/> A las 19:00 en la plza. Calvo Sotelo<br class=\"autobr\" \/> Convoca:diferents col\u00b7lectius feministes d\u2019Alacant<br class=\"autobr\" \/> <a class=\"spip_url spip_out auto\" href=\"https:\/\/www.facebook.com\/events\/1188706411266519\/\" rel=\"nofollow external\">https:\/\/www.facebook.com\/events\/1188706411266519\/<\/a><\/p>\n<p><img decoding=\"async\" class=\"lazyload puce\" src=\"data:image\/svg+xml,%3Csvg%20xmlns%3D%27http%3A%2F%2Fwww.w3.org%2F2000%2Fsvg%27%20width%3D%278%27%20height%3D%2711%27%20viewBox%3D%270%200%208%2011%27%3E%3Crect%20width%3D%278%27%20height%3D%2711%27%20fill-opacity%3D%220%22%2F%3E%3C%2Fsvg%3E\" data-orig-src=\"http:\/\/www.feministas.org\/local\/cache-vignettes\/L8xH11\/puce-cebf5.gif\" alt=\"-\" width=\"8\" height=\"11\" \/>\u00a0<strong>ALGECIRAS<\/strong><br class=\"autobr\" \/> A las 19:00 plza.Alta<br class=\"autobr\" \/> Convoca:Marea Violeta Campo de Gibraltar<\/p>\n<p><img decoding=\"async\" class=\"lazyload puce\" src=\"data:image\/svg+xml,%3Csvg%20xmlns%3D%27http%3A%2F%2Fwww.w3.org%2F2000%2Fsvg%27%20width%3D%278%27%20height%3D%2711%27%20viewBox%3D%270%200%208%2011%27%3E%3Crect%20width%3D%278%27%20height%3D%2711%27%20fill-opacity%3D%220%22%2F%3E%3C%2Fsvg%3E\" data-orig-src=\"http:\/\/www.feministas.org\/local\/cache-vignettes\/L8xH11\/puce-cebf5.gif\" alt=\"-\" width=\"8\" height=\"11\" \/>\u00a0<strong>ALMERIA<\/strong><br class=\"autobr\" \/> A las 19:00 en Puerta Purchena<br class=\"autobr\" \/> Convoca:Plataforma de Acci\u00f3n Feminista de Almer\u00eda<br class=\"autobr\" \/> <a class=\"spip_url spip_out auto\" href=\"https:\/\/www.facebook.com\/events\/330137184128174\/\" rel=\"nofollow external\">https:\/\/www.facebook.com\/events\/330137184128174\/<\/a><\/p>\n<p><img decoding=\"async\" class=\"lazyload puce\" src=\"data:image\/svg+xml,%3Csvg%20xmlns%3D%27http%3A%2F%2Fwww.w3.org%2F2000%2Fsvg%27%20width%3D%278%27%20height%3D%2711%27%20viewBox%3D%270%200%208%2011%27%3E%3Crect%20width%3D%278%27%20height%3D%2711%27%20fill-opacity%3D%220%22%2F%3E%3C%2Fsvg%3E\" data-orig-src=\"http:\/\/www.feministas.org\/local\/cache-vignettes\/L8xH11\/puce-cebf5.gif\" alt=\"-\" width=\"8\" height=\"11\" \/>\u00a0<strong>BARCELONA<\/strong><br class=\"autobr\" \/> Manifestaci\u00f3 a las 18:00 Pla\u00e7a Universitat<br class=\"autobr\" \/> Ens volem vives, lliures i rebels! #VivesiRebels<br class=\"autobr\" \/> Convoca:Novembre Feminista<br class=\"autobr\" \/> <a class=\"spip_url spip_out auto\" href=\"https:\/\/www.facebook.com\/events\/543041352717752\/\" rel=\"nofollow external\">https:\/\/www.facebook.com\/events\/543041352717752\/<\/a><br class=\"autobr\" \/> <a class=\"spip_url spip_out auto\" href=\"https:\/\/novembrefeminista.wordpress.com\/\" rel=\"nofollow external\">https:\/\/novembrefeminista.wordpress.com\/<\/a><\/p>\n<p>La manifestaci\u00f3 nocturna del 25 de novembre comen\u00e7ar\u00e0 a les 21:30 <br class=\"autobr\" \/> al Carrer del Dr. Trueta 84, davant de la Wad Ras.<br class=\"autobr\" \/> Baixaran les temperatures&#8230; veniu abrigadxs!<br class=\"autobr\" \/> ((((((mani per a trans, bolleres i dones)))))<br class=\"autobr\" \/> Convoca:Akelarre<br class=\"autobr\" \/> <a class=\"spip_url spip_out auto\" href=\"https:\/\/www.facebook.com\/events\/525435847829018\/\" rel=\"nofollow external\">https:\/\/www.facebook.com\/events\/525435847829018\/<\/a><\/p>\n<p><img decoding=\"async\" class=\"lazyload puce\" src=\"data:image\/svg+xml,%3Csvg%20xmlns%3D%27http%3A%2F%2Fwww.w3.org%2F2000%2Fsvg%27%20width%3D%278%27%20height%3D%2711%27%20viewBox%3D%270%200%208%2011%27%3E%3Crect%20width%3D%278%27%20height%3D%2711%27%20fill-opacity%3D%220%22%2F%3E%3C%2Fsvg%3E\" data-orig-src=\"http:\/\/www.feministas.org\/local\/cache-vignettes\/L8xH11\/puce-cebf5.gif\" alt=\"-\" width=\"8\" height=\"11\" \/>\u00a0<strong>BURGOS<\/strong><br class=\"autobr\" \/> A las 20.00 Plza. del Cid<br class=\"autobr\" \/> Convoca:Coordinadora 8 de marzo<br class=\"autobr\" \/> <a class=\"spip_url spip_out auto\" href=\"https:\/\/www.facebook.com\/events\/881437062037673\/\" rel=\"nofollow external\">https:\/\/www.facebook.com\/events\/881437062037673\/<\/a><br class=\"autobr\" \/> Juntas contra las violencias machistas<\/p>\n<p>El dia 24 noviembre Marcha nocturna no mixta a las 23:30 plaza. San Juan<br class=\"autobr\" \/> contra el acoso callejero y las agresiones sexuales.<\/p>\n<p><img decoding=\"async\" class=\"lazyload puce\" src=\"data:image\/svg+xml,%3Csvg%20xmlns%3D%27http%3A%2F%2Fwww.w3.org%2F2000%2Fsvg%27%20width%3D%278%27%20height%3D%2711%27%20viewBox%3D%270%200%208%2011%27%3E%3Crect%20width%3D%278%27%20height%3D%2711%27%20fill-opacity%3D%220%22%2F%3E%3C%2Fsvg%3E\" data-orig-src=\"http:\/\/www.feministas.org\/local\/cache-vignettes\/L8xH11\/puce-cebf5.gif\" alt=\"-\" width=\"8\" height=\"11\" \/>\u00a0<strong>CADIZ<\/strong> EL DIA 11 NOVIEMBRE<br class=\"autobr\" \/> II Marcha contra las violencias machistas<br class=\"autobr\" \/> <a class=\"spip_url spip_out auto\" href=\"https:\/\/www.facebook.com\/610661409058649\/photos\/a.610667352391388.1073741828.610661409058649\/790145947776860\/\" rel=\"nofollow external\">https:\/\/www.facebook.com\/610661409058649\/photos\/a.610667352391388.1073741828.610661409058649\/790145947776860\/<\/a><br class=\"autobr\" \/> Convocan:Colectivos Feministas Provincia de C\u00e1diz<\/p>\n<p>25 NOVIEMBRE a las 12:00 en la plza. del Palillero<br class=\"autobr\" \/> Convoca:Marea Violeta Cadiz<\/p>\n<p><img decoding=\"async\" class=\"lazyload puce\" src=\"data:image\/svg+xml,%3Csvg%20xmlns%3D%27http%3A%2F%2Fwww.w3.org%2F2000%2Fsvg%27%20width%3D%278%27%20height%3D%2711%27%20viewBox%3D%270%200%208%2011%27%3E%3Crect%20width%3D%278%27%20height%3D%2711%27%20fill-opacity%3D%220%22%2F%3E%3C%2Fsvg%3E\" data-orig-src=\"http:\/\/www.feministas.org\/local\/cache-vignettes\/L8xH11\/puce-cebf5.gif\" alt=\"-\" width=\"8\" height=\"11\" \/>\u00a0<strong>CARTAGENA<\/strong> <br class=\"autobr\" \/> A las 12h. Sale desde el principio de la Calle del Carmen hasta la Plaza del ayuntamiento.<br class=\"autobr\" \/> Convoca:Diversas organizaciones feministas.<\/p>\n<p><img decoding=\"async\" class=\"lazyload puce\" src=\"data:image\/svg+xml,%3Csvg%20xmlns%3D%27http%3A%2F%2Fwww.w3.org%2F2000%2Fsvg%27%20width%3D%278%27%20height%3D%2711%27%20viewBox%3D%270%200%208%2011%27%3E%3Crect%20width%3D%278%27%20height%3D%2711%27%20fill-opacity%3D%220%22%2F%3E%3C%2Fsvg%3E\" data-orig-src=\"http:\/\/www.feministas.org\/local\/cache-vignettes\/L8xH11\/puce-cebf5.gif\" alt=\"-\" width=\"8\" height=\"11\" \/>\u00a0<strong>CASTELLON<\/strong><br class=\"autobr\" \/> A las 18:30 Plaza Maria Agustina<br class=\"autobr\" \/> Convoca:Plataforma de Igualtat de Castell\u00f3<br class=\"autobr\" \/> <a class=\"spip_url spip_out auto\" href=\"https:\/\/www.facebook.com\/events\/1939985672922500\/\" rel=\"nofollow external\">https:\/\/www.facebook.com\/events\/1939985672922500\/<\/a><\/p>\n<p><img decoding=\"async\" class=\"lazyload puce\" src=\"data:image\/svg+xml,%3Csvg%20xmlns%3D%27http%3A%2F%2Fwww.w3.org%2F2000%2Fsvg%27%20width%3D%278%27%20height%3D%2711%27%20viewBox%3D%270%200%208%2011%27%3E%3Crect%20width%3D%278%27%20height%3D%2711%27%20fill-opacity%3D%220%22%2F%3E%3C%2Fsvg%3E\" data-orig-src=\"http:\/\/www.feministas.org\/local\/cache-vignettes\/L8xH11\/puce-cebf5.gif\" alt=\"-\" width=\"8\" height=\"11\" \/>\u00a0<strong>CIUDAD REAL<\/strong><br class=\"autobr\" \/> A las 20:00 en la plza del Pilar<br class=\"autobr\" \/> \u00abNo me digas que denuncie, dile a \u00e9l, que no me mate\u00bb<br class=\"autobr\" \/> Convoca:Diversas Organizaciones Feministas<\/p>\n<p><img decoding=\"async\" class=\"lazyload puce\" src=\"data:image\/svg+xml,%3Csvg%20xmlns%3D%27http%3A%2F%2Fwww.w3.org%2F2000%2Fsvg%27%20width%3D%278%27%20height%3D%2711%27%20viewBox%3D%270%200%208%2011%27%3E%3Crect%20width%3D%278%27%20height%3D%2711%27%20fill-opacity%3D%220%22%2F%3E%3C%2Fsvg%3E\" data-orig-src=\"http:\/\/www.feministas.org\/local\/cache-vignettes\/L8xH11\/puce-cebf5.gif\" alt=\"-\" width=\"8\" height=\"11\" \/>\u00a0<strong>CORDOBA<\/strong><br class=\"autobr\" \/> A las 17:30 salida desde los Juzgados llegada a la Plaza de las Tendillas.<br class=\"autobr\" \/> Convoca:Plataforma Cordobesa Contra la Violencia a las Mujeres<br class=\"autobr\" \/> <a class=\"spip_url spip_out auto\" href=\"https:\/\/www.facebook.com\/events\/181571575711325\/\" rel=\"nofollow external\">https:\/\/www.facebook.com\/events\/181571575711325\/<\/a><br class=\"autobr\" \/> M\u00e1s accciones en torno al 25N en C\u00f3rdoba ver:<br class=\"autobr\" \/> <a class=\"spip_url spip_out auto\" href=\"https:\/\/www.facebook.com\/PlataformaCordobesa\/\" rel=\"nofollow external\">https:\/\/www.facebook.com\/PlataformaCordobesa\/<\/a><\/p>\n<p><img decoding=\"async\" class=\"lazyload puce\" src=\"data:image\/svg+xml,%3Csvg%20xmlns%3D%27http%3A%2F%2Fwww.w3.org%2F2000%2Fsvg%27%20width%3D%278%27%20height%3D%2711%27%20viewBox%3D%270%200%208%2011%27%3E%3Crect%20width%3D%278%27%20height%3D%2711%27%20fill-opacity%3D%220%22%2F%3E%3C%2Fsvg%3E\" data-orig-src=\"http:\/\/www.feministas.org\/local\/cache-vignettes\/L8xH11\/puce-cebf5.gif\" alt=\"-\" width=\"8\" height=\"11\" \/>\u00a0<strong>CUENCA<\/strong><br class=\"autobr\" \/> 13:00 h. Concentraci\u00f3n en la Plaza de la Hispanidad (San Esteban)<br class=\"autobr\" \/> Convoca:Comando Violeta<br class=\"autobr\" \/> <a class=\"spip_url spip_out auto\" href=\"https:\/\/www.facebook.com\/events\/771535893034685\/\" rel=\"nofollow external\">https:\/\/www.facebook.com\/events\/771535893034685\/<\/a><\/p>\n<p><img decoding=\"async\" class=\"lazyload puce\" src=\"data:image\/svg+xml,%3Csvg%20xmlns%3D%27http%3A%2F%2Fwww.w3.org%2F2000%2Fsvg%27%20width%3D%278%27%20height%3D%2711%27%20viewBox%3D%270%200%208%2011%27%3E%3Crect%20width%3D%278%27%20height%3D%2711%27%20fill-opacity%3D%220%22%2F%3E%3C%2Fsvg%3E\" data-orig-src=\"http:\/\/www.feministas.org\/local\/cache-vignettes\/L8xH11\/puce-cebf5.gif\" alt=\"-\" width=\"8\" height=\"11\" \/>\u00a0<strong>ELX-ELCHE<\/strong><br class=\"autobr\" \/> A las 21h.<br class=\"autobr\" \/> La manifiestaci\u00f3, amb eixida des de la Pla\u00e7a de Barcelona, discorrer\u00e0 pels carrers Diagonal, Avinguda de la Llibertat, Cristobal Sanz, Blasco Ib\u00e1\u00f1ez, Doctor Car, Reina Vict\u00f2ria, Corredora, Carrer Ample i Pla\u00e7a dels Eres de Santa Lluc\u00eda.<br class=\"autobr\" \/> #25NElx #DonaPrenLaNit #Metoo<br class=\"autobr\" \/> Convoca. Elx pel dret a decidir<br class=\"autobr\" \/> <a class=\"spip_url spip_out auto\" href=\"https:\/\/www.facebook.com\/events\/1787979328167949\/\" rel=\"nofollow external\">https:\/\/www.facebook.com\/events\/1787979328167949\/<\/a><\/p>\n<p><img decoding=\"async\" class=\"lazyload puce\" src=\"data:image\/svg+xml,%3Csvg%20xmlns%3D%27http%3A%2F%2Fwww.w3.org%2F2000%2Fsvg%27%20width%3D%278%27%20height%3D%2711%27%20viewBox%3D%270%200%208%2011%27%3E%3Crect%20width%3D%278%27%20height%3D%2711%27%20fill-opacity%3D%220%22%2F%3E%3C%2Fsvg%3E\" data-orig-src=\"http:\/\/www.feministas.org\/local\/cache-vignettes\/L8xH11\/puce-cebf5.gif\" alt=\"-\" width=\"8\" height=\"11\" \/>\u00a0<strong>El MASNOU-BARCELONA <\/strong> <br class=\"autobr\" \/> A las 19:00 Pla\u00e7a de Miquel Mart\u00ed i Pol<br class=\"autobr\" \/> Convoca:Maresme Feminista<br class=\"autobr\" \/> <a class=\"spip_url spip_out auto\" href=\"https:\/\/www.facebook.com\/events\/143636743029555\/\" rel=\"nofollow external\">https:\/\/www.facebook.com\/events\/143636743029555\/<\/a><\/p>\n<p><img decoding=\"async\" class=\"lazyload puce\" src=\"data:image\/svg+xml,%3Csvg%20xmlns%3D%27http%3A%2F%2Fwww.w3.org%2F2000%2Fsvg%27%20width%3D%278%27%20height%3D%2711%27%20viewBox%3D%270%200%208%2011%27%3E%3Crect%20width%3D%278%27%20height%3D%2711%27%20fill-opacity%3D%220%22%2F%3E%3C%2Fsvg%3E\" data-orig-src=\"http:\/\/www.feministas.org\/local\/cache-vignettes\/L8xH11\/puce-cebf5.gif\" alt=\"-\" width=\"8\" height=\"11\" \/>\u00a0<strong>EUSKAL HERRIA<\/strong><\/p>\n<ul class=\"spip\">\n<li><strong>BAIONA<\/strong> a las 11:00 Udaletxetik<\/li>\n<li><strong>BILBO<\/strong> A las 18:30 Jesusen Bihotzetik<\/li>\n<li><strong>DONOSTIA<\/strong> a las 19:00 Bulebarretik.<\/li>\n<li><strong>GASTEIZ<\/strong> A las 18:30 en Andra Mari Zuriatik<\/li>\n<li><strong>IRU\u00d1EA<\/strong> a las 20:00 Gaztelu Plazatik<\/li>\n<\/ul>\n<p>Convoca:Euskal Herriko Mugimendu Feminista<br class=\"autobr\" \/> ZURE EGIA GUREA EGITEN DUGU,<br class=\"autobr\" \/> Nuestra Palabra Cuenta\u00a1<\/p>\n<p>en <strong>IRU\u00d1EA<\/strong> el dia 24 Manifestaci\u00f3n nocturna<br class=\"autobr\" \/> a las 22:00 en Udaletxe Plza.<\/p>\n<p><img decoding=\"async\" class=\"lazyload puce\" src=\"data:image\/svg+xml,%3Csvg%20xmlns%3D%27http%3A%2F%2Fwww.w3.org%2F2000%2Fsvg%27%20width%3D%278%27%20height%3D%2711%27%20viewBox%3D%270%200%208%2011%27%3E%3Crect%20width%3D%278%27%20height%3D%2711%27%20fill-opacity%3D%220%22%2F%3E%3C%2Fsvg%3E\" data-orig-src=\"http:\/\/www.feministas.org\/local\/cache-vignettes\/L8xH11\/puce-cebf5.gif\" alt=\"-\" width=\"8\" height=\"11\" \/>\u00a0<strong>GALICIA<\/strong><\/p>\n<ul class=\"spip\">\n<li><strong>OURENSE<\/strong> &#8211; \u00e1s 19h diante do C.C. Ponte Vella<\/li>\n<li><strong>VIGO<\/strong> &#8211; \u00e0s 20h dende a Farola de Urz\u00e0iz<\/li>\n<li><strong>A CORU\u00d1A<\/strong> &#8211; \u00e1s 19h no Obelisco<\/li>\n<li><strong>COMPOSTELA<\/strong> &#8211; \u00e1s 20h dende a Praza 8 de Marzo<\/li>\n<li><strong>FERROLTERRA<\/strong> &#8211; \u00e1s 18h polideportivo San Valent\u00edn (Fene)<\/li>\n<li><strong>ARZ\u00daA<\/strong> &#8211; \u00e1s 19.30h entrada principal do Multiusos<\/li>\n<\/ul>\n<p>Convoca:Marcha Mundial Mulleres Galiza <br class=\"autobr\" \/> <a class=\"spip_url spip_out auto\" href=\"https:\/\/www.facebook.com\/events\/165614910843748\/\" rel=\"nofollow external\">https:\/\/www.facebook.com\/events\/165614910843748\/<\/a><br class=\"autobr\" \/> Imos facer ruido contra contra as agresi\u00f3ns<br class=\"autobr\" \/> A MANADA SOMOS N\u00d3S !!<br class=\"autobr\" \/> Feminismo para vivir !!<\/p>\n<ul class=\"spip\">\n<li><strong>OURENSE<\/strong> &#8211; \u00e1s 19h R\/Saenz Diez<\/li>\n<li><strong>VIGO<\/strong> &#8211; \u00e0s 20h dende a Farola de Urz\u00e0iz<\/li>\n<li><strong>A CORU\u00d1A<\/strong> &#8211; \u00e1s 19h no Obelisco<\/li>\n<li><strong>COMPOSTELA<\/strong> &#8211; \u00e1s 20h dende a Praza 8 de Marzo<\/li>\n<li><strong>ARZ\u00daA<\/strong> &#8211; \u00e1s 19.30h entrada principal do Multiusos<\/li>\n<li><strong>AS PONTES<\/strong> -A las 12:00 Explanada R\/Ramon Cabanillas<\/li>\n<li><strong>TRASANCOS<\/strong> a las 18:00 Polideportivo San Valentin<\/li>\n<\/ul>\n<p>Convoca:Movemento Feminista Galego<\/p>\n<p><img decoding=\"async\" class=\"lazyload puce\" src=\"data:image\/svg+xml,%3Csvg%20xmlns%3D%27http%3A%2F%2Fwww.w3.org%2F2000%2Fsvg%27%20width%3D%278%27%20height%3D%2711%27%20viewBox%3D%270%200%208%2011%27%3E%3Crect%20width%3D%278%27%20height%3D%2711%27%20fill-opacity%3D%220%22%2F%3E%3C%2Fsvg%3E\" data-orig-src=\"http:\/\/www.feministas.org\/local\/cache-vignettes\/L8xH11\/puce-cebf5.gif\" alt=\"-\" width=\"8\" height=\"11\" \/>\u00a0<strong>GIRONA<\/strong><br class=\"autobr\" \/> A las 19:00 Bruixes al carrer\u00a1Pla.Catalunya<br class=\"autobr\" \/> Convoca:Malapecora,La Peineta Transfeminista,Hetakes.<\/p>\n<p><img decoding=\"async\" class=\"lazyload puce\" src=\"data:image\/svg+xml,%3Csvg%20xmlns%3D%27http%3A%2F%2Fwww.w3.org%2F2000%2Fsvg%27%20width%3D%278%27%20height%3D%2711%27%20viewBox%3D%270%200%208%2011%27%3E%3Crect%20width%3D%278%27%20height%3D%2711%27%20fill-opacity%3D%220%22%2F%3E%3C%2Fsvg%3E\" data-orig-src=\"http:\/\/www.feministas.org\/local\/cache-vignettes\/L8xH11\/puce-cebf5.gif\" alt=\"-\" width=\"8\" height=\"11\" \/>\u00a0<strong>GRAN CANARIA<\/strong><br class=\"autobr\" \/> A las 12:00 Plaza de Santa Ana<br class=\"autobr\" \/> Convoca:Red Feminista Gran Canaria<br class=\"autobr\" \/> <a class=\"spip_url spip_out auto\" href=\"https:\/\/www.facebook.com\/events\/489846934734873\/\" rel=\"nofollow external\">https:\/\/www.facebook.com\/events\/489846934734873\/<\/a><\/p>\n<p><img decoding=\"async\" class=\"lazyload puce\" src=\"data:image\/svg+xml,%3Csvg%20xmlns%3D%27http%3A%2F%2Fwww.w3.org%2F2000%2Fsvg%27%20width%3D%278%27%20height%3D%2711%27%20viewBox%3D%270%200%208%2011%27%3E%3Crect%20width%3D%278%27%20height%3D%2711%27%20fill-opacity%3D%220%22%2F%3E%3C%2Fsvg%3E\" data-orig-src=\"http:\/\/www.feministas.org\/local\/cache-vignettes\/L8xH11\/puce-cebf5.gif\" alt=\"-\" width=\"8\" height=\"11\" \/>\u00a0<strong>GRANADA<\/strong><br class=\"autobr\" \/> A las 12:00-14:00 Manifestaci\u00f3ncontra las Violencias Machista<br class=\"autobr\" \/> de Triunfo a Plza.Nueva<br class=\"autobr\" \/> Convoca: Asamblea Feminista Unitaria y Plataforma 25 de Noviembre de Granada<br class=\"autobr\" \/> <a class=\"spip_url spip_out auto\" href=\"https:\/\/www.facebook.com\/events\/762458657278277\/\" rel=\"nofollow external\">https:\/\/www.facebook.com\/events\/762458657278277\/<\/a><\/p>\n<p><img decoding=\"async\" class=\"lazyload puce\" src=\"data:image\/svg+xml,%3Csvg%20xmlns%3D%27http%3A%2F%2Fwww.w3.org%2F2000%2Fsvg%27%20width%3D%278%27%20height%3D%2711%27%20viewBox%3D%270%200%208%2011%27%3E%3Crect%20width%3D%278%27%20height%3D%2711%27%20fill-opacity%3D%220%22%2F%3E%3C%2Fsvg%3E\" data-orig-src=\"http:\/\/www.feministas.org\/local\/cache-vignettes\/L8xH11\/puce-cebf5.gif\" alt=\"-\" width=\"8\" height=\"11\" \/>\u00a0<strong>GUADALAJARA<\/strong><br class=\"autobr\" \/> Manifestaci\u00f3n a las 12:15 desde la Plaza del Infantado <br class=\"autobr\" \/> Convoca:Mujeres Libres Guadalajara<\/p>\n<p><img decoding=\"async\" class=\"lazyload puce\" src=\"data:image\/svg+xml,%3Csvg%20xmlns%3D%27http%3A%2F%2Fwww.w3.org%2F2000%2Fsvg%27%20width%3D%278%27%20height%3D%2711%27%20viewBox%3D%270%200%208%2011%27%3E%3Crect%20width%3D%278%27%20height%3D%2711%27%20fill-opacity%3D%220%22%2F%3E%3C%2Fsvg%3E\" data-orig-src=\"http:\/\/www.feministas.org\/local\/cache-vignettes\/L8xH11\/puce-cebf5.gif\" alt=\"-\" width=\"8\" height=\"11\" \/>\u00a0<strong> HUELVA<\/strong><br class=\"autobr\" \/> A las 12:00 salida Plza Dinastia de los Litris de Huelva<br class=\"autobr\" \/> Convoca:Movimiento Feminista de Huelva<br class=\"autobr\" \/> <a class=\"spip_url spip_out auto\" href=\"https:\/\/www.facebook.com\/events\/143570656288508\/\" rel=\"nofollow external\">https:\/\/www.facebook.com\/events\/143570656288508\/<\/a><\/p>\n<p><img decoding=\"async\" class=\"lazyload puce\" src=\"data:image\/svg+xml,%3Csvg%20xmlns%3D%27http%3A%2F%2Fwww.w3.org%2F2000%2Fsvg%27%20width%3D%278%27%20height%3D%2711%27%20viewBox%3D%270%200%208%2011%27%3E%3Crect%20width%3D%278%27%20height%3D%2711%27%20fill-opacity%3D%220%22%2F%3E%3C%2Fsvg%3E\" data-orig-src=\"http:\/\/www.feministas.org\/local\/cache-vignettes\/L8xH11\/puce-cebf5.gif\" alt=\"-\" width=\"8\" height=\"11\" \/>\u00a0<strong>HUESCA<\/strong><br class=\"autobr\" \/> A las 20:00 plza de Navarra<\/p>\n<p><img decoding=\"async\" class=\"lazyload puce\" src=\"data:image\/svg+xml,%3Csvg%20xmlns%3D%27http%3A%2F%2Fwww.w3.org%2F2000%2Fsvg%27%20width%3D%278%27%20height%3D%2711%27%20viewBox%3D%270%200%208%2011%27%3E%3Crect%20width%3D%278%27%20height%3D%2711%27%20fill-opacity%3D%220%22%2F%3E%3C%2Fsvg%3E\" data-orig-src=\"http:\/\/www.feministas.org\/local\/cache-vignettes\/L8xH11\/puce-cebf5.gif\" alt=\"-\" width=\"8\" height=\"11\" \/>\u00a0<strong>JAEN<\/strong><br class=\"autobr\" \/> A las 18:00 Plza. de la Constituci\u00f3n<br class=\"autobr\" \/> Concentraci\u00e7on y performance<br class=\"autobr\" \/> Convoca:Comando Sororidad y Plataforma de estudiantes de Jaen<\/p>\n<p><img decoding=\"async\" class=\"lazyload puce\" src=\"data:image\/svg+xml,%3Csvg%20xmlns%3D%27http%3A%2F%2Fwww.w3.org%2F2000%2Fsvg%27%20width%3D%278%27%20height%3D%2711%27%20viewBox%3D%270%200%208%2011%27%3E%3Crect%20width%3D%278%27%20height%3D%2711%27%20fill-opacity%3D%220%22%2F%3E%3C%2Fsvg%3E\" data-orig-src=\"http:\/\/www.feministas.org\/local\/cache-vignettes\/L8xH11\/puce-cebf5.gif\" alt=\"-\" width=\"8\" height=\"11\" \/>\u00a0<strong>LANZAROTE<\/strong><br class=\"autobr\" \/> A las 18:30 el dia 24 de noviembre en Arrecife, se partir\u00e1 desde las Cuatro Esquinas hasta la casa Amarilla.<br class=\"autobr\" \/> Convoca: Foro Contra la Violencia de G\u00e9nero de Lanzarote.<br class=\"autobr\" \/> <a class=\"spip_url spip_out auto\" href=\"https:\/\/www.facebook.com\/events\/159246124822556\/\" rel=\"nofollow external\">https:\/\/www.facebook.com\/events\/159246124822556\/<\/a><\/p>\n<p><img decoding=\"async\" class=\"lazyload puce\" src=\"data:image\/svg+xml,%3Csvg%20xmlns%3D%27http%3A%2F%2Fwww.w3.org%2F2000%2Fsvg%27%20width%3D%278%27%20height%3D%2711%27%20viewBox%3D%270%200%208%2011%27%3E%3Crect%20width%3D%278%27%20height%3D%2711%27%20fill-opacity%3D%220%22%2F%3E%3C%2Fsvg%3E\" data-orig-src=\"http:\/\/www.feministas.org\/local\/cache-vignettes\/L8xH11\/puce-cebf5.gif\" alt=\"-\" width=\"8\" height=\"11\" \/>\u00a0<strong>LEBRIJA-SEVILLA<\/strong><br class=\"autobr\" \/> dia 23 noviembre a las 20:00 en la plza. Ayto.<br class=\"autobr\" \/> Convoca:Mujeres de Lebrija Contra la Violencia de G\u00e9nero.<br class=\"autobr\" \/> <a class=\"spip_url spip_out auto\" href=\"https:\/\/www.facebook.com\/events\/1355446384566319\/\" rel=\"nofollow external\">https:\/\/www.facebook.com\/events\/1355446384566319\/<\/a><\/p>\n<p><img decoding=\"async\" class=\"lazyload puce\" src=\"data:image\/svg+xml,%3Csvg%20xmlns%3D%27http%3A%2F%2Fwww.w3.org%2F2000%2Fsvg%27%20width%3D%278%27%20height%3D%2711%27%20viewBox%3D%270%200%208%2011%27%3E%3Crect%20width%3D%278%27%20height%3D%2711%27%20fill-opacity%3D%220%22%2F%3E%3C%2Fsvg%3E\" data-orig-src=\"http:\/\/www.feministas.org\/local\/cache-vignettes\/L8xH11\/puce-cebf5.gif\" alt=\"-\" width=\"8\" height=\"11\" \/>\u00a0<strong>LEON<\/strong><br class=\"autobr\" \/> A las 12:00h. Salida de Guzman, hasta la Plza. de Marcelo<br class=\"autobr\" \/> Convoca:Plataforma contra la violencia machista<\/p>\n<p><img decoding=\"async\" class=\"lazyload puce\" src=\"data:image\/svg+xml,%3Csvg%20xmlns%3D%27http%3A%2F%2Fwww.w3.org%2F2000%2Fsvg%27%20width%3D%278%27%20height%3D%2711%27%20viewBox%3D%270%200%208%2011%27%3E%3Crect%20width%3D%278%27%20height%3D%2711%27%20fill-opacity%3D%220%22%2F%3E%3C%2Fsvg%3E\" data-orig-src=\"http:\/\/www.feministas.org\/local\/cache-vignettes\/L8xH11\/puce-cebf5.gif\" alt=\"-\" width=\"8\" height=\"11\" \/>\u00a0<strong>LLEIDA<\/strong><br class=\"autobr\" \/> A las 19:00 Plza. Sant Francesc<br class=\"autobr\" \/> A las 20.00Maraxa D\u2019Espelmes de P. Sant Francesx a Pl. Paeria<br class=\"autobr\" \/> Convoca:Marea Lila Lleida<\/p>\n<p><img decoding=\"async\" class=\"lazyload puce\" src=\"data:image\/svg+xml,%3Csvg%20xmlns%3D%27http%3A%2F%2Fwww.w3.org%2F2000%2Fsvg%27%20width%3D%278%27%20height%3D%2711%27%20viewBox%3D%270%200%208%2011%27%3E%3Crect%20width%3D%278%27%20height%3D%2711%27%20fill-opacity%3D%220%22%2F%3E%3C%2Fsvg%3E\" data-orig-src=\"http:\/\/www.feministas.org\/local\/cache-vignettes\/L8xH11\/puce-cebf5.gif\" alt=\"-\" width=\"8\" height=\"11\" \/>\u00a0<strong>LOGRO\u00d1O<\/strong><br class=\"autobr\" \/> A las 13:00h desde la Plaza del Mercado.<br class=\"autobr\" \/> Convoca:Mujeres en Rebeldia, Nenazas, Urfem<br class=\"autobr\" \/> Feminismo hermana, para no morir.<br class=\"autobr\" \/> <a class=\"spip_url spip_out auto\" href=\"https:\/\/www.facebook.com\/events\/168565930395029\/\" rel=\"nofollow external\">https:\/\/www.facebook.com\/events\/168565930395029\/<\/a><\/p>\n<p><img decoding=\"async\" class=\"lazyload puce\" src=\"data:image\/svg+xml,%3Csvg%20xmlns%3D%27http%3A%2F%2Fwww.w3.org%2F2000%2Fsvg%27%20width%3D%278%27%20height%3D%2711%27%20viewBox%3D%270%200%208%2011%27%3E%3Crect%20width%3D%278%27%20height%3D%2711%27%20fill-opacity%3D%220%22%2F%3E%3C%2Fsvg%3E\" data-orig-src=\"http:\/\/www.feministas.org\/local\/cache-vignettes\/L8xH11\/puce-cebf5.gif\" alt=\"-\" width=\"8\" height=\"11\" \/>\u00a0<strong>MADRID<\/strong><br class=\"autobr\" \/> a las 19:00 desde la plza de la villa hasta sol<br class=\"autobr\" \/> Convoca:Foro de madrid contra la violencia a las mujeres<br class=\"autobr\" \/> y Movimiento Feminista de Madrid<\/p>\n<p><img decoding=\"async\" class=\"lazyload puce\" src=\"data:image\/svg+xml,%3Csvg%20xmlns%3D%27http%3A%2F%2Fwww.w3.org%2F2000%2Fsvg%27%20width%3D%278%27%20height%3D%2711%27%20viewBox%3D%270%200%208%2011%27%3E%3Crect%20width%3D%278%27%20height%3D%2711%27%20fill-opacity%3D%220%22%2F%3E%3C%2Fsvg%3E\" data-orig-src=\"http:\/\/www.feministas.org\/local\/cache-vignettes\/L8xH11\/puce-cebf5.gif\" alt=\"-\" width=\"8\" height=\"11\" \/>\u00a0<strong>MALAGA<\/strong><br class=\"autobr\" \/> A las 12:00 plza de la Merced<br class=\"autobr\" \/> Convoca:Plataforma Violencia Cero<br class=\"autobr\" \/> <a class=\"spip_url spip_out auto\" href=\"https:\/\/www.facebook.com\/events\/2079810965580265\/\" rel=\"nofollow external\">https:\/\/www.facebook.com\/events\/2079810965580265\/<\/a><\/p>\n<p><img decoding=\"async\" class=\"lazyload puce\" src=\"data:image\/svg+xml,%3Csvg%20xmlns%3D%27http%3A%2F%2Fwww.w3.org%2F2000%2Fsvg%27%20width%3D%278%27%20height%3D%2711%27%20viewBox%3D%270%200%208%2011%27%3E%3Crect%20width%3D%278%27%20height%3D%2711%27%20fill-opacity%3D%220%22%2F%3E%3C%2Fsvg%3E\" data-orig-src=\"http:\/\/www.feministas.org\/local\/cache-vignettes\/L8xH11\/puce-cebf5.gif\" alt=\"-\" width=\"8\" height=\"11\" \/>\u00a0<strong>MANACOR-Mallorca-Illes Balears<\/strong><br class=\"autobr\" \/> III Marxa de Torxes Contra les Viol\u00e8ncies Masclistes<br class=\"autobr\" \/> DIA 23 DE NOVIEMBRE A las 19:00 Pla\u00e7a Sa Mora Marxa de Torxes <br class=\"autobr\" \/> Convoca:Assemblea Antipatriarcal de Manacor<br class=\"autobr\" \/> <a class=\"spip_url spip_out auto\" href=\"https:\/\/www.facebook.com\/events\/289067694937262\/\" rel=\"nofollow external\">https:\/\/www.facebook.com\/events\/289067694937262\/<\/a><\/p>\n<p><img decoding=\"async\" class=\"lazyload puce\" src=\"data:image\/svg+xml,%3Csvg%20xmlns%3D%27http%3A%2F%2Fwww.w3.org%2F2000%2Fsvg%27%20width%3D%278%27%20height%3D%2711%27%20viewBox%3D%270%200%208%2011%27%3E%3Crect%20width%3D%278%27%20height%3D%2711%27%20fill-opacity%3D%220%22%2F%3E%3C%2Fsvg%3E\" data-orig-src=\"http:\/\/www.feministas.org\/local\/cache-vignettes\/L8xH11\/puce-cebf5.gif\" alt=\"-\" width=\"8\" height=\"11\" \/>\u00a0<strong>MERIDA<\/strong><br class=\"autobr\" \/> dia 24 de Noviembre A las 19:00 Plza. de Espa\u00f1a<br class=\"autobr\" \/> Convoca:Malvaluna<\/p>\n<p><img decoding=\"async\" class=\"lazyload puce\" src=\"data:image\/svg+xml,%3Csvg%20xmlns%3D%27http%3A%2F%2Fwww.w3.org%2F2000%2Fsvg%27%20width%3D%278%27%20height%3D%2711%27%20viewBox%3D%270%200%208%2011%27%3E%3Crect%20width%3D%278%27%20height%3D%2711%27%20fill-opacity%3D%220%22%2F%3E%3C%2Fsvg%3E\" data-orig-src=\"http:\/\/www.feministas.org\/local\/cache-vignettes\/L8xH11\/puce-cebf5.gif\" alt=\"-\" width=\"8\" height=\"11\" \/>\u00a0<strong>MURCIA<\/strong> <br class=\"autobr\" \/> A las 18h. Sale desde la Plaza de la Merced (frente a la universidad) hasta la plaza Mart\u00ednez Tornel (frente al Puente de los Peligros).<br class=\"autobr\" \/> Convoca:Diversas organizaciones feministas<\/p>\n<p><img decoding=\"async\" class=\"lazyload puce\" src=\"data:image\/svg+xml,%3Csvg%20xmlns%3D%27http%3A%2F%2Fwww.w3.org%2F2000%2Fsvg%27%20width%3D%278%27%20height%3D%2711%27%20viewBox%3D%270%200%208%2011%27%3E%3Crect%20width%3D%278%27%20height%3D%2711%27%20fill-opacity%3D%220%22%2F%3E%3C%2Fsvg%3E\" data-orig-src=\"http:\/\/www.feministas.org\/local\/cache-vignettes\/L8xH11\/puce-cebf5.gif\" alt=\"-\" width=\"8\" height=\"11\" \/>\u00a0<strong>OVIEDO<\/strong><br class=\"autobr\" \/> A las 12:30 Manifestaci\u00f3n Teatro Campoamor<br class=\"autobr\" \/> Convoca:Plataforma Feminista d\u2019Asturies<\/p>\n<p><img decoding=\"async\" class=\"lazyload puce\" src=\"data:image\/svg+xml,%3Csvg%20xmlns%3D%27http%3A%2F%2Fwww.w3.org%2F2000%2Fsvg%27%20width%3D%278%27%20height%3D%2711%27%20viewBox%3D%270%200%208%2011%27%3E%3Crect%20width%3D%278%27%20height%3D%2711%27%20fill-opacity%3D%220%22%2F%3E%3C%2Fsvg%3E\" data-orig-src=\"http:\/\/www.feministas.org\/local\/cache-vignettes\/L8xH11\/puce-cebf5.gif\" alt=\"-\" width=\"8\" height=\"11\" \/>\u00a0<strong>PALMA<\/strong><br class=\"autobr\" \/> A las 19:30 MARXA DE TORXES <br class=\"autobr\" \/> Pla\u00e7a Porta Pintada, fins Passeig d\u2019Es Born<br class=\"autobr\" \/> Convoca: Moviment Feministe de Mallorca-Feministes En Acci\u00f3<br class=\"autobr\" \/> <a class=\"spip_url spip_out auto\" href=\"https:\/\/www.facebook.com\/events\/1872559946390880\/\" rel=\"nofollow external\">https:\/\/www.facebook.com\/events\/1872559946390880\/<\/a><\/p>\n<p><img decoding=\"async\" class=\"lazyload puce\" src=\"data:image\/svg+xml,%3Csvg%20xmlns%3D%27http%3A%2F%2Fwww.w3.org%2F2000%2Fsvg%27%20width%3D%278%27%20height%3D%2711%27%20viewBox%3D%270%200%208%2011%27%3E%3Crect%20width%3D%278%27%20height%3D%2711%27%20fill-opacity%3D%220%22%2F%3E%3C%2Fsvg%3E\" data-orig-src=\"http:\/\/www.feministas.org\/local\/cache-vignettes\/L8xH11\/puce-cebf5.gif\" alt=\"-\" width=\"8\" height=\"11\" \/>\u00a0<strong>PONFERRADA-LEON<\/strong><br class=\"autobr\" \/> A las 12:00 desde la Plza. del Ayto hasta la plza de Abastos<br class=\"autobr\" \/> Convoca: Plataforma Berciana contra las violencias machistas<\/p>\n<p><img decoding=\"async\" class=\"lazyload puce\" src=\"data:image\/svg+xml,%3Csvg%20xmlns%3D%27http%3A%2F%2Fwww.w3.org%2F2000%2Fsvg%27%20width%3D%278%27%20height%3D%2711%27%20viewBox%3D%270%200%208%2011%27%3E%3Crect%20width%3D%278%27%20height%3D%2711%27%20fill-opacity%3D%220%22%2F%3E%3C%2Fsvg%3E\" data-orig-src=\"http:\/\/www.feministas.org\/local\/cache-vignettes\/L8xH11\/puce-cebf5.gif\" alt=\"-\" width=\"8\" height=\"11\" \/>\u00a0<strong>SALAMANCA<\/strong><br class=\"autobr\" \/> A las 20:00 Plaza de la Concordia<br class=\"autobr\" \/> Convoca:Movimiento Feminista Salamanca<br class=\"autobr\" \/> <a class=\"spip_url spip_out auto\" href=\"https:\/\/www.facebook.com\/events\/744711085718061\/\" rel=\"nofollow external\">https:\/\/www.facebook.com\/events\/744711085718061\/<\/a><\/p>\n<p><img decoding=\"async\" class=\"lazyload puce\" src=\"data:image\/svg+xml,%3Csvg%20xmlns%3D%27http%3A%2F%2Fwww.w3.org%2F2000%2Fsvg%27%20width%3D%278%27%20height%3D%2711%27%20viewBox%3D%270%200%208%2011%27%3E%3Crect%20width%3D%278%27%20height%3D%2711%27%20fill-opacity%3D%220%22%2F%3E%3C%2Fsvg%3E\" data-orig-src=\"http:\/\/www.feministas.org\/local\/cache-vignettes\/L8xH11\/puce-cebf5.gif\" alt=\"-\" width=\"8\" height=\"11\" \/>\u00a0<strong>SANTANDER <\/strong> <br class=\"autobr\" \/> A las 12:00 en la Plaza de Numancia<br class=\"autobr\" \/> Convoca: Comisi\u00f3n 8 de Marzo<\/p>\n<p><img decoding=\"async\" class=\"lazyload puce\" src=\"data:image\/svg+xml,%3Csvg%20xmlns%3D%27http%3A%2F%2Fwww.w3.org%2F2000%2Fsvg%27%20width%3D%278%27%20height%3D%2711%27%20viewBox%3D%270%200%208%2011%27%3E%3Crect%20width%3D%278%27%20height%3D%2711%27%20fill-opacity%3D%220%22%2F%3E%3C%2Fsvg%3E\" data-orig-src=\"http:\/\/www.feministas.org\/local\/cache-vignettes\/L8xH11\/puce-cebf5.gif\" alt=\"-\" width=\"8\" height=\"11\" \/>\u00a0<strong>SEVILLA<\/strong><br class=\"autobr\" \/> A las 12:30 Concentraci\u00f3n en la plza Nueva.<br class=\"autobr\" \/> Convoca:Plataforma 8 de marzo<br class=\"autobr\" \/> <a class=\"spip_url spip_out auto\" href=\"https:\/\/www.facebook.com\/events\/1947878595533675\/\" rel=\"nofollow external\">https:\/\/www.facebook.com\/events\/1947878595533675\/<\/a><\/p>\n<p><img decoding=\"async\" class=\"lazyload puce\" src=\"data:image\/svg+xml,%3Csvg%20xmlns%3D%27http%3A%2F%2Fwww.w3.org%2F2000%2Fsvg%27%20width%3D%278%27%20height%3D%2711%27%20viewBox%3D%270%200%208%2011%27%3E%3Crect%20width%3D%278%27%20height%3D%2711%27%20fill-opacity%3D%220%22%2F%3E%3C%2Fsvg%3E\" data-orig-src=\"http:\/\/www.feministas.org\/local\/cache-vignettes\/L8xH11\/puce-cebf5.gif\" alt=\"-\" width=\"8\" height=\"11\" \/>\u00a0<strong>TALAVERA-TOLEDO<\/strong><br class=\"autobr\" \/> A las 12:00 en la calle San Francisco<br class=\"autobr\" \/> Convoca:Plataforma Feminista Talavera<br class=\"autobr\" \/> <a class=\"spip_url spip_out auto\" href=\"https:\/\/www.facebook.com\/events\/330716744064332\/\" rel=\"nofollow external\">https:\/\/www.facebook.com\/events\/330716744064332\/<\/a><\/p>\n<p><img decoding=\"async\" class=\"lazyload puce\" src=\"data:image\/svg+xml,%3Csvg%20xmlns%3D%27http%3A%2F%2Fwww.w3.org%2F2000%2Fsvg%27%20width%3D%278%27%20height%3D%2711%27%20viewBox%3D%270%200%208%2011%27%3E%3Crect%20width%3D%278%27%20height%3D%2711%27%20fill-opacity%3D%220%22%2F%3E%3C%2Fsvg%3E\" data-orig-src=\"http:\/\/www.feministas.org\/local\/cache-vignettes\/L8xH11\/puce-cebf5.gif\" alt=\"-\" width=\"8\" height=\"11\" \/>\u00a0<strong>TARRAGONA<\/strong><br class=\"autobr\" \/> A las 19:00 Estatua dels Despullasts<br class=\"autobr\" \/> Convoca:Cau De Llunes Afrt<br class=\"autobr\" \/> <a class=\"spip_url spip_out auto\" href=\"https:\/\/www.facebook.com\/events\/1120954951375343\/\" rel=\"nofollow external\">https:\/\/www.facebook.com\/events\/1120954951375343\/<\/a><\/p>\n<p><img decoding=\"async\" class=\"lazyload puce\" src=\"data:image\/svg+xml,%3Csvg%20xmlns%3D%27http%3A%2F%2Fwww.w3.org%2F2000%2Fsvg%27%20width%3D%278%27%20height%3D%2711%27%20viewBox%3D%270%200%208%2011%27%3E%3Crect%20width%3D%278%27%20height%3D%2711%27%20fill-opacity%3D%220%22%2F%3E%3C%2Fsvg%3E\" data-orig-src=\"http:\/\/www.feministas.org\/local\/cache-vignettes\/L8xH11\/puce-cebf5.gif\" alt=\"-\" width=\"8\" height=\"11\" \/>\u00a0<strong>TENERIFE-LA LAGUNA<\/strong><br class=\"autobr\" \/> A las 12:00 en San Crist\u00f3bal de La Laguna<br class=\"autobr\" \/> Convoca:Foro contra la Violencia de G\u00e9nero de Tenerife<br class=\"autobr\" \/> <a class=\"spip_url spip_out auto\" href=\"https:\/\/www.facebook.com\/events\/1979054158984299\/\" rel=\"nofollow external\">https:\/\/www.facebook.com\/events\/1979054158984299\/<\/a><\/p>\n<p><img decoding=\"async\" class=\"lazyload puce\" src=\"data:image\/svg+xml,%3Csvg%20xmlns%3D%27http%3A%2F%2Fwww.w3.org%2F2000%2Fsvg%27%20width%3D%278%27%20height%3D%2711%27%20viewBox%3D%270%200%208%2011%27%3E%3Crect%20width%3D%278%27%20height%3D%2711%27%20fill-opacity%3D%220%22%2F%3E%3C%2Fsvg%3E\" data-orig-src=\"http:\/\/www.feministas.org\/local\/cache-vignettes\/L8xH11\/puce-cebf5.gif\" alt=\"-\" width=\"8\" height=\"11\" \/>\u00a0<strong>TERUEL<\/strong><br class=\"autobr\" \/> A las 12:00 concentraci\u00f3n Plza del Torico<br class=\"autobr\" \/> Convoca:Coordinadora de organizaciones feministas de Teruel<\/p>\n<p>A las 20:00 Antorchada Nocturna en la Plaza San Juan<br class=\"autobr\" \/> Convoca:Espacio Feminista Teruel<br class=\"autobr\" \/> <a class=\"spip_url spip_out auto\" href=\"https:\/\/www.facebook.com\/events\/744954355706909\/\" rel=\"nofollow external\">https:\/\/www.facebook.com\/events\/744954355706909\/<\/a><\/p>\n<p><img decoding=\"async\" class=\"lazyload puce\" src=\"data:image\/svg+xml,%3Csvg%20xmlns%3D%27http%3A%2F%2Fwww.w3.org%2F2000%2Fsvg%27%20width%3D%278%27%20height%3D%2711%27%20viewBox%3D%270%200%208%2011%27%3E%3Crect%20width%3D%278%27%20height%3D%2711%27%20fill-opacity%3D%220%22%2F%3E%3C%2Fsvg%3E\" data-orig-src=\"http:\/\/www.feministas.org\/local\/cache-vignettes\/L8xH11\/puce-cebf5.gif\" alt=\"-\" width=\"8\" height=\"11\" \/>\u00a0<strong>VALENCIA<\/strong><br class=\"autobr\" \/> Lloc:Parterre Hora:19.00 hores<br class=\"autobr\" \/> Recorregut: Jardins del Parterre (cantonada carrer de la Pau), Palau de Justicia, Col\u00f3n, X\u00e0tiva, Marques de Sotelo i finalitza Pla\u00e7a de l\u2019Ajuntament.<br class=\"autobr\" \/> Convoca:Moviment Feminista de Val\u00e8ncia <br class=\"autobr\" \/> \u00abENS VOLEM VIVES, LLIURES I REBELS, JUNTES SOM M\u00c9S FORTES!\u00bb<br class=\"autobr\" \/> <a class=\"spip_out\" href=\"https:\/\/www.facebook.com\/notes\/coordinadora-feminista-de-val%C3%A8ncia\/25-de-novembre-2017-d%C3%ADa-internacional-per-a-leliminaci%C3%B3-de-la-viol%C3%A8ncia-contra-l\/1462146473893156\/\" rel=\"external\">Manifiesto<\/a><\/p>\n<p><img decoding=\"async\" class=\"lazyload puce\" src=\"data:image\/svg+xml,%3Csvg%20xmlns%3D%27http%3A%2F%2Fwww.w3.org%2F2000%2Fsvg%27%20width%3D%278%27%20height%3D%2711%27%20viewBox%3D%270%200%208%2011%27%3E%3Crect%20width%3D%278%27%20height%3D%2711%27%20fill-opacity%3D%220%22%2F%3E%3C%2Fsvg%3E\" data-orig-src=\"http:\/\/www.feministas.org\/local\/cache-vignettes\/L8xH11\/puce-cebf5.gif\" alt=\"-\" width=\"8\" height=\"11\" \/>\u00a0<strong>VALLADOLID<\/strong><br class=\"autobr\" \/> A las 20:00 Plza. Fuente Dorada <br class=\"autobr\" \/> Convoca:Plataforma por la Sexualidad y Aborto Libres<\/p>\n<p><img decoding=\"async\" class=\"lazyload puce\" src=\"data:image\/svg+xml,%3Csvg%20xmlns%3D%27http%3A%2F%2Fwww.w3.org%2F2000%2Fsvg%27%20width%3D%278%27%20height%3D%2711%27%20viewBox%3D%270%200%208%2011%27%3E%3Crect%20width%3D%278%27%20height%3D%2711%27%20fill-opacity%3D%220%22%2F%3E%3C%2Fsvg%3E\" data-orig-src=\"http:\/\/www.feministas.org\/local\/cache-vignettes\/L8xH11\/puce-cebf5.gif\" alt=\"-\" width=\"8\" height=\"11\" \/>\u00a0<strong>ZARAGOZA<\/strong><br class=\"autobr\" \/> A las 18:00h en La Seo <br class=\"autobr\" \/> Convoca:Movimiento Feminista Zaragoza<\/p>\n<p>A las 20:00 en plza. de Espa\u00f1a<br class=\"autobr\" \/> Convoca: Coordinadora Organizaciones Feministas de Zaragoza<\/p>\n<p>&nbsp;<\/p>\n<p>Equipo CKL<\/p>\n<p>&nbsp;<\/p>\n<\/div>\n","protected":false},"excerpt":{"rendered":"<p>Movilizaciones 2017 #25Noviembre D\u00eda Internacional Por la Eliminaci\u00f3n de las <a href=\"https:\/\/cklcomunicaciones.es\/coop\/25noviembre2017\/\">[&#8230;]<\/a><\/p>\n","protected":false},"author":3,"featured_media":12921,"comment_status":"closed","ping_status":"closed","sticky":false,"template":"","format":"standard","meta":{"footnotes":""},"categories":[297],"tags":[109],"class_list":["post-12920","post","type-post","status-publish","format-standard","has-post-thumbnail","hentry","category-actualidad","tag-violencia-de-genero"],"yoast_head":"<!-- This site is optimized with the Yoast SEO plugin v27.5 - https:\/\/yoast.com\/product\/yoast-seo-wordpress\/ -->\n<title>Feria Provincial de Mujeres Empresarias FEPME2017<\/title>\n<meta name=\"description\" content=\"Lo pr\u00f3ximos 17, 18 y 19 de noviembre de 2017 tendr\u00e1 lugar FEPME 2017 (Feria Provincial de Empresarias) en el patio de la Diputaci\u00f3n de Sevilla.\" \/>\n<meta name=\"robots\" content=\"index, follow, max-snippet:-1, max-image-preview:large, max-video-preview:-1\" \/>\n<link rel=\"canonical\" href=\"https:\/\/cklcomunicaciones.es\/coop\/25noviembre2017\/\" \/>\n<meta property=\"og:locale\" content=\"es_ES\" \/>\n<meta property=\"og:type\" content=\"article\" \/>\n<meta property=\"og:title\" content=\"Feria Provincial de Mujeres Empresarias FEPME2017\" \/>\n<meta property=\"og:description\" content=\"Lo pr\u00f3ximos 17, 18 y 19 de noviembre de 2017 tendr\u00e1 lugar FEPME 2017 (Feria Provincial de Empresarias) en el patio de la Diputaci\u00f3n de Sevilla.\" \/>\n<meta property=\"og:url\" content=\"https:\/\/cklcomunicaciones.es\/coop\/25noviembre2017\/\" \/>\n<meta property=\"og:site_name\" content=\"CKL Comunicaciones\" \/>\n<meta property=\"article:published_time\" content=\"2017-11-24T11:43:57+00:00\" \/>\n<meta property=\"og:image\" content=\"https:\/\/cklcomunicaciones.es\/coop\/wp-content\/uploads\/2017\/11\/VG-lazo.jpg\" \/>\n\t<meta property=\"og:image:width\" content=\"276\" \/>\n\t<meta property=\"og:image:height\" content=\"182\" \/>\n\t<meta property=\"og:image:type\" content=\"image\/jpeg\" \/>\n<meta name=\"author\" content=\"ckl\" \/>\n<meta name=\"twitter:card\" content=\"summary_large_image\" \/>\n<meta name=\"twitter:label1\" content=\"Escrito por\" \/>\n\t<meta name=\"twitter:data1\" content=\"ckl\" \/>\n\t<meta name=\"twitter:label2\" content=\"Tiempo de lectura\" \/>\n\t<meta name=\"twitter:data2\" content=\"6 minutos\" \/>\n<script type=\"application\/ld+json\" class=\"yoast-schema-graph\">{\"@context\":\"https:\\\/\\\/schema.org\",\"@graph\":[{\"@type\":\"Article\",\"@id\":\"https:\\\/\\\/cklcomunicaciones.es\\\/coop\\\/25noviembre2017\\\/#article\",\"isPartOf\":{\"@id\":\"https:\\\/\\\/cklcomunicaciones.es\\\/coop\\\/25noviembre2017\\\/\"},\"author\":{\"name\":\"ckl\",\"@id\":\"https:\\\/\\\/cklcomunicaciones.es\\\/coop\\\/#\\\/schema\\\/person\\\/929a6837f7626450bbb50cee1aef266e\"},\"headline\":\"Movilizaciones 2017 #25Noviembre\",\"datePublished\":\"2017-11-24T11:43:57+00:00\",\"mainEntityOfPage\":{\"@id\":\"https:\\\/\\\/cklcomunicaciones.es\\\/coop\\\/25noviembre2017\\\/\"},\"wordCount\":1288,\"image\":{\"@id\":\"https:\\\/\\\/cklcomunicaciones.es\\\/coop\\\/25noviembre2017\\\/#primaryimage\"},\"thumbnailUrl\":\"https:\\\/\\\/cklcomunicaciones.es\\\/coop\\\/wp-content\\\/uploads\\\/2017\\\/11\\\/VG-lazo.jpg\",\"keywords\":[\"violencia de g\u00e9nero\"],\"articleSection\":[\"Actualidad\"],\"inLanguage\":\"es\"},{\"@type\":\"WebPage\",\"@id\":\"https:\\\/\\\/cklcomunicaciones.es\\\/coop\\\/25noviembre2017\\\/\",\"url\":\"https:\\\/\\\/cklcomunicaciones.es\\\/coop\\\/25noviembre2017\\\/\",\"name\":\"Feria Provincial de Mujeres Empresarias FEPME2017\",\"isPartOf\":{\"@id\":\"https:\\\/\\\/cklcomunicaciones.es\\\/coop\\\/#website\"},\"primaryImageOfPage\":{\"@id\":\"https:\\\/\\\/cklcomunicaciones.es\\\/coop\\\/25noviembre2017\\\/#primaryimage\"},\"image\":{\"@id\":\"https:\\\/\\\/cklcomunicaciones.es\\\/coop\\\/25noviembre2017\\\/#primaryimage\"},\"thumbnailUrl\":\"https:\\\/\\\/cklcomunicaciones.es\\\/coop\\\/wp-content\\\/uploads\\\/2017\\\/11\\\/VG-lazo.jpg\",\"datePublished\":\"2017-11-24T11:43:57+00:00\",\"author\":{\"@id\":\"https:\\\/\\\/cklcomunicaciones.es\\\/coop\\\/#\\\/schema\\\/person\\\/929a6837f7626450bbb50cee1aef266e\"},\"description\":\"Lo pr\u00f3ximos 17, 18 y 19 de noviembre de 2017 tendr\u00e1 lugar FEPME 2017 (Feria Provincial de Empresarias) en el patio de la Diputaci\u00f3n de Sevilla.\",\"breadcrumb\":{\"@id\":\"https:\\\/\\\/cklcomunicaciones.es\\\/coop\\\/25noviembre2017\\\/#breadcrumb\"},\"inLanguage\":\"es\",\"potentialAction\":[{\"@type\":\"ReadAction\",\"target\":[\"https:\\\/\\\/cklcomunicaciones.es\\\/coop\\\/25noviembre2017\\\/\"]}]},{\"@type\":\"ImageObject\",\"inLanguage\":\"es\",\"@id\":\"https:\\\/\\\/cklcomunicaciones.es\\\/coop\\\/25noviembre2017\\\/#primaryimage\",\"url\":\"https:\\\/\\\/cklcomunicaciones.es\\\/coop\\\/wp-content\\\/uploads\\\/2017\\\/11\\\/VG-lazo.jpg\",\"contentUrl\":\"https:\\\/\\\/cklcomunicaciones.es\\\/coop\\\/wp-content\\\/uploads\\\/2017\\\/11\\\/VG-lazo.jpg\",\"width\":276,\"height\":182,\"caption\":\"#25Noviembre2017\"},{\"@type\":\"BreadcrumbList\",\"@id\":\"https:\\\/\\\/cklcomunicaciones.es\\\/coop\\\/25noviembre2017\\\/#breadcrumb\",\"itemListElement\":[{\"@type\":\"ListItem\",\"position\":1,\"name\":\"Portada\",\"item\":\"https:\\\/\\\/cklcomunicaciones.es\\\/coop\\\/\"},{\"@type\":\"ListItem\",\"position\":2,\"name\":\"Movilizaciones 2017 #25Noviembre\"}]},{\"@type\":\"WebSite\",\"@id\":\"https:\\\/\\\/cklcomunicaciones.es\\\/coop\\\/#website\",\"url\":\"https:\\\/\\\/cklcomunicaciones.es\\\/coop\\\/\",\"name\":\"CKL Comunicaciones\",\"description\":\"Sitio web de CKL Comunicaciones coop , la consultora de comunicaci\u00f3n y estrategia\",\"potentialAction\":[{\"@type\":\"SearchAction\",\"target\":{\"@type\":\"EntryPoint\",\"urlTemplate\":\"https:\\\/\\\/cklcomunicaciones.es\\\/coop\\\/?s={search_term_string}\"},\"query-input\":{\"@type\":\"PropertyValueSpecification\",\"valueRequired\":true,\"valueName\":\"search_term_string\"}}],\"inLanguage\":\"es\"},{\"@type\":\"Person\",\"@id\":\"https:\\\/\\\/cklcomunicaciones.es\\\/coop\\\/#\\\/schema\\\/person\\\/929a6837f7626450bbb50cee1aef266e\",\"name\":\"ckl\",\"image\":{\"@type\":\"ImageObject\",\"inLanguage\":\"es\",\"@id\":\"https:\\\/\\\/secure.gravatar.com\\\/avatar\\\/c82db564e8a669bf6023357a157b9dc4780f4d4c618f2ad1d71a6a5dede45057?s=96&d=mm&r=g\",\"url\":\"https:\\\/\\\/secure.gravatar.com\\\/avatar\\\/c82db564e8a669bf6023357a157b9dc4780f4d4c618f2ad1d71a6a5dede45057?s=96&d=mm&r=g\",\"contentUrl\":\"https:\\\/\\\/secure.gravatar.com\\\/avatar\\\/c82db564e8a669bf6023357a157b9dc4780f4d4c618f2ad1d71a6a5dede45057?s=96&d=mm&r=g\",\"caption\":\"ckl\"},\"url\":\"https:\\\/\\\/cklcomunicaciones.es\\\/coop\\\/author\\\/cklcomunicaciones\\\/\"}]}<\/script>\n<!-- \/ Yoast SEO plugin. -->","yoast_head_json":{"title":"Feria Provincial de Mujeres Empresarias FEPME2017","description":"Lo pr\u00f3ximos 17, 18 y 19 de noviembre de 2017 tendr\u00e1 lugar FEPME 2017 (Feria Provincial de Empresarias) en el patio de la Diputaci\u00f3n de Sevilla.","robots":{"index":"index","follow":"follow","max-snippet":"max-snippet:-1","max-image-preview":"max-image-preview:large","max-video-preview":"max-video-preview:-1"},"canonical":"https:\/\/cklcomunicaciones.es\/coop\/25noviembre2017\/","og_locale":"es_ES","og_type":"article","og_title":"Feria Provincial de Mujeres Empresarias FEPME2017","og_description":"Lo pr\u00f3ximos 17, 18 y 19 de noviembre de 2017 tendr\u00e1 lugar FEPME 2017 (Feria Provincial de Empresarias) en el patio de la Diputaci\u00f3n de Sevilla.","og_url":"https:\/\/cklcomunicaciones.es\/coop\/25noviembre2017\/","og_site_name":"CKL Comunicaciones","article_published_time":"2017-11-24T11:43:57+00:00","og_image":[{"width":276,"height":182,"url":"https:\/\/cklcomunicaciones.es\/coop\/wp-content\/uploads\/2017\/11\/VG-lazo.jpg","type":"image\/jpeg"}],"author":"ckl","twitter_card":"summary_large_image","twitter_misc":{"Escrito por":"ckl","Tiempo de lectura":"6 minutos"},"schema":{"@context":"https:\/\/schema.org","@graph":[{"@type":"Article","@id":"https:\/\/cklcomunicaciones.es\/coop\/25noviembre2017\/#article","isPartOf":{"@id":"https:\/\/cklcomunicaciones.es\/coop\/25noviembre2017\/"},"author":{"name":"ckl","@id":"https:\/\/cklcomunicaciones.es\/coop\/#\/schema\/person\/929a6837f7626450bbb50cee1aef266e"},"headline":"Movilizaciones 2017 #25Noviembre","datePublished":"2017-11-24T11:43:57+00:00","mainEntityOfPage":{"@id":"https:\/\/cklcomunicaciones.es\/coop\/25noviembre2017\/"},"wordCount":1288,"image":{"@id":"https:\/\/cklcomunicaciones.es\/coop\/25noviembre2017\/#primaryimage"},"thumbnailUrl":"https:\/\/cklcomunicaciones.es\/coop\/wp-content\/uploads\/2017\/11\/VG-lazo.jpg","keywords":["violencia de g\u00e9nero"],"articleSection":["Actualidad"],"inLanguage":"es"},{"@type":"WebPage","@id":"https:\/\/cklcomunicaciones.es\/coop\/25noviembre2017\/","url":"https:\/\/cklcomunicaciones.es\/coop\/25noviembre2017\/","name":"Feria Provincial de Mujeres Empresarias FEPME2017","isPartOf":{"@id":"https:\/\/cklcomunicaciones.es\/coop\/#website"},"primaryImageOfPage":{"@id":"https:\/\/cklcomunicaciones.es\/coop\/25noviembre2017\/#primaryimage"},"image":{"@id":"https:\/\/cklcomunicaciones.es\/coop\/25noviembre2017\/#primaryimage"},"thumbnailUrl":"https:\/\/cklcomunicaciones.es\/coop\/wp-content\/uploads\/2017\/11\/VG-lazo.jpg","datePublished":"2017-11-24T11:43:57+00:00","author":{"@id":"https:\/\/cklcomunicaciones.es\/coop\/#\/schema\/person\/929a6837f7626450bbb50cee1aef266e"},"description":"Lo pr\u00f3ximos 17, 18 y 19 de noviembre de 2017 tendr\u00e1 lugar FEPME 2017 (Feria Provincial de Empresarias) en el patio de la Diputaci\u00f3n de Sevilla.","breadcrumb":{"@id":"https:\/\/cklcomunicaciones.es\/coop\/25noviembre2017\/#breadcrumb"},"inLanguage":"es","potentialAction":[{"@type":"ReadAction","target":["https:\/\/cklcomunicaciones.es\/coop\/25noviembre2017\/"]}]},{"@type":"ImageObject","inLanguage":"es","@id":"https:\/\/cklcomunicaciones.es\/coop\/25noviembre2017\/#primaryimage","url":"https:\/\/cklcomunicaciones.es\/coop\/wp-content\/uploads\/2017\/11\/VG-lazo.jpg","contentUrl":"https:\/\/cklcomunicaciones.es\/coop\/wp-content\/uploads\/2017\/11\/VG-lazo.jpg","width":276,"height":182,"caption":"#25Noviembre2017"},{"@type":"BreadcrumbList","@id":"https:\/\/cklcomunicaciones.es\/coop\/25noviembre2017\/#breadcrumb","itemListElement":[{"@type":"ListItem","position":1,"name":"Portada","item":"https:\/\/cklcomunicaciones.es\/coop\/"},{"@type":"ListItem","position":2,"name":"Movilizaciones 2017 #25Noviembre"}]},{"@type":"WebSite","@id":"https:\/\/cklcomunicaciones.es\/coop\/#website","url":"https:\/\/cklcomunicaciones.es\/coop\/","name":"CKL Comunicaciones","description":"Sitio web de CKL Comunicaciones coop , la consultora de comunicaci\u00f3n y estrategia","potentialAction":[{"@type":"SearchAction","target":{"@type":"EntryPoint","urlTemplate":"https:\/\/cklcomunicaciones.es\/coop\/?s={search_term_string}"},"query-input":{"@type":"PropertyValueSpecification","valueRequired":true,"valueName":"search_term_string"}}],"inLanguage":"es"},{"@type":"Person","@id":"https:\/\/cklcomunicaciones.es\/coop\/#\/schema\/person\/929a6837f7626450bbb50cee1aef266e","name":"ckl","image":{"@type":"ImageObject","inLanguage":"es","@id":"https:\/\/secure.gravatar.com\/avatar\/c82db564e8a669bf6023357a157b9dc4780f4d4c618f2ad1d71a6a5dede45057?s=96&d=mm&r=g","url":"https:\/\/secure.gravatar.com\/avatar\/c82db564e8a669bf6023357a157b9dc4780f4d4c618f2ad1d71a6a5dede45057?s=96&d=mm&r=g","contentUrl":"https:\/\/secure.gravatar.com\/avatar\/c82db564e8a669bf6023357a157b9dc4780f4d4c618f2ad1d71a6a5dede45057?s=96&d=mm&r=g","caption":"ckl"},"url":"https:\/\/cklcomunicaciones.es\/coop\/author\/cklcomunicaciones\/"}]}},"_links":{"self":[{"href":"https:\/\/cklcomunicaciones.es\/coop\/wp-json\/wp\/v2\/posts\/12920","targetHints":{"allow":["GET"]}}],"collection":[{"href":"https:\/\/cklcomunicaciones.es\/coop\/wp-json\/wp\/v2\/posts"}],"about":[{"href":"https:\/\/cklcomunicaciones.es\/coop\/wp-json\/wp\/v2\/types\/post"}],"author":[{"embeddable":true,"href":"https:\/\/cklcomunicaciones.es\/coop\/wp-json\/wp\/v2\/users\/3"}],"replies":[{"embeddable":true,"href":"https:\/\/cklcomunicaciones.es\/coop\/wp-json\/wp\/v2\/comments?post=12920"}],"version-history":[{"count":0,"href":"https:\/\/cklcomunicaciones.es\/coop\/wp-json\/wp\/v2\/posts\/12920\/revisions"}],"wp:featuredmedia":[{"embeddable":true,"href":"https:\/\/cklcomunicaciones.es\/coop\/wp-json\/wp\/v2\/media\/12921"}],"wp:attachment":[{"href":"https:\/\/cklcomunicaciones.es\/coop\/wp-json\/wp\/v2\/media?parent=12920"}],"wp:term":[{"taxonomy":"category","embeddable":true,"href":"https:\/\/cklcomunicaciones.es\/coop\/wp-json\/wp\/v2\/categories?post=12920"},{"taxonomy":"post_tag","embeddable":true,"href":"https:\/\/cklcomunicaciones.es\/coop\/wp-json\/wp\/v2\/tags?post=12920"}],"curies":[{"name":"wp","href":"https:\/\/api.w.org\/{rel}","templated":true}]}}