{"id":12803,"date":"2017-11-15T12:13:11","date_gmt":"2017-11-15T11:13:11","guid":{"rendered":"http:\/\/www.cklcomunicaciones.es\/?p=12803"},"modified":"2017-11-15T12:13:11","modified_gmt":"2017-11-15T11:13:11","slug":"fepme2017","status":"publish","type":"post","link":"https:\/\/cklcomunicaciones.es\/coop\/fepme2017\/","title":{"rendered":"Feria Provincial de Mujeres Empresarias FEPME 2017"},"content":{"rendered":"<div class=\"text_exposed_show\">\n<div>Los pr\u00f3ximos 17, 18 y 19 de noviembre tendr\u00e1 lugar FEPME 2017. Se trata de una feria provincial de empresarias que tiene como objetivo visualizar y poner en valor la actividad empresarial desarrollada por las mujeres de la provincia, adem\u00e1s de fomentar la iniciativa empresarial en sectores en los que la mujer se encuentra subrepresentada, favoreciendo la interacci\u00f3n, cooperaci\u00f3n y participaci\u00f3n entre empresarias.<\/div>\n<p>&nbsp;<\/p>\n<p><a href=\"http:\/\/www.dipusevilla.es\/agenda-de-la-provincia\/Feria-Provincial-de-Mujeres-Empresarias-FEPME-2017\/\" target=\"_blank\" rel=\"noopener\">Consulta el Programa<\/a><\/p>\n<div class=\"text_exposed_show\">\n<p>Equipo CKL<\/p>\n<\/div>\n<p>&nbsp;<\/p>\n<\/div>\n","protected":false},"excerpt":{"rendered":"<p>Los pr\u00f3ximos 17, 18 y 19 de noviembre tendr\u00e1 lugar <a href=\"https:\/\/cklcomunicaciones.es\/coop\/fepme2017\/\">[&#8230;]<\/a><\/p>\n","protected":false},"author":3,"featured_media":12810,"comment_status":"closed","ping_status":"closed","sticky":false,"template":"","format":"standard","meta":{"footnotes":""},"categories":[297],"tags":[138,139],"class_list":["post-12803","post","type-post","status-publish","format-standard","has-post-thumbnail","hentry","category-actualidad","tag-baeza","tag-formacion"],"yoast_head":"<!-- This site is optimized with the Yoast SEO plugin v27.5 - https:\/\/yoast.com\/product\/yoast-seo-wordpress\/ -->\n<title>Feria Provincial de Mujeres Empresarias FEPME2017<\/title>\n<meta name=\"description\" content=\"Lo pr\u00f3ximos 17, 18 y 19 de noviembre de 2017 tendr\u00e1 lugar FEPME 2017 (Feria Provincial de Empresarias) en el patio de la Diputaci\u00f3n de Sevilla.\" \/>\n<meta name=\"robots\" content=\"index, follow, max-snippet:-1, max-image-preview:large, max-video-preview:-1\" \/>\n<link rel=\"canonical\" href=\"https:\/\/cklcomunicaciones.es\/coop\/fepme2017\/\" \/>\n<meta property=\"og:locale\" content=\"es_ES\" \/>\n<meta property=\"og:type\" content=\"article\" \/>\n<meta property=\"og:title\" content=\"Feria Provincial de Mujeres Empresarias FEPME2017\" \/>\n<meta property=\"og:description\" content=\"Lo pr\u00f3ximos 17, 18 y 19 de noviembre de 2017 tendr\u00e1 lugar FEPME 2017 (Feria Provincial de Empresarias) en el patio de la Diputaci\u00f3n de Sevilla.\" \/>\n<meta property=\"og:url\" content=\"https:\/\/cklcomunicaciones.es\/coop\/fepme2017\/\" \/>\n<meta property=\"og:site_name\" content=\"CKL Comunicaciones\" \/>\n<meta property=\"article:published_time\" content=\"2017-11-15T11:13:11+00:00\" \/>\n<meta property=\"og:image\" content=\"https:\/\/cklcomunicaciones.es\/coop\/wp-content\/uploads\/2017\/11\/publi_prensa_webFEPME2017_02_Banner_Radio_Sevilla1.png\" \/>\n\t<meta property=\"og:image:width\" content=\"300\" \/>\n\t<meta property=\"og:image:height\" content=\"251\" \/>\n\t<meta property=\"og:image:type\" content=\"image\/png\" \/>\n<meta name=\"author\" content=\"ckl\" \/>\n<meta name=\"twitter:card\" content=\"summary_large_image\" \/>\n<meta name=\"twitter:label1\" content=\"Escrito por\" \/>\n\t<meta name=\"twitter:data1\" content=\"ckl\" \/>\n<script type=\"application\/ld+json\" class=\"yoast-schema-graph\">{\"@context\":\"https:\\\/\\\/schema.org\",\"@graph\":[{\"@type\":\"Article\",\"@id\":\"https:\\\/\\\/cklcomunicaciones.es\\\/coop\\\/fepme2017\\\/#article\",\"isPartOf\":{\"@id\":\"https:\\\/\\\/cklcomunicaciones.es\\\/coop\\\/fepme2017\\\/\"},\"author\":{\"name\":\"ckl\",\"@id\":\"https:\\\/\\\/cklcomunicaciones.es\\\/coop\\\/#\\\/schema\\\/person\\\/929a6837f7626450bbb50cee1aef266e\"},\"headline\":\"Feria Provincial de Mujeres Empresarias FEPME 2017\",\"datePublished\":\"2017-11-15T11:13:11+00:00\",\"mainEntityOfPage\":{\"@id\":\"https:\\\/\\\/cklcomunicaciones.es\\\/coop\\\/fepme2017\\\/\"},\"wordCount\":77,\"image\":{\"@id\":\"https:\\\/\\\/cklcomunicaciones.es\\\/coop\\\/fepme2017\\\/#primaryimage\"},\"thumbnailUrl\":\"https:\\\/\\\/cklcomunicaciones.es\\\/coop\\\/wp-content\\\/uploads\\\/2017\\\/11\\\/publi_prensa_webFEPME2017_02_Banner_Radio_Sevilla1.png\",\"keywords\":[\"Baeza\",\"formaci\u00f3n\"],\"articleSection\":[\"Actualidad\"],\"inLanguage\":\"es\"},{\"@type\":\"WebPage\",\"@id\":\"https:\\\/\\\/cklcomunicaciones.es\\\/coop\\\/fepme2017\\\/\",\"url\":\"https:\\\/\\\/cklcomunicaciones.es\\\/coop\\\/fepme2017\\\/\",\"name\":\"Feria Provincial de Mujeres Empresarias FEPME2017\",\"isPartOf\":{\"@id\":\"https:\\\/\\\/cklcomunicaciones.es\\\/coop\\\/#website\"},\"primaryImageOfPage\":{\"@id\":\"https:\\\/\\\/cklcomunicaciones.es\\\/coop\\\/fepme2017\\\/#primaryimage\"},\"image\":{\"@id\":\"https:\\\/\\\/cklcomunicaciones.es\\\/coop\\\/fepme2017\\\/#primaryimage\"},\"thumbnailUrl\":\"https:\\\/\\\/cklcomunicaciones.es\\\/coop\\\/wp-content\\\/uploads\\\/2017\\\/11\\\/publi_prensa_webFEPME2017_02_Banner_Radio_Sevilla1.png\",\"datePublished\":\"2017-11-15T11:13:11+00:00\",\"author\":{\"@id\":\"https:\\\/\\\/cklcomunicaciones.es\\\/coop\\\/#\\\/schema\\\/person\\\/929a6837f7626450bbb50cee1aef266e\"},\"description\":\"Lo pr\u00f3ximos 17, 18 y 19 de noviembre de 2017 tendr\u00e1 lugar FEPME 2017 (Feria Provincial de Empresarias) en el patio de la Diputaci\u00f3n de Sevilla.\",\"breadcrumb\":{\"@id\":\"https:\\\/\\\/cklcomunicaciones.es\\\/coop\\\/fepme2017\\\/#breadcrumb\"},\"inLanguage\":\"es\",\"potentialAction\":[{\"@type\":\"ReadAction\",\"target\":[\"https:\\\/\\\/cklcomunicaciones.es\\\/coop\\\/fepme2017\\\/\"]}]},{\"@type\":\"ImageObject\",\"inLanguage\":\"es\",\"@id\":\"https:\\\/\\\/cklcomunicaciones.es\\\/coop\\\/fepme2017\\\/#primaryimage\",\"url\":\"https:\\\/\\\/cklcomunicaciones.es\\\/coop\\\/wp-content\\\/uploads\\\/2017\\\/11\\\/publi_prensa_webFEPME2017_02_Banner_Radio_Sevilla1.png\",\"contentUrl\":\"https:\\\/\\\/cklcomunicaciones.es\\\/coop\\\/wp-content\\\/uploads\\\/2017\\\/11\\\/publi_prensa_webFEPME2017_02_Banner_Radio_Sevilla1.png\",\"width\":300,\"height\":251,\"caption\":\"FEPME2017\"},{\"@type\":\"BreadcrumbList\",\"@id\":\"https:\\\/\\\/cklcomunicaciones.es\\\/coop\\\/fepme2017\\\/#breadcrumb\",\"itemListElement\":[{\"@type\":\"ListItem\",\"position\":1,\"name\":\"Portada\",\"item\":\"https:\\\/\\\/cklcomunicaciones.es\\\/coop\\\/\"},{\"@type\":\"ListItem\",\"position\":2,\"name\":\"Feria Provincial de Mujeres Empresarias FEPME 2017\"}]},{\"@type\":\"WebSite\",\"@id\":\"https:\\\/\\\/cklcomunicaciones.es\\\/coop\\\/#website\",\"url\":\"https:\\\/\\\/cklcomunicaciones.es\\\/coop\\\/\",\"name\":\"CKL Comunicaciones\",\"description\":\"Sitio web de CKL Comunicaciones coop , la consultora de comunicaci\u00f3n y estrategia\",\"potentialAction\":[{\"@type\":\"SearchAction\",\"target\":{\"@type\":\"EntryPoint\",\"urlTemplate\":\"https:\\\/\\\/cklcomunicaciones.es\\\/coop\\\/?s={search_term_string}\"},\"query-input\":{\"@type\":\"PropertyValueSpecification\",\"valueRequired\":true,\"valueName\":\"search_term_string\"}}],\"inLanguage\":\"es\"},{\"@type\":\"Person\",\"@id\":\"https:\\\/\\\/cklcomunicaciones.es\\\/coop\\\/#\\\/schema\\\/person\\\/929a6837f7626450bbb50cee1aef266e\",\"name\":\"ckl\",\"image\":{\"@type\":\"ImageObject\",\"inLanguage\":\"es\",\"@id\":\"https:\\\/\\\/secure.gravatar.com\\\/avatar\\\/c82db564e8a669bf6023357a157b9dc4780f4d4c618f2ad1d71a6a5dede45057?s=96&d=mm&r=g\",\"url\":\"https:\\\/\\\/secure.gravatar.com\\\/avatar\\\/c82db564e8a669bf6023357a157b9dc4780f4d4c618f2ad1d71a6a5dede45057?s=96&d=mm&r=g\",\"contentUrl\":\"https:\\\/\\\/secure.gravatar.com\\\/avatar\\\/c82db564e8a669bf6023357a157b9dc4780f4d4c618f2ad1d71a6a5dede45057?s=96&d=mm&r=g\",\"caption\":\"ckl\"},\"url\":\"https:\\\/\\\/cklcomunicaciones.es\\\/coop\\\/author\\\/cklcomunicaciones\\\/\"}]}<\/script>\n<!-- \/ Yoast SEO plugin. -->","yoast_head_json":{"title":"Feria Provincial de Mujeres Empresarias FEPME2017","description":"Lo pr\u00f3ximos 17, 18 y 19 de noviembre de 2017 tendr\u00e1 lugar FEPME 2017 (Feria Provincial de Empresarias) en el patio de la Diputaci\u00f3n de Sevilla.","robots":{"index":"index","follow":"follow","max-snippet":"max-snippet:-1","max-image-preview":"max-image-preview:large","max-video-preview":"max-video-preview:-1"},"canonical":"https:\/\/cklcomunicaciones.es\/coop\/fepme2017\/","og_locale":"es_ES","og_type":"article","og_title":"Feria Provincial de Mujeres Empresarias FEPME2017","og_description":"Lo pr\u00f3ximos 17, 18 y 19 de noviembre de 2017 tendr\u00e1 lugar FEPME 2017 (Feria Provincial de Empresarias) en el patio de la Diputaci\u00f3n de Sevilla.","og_url":"https:\/\/cklcomunicaciones.es\/coop\/fepme2017\/","og_site_name":"CKL Comunicaciones","article_published_time":"2017-11-15T11:13:11+00:00","og_image":[{"width":300,"height":251,"url":"https:\/\/cklcomunicaciones.es\/coop\/wp-content\/uploads\/2017\/11\/publi_prensa_webFEPME2017_02_Banner_Radio_Sevilla1.png","type":"image\/png"}],"author":"ckl","twitter_card":"summary_large_image","twitter_misc":{"Escrito por":"ckl"},"schema":{"@context":"https:\/\/schema.org","@graph":[{"@type":"Article","@id":"https:\/\/cklcomunicaciones.es\/coop\/fepme2017\/#article","isPartOf":{"@id":"https:\/\/cklcomunicaciones.es\/coop\/fepme2017\/"},"author":{"name":"ckl","@id":"https:\/\/cklcomunicaciones.es\/coop\/#\/schema\/person\/929a6837f7626450bbb50cee1aef266e"},"headline":"Feria Provincial de Mujeres Empresarias FEPME 2017","datePublished":"2017-11-15T11:13:11+00:00","mainEntityOfPage":{"@id":"https:\/\/cklcomunicaciones.es\/coop\/fepme2017\/"},"wordCount":77,"image":{"@id":"https:\/\/cklcomunicaciones.es\/coop\/fepme2017\/#primaryimage"},"thumbnailUrl":"https:\/\/cklcomunicaciones.es\/coop\/wp-content\/uploads\/2017\/11\/publi_prensa_webFEPME2017_02_Banner_Radio_Sevilla1.png","keywords":["Baeza","formaci\u00f3n"],"articleSection":["Actualidad"],"inLanguage":"es"},{"@type":"WebPage","@id":"https:\/\/cklcomunicaciones.es\/coop\/fepme2017\/","url":"https:\/\/cklcomunicaciones.es\/coop\/fepme2017\/","name":"Feria Provincial de Mujeres Empresarias FEPME2017","isPartOf":{"@id":"https:\/\/cklcomunicaciones.es\/coop\/#website"},"primaryImageOfPage":{"@id":"https:\/\/cklcomunicaciones.es\/coop\/fepme2017\/#primaryimage"},"image":{"@id":"https:\/\/cklcomunicaciones.es\/coop\/fepme2017\/#primaryimage"},"thumbnailUrl":"https:\/\/cklcomunicaciones.es\/coop\/wp-content\/uploads\/2017\/11\/publi_prensa_webFEPME2017_02_Banner_Radio_Sevilla1.png","datePublished":"2017-11-15T11:13:11+00:00","author":{"@id":"https:\/\/cklcomunicaciones.es\/coop\/#\/schema\/person\/929a6837f7626450bbb50cee1aef266e"},"description":"Lo pr\u00f3ximos 17, 18 y 19 de noviembre de 2017 tendr\u00e1 lugar FEPME 2017 (Feria Provincial de Empresarias) en el patio de la Diputaci\u00f3n de Sevilla.","breadcrumb":{"@id":"https:\/\/cklcomunicaciones.es\/coop\/fepme2017\/#breadcrumb"},"inLanguage":"es","potentialAction":[{"@type":"ReadAction","target":["https:\/\/cklcomunicaciones.es\/coop\/fepme2017\/"]}]},{"@type":"ImageObject","inLanguage":"es","@id":"https:\/\/cklcomunicaciones.es\/coop\/fepme2017\/#primaryimage","url":"https:\/\/cklcomunicaciones.es\/coop\/wp-content\/uploads\/2017\/11\/publi_prensa_webFEPME2017_02_Banner_Radio_Sevilla1.png","contentUrl":"https:\/\/cklcomunicaciones.es\/coop\/wp-content\/uploads\/2017\/11\/publi_prensa_webFEPME2017_02_Banner_Radio_Sevilla1.png","width":300,"height":251,"caption":"FEPME2017"},{"@type":"BreadcrumbList","@id":"https:\/\/cklcomunicaciones.es\/coop\/fepme2017\/#breadcrumb","itemListElement":[{"@type":"ListItem","position":1,"name":"Portada","item":"https:\/\/cklcomunicaciones.es\/coop\/"},{"@type":"ListItem","position":2,"name":"Feria Provincial de Mujeres Empresarias FEPME 2017"}]},{"@type":"WebSite","@id":"https:\/\/cklcomunicaciones.es\/coop\/#website","url":"https:\/\/cklcomunicaciones.es\/coop\/","name":"CKL Comunicaciones","description":"Sitio web de CKL Comunicaciones coop , la consultora de comunicaci\u00f3n y estrategia","potentialAction":[{"@type":"SearchAction","target":{"@type":"EntryPoint","urlTemplate":"https:\/\/cklcomunicaciones.es\/coop\/?s={search_term_string}"},"query-input":{"@type":"PropertyValueSpecification","valueRequired":true,"valueName":"search_term_string"}}],"inLanguage":"es"},{"@type":"Person","@id":"https:\/\/cklcomunicaciones.es\/coop\/#\/schema\/person\/929a6837f7626450bbb50cee1aef266e","name":"ckl","image":{"@type":"ImageObject","inLanguage":"es","@id":"https:\/\/secure.gravatar.com\/avatar\/c82db564e8a669bf6023357a157b9dc4780f4d4c618f2ad1d71a6a5dede45057?s=96&d=mm&r=g","url":"https:\/\/secure.gravatar.com\/avatar\/c82db564e8a669bf6023357a157b9dc4780f4d4c618f2ad1d71a6a5dede45057?s=96&d=mm&r=g","contentUrl":"https:\/\/secure.gravatar.com\/avatar\/c82db564e8a669bf6023357a157b9dc4780f4d4c618f2ad1d71a6a5dede45057?s=96&d=mm&r=g","caption":"ckl"},"url":"https:\/\/cklcomunicaciones.es\/coop\/author\/cklcomunicaciones\/"}]}},"_links":{"self":[{"href":"https:\/\/cklcomunicaciones.es\/coop\/wp-json\/wp\/v2\/posts\/12803","targetHints":{"allow":["GET"]}}],"collection":[{"href":"https:\/\/cklcomunicaciones.es\/coop\/wp-json\/wp\/v2\/posts"}],"about":[{"href":"https:\/\/cklcomunicaciones.es\/coop\/wp-json\/wp\/v2\/types\/post"}],"author":[{"embeddable":true,"href":"https:\/\/cklcomunicaciones.es\/coop\/wp-json\/wp\/v2\/users\/3"}],"replies":[{"embeddable":true,"href":"https:\/\/cklcomunicaciones.es\/coop\/wp-json\/wp\/v2\/comments?post=12803"}],"version-history":[{"count":0,"href":"https:\/\/cklcomunicaciones.es\/coop\/wp-json\/wp\/v2\/posts\/12803\/revisions"}],"wp:featuredmedia":[{"embeddable":true,"href":"https:\/\/cklcomunicaciones.es\/coop\/wp-json\/wp\/v2\/media\/12810"}],"wp:attachment":[{"href":"https:\/\/cklcomunicaciones.es\/coop\/wp-json\/wp\/v2\/media?parent=12803"}],"wp:term":[{"taxonomy":"category","embeddable":true,"href":"https:\/\/cklcomunicaciones.es\/coop\/wp-json\/wp\/v2\/categories?post=12803"},{"taxonomy":"post_tag","embeddable":true,"href":"https:\/\/cklcomunicaciones.es\/coop\/wp-json\/wp\/v2\/tags?post=12803"}],"curies":[{"name":"wp","href":"https:\/\/api.w.org\/{rel}","templated":true}]}}