{"id":12800,"date":"2017-11-14T12:02:53","date_gmt":"2017-11-14T11:02:53","guid":{"rendered":"http:\/\/www.cklcomunicaciones.es\/?p=12800"},"modified":"2025-01-17T16:37:37","modified_gmt":"2025-01-17T15:37:37","slug":"noticiasinfockl-14-11-2017","status":"publish","type":"post","link":"https:\/\/cklcomunicaciones.es\/coop\/noticiasinfockl-14-11-2017\/","title":{"rendered":"Noticias Info CKL n\u00ba 2.020 &#8211; 14\/11\/17"},"content":{"rendered":"<div id=\"pl-12800\"  class=\"panel-layout\" >\n<div id=\"pg-12800-0\"  class=\"panel-grid panel-no-style\"  data-style=\"{&quot;background_display&quot;:&quot;tile&quot;,&quot;lsow_dark_bg&quot;:&quot;&quot;,&quot;cell_alignment&quot;:&quot;flex-start&quot;}\" >\n<div id=\"pgc-12800-0-0\"  class=\"panel-grid-cell\"  data-weight=\"1\" >\n<div id=\"panel-12800-0-0-0\" class=\"so-panel widget widget_sow-editor panel-first-child panel-last-child\" data-index=\"0\" data-style=\"{&quot;background_image_attachment&quot;:false,&quot;background_display&quot;:&quot;tile&quot;}\" >\n<div class=\"so-widget-sow-editor so-widget-sow-editor-base\">\n<div class=\"siteorigin-widget-tinymce textwidget\">\n<p><strong>Las mujeres dirigir\u00e1n el Foro Econ\u00f3mico Mundial de Davos 2018-El 27,4 % de j\u00f3venes considera \u00abnormal\u00bb la violencia de g\u00e9nero-La UGR, pionera en pol\u00edticas de igualdad-Un retrato de las nuevas fot\u00f3grafas espa\u00f1ola<br \/> <\/strong><\/p>\n<p>[toggle type=\u00bbfirst\u00bb title=\u00bbConvocatorias\u00bb]<\/p>\n<ul>\n<li>Ciclo de \u201cSinergias, Espacios entrenando la Cooperaci\u00f3n Empresarial\u201d<strong>,<\/strong> organizado por el Instituto Andaluz de la Mujer y Andaluc\u00eda Emprende, Fundaci\u00f3n P\u00fablica Andaluza. Sevilla, 21 de noviembre en el Centro C\u00edvico Las Sirenas, a partir de las 9.30h. Informaci\u00f3n e inscripci\u00f3n: \u00a0<a href=\"mailto:msanchezm@andaluciaemprende.es\">msanchezm@andaluciaemprende.es<\/a><\/li>\n<\/ul>\n<p>[\/toggle]<\/p>\n<p>[toggle type=\u00bbfirst\u00bb title=\u00bbComunicaci\u00f3n\u00bb]<\/p>\n<p>\u00a0<\/p>\n<p><a href=\"http:\/\/www.publico.es\/economia\/comunicacion\/rtve-obligada-reabrir-investigacion-cerro-10-dias-cese-empleada-baja-embarazo.html\">RTVE, obligada a reabrir una investigaci\u00f3n sobre el cese de una empleada tras su baja por embarazo<\/a> &#8211; P\u00fablico<\/p>\n<p><a href=\"https:\/\/elpais.com\/elpais\/2017\/11\/14\/mujeres\/1510641352_569587.html\">Pol\u00e9mica en Galicia por un cartel en el que se compara a las mujeres con monumentos &#8230;<\/a>\u00a0 \u2013 El Pa\u00eds<\/p>\n<p><a href=\"http:\/\/www.diariodesevilla.es\/economia\/asociacion-Dircom-Andalucia-oficialmente-Sevilla_0_1190881244.html\">La asociaci\u00f3n Dircom Andaluc\u00eda se constituye oficialmente en Sevilla<\/a> &#8211; Diario de Sevilla<\/p>\n<p><a href=\"https:\/\/tecno.americaeconomia.com\/articulos\/como-lograr-una-tecnologia-sin-estereotipos\">\u00bfC\u00f3mo lograr una tecnolog\u00eda sin estereotipos?<\/a> &#8211; Am\u00e9ricaEconom\u00eda.com<\/p>\n<p><a href=\"https:\/\/elpais.com\/elpais\/2017\/11\/13\/ciencia\/1510527764_433049.html\">Los pioneros de Facebook critican su deriva hacia la manipulaci\u00f3n masiva<\/a> \u2013 El Pa\u00eds<\/p>\n<p>[\/toggle]<\/p>\n<p>[toggle type=\u00bbfirst\u00bb title=\u00bbAndaluc\u00eda\u00bb]<\/p>\n<p><strong>Econom\u00eda y Empresas<\/strong><\/p>\n<p><a href=\"http:\/\/elcorreoweb.es\/economia\/andalucia-creara-mas-de-200-000-empleos-hasta-2018-MB3535538\">Andaluc\u00eda crear\u00e1 200.000 empleos hasta 2018<\/a>\u2013 El Correo de Andaluc\u00eda<\/p>\n<p><a href=\"https:\/\/www.faecta.coop\/index.php?id=14&amp;tx_ttnews%5Btt_news%5D=5646&amp;cHash=fcc58d2264b3b0390c64c6a807850ee2\">El Proyecto Malaga Rural Coopera finaliza con \u00e9xito despu\u00e9s de llevar el cooperativismo a m\u00e1s de 200 mujeres en el \u00e1mbito rural \u2026<\/a>&#8211;<a href=\"http:\/\/faecta.coop\">faecta.coop<\/a><\/p>\n<p><a href=\"http:\/\/www.mujeremprendedora.net\/foro-de-empleo-de-la-ugr\/\">Foro de Empleo de la UGR<\/a> \u2013 Mujeremprendedora.net<\/p>\n<p><a href=\"http:\/\/www.diarioronda.es\/2017\/11\/13\/ronda\/ronda-acoge-la-i-convencion-nacional-de-empresarias-emprendedoras-y-profesionales\/\">Ronda acoge la I Convenci\u00f3n Nacional de Empresarias &#8230;<\/a> &#8211; Diario Ronda<\/p>\n<p><a href=\"http:\/\/www.teleprensa.com\/andalucia\/andalucia-refuerza-la-formacion-profesional-con-2000-plazas-mas-para-este-curso.html\">Andaluc\u00eda<em> r<\/em>efuerza la Formaci\u00f3n Profesional con 2.000 plazas m\u00e1s &#8230;<\/a> &#8211; Teleprensa peri\u00f3dico digital<\/p>\n<p><strong>Actualidad<\/strong><\/p>\n<p><a href=\"http:\/\/www.europapress.es\/andalucia\/sevilla-00357\/noticia-famp-celebra-alcala-guadaira-sevilla-foro-gobernanza-violencia-genero-ambito-local-20171113150143.html\">La FAMP celebra en Alcal\u00e1 de Guada\u00edra (Sevilla) un foro para la gobernanza en violencia de g\u00e9nero en el \u00e1mbito local &#8230;<\/a> &#8211; Europa Press<\/p>\n<p><a href=\"http:\/\/cadenaser.com\/emisora\/2017\/11\/13\/radio_granada\/1510584750_754336.html\">La UGR, pionera en pol\u00edticas de igualdad &#8230;<\/a> &#8211; Cadena SER<\/p>\n<p><a href=\"http:\/\/www.diariocordoba.com\/noticias\/cordobalocal\/junta-releva-hoy-rafi-crespin-delegada-gobierno-andaluz_1185281.html\">La Junta releva hoy a Rafi Cresp\u00edn como delegada del Gobierno andaluz&#8230;<\/a> &#8211; Diario C\u00f3rdoba<\/p>\n<p><strong>Violencia<\/strong><\/p>\n<p><a href=\"http:\/\/www.publico.es\/sociedad\/violencia-genero-juicio-cinco-acusados-violacion-sanfermines-arranca-temores-doble-victimizacion-joven.html\">El juicio a los acusados de violaci\u00f3n en Sanfermines arranca con temores a una doble victimizaci\u00f3n de la joven<\/a> &#8211; P\u00fablico<\/p>\n<p><a href=\"https:\/\/elpais.com\/elpais\/2017\/11\/13\/gente\/1510578992_550866.html\">Matilde Sol\u00eds asegura que sufri\u00f3 \u201cabusos sexuales\u201d por parte de su psiquiatra Javier Criado<\/a> \u2013 El Pa\u00eds<\/p>\n<p><a href=\"https:\/\/almunecardigital.com\/31776\/una-jornada-sobre-trata-sobre-otras-victimas-de-violencia-de-genero\/\">Una jornada sobre trata sobre &#8216;otras v\u00edctimas&#8217; de violencia de g\u00e9nero<\/a> &#8211; Almu\u00f1\u00e9car Digital<\/p>\n<p><strong>Ciencia y Cultura<\/strong><\/p>\n<p><a href=\"http:\/\/www.elmundo.es\/metropoli\/teatro\/2017\/11\/13\/5a099e87e2704e88158b4571.html\">Maggie Civantos: \u00abLas mujeres tenemos que unirnos para acabar con la opresi\u00f3n\u00bb<\/a> \u2013 El Mundo<\/p>\n<p><a href=\"http:\/\/elcorreoweb.es\/andalucia\/la-fuerza-de-la-emocion-la-tersura-de-la-mirada-NC3532861\">La fuerza de la emoci\u00f3n. La tersura de la mirada<\/a> \u2013 El Correo de Andaluc\u00eda<\/p>\n<p><a href=\"https:\/\/www.google.com\/url?sa=t&amp;rct=j&amp;q=&amp;esrc=s&amp;source=newssearch&amp;cd=16&amp;ved=0ahUKEwjg2eL67r3XAhUQyKQKHe1CAjo4ChCpAgg0KAAwBQ&amp;url=http%3A%2F%2Fwww.eldiario.es%2Fandalucia%2Flacajanegra%2FNietzsche-filosofas-Festival-Filosofia-Malaga_0_707279655.html&amp;usg=AOvVaw1JX-XFFr9hP9rEA8inurm9\">\u00abNietzsche en la cocina\u00bb: el Festival de Filosof\u00eda de M\u00e1laga relega a las pensadoras &#8230;<\/a> &#8211; <a href=\"http:\/\/eldiario.es\">eldiario.es<\/a><\/p>\n<p><a href=\"http:\/\/www.sevillamagazine.es\/lorena-gomez-y-juana-martin-favoritas-2017\/\">Lorena G\u00f3mez y Juana Mart\u00edn, \u201cFavoritas\u201d 2017<\/a> &#8211; Sevilla Magazine<\/p>\n<p><a href=\"https:\/\/www.audiovisual451.com\/nace-la-academia-del-cine-y-las-artes-audiovisuales-de-andalucia\/\">Nace la Academia del Cine y las Artes Audiovisuales de Andaluc\u00eda<\/a> &#8211; Audiovisual451<\/p>\n<p><strong>Deporte<\/strong><\/p>\n<p><a href=\"http:\/\/www.diariosur.es\/marbella-estepona\/malaga-campeona-andalucia-20171114004741-ntvo.html\">M\u00e1laga, campeona de Andaluc\u00eda minibasket en Estepona<\/a> &#8211; Sur Digital<\/p>\n<p>\u00a0<\/p>\n<p>[\/toggle]<br \/> [toggle title=\u00bbEstado\u00bb]<\/p>\n<p>\u00a0<\/p>\n<p><strong>Institucional-CCAA<\/strong><\/p>\n<p><a href=\"https:\/\/www.google.com\/url?rct=j&amp;sa=t&amp;url=http:\/\/valenciaplaza.com\/sanidad-extiende-el-sistema-de-deteccion-de-casos-de-violencia-de-genero-entre-las-mujeres-adictas&amp;ct=ga&amp;cd=CAEYByoUMTgzODYxNDAzMzI4NDMzNTIzMzQyGWMwMzcyZWJjMmZlYWRhNTk6ZXM6ZXM6RVM&amp;usg=AFQjCNH3MWvQO6Ky1Nc1KRi1i0Htow60XQ\">La Conselleria de Sanidad extiende el sistema de detecci\u00f3n de casos de violencia de g\u00e9nero entre las mujeres adictas<\/a> &#8211; <a href=\"http:\/\/valenciaplaza.com\">valenciaplaza.com<\/a><\/p>\n<p><a href=\"http:\/\/www.lne.es\/asturias\/2017\/11\/14\/clave-rodearte-personas-crean\/2193119.html\">Mar\u00eda G\u00f3mez del Pozuelo: \u00abEs clave rodearte de personas que crean en ti\u201d &#8230;<\/a> &#8211; La Nueva Espa\u00f1a<\/p>\n<p><a href=\"https:\/\/www.google.com\/url?sa=t&amp;rct=j&amp;q=&amp;esrc=s&amp;source=newssearch&amp;cd=10&amp;ved=0ahUKEwjfqcvz6r3XAhVQpqQKHUBJDsQQqQIIQSgAMAk&amp;url=http%3A%2F%2Fwww.20minutos.es%2Fnoticia%2F3185984%2F0%2Fmargaret-harrison-arte-feminista-retrospectiva-centro-azkuna-bilbao%2F&amp;usg=AOvVaw3pdkUwzhwYvLDQUT-tS3eS\">La pionera del arte feminista Margaret Harrison protagonista de una retrospectiva en Bilbao &#8230;<\/a> &#8211; <a href=\"http:\/\/20minutos.es\">20minutos.es<\/a><\/p>\n<p><strong>Econom\u00eda y Empresas<\/strong><\/p>\n<p><a href=\"http:\/\/www.eleconomista.es\/empresas-finanzas\/noticias\/8741549\/11\/17\/La-presencia-de-mujeres-en-consejos-del-Ibex35-ocho-puntos-por-debajo-del-Codigo-de-Buen-Gobierno.html\">La presencia de <em>mujeres<\/em> en consejos del Ibex 35, ocho puntos por debajo del c\u00f3digo del buen gobierno&#8230;<\/a> &#8211; elEconomista.es<\/p>\n<p><a href=\"http:\/\/www.mujeremprendedora.net\/womemprende-busca-mejores-startups-lideradas-mujeres\/\">WomEmprende busca las mejores startups lideradas por mujeres<\/a> \u2013 Mujeremprendedora.net<\/p>\n<p><a href=\"https:\/\/elpais.com\/economia\/2017\/11\/14\/mis_derechos\/1510645807_419330.html\">El trabajo invisible de las mujeres en el entorno familiar es &#8230;<\/a> \u2013 El Pa\u00eds<\/p>\n<p><strong>Actualidad<\/strong><\/p>\n<p><a href=\"http:\/\/www.publico.es\/sociedad\/catalogos-navidad-toy-planet-ensena-juguetes-son-inclusivos.html\">Juguetes que no saben de estereotipos de g\u00e9nero<\/a> &#8211; P\u00fablico<\/p>\n<p><a href=\"https:\/\/elfarodeceuta.es\/violencia-adoratrices-genero\/\">Las Adoratrices, reconocidas por su lucha en contra de la violencia &#8230;<\/a> &#8211; El Faro de Ceuta<\/p>\n<p><strong>Violencia<\/strong><\/p>\n<p><a href=\"https:\/\/www.google.com\/url?sa=t&amp;rct=j&amp;q=&amp;esrc=s&amp;source=newssearch&amp;cd=45&amp;ved=0ahUKEwihv-a97L3XAhWF6aQKHdPnAwY4KBCpAggxKAAwBA&amp;url=http%3A%2F%2Fwww.diariocordoba.com%2Fnoticias%2Fcordobalocal%2Fdependencia-economica-lleva-70-mujeres-victimas-no-denunciar_1185260.html&amp;usg=AOvVaw0HB1BtGlyOJaJHTxV3X4Dk\">La dependencia econ\u00f3mica lleva al 70% de mujeres v\u00edctimas a no denunciar &#8230;<\/a> &#8211; Diario C\u00f3rdoba<\/p>\n<p><a href=\"https:\/\/www.google.com\/url?rct=j&amp;sa=t&amp;url=https:\/\/www.elespanol.com\/espana\/sociedad\/20171113\/261724797_0.html&amp;ct=ga&amp;cd=CAEYAioUMTQ5ODM1NTUzMzk0MjE4NDY1ODgyGWMwMzcyZWJjMmZlYWRhNTk6ZXM6ZXM6RVM&amp;usg=AFQjCNGKgqJRzSY9PkFJrKcXGhiMeJBz4g\">Uno de cada cuatro j\u00f3venes la justifica <\/a>&#8211; El Espa\u00f1ol<\/p>\n<p><a href=\"http:\/\/www.publico.es\/sociedad\/trata-mujeres-trata-mujeres-sencilla-mercancia-facil-importar.html\">Mabel Lozano: \u201cLa trata de mujeres es muy sencilla porque es una mercanc\u00eda muy f\u00e1cil de importar\u00bb<\/a> &#8211; P\u00fablico<\/p>\n<p><strong>Ciencia y Cultura<\/strong><\/p>\n<p><a href=\"https:\/\/elpais.com\/elpais\/2017\/10\/31\/ciencia\/1509467655_594246.html\">Pilar Garrido, jefa de Oncolog\u00eda Ram\u00f3n y Cajas: \u201cDebemos concienciar a ambos sexos para luchar contra sesgos inconscientes\u201d<\/a> \u2013 El Pa\u00eds<\/p>\n<p><a href=\"http:\/\/www.elmundo.es\/ciencia-y-salud\/salud\/2017\/11\/13\/5a09d4fb268e3e066b8b458d.html\">Un escudo contra uno de los c\u00e1nceres m\u00e1s agresivos<\/a> \u2013 El Mundo<\/p>\n<p><a href=\"http:\/\/www.diariodeleon.es\/noticias\/sociedad\/cientifica-descifra-cancer-combate-machismo_1203434.html\">La cient\u00edfica que descifra el c\u00e1ncer y combate el machismo<\/a> &#8211; Diario de Le\u00f3n<\/p>\n<p><a href=\"https:\/\/elpais.com\/cultura\/2017\/11\/11\/actualidad\/1510361065_889862.html\">Un retrato de las nuevas fot\u00f3grafas espa\u00f1olas<\/a> \u2013 El Pa\u00eds<\/p>\n<p><a href=\"https:\/\/www.google.com\/url?sa=t&amp;rct=j&amp;q=&amp;esrc=s&amp;source=newssearch&amp;cd=32&amp;ved=0ahUKEwjzr6Gc7L3XAhVSEewKHdQCC0E4HhCpAggoKAAwAQ&amp;url=http%3A%2F%2Fwww.20minutos.es%2Fnoticia%2F3185467%2F0%2Fentrevista-alicia-gimenez-bartlett-petra-delicado%2F&amp;usg=AOvVaw37w1PPeUE2Fh4dAlwKfXPA\">Alicia Gim\u00e9nez Bartlett: \u00abLas mujeres tenemos complejo de culpa desde Ad\u00e1n y Eva\u201d &#8230;<\/a>&#8211; <a href=\"http:\/\/20minutos.es\">20minutos.es<\/a><\/p>\n<p><a href=\"http:\/\/www.publico.es\/culturas\/heroes-comic-frank-miller-no-hay-superheroinas-no-hay-suficientes-mujeres-industria-comic.html\">Frank Miller: \u201cNo hay m\u00e1s superhero\u00ednas porque no hay suficientes mujeres en la industria del c\u00f3mic\u201d<\/a> &#8211; P\u00fablico<\/p>\n<p><strong>Deporte<\/strong>\u00a0\u00a0\u00a0<\/p>\n<p><a href=\"https:\/\/www.google.com\/url?sa=t&amp;rct=j&amp;q=&amp;esrc=s&amp;source=newssearch&amp;cd=41&amp;ved=0ahUKEwiNzJa48b3XAhXDyKQKHXF8BKI4KBCpAgglKAAwAA&amp;url=http%3A%2F%2Fwww.marca.com%2Fdeportes-aventura%2F2017%2F11%2F13%2F5a09d171468aebcf3c8b4680.html&amp;usg=AOvVaw1CYwMe3kMhTA1yKgMuLm7U\">Lorena Gonz\u00e1lez se proclama campeona de Espa\u00f1a de carrera de obst\u00e1culos \u2026 <\/a>&#8211; Marca.com<\/p>\n<p><a href=\"http:\/\/www.sport.es\/es\/noticias\/baloncesto\/caixabank-con-seleccion-femenina-6422268\">CaixaBank, con la selecci\u00f3n femenina de baloncesto \u2026<\/a>-Sport<\/p>\n<div class=\"jqDnR\">\n<p>[\/toggle]<\/p>\n<\/div>\n<p>[toggle title=\u00bbInternacional\u00bb]<\/p>\n<p>\u00a0<\/p>\n<p><a href=\"https:\/\/www.google.com\/url?sa=t&amp;rct=j&amp;q=&amp;esrc=s&amp;source=newssearch&amp;cd=1&amp;ved=0ahUKEwj709Cp673XAhUHFewKHf6wD3UQu4gBCCcoATAA&amp;url=https%3A%2F%2Fgestion.pe%2Feconomia%2Fwef-ellas-son-mujeres-que-presidiran-davos-2018-2204697&amp;usg=AOvVaw2OfpxNP8rgI96fnJMsvbRc\">Las mujeres que dirigir\u00e1n el Foro Econ\u00f3mico Mundial de Davos 2018<\/a> &#8211; Diario Gesti\u00f3n<\/p>\n<p><a href=\"https:\/\/www.google.com\/url?rct=j&amp;sa=t&amp;url=https:\/\/elcomercio.pe\/vamos\/mejores-peores-paises-vivir-mujer-noticia-472878&amp;ct=ga&amp;cd=CAEYCCoUMTgzODYxNDAzMzI4NDMzNTIzMzQyGWMwMzcyZWJjMmZlYWRhNTk6ZXM6ZXM6RVM&amp;usg=AFQjCNFKxnPeqR_wfgKuSszxh6lCjOVwiQ\">Los mejores (y peores) pa\u00edses para vivir si eres mujer <\/a>&#8211; El Comercio<\/p>\n<p><a href=\"http:\/\/www.mujeremprendedora.net\/la-organizacion-de-mujeres-indigenas-ciarena-a-c-xxv-premio-bartolome-de-las-casas\/\">La organizaci\u00f3n de Mujeres Ind\u00edgenas CIARENA A.C., XXV Premio Bartolom\u00e9 de las Casas<\/a> \u2013 Mujeremprendedora.net<\/p>\n<p><a href=\"http:\/\/ecodiario.eleconomista.es\/sociedad\/noticias\/8742167\/11\/17\/La-mujer-protagoniza-hoy-el-dia-mundial-de-la-diabetes-2017.html\">La mujer protagoniza hoy el d\u00eda mundial de la diabetes 2017<\/a>&#8211; Ecodiario<\/p>\n<p><a href=\"http:\/\/cadenaser.com\/emisora\/2017\/11\/14\/radio_salamanca\/1510643616_597758.html\">\u201cHay un bill\u00f3n de mujeres que sufre violencia en el mundo\u201d<\/a> &#8211; Cadena SER<\/p>\n<p><a href=\"https:\/\/www.google.com\/url?rct=j&amp;sa=t&amp;url=https:\/\/www.df.cl\/noticias\/tendencias\/360\/la-mujer-que-conecta-geologia-y-astronomia-con-meteoritos\/2017-11-10\/182103.html&amp;ct=ga&amp;cd=CAEYAioUMTQ1NDY3MDkyNzUwODI5MzM0MTEyGWMwMzcyZWJjMmZlYWRhNTk6ZXM6ZXM6RVM&amp;usg=AFQjCNHHpnuq7UYU32eFNMhCAYX4Y_Agiw\">Millarca Valenzuela, la mujer que conecta geolog\u00eda y astronom\u00eda con meteoritos <\/a>&#8211; Diario Financiero<\/p>\n<p><a href=\"http:\/\/www.jotdown.es\/2017\/11\/carolina-maria-de-jesus-la-escritora-que-recogia-cartones-en-una-favela\/\">Carolina Maria de Jesus, la escritora que recog\u00eda cartones en una favela<\/a> \u2013 El Pa\u00eds<\/p>\n<p>[\/toggle]<\/p>\n<\/div>\n<\/div>\n<\/div>\n<\/div>\n<\/div>\n<\/div>\n","protected":false},"excerpt":{"rendered":"<p>Las mujeres dirigir\u00e1n el Foro Econ\u00f3mico Mundial de Davos 2018-El <a href=\"https:\/\/cklcomunicaciones.es\/coop\/noticiasinfockl-14-11-2017\/\">[&#8230;]<\/a><\/p>\n","protected":false},"author":3,"featured_media":0,"comment_status":"closed","ping_status":"closed","sticky":false,"template":"","format":"standard","meta":{"footnotes":""},"categories":[298,623],"tags":[],"class_list":["post-12800","post","type-post","status-publish","format-standard","hentry","category-newsletter","category-nwl-2-0"],"yoast_head":"<!-- This site is optimized with the Yoast SEO plugin v27.5 - https:\/\/yoast.com\/product\/yoast-seo-wordpress\/ -->\n<title>Noticias Info CKL n\u00ba 2.020-14\/11\/17-Comunicaci\u00f3n con perspectiva de g\u00e9nero<\/title>\n<meta name=\"description\" content=\"Las mujeres dirigir\u00e1n Foro Econ\u00f3mico Mundial de Davos 2018-El 27,4% de j\u00f3venes considera normal la violencia de g\u00e9nero-UGR, pionera en pol\u00edticas de igualdad\" \/>\n<meta name=\"robots\" content=\"index, follow, max-snippet:-1, max-image-preview:large, max-video-preview:-1\" \/>\n<link rel=\"canonical\" href=\"https:\/\/cklcomunicaciones.es\/coop\/noticiasinfockl-14-11-2017\/\" \/>\n<meta property=\"og:locale\" content=\"es_ES\" \/>\n<meta property=\"og:type\" content=\"article\" \/>\n<meta property=\"og:title\" content=\"Noticias Info CKL n\u00ba 2.020-14\/11\/17-Comunicaci\u00f3n con perspectiva de g\u00e9nero\" \/>\n<meta property=\"og:description\" content=\"Las mujeres dirigir\u00e1n Foro Econ\u00f3mico Mundial de Davos 2018-El 27,4% de j\u00f3venes considera normal la violencia de g\u00e9nero-UGR, pionera en pol\u00edticas de igualdad\" \/>\n<meta property=\"og:url\" content=\"https:\/\/cklcomunicaciones.es\/coop\/noticiasinfockl-14-11-2017\/\" \/>\n<meta property=\"og:site_name\" content=\"CKL Comunicaciones\" \/>\n<meta property=\"article:published_time\" content=\"2017-11-14T11:02:53+00:00\" \/>\n<meta property=\"article:modified_time\" content=\"2025-01-17T15:37:37+00:00\" \/>\n<meta property=\"og:image\" content=\"https:\/\/cklcomunicaciones.es\/coop\/wp-content\/uploads\/2021\/04\/CKL-MiradaDistinta-newsletter2021_1200-x-675.jpg\" \/>\n\t<meta property=\"og:image:width\" content=\"1200\" \/>\n\t<meta property=\"og:image:height\" content=\"676\" \/>\n\t<meta property=\"og:image:type\" content=\"image\/jpeg\" \/>\n<meta name=\"author\" content=\"ckl\" \/>\n<meta name=\"twitter:card\" content=\"summary_large_image\" \/>\n<meta name=\"twitter:label1\" content=\"Escrito por\" \/>\n\t<meta name=\"twitter:data1\" content=\"ckl\" \/>\n\t<meta name=\"twitter:label2\" content=\"Tiempo de lectura\" \/>\n\t<meta name=\"twitter:data2\" content=\"5 minutos\" \/>\n<script type=\"application\/ld+json\" class=\"yoast-schema-graph\">{\"@context\":\"https:\\\/\\\/schema.org\",\"@graph\":[{\"@type\":\"Article\",\"@id\":\"https:\\\/\\\/cklcomunicaciones.es\\\/coop\\\/noticiasinfockl-14-11-2017\\\/#article\",\"isPartOf\":{\"@id\":\"https:\\\/\\\/cklcomunicaciones.es\\\/coop\\\/noticiasinfockl-14-11-2017\\\/\"},\"author\":{\"name\":\"ckl\",\"@id\":\"https:\\\/\\\/cklcomunicaciones.es\\\/coop\\\/#\\\/schema\\\/person\\\/929a6837f7626450bbb50cee1aef266e\"},\"headline\":\"Noticias Info CKL n\u00ba 2.020 &#8211; 14\\\/11\\\/17\",\"datePublished\":\"2017-11-14T11:02:53+00:00\",\"dateModified\":\"2025-01-17T15:37:37+00:00\",\"mainEntityOfPage\":{\"@id\":\"https:\\\/\\\/cklcomunicaciones.es\\\/coop\\\/noticiasinfockl-14-11-2017\\\/\"},\"wordCount\":918,\"articleSection\":[\"Newsletter\",\"Nwl v2.0\"],\"inLanguage\":\"es\"},{\"@type\":\"WebPage\",\"@id\":\"https:\\\/\\\/cklcomunicaciones.es\\\/coop\\\/noticiasinfockl-14-11-2017\\\/\",\"url\":\"https:\\\/\\\/cklcomunicaciones.es\\\/coop\\\/noticiasinfockl-14-11-2017\\\/\",\"name\":\"Noticias Info CKL n\u00ba 2.020-14\\\/11\\\/17-Comunicaci\u00f3n con perspectiva de g\u00e9nero\",\"isPartOf\":{\"@id\":\"https:\\\/\\\/cklcomunicaciones.es\\\/coop\\\/#website\"},\"datePublished\":\"2017-11-14T11:02:53+00:00\",\"dateModified\":\"2025-01-17T15:37:37+00:00\",\"author\":{\"@id\":\"https:\\\/\\\/cklcomunicaciones.es\\\/coop\\\/#\\\/schema\\\/person\\\/929a6837f7626450bbb50cee1aef266e\"},\"description\":\"Las mujeres dirigir\u00e1n Foro Econ\u00f3mico Mundial de Davos 2018-El 27,4% de j\u00f3venes considera normal la violencia de g\u00e9nero-UGR, pionera en pol\u00edticas de igualdad\",\"breadcrumb\":{\"@id\":\"https:\\\/\\\/cklcomunicaciones.es\\\/coop\\\/noticiasinfockl-14-11-2017\\\/#breadcrumb\"},\"inLanguage\":\"es\",\"potentialAction\":[{\"@type\":\"ReadAction\",\"target\":[\"https:\\\/\\\/cklcomunicaciones.es\\\/coop\\\/noticiasinfockl-14-11-2017\\\/\"]}]},{\"@type\":\"BreadcrumbList\",\"@id\":\"https:\\\/\\\/cklcomunicaciones.es\\\/coop\\\/noticiasinfockl-14-11-2017\\\/#breadcrumb\",\"itemListElement\":[{\"@type\":\"ListItem\",\"position\":1,\"name\":\"Portada\",\"item\":\"https:\\\/\\\/cklcomunicaciones.es\\\/coop\\\/\"},{\"@type\":\"ListItem\",\"position\":2,\"name\":\"Noticias Info CKL n\u00ba 2.020 &#8211; 14\\\/11\\\/17\"}]},{\"@type\":\"WebSite\",\"@id\":\"https:\\\/\\\/cklcomunicaciones.es\\\/coop\\\/#website\",\"url\":\"https:\\\/\\\/cklcomunicaciones.es\\\/coop\\\/\",\"name\":\"CKL Comunicaciones\",\"description\":\"Sitio web de CKL Comunicaciones coop , la consultora de comunicaci\u00f3n y estrategia\",\"potentialAction\":[{\"@type\":\"SearchAction\",\"target\":{\"@type\":\"EntryPoint\",\"urlTemplate\":\"https:\\\/\\\/cklcomunicaciones.es\\\/coop\\\/?s={search_term_string}\"},\"query-input\":{\"@type\":\"PropertyValueSpecification\",\"valueRequired\":true,\"valueName\":\"search_term_string\"}}],\"inLanguage\":\"es\"},{\"@type\":\"Person\",\"@id\":\"https:\\\/\\\/cklcomunicaciones.es\\\/coop\\\/#\\\/schema\\\/person\\\/929a6837f7626450bbb50cee1aef266e\",\"name\":\"ckl\",\"image\":{\"@type\":\"ImageObject\",\"inLanguage\":\"es\",\"@id\":\"https:\\\/\\\/secure.gravatar.com\\\/avatar\\\/c82db564e8a669bf6023357a157b9dc4780f4d4c618f2ad1d71a6a5dede45057?s=96&d=mm&r=g\",\"url\":\"https:\\\/\\\/secure.gravatar.com\\\/avatar\\\/c82db564e8a669bf6023357a157b9dc4780f4d4c618f2ad1d71a6a5dede45057?s=96&d=mm&r=g\",\"contentUrl\":\"https:\\\/\\\/secure.gravatar.com\\\/avatar\\\/c82db564e8a669bf6023357a157b9dc4780f4d4c618f2ad1d71a6a5dede45057?s=96&d=mm&r=g\",\"caption\":\"ckl\"},\"url\":\"https:\\\/\\\/cklcomunicaciones.es\\\/coop\\\/author\\\/cklcomunicaciones\\\/\"}]}<\/script>\n<!-- \/ Yoast SEO plugin. -->","yoast_head_json":{"title":"Noticias Info CKL n\u00ba 2.020-14\/11\/17-Comunicaci\u00f3n con perspectiva de g\u00e9nero","description":"Las mujeres dirigir\u00e1n Foro Econ\u00f3mico Mundial de Davos 2018-El 27,4% de j\u00f3venes considera normal la violencia de g\u00e9nero-UGR, pionera en pol\u00edticas de igualdad","robots":{"index":"index","follow":"follow","max-snippet":"max-snippet:-1","max-image-preview":"max-image-preview:large","max-video-preview":"max-video-preview:-1"},"canonical":"https:\/\/cklcomunicaciones.es\/coop\/noticiasinfockl-14-11-2017\/","og_locale":"es_ES","og_type":"article","og_title":"Noticias Info CKL n\u00ba 2.020-14\/11\/17-Comunicaci\u00f3n con perspectiva de g\u00e9nero","og_description":"Las mujeres dirigir\u00e1n Foro Econ\u00f3mico Mundial de Davos 2018-El 27,4% de j\u00f3venes considera normal la violencia de g\u00e9nero-UGR, pionera en pol\u00edticas de igualdad","og_url":"https:\/\/cklcomunicaciones.es\/coop\/noticiasinfockl-14-11-2017\/","og_site_name":"CKL Comunicaciones","article_published_time":"2017-11-14T11:02:53+00:00","article_modified_time":"2025-01-17T15:37:37+00:00","og_image":[{"width":1200,"height":676,"url":"https:\/\/cklcomunicaciones.es\/coop\/wp-content\/uploads\/2021\/04\/CKL-MiradaDistinta-newsletter2021_1200-x-675.jpg","type":"image\/jpeg"}],"author":"ckl","twitter_card":"summary_large_image","twitter_misc":{"Escrito por":"ckl","Tiempo de lectura":"5 minutos"},"schema":{"@context":"https:\/\/schema.org","@graph":[{"@type":"Article","@id":"https:\/\/cklcomunicaciones.es\/coop\/noticiasinfockl-14-11-2017\/#article","isPartOf":{"@id":"https:\/\/cklcomunicaciones.es\/coop\/noticiasinfockl-14-11-2017\/"},"author":{"name":"ckl","@id":"https:\/\/cklcomunicaciones.es\/coop\/#\/schema\/person\/929a6837f7626450bbb50cee1aef266e"},"headline":"Noticias Info CKL n\u00ba 2.020 &#8211; 14\/11\/17","datePublished":"2017-11-14T11:02:53+00:00","dateModified":"2025-01-17T15:37:37+00:00","mainEntityOfPage":{"@id":"https:\/\/cklcomunicaciones.es\/coop\/noticiasinfockl-14-11-2017\/"},"wordCount":918,"articleSection":["Newsletter","Nwl v2.0"],"inLanguage":"es"},{"@type":"WebPage","@id":"https:\/\/cklcomunicaciones.es\/coop\/noticiasinfockl-14-11-2017\/","url":"https:\/\/cklcomunicaciones.es\/coop\/noticiasinfockl-14-11-2017\/","name":"Noticias Info CKL n\u00ba 2.020-14\/11\/17-Comunicaci\u00f3n con perspectiva de g\u00e9nero","isPartOf":{"@id":"https:\/\/cklcomunicaciones.es\/coop\/#website"},"datePublished":"2017-11-14T11:02:53+00:00","dateModified":"2025-01-17T15:37:37+00:00","author":{"@id":"https:\/\/cklcomunicaciones.es\/coop\/#\/schema\/person\/929a6837f7626450bbb50cee1aef266e"},"description":"Las mujeres dirigir\u00e1n Foro Econ\u00f3mico Mundial de Davos 2018-El 27,4% de j\u00f3venes considera normal la violencia de g\u00e9nero-UGR, pionera en pol\u00edticas de igualdad","breadcrumb":{"@id":"https:\/\/cklcomunicaciones.es\/coop\/noticiasinfockl-14-11-2017\/#breadcrumb"},"inLanguage":"es","potentialAction":[{"@type":"ReadAction","target":["https:\/\/cklcomunicaciones.es\/coop\/noticiasinfockl-14-11-2017\/"]}]},{"@type":"BreadcrumbList","@id":"https:\/\/cklcomunicaciones.es\/coop\/noticiasinfockl-14-11-2017\/#breadcrumb","itemListElement":[{"@type":"ListItem","position":1,"name":"Portada","item":"https:\/\/cklcomunicaciones.es\/coop\/"},{"@type":"ListItem","position":2,"name":"Noticias Info CKL n\u00ba 2.020 &#8211; 14\/11\/17"}]},{"@type":"WebSite","@id":"https:\/\/cklcomunicaciones.es\/coop\/#website","url":"https:\/\/cklcomunicaciones.es\/coop\/","name":"CKL Comunicaciones","description":"Sitio web de CKL Comunicaciones coop , la consultora de comunicaci\u00f3n y estrategia","potentialAction":[{"@type":"SearchAction","target":{"@type":"EntryPoint","urlTemplate":"https:\/\/cklcomunicaciones.es\/coop\/?s={search_term_string}"},"query-input":{"@type":"PropertyValueSpecification","valueRequired":true,"valueName":"search_term_string"}}],"inLanguage":"es"},{"@type":"Person","@id":"https:\/\/cklcomunicaciones.es\/coop\/#\/schema\/person\/929a6837f7626450bbb50cee1aef266e","name":"ckl","image":{"@type":"ImageObject","inLanguage":"es","@id":"https:\/\/secure.gravatar.com\/avatar\/c82db564e8a669bf6023357a157b9dc4780f4d4c618f2ad1d71a6a5dede45057?s=96&d=mm&r=g","url":"https:\/\/secure.gravatar.com\/avatar\/c82db564e8a669bf6023357a157b9dc4780f4d4c618f2ad1d71a6a5dede45057?s=96&d=mm&r=g","contentUrl":"https:\/\/secure.gravatar.com\/avatar\/c82db564e8a669bf6023357a157b9dc4780f4d4c618f2ad1d71a6a5dede45057?s=96&d=mm&r=g","caption":"ckl"},"url":"https:\/\/cklcomunicaciones.es\/coop\/author\/cklcomunicaciones\/"}]}},"_links":{"self":[{"href":"https:\/\/cklcomunicaciones.es\/coop\/wp-json\/wp\/v2\/posts\/12800","targetHints":{"allow":["GET"]}}],"collection":[{"href":"https:\/\/cklcomunicaciones.es\/coop\/wp-json\/wp\/v2\/posts"}],"about":[{"href":"https:\/\/cklcomunicaciones.es\/coop\/wp-json\/wp\/v2\/types\/post"}],"author":[{"embeddable":true,"href":"https:\/\/cklcomunicaciones.es\/coop\/wp-json\/wp\/v2\/users\/3"}],"replies":[{"embeddable":true,"href":"https:\/\/cklcomunicaciones.es\/coop\/wp-json\/wp\/v2\/comments?post=12800"}],"version-history":[{"count":0,"href":"https:\/\/cklcomunicaciones.es\/coop\/wp-json\/wp\/v2\/posts\/12800\/revisions"}],"wp:attachment":[{"href":"https:\/\/cklcomunicaciones.es\/coop\/wp-json\/wp\/v2\/media?parent=12800"}],"wp:term":[{"taxonomy":"category","embeddable":true,"href":"https:\/\/cklcomunicaciones.es\/coop\/wp-json\/wp\/v2\/categories?post=12800"},{"taxonomy":"post_tag","embeddable":true,"href":"https:\/\/cklcomunicaciones.es\/coop\/wp-json\/wp\/v2\/tags?post=12800"}],"curies":[{"name":"wp","href":"https:\/\/api.w.org\/{rel}","templated":true}]}}