{"id":12650,"date":"2017-11-02T13:11:08","date_gmt":"2017-11-02T12:11:08","guid":{"rendered":"http:\/\/www.cklcomunicaciones.es\/?p=12650"},"modified":"2017-11-02T13:11:08","modified_gmt":"2017-11-02T12:11:08","slug":"discriminacionsalarial_311017","status":"publish","type":"post","link":"https:\/\/cklcomunicaciones.es\/coop\/discriminacionsalarial_311017\/","title":{"rendered":"Las espa\u00f1olas trabajan gratis desde el 8 de noviembre"},"content":{"rendered":"<div id=\"pl-12650\"  class=\"panel-layout\" >\n<div id=\"pg-12650-0\"  class=\"panel-grid panel-no-style\"  data-style=\"{&quot;background_display&quot;:&quot;tile&quot;,&quot;lsow_dark_bg&quot;:&quot;&quot;,&quot;cell_alignment&quot;:&quot;flex-start&quot;}\" >\n<div id=\"pgc-12650-0-0\"  class=\"panel-grid-cell panel-grid-cell-mobile-last\"  data-style=\"{&quot;background_display&quot;:&quot;tile&quot;,&quot;vertical_alignment&quot;:&quot;auto&quot;}\"  data-weight=\"0.85\" >\n<div id=\"panel-12650-0-0-0\" class=\"so-panel widget widget_sow-editor panel-first-child panel-last-child\" data-index=\"0\" data-style=\"{&quot;background_display&quot;:&quot;tile&quot;}\" >\n<div class=\"so-widget-sow-editor so-widget-sow-editor-base\">\n<div class=\"siteorigin-widget-tinymce textwidget\">\n<p><span style=\"color: #000000;\">La Comisi\u00f3n Europea ha dado a conocer la brecha salarial en el conjunto de la Uni\u00f3n Europea, que pone de manifiesto que<strong> desde el 3 de noviembre y hasta final de a\u00f1o las mujeres europeas trabajan\u00a0gratis<\/strong>. Y eso es as\u00ed a pesar de que la brecha en el conjunto de los 28 pa\u00edses de la Uni\u00f3n Europea ha pasado de ser del 16,7 con datos del a\u00f1o pasado al 16,3 seg\u00fan los \u00faltimos datos publicados.\u00a0<\/span><\/p>\n<p><strong>En el caso de Espa\u00f1a<\/strong>, la brecha salarial en salario hora que nos proporciona la misma fuente estad\u00edstica europea EUROSTAT, la brecha permanece invariable en un 14,9 %, por lo que con datos sobre nuestro pa\u00eds, las trabajadoras en Espa\u00f1a, <strong>trabajan gratis desde el d\u00eda 8 de noviembre hasta final de a\u00f1o al igual que el a\u00f1o pasado<\/strong>. M\u00e1s informaci\u00f3n <span style=\"color: #000000;\"> <span style=\"color: #ff0000;\">(<a href=\"http:\/\/www.nuevatribuna.es\/articulo\/economia-social\/mujeres-espana-trabajan-gratis-8-noviembre-final-ano\/20171031184452144898.html\" target=\"_blank\" rel=\"noopener\"><span style=\"color: #ff0000;\">nuevatribuna.es 31\/10\/17<\/span><\/a>)<\/span><\/span><\/p>\n<p class=\"p2\">\u00a0<\/p>\n<\/div>\n<\/div>\n<\/div>\n<\/div>\n<div id=\"pgc-12650-0-1\"  class=\"panel-grid-cell panel-grid-cell-empty\"  data-weight=\"0.15\" ><\/div>\n<\/div>\n<\/div>\n","protected":false},"excerpt":{"rendered":"<p>La Comisi\u00f3n Europea ha dado a conocer la brecha salarial <a href=\"https:\/\/cklcomunicaciones.es\/coop\/discriminacionsalarial_311017\/\">[&#8230;]<\/a><\/p>\n","protected":false},"author":3,"featured_media":0,"comment_status":"closed","ping_status":"closed","sticky":false,"template":"","format":"standard","meta":{"footnotes":""},"categories":[299],"tags":[95,94],"class_list":["post-12650","post","type-post","status-publish","format-standard","hentry","category-noticias-destacadas","tag-brecha-salarial","tag-discriminacion-salarial"],"yoast_head":"<!-- This site is optimized with the Yoast SEO plugin v27.5 - https:\/\/yoast.com\/product\/yoast-seo-wordpress\/ -->\n<title>Las espa\u00f1olas trabajan gratis desde el 8 de noviembre<\/title>\n<meta name=\"description\" content=\"En Espa\u00f1a la brecha salarial permanece invariable en un 14,9 %, por lo que las trabajadoras trabajan gratis desde el d\u00eda 8 de noviembre\" \/>\n<meta name=\"robots\" content=\"index, follow, max-snippet:-1, max-image-preview:large, max-video-preview:-1\" \/>\n<link rel=\"canonical\" href=\"https:\/\/cklcomunicaciones.es\/coop\/discriminacionsalarial_311017\/\" \/>\n<meta property=\"og:locale\" content=\"es_ES\" \/>\n<meta property=\"og:type\" content=\"article\" \/>\n<meta property=\"og:title\" content=\"Las espa\u00f1olas trabajan gratis desde el 8 de noviembre\" \/>\n<meta property=\"og:description\" content=\"En Espa\u00f1a la brecha salarial permanece invariable en un 14,9 %, por lo que las trabajadoras trabajan gratis desde el d\u00eda 8 de noviembre\" \/>\n<meta property=\"og:url\" content=\"https:\/\/cklcomunicaciones.es\/coop\/discriminacionsalarial_311017\/\" \/>\n<meta property=\"og:site_name\" content=\"CKL Comunicaciones\" \/>\n<meta property=\"article:published_time\" content=\"2017-11-02T12:11:08+00:00\" \/>\n<meta property=\"og:image\" content=\"https:\/\/cklcomunicaciones.es\/coop\/wp-content\/uploads\/2021\/04\/CKL-MiradaDistinta-newsletter2021_1200-x-675.jpg\" \/>\n\t<meta property=\"og:image:width\" content=\"1200\" \/>\n\t<meta property=\"og:image:height\" content=\"676\" \/>\n\t<meta property=\"og:image:type\" content=\"image\/jpeg\" \/>\n<meta name=\"author\" content=\"ckl\" \/>\n<meta name=\"twitter:card\" content=\"summary_large_image\" \/>\n<meta name=\"twitter:label1\" content=\"Escrito por\" \/>\n\t<meta name=\"twitter:data1\" content=\"ckl\" \/>\n\t<meta name=\"twitter:label2\" content=\"Tiempo de lectura\" \/>\n\t<meta name=\"twitter:data2\" content=\"1 minuto\" \/>\n<script type=\"application\/ld+json\" class=\"yoast-schema-graph\">{\"@context\":\"https:\\\/\\\/schema.org\",\"@graph\":[{\"@type\":\"Article\",\"@id\":\"https:\\\/\\\/cklcomunicaciones.es\\\/coop\\\/discriminacionsalarial_311017\\\/#article\",\"isPartOf\":{\"@id\":\"https:\\\/\\\/cklcomunicaciones.es\\\/coop\\\/discriminacionsalarial_311017\\\/\"},\"author\":{\"name\":\"ckl\",\"@id\":\"https:\\\/\\\/cklcomunicaciones.es\\\/coop\\\/#\\\/schema\\\/person\\\/929a6837f7626450bbb50cee1aef266e\"},\"headline\":\"Las espa\u00f1olas trabajan gratis desde el 8 de noviembre\",\"datePublished\":\"2017-11-02T12:11:08+00:00\",\"mainEntityOfPage\":{\"@id\":\"https:\\\/\\\/cklcomunicaciones.es\\\/coop\\\/discriminacionsalarial_311017\\\/\"},\"wordCount\":156,\"keywords\":[\"brecha salarial\",\"discriminaci\u00f3n salarial\"],\"articleSection\":[\"noticias destacadas\"],\"inLanguage\":\"es\"},{\"@type\":\"WebPage\",\"@id\":\"https:\\\/\\\/cklcomunicaciones.es\\\/coop\\\/discriminacionsalarial_311017\\\/\",\"url\":\"https:\\\/\\\/cklcomunicaciones.es\\\/coop\\\/discriminacionsalarial_311017\\\/\",\"name\":\"Las espa\u00f1olas trabajan gratis desde el 8 de noviembre\",\"isPartOf\":{\"@id\":\"https:\\\/\\\/cklcomunicaciones.es\\\/coop\\\/#website\"},\"datePublished\":\"2017-11-02T12:11:08+00:00\",\"author\":{\"@id\":\"https:\\\/\\\/cklcomunicaciones.es\\\/coop\\\/#\\\/schema\\\/person\\\/929a6837f7626450bbb50cee1aef266e\"},\"description\":\"En Espa\u00f1a la brecha salarial permanece invariable en un 14,9 %, por lo que las trabajadoras trabajan gratis desde el d\u00eda 8 de noviembre\",\"breadcrumb\":{\"@id\":\"https:\\\/\\\/cklcomunicaciones.es\\\/coop\\\/discriminacionsalarial_311017\\\/#breadcrumb\"},\"inLanguage\":\"es\",\"potentialAction\":[{\"@type\":\"ReadAction\",\"target\":[\"https:\\\/\\\/cklcomunicaciones.es\\\/coop\\\/discriminacionsalarial_311017\\\/\"]}]},{\"@type\":\"BreadcrumbList\",\"@id\":\"https:\\\/\\\/cklcomunicaciones.es\\\/coop\\\/discriminacionsalarial_311017\\\/#breadcrumb\",\"itemListElement\":[{\"@type\":\"ListItem\",\"position\":1,\"name\":\"Portada\",\"item\":\"https:\\\/\\\/cklcomunicaciones.es\\\/coop\\\/\"},{\"@type\":\"ListItem\",\"position\":2,\"name\":\"Las espa\u00f1olas trabajan gratis desde el 8 de noviembre\"}]},{\"@type\":\"WebSite\",\"@id\":\"https:\\\/\\\/cklcomunicaciones.es\\\/coop\\\/#website\",\"url\":\"https:\\\/\\\/cklcomunicaciones.es\\\/coop\\\/\",\"name\":\"CKL Comunicaciones\",\"description\":\"Sitio web de CKL Comunicaciones coop , la consultora de comunicaci\u00f3n y estrategia\",\"potentialAction\":[{\"@type\":\"SearchAction\",\"target\":{\"@type\":\"EntryPoint\",\"urlTemplate\":\"https:\\\/\\\/cklcomunicaciones.es\\\/coop\\\/?s={search_term_string}\"},\"query-input\":{\"@type\":\"PropertyValueSpecification\",\"valueRequired\":true,\"valueName\":\"search_term_string\"}}],\"inLanguage\":\"es\"},{\"@type\":\"Person\",\"@id\":\"https:\\\/\\\/cklcomunicaciones.es\\\/coop\\\/#\\\/schema\\\/person\\\/929a6837f7626450bbb50cee1aef266e\",\"name\":\"ckl\",\"image\":{\"@type\":\"ImageObject\",\"inLanguage\":\"es\",\"@id\":\"https:\\\/\\\/secure.gravatar.com\\\/avatar\\\/c82db564e8a669bf6023357a157b9dc4780f4d4c618f2ad1d71a6a5dede45057?s=96&d=mm&r=g\",\"url\":\"https:\\\/\\\/secure.gravatar.com\\\/avatar\\\/c82db564e8a669bf6023357a157b9dc4780f4d4c618f2ad1d71a6a5dede45057?s=96&d=mm&r=g\",\"contentUrl\":\"https:\\\/\\\/secure.gravatar.com\\\/avatar\\\/c82db564e8a669bf6023357a157b9dc4780f4d4c618f2ad1d71a6a5dede45057?s=96&d=mm&r=g\",\"caption\":\"ckl\"},\"url\":\"https:\\\/\\\/cklcomunicaciones.es\\\/coop\\\/author\\\/cklcomunicaciones\\\/\"}]}<\/script>\n<!-- \/ Yoast SEO plugin. -->","yoast_head_json":{"title":"Las espa\u00f1olas trabajan gratis desde el 8 de noviembre","description":"En Espa\u00f1a la brecha salarial permanece invariable en un 14,9 %, por lo que las trabajadoras trabajan gratis desde el d\u00eda 8 de noviembre","robots":{"index":"index","follow":"follow","max-snippet":"max-snippet:-1","max-image-preview":"max-image-preview:large","max-video-preview":"max-video-preview:-1"},"canonical":"https:\/\/cklcomunicaciones.es\/coop\/discriminacionsalarial_311017\/","og_locale":"es_ES","og_type":"article","og_title":"Las espa\u00f1olas trabajan gratis desde el 8 de noviembre","og_description":"En Espa\u00f1a la brecha salarial permanece invariable en un 14,9 %, por lo que las trabajadoras trabajan gratis desde el d\u00eda 8 de noviembre","og_url":"https:\/\/cklcomunicaciones.es\/coop\/discriminacionsalarial_311017\/","og_site_name":"CKL Comunicaciones","article_published_time":"2017-11-02T12:11:08+00:00","og_image":[{"width":1200,"height":676,"url":"https:\/\/cklcomunicaciones.es\/coop\/wp-content\/uploads\/2021\/04\/CKL-MiradaDistinta-newsletter2021_1200-x-675.jpg","type":"image\/jpeg"}],"author":"ckl","twitter_card":"summary_large_image","twitter_misc":{"Escrito por":"ckl","Tiempo de lectura":"1 minuto"},"schema":{"@context":"https:\/\/schema.org","@graph":[{"@type":"Article","@id":"https:\/\/cklcomunicaciones.es\/coop\/discriminacionsalarial_311017\/#article","isPartOf":{"@id":"https:\/\/cklcomunicaciones.es\/coop\/discriminacionsalarial_311017\/"},"author":{"name":"ckl","@id":"https:\/\/cklcomunicaciones.es\/coop\/#\/schema\/person\/929a6837f7626450bbb50cee1aef266e"},"headline":"Las espa\u00f1olas trabajan gratis desde el 8 de noviembre","datePublished":"2017-11-02T12:11:08+00:00","mainEntityOfPage":{"@id":"https:\/\/cklcomunicaciones.es\/coop\/discriminacionsalarial_311017\/"},"wordCount":156,"keywords":["brecha salarial","discriminaci\u00f3n salarial"],"articleSection":["noticias destacadas"],"inLanguage":"es"},{"@type":"WebPage","@id":"https:\/\/cklcomunicaciones.es\/coop\/discriminacionsalarial_311017\/","url":"https:\/\/cklcomunicaciones.es\/coop\/discriminacionsalarial_311017\/","name":"Las espa\u00f1olas trabajan gratis desde el 8 de noviembre","isPartOf":{"@id":"https:\/\/cklcomunicaciones.es\/coop\/#website"},"datePublished":"2017-11-02T12:11:08+00:00","author":{"@id":"https:\/\/cklcomunicaciones.es\/coop\/#\/schema\/person\/929a6837f7626450bbb50cee1aef266e"},"description":"En Espa\u00f1a la brecha salarial permanece invariable en un 14,9 %, por lo que las trabajadoras trabajan gratis desde el d\u00eda 8 de noviembre","breadcrumb":{"@id":"https:\/\/cklcomunicaciones.es\/coop\/discriminacionsalarial_311017\/#breadcrumb"},"inLanguage":"es","potentialAction":[{"@type":"ReadAction","target":["https:\/\/cklcomunicaciones.es\/coop\/discriminacionsalarial_311017\/"]}]},{"@type":"BreadcrumbList","@id":"https:\/\/cklcomunicaciones.es\/coop\/discriminacionsalarial_311017\/#breadcrumb","itemListElement":[{"@type":"ListItem","position":1,"name":"Portada","item":"https:\/\/cklcomunicaciones.es\/coop\/"},{"@type":"ListItem","position":2,"name":"Las espa\u00f1olas trabajan gratis desde el 8 de noviembre"}]},{"@type":"WebSite","@id":"https:\/\/cklcomunicaciones.es\/coop\/#website","url":"https:\/\/cklcomunicaciones.es\/coop\/","name":"CKL Comunicaciones","description":"Sitio web de CKL Comunicaciones coop , la consultora de comunicaci\u00f3n y estrategia","potentialAction":[{"@type":"SearchAction","target":{"@type":"EntryPoint","urlTemplate":"https:\/\/cklcomunicaciones.es\/coop\/?s={search_term_string}"},"query-input":{"@type":"PropertyValueSpecification","valueRequired":true,"valueName":"search_term_string"}}],"inLanguage":"es"},{"@type":"Person","@id":"https:\/\/cklcomunicaciones.es\/coop\/#\/schema\/person\/929a6837f7626450bbb50cee1aef266e","name":"ckl","image":{"@type":"ImageObject","inLanguage":"es","@id":"https:\/\/secure.gravatar.com\/avatar\/c82db564e8a669bf6023357a157b9dc4780f4d4c618f2ad1d71a6a5dede45057?s=96&d=mm&r=g","url":"https:\/\/secure.gravatar.com\/avatar\/c82db564e8a669bf6023357a157b9dc4780f4d4c618f2ad1d71a6a5dede45057?s=96&d=mm&r=g","contentUrl":"https:\/\/secure.gravatar.com\/avatar\/c82db564e8a669bf6023357a157b9dc4780f4d4c618f2ad1d71a6a5dede45057?s=96&d=mm&r=g","caption":"ckl"},"url":"https:\/\/cklcomunicaciones.es\/coop\/author\/cklcomunicaciones\/"}]}},"_links":{"self":[{"href":"https:\/\/cklcomunicaciones.es\/coop\/wp-json\/wp\/v2\/posts\/12650","targetHints":{"allow":["GET"]}}],"collection":[{"href":"https:\/\/cklcomunicaciones.es\/coop\/wp-json\/wp\/v2\/posts"}],"about":[{"href":"https:\/\/cklcomunicaciones.es\/coop\/wp-json\/wp\/v2\/types\/post"}],"author":[{"embeddable":true,"href":"https:\/\/cklcomunicaciones.es\/coop\/wp-json\/wp\/v2\/users\/3"}],"replies":[{"embeddable":true,"href":"https:\/\/cklcomunicaciones.es\/coop\/wp-json\/wp\/v2\/comments?post=12650"}],"version-history":[{"count":0,"href":"https:\/\/cklcomunicaciones.es\/coop\/wp-json\/wp\/v2\/posts\/12650\/revisions"}],"wp:attachment":[{"href":"https:\/\/cklcomunicaciones.es\/coop\/wp-json\/wp\/v2\/media?parent=12650"}],"wp:term":[{"taxonomy":"category","embeddable":true,"href":"https:\/\/cklcomunicaciones.es\/coop\/wp-json\/wp\/v2\/categories?post=12650"},{"taxonomy":"post_tag","embeddable":true,"href":"https:\/\/cklcomunicaciones.es\/coop\/wp-json\/wp\/v2\/tags?post=12650"}],"curies":[{"name":"wp","href":"https:\/\/api.w.org\/{rel}","templated":true}]}}