{"id":12624,"date":"2017-10-30T12:43:24","date_gmt":"2017-10-30T11:43:24","guid":{"rendered":"http:\/\/www.cklcomunicaciones.es\/?p=12624"},"modified":"2025-01-17T16:37:39","modified_gmt":"2025-01-17T15:37:39","slug":"noticiasinfockl_30-10-2017","status":"publish","type":"post","link":"https:\/\/cklcomunicaciones.es\/coop\/noticiasinfockl_30-10-2017\/","title":{"rendered":"Noticias Info CKL n\u00ba 2.011 &#8211; 30\/10\/17"},"content":{"rendered":"<div id=\"pl-12624\"  class=\"panel-layout\" >\n<div id=\"pg-12624-0\"  class=\"panel-grid panel-no-style\"  data-style=\"{&quot;background_display&quot;:&quot;tile&quot;,&quot;lsow_dark_bg&quot;:&quot;&quot;,&quot;cell_alignment&quot;:&quot;flex-start&quot;}\" >\n<div id=\"pgc-12624-0-0\"  class=\"panel-grid-cell\"  data-weight=\"1\" >\n<div id=\"panel-12624-0-0-0\" class=\"so-panel widget widget_sow-editor panel-first-child panel-last-child\" data-index=\"0\" data-style=\"{&quot;background_image_attachment&quot;:false,&quot;background_display&quot;:&quot;tile&quot;}\" >\n<div class=\"so-widget-sow-editor so-widget-sow-editor-base\">\n<div class=\"siteorigin-widget-tinymce textwidget\">\n<p><strong>M\u00aa Jes\u00fas Almazor:\u00bbLas empresas deben incorporar mujeres en puestos directivos\u201d-200 mujeres juristas reivindican una Ley Integral de Igualdad-Mar\u00eda Escario, Premio FEDEPE por comunicaci\u00f3n comprometida con la mujer<br \/> <\/strong><\/p>\n<p>[toggle type=\u00bbfirst\u00bb title=\u00bbComunicaci\u00f3n\u00bb]<\/p>\n<p><a href=\"https:\/\/www.ocionews.com\/maria-escario-reconocida-los-premios-fedepe-comunicacion-comprometida-la-mujer\/\">Mar\u00eda Escario, reconocida en los premios FEDEPE por su \u201cComunicaci\u00f3n comprometida con la mujer\u201d &#8230;<\/a> &#8211; Ocio News<\/p>\n<p><a href=\"https:\/\/elpais.com\/cultura\/2017\/10\/29\/television\/1509302169_619490.html\">Publicidad con mensaje social<\/a> \u2013 El Pa\u00eds<\/p>\n<p><a href=\"http:\/\/www.elmundo.es\/comunidad-valenciana\/alicante\/2017\/10\/30\/59f5b5d4268e3e28158b4597.html\">Mara Torres: \u00abQuer\u00eda hablar del amor como refugio\u00bb<\/a> \u2013 El Mundo<\/p>\n<p><a href=\"http:\/\/www.elmundo.es\/comunidad-valenciana\/2017\/10\/28\/59f38229ca47413c258b4690.html\">Luz verde a la ley del Consell del Audiovisual<\/a> \u2013 El Mundo<\/p>\n<p><a href=\"http:\/\/www.eldiario.es\/cultura\/comics\/Valerosas-enciclopedia-feminista-mujeres-empoderadas_0_698530157.html\">&#8216;Valerosas&#8217;, una breve enciclopedia feminista de mujeres &#8230;<\/a> &#8211; <a href=\"http:\/\/eldiario.es\">eldiario.es<\/a><\/p>\n<p>[\/toggle]<\/p>\n<p>[toggle type=\u00bbfirst\u00bb title=\u00bbAndaluc\u00eda\u00bb]<\/p>\n<p><strong>Institucional<\/strong><\/p>\n<p><a href=\"https:\/\/www.google.com\/url?sa=t&amp;rct=j&amp;q=&amp;esrc=s&amp;source=newssearch&amp;cd=2&amp;ved=0ahUKEwjiyOD1mZjXAhVMkRQKHU1sCAIQqQIIKSgAMAE&amp;url=http%3A%2F%2Fwww.teinteresa.es%2Flocal%2FANDALUCIA-PODEMOS-SALDADA-RECUPERACION-FAMILIAS_0_1897010475.html&amp;usg=AOvVaw3l5-RSkgWtkg9k7qqYmbew\">La Junta avisa que \u00abNo podemos dar por finalizada la crisis si la recuperaci\u00f3n no ha llegado a las familias\u201d&#8230;<\/a> &#8211; Te Interesa<\/p>\n<p><strong>Econom\u00eda y Empresas<\/strong><\/p>\n<p><a href=\"http:\/\/sevilla.abc.es\/sevilla\/sevi-maria-jesus-almazor-empresas-deben-tener-planes-para-incorporar-mujeres-puestos-directivos-201710290830_noticia.html\">Mar\u00eda Jes\u00fas Almazor, directora de Telef\u00f3nica en Andaluc\u00eda: \u201cLas empresas deben tener planes para incorporar mujeres en puestos directivos\u201d &#8230;<\/a> &#8211; <a href=\"http:\/\/abcdesevilla.es\">abcdesevilla.es<\/a><\/p>\n<p><a href=\"http:\/\/mujeremprendedora.net\/anabel-veloso-empresaria-embajadora-internacional-flamenco\/\">Anabel Veloso, empresaria internacional del flamenco<\/a>\u2013 Mujeremprendedora.net<\/p>\n<p><a href=\"http:\/\/mujeremprendedora.net\/premios-almur-a-las-empresarias-almerienses\/\">Premios ALMUR a las empresarias almerienses<\/a> \u2013 Mujeremprendedora.net<\/p>\n<p><a href=\"http:\/\/mujeremprendedora.net\/andalucia-emprende-ikea-fomentan-emprendimiento-cadiz\/\">Andaluc\u00eda Emprende e IKEA fomentan el emprendimiento en C\u00e1diz<\/a>\u2013 Mujeremprendedora.net<\/p>\n<p><strong>Actualidad<\/strong><\/p>\n<p><a href=\"https:\/\/www.google.com\/url?sa=t&amp;rct=j&amp;q=&amp;esrc=s&amp;source=newssearch&amp;cd=1&amp;ved=0ahUKEwjolfa6kZjXAhXMtBQKHTy_CEkQqQIIJSgAMAA&amp;url=http%3A%2F%2Fcadenaser.com%2Femisora%2F2017%2F10%2F27%2Fradio_ubeda%2F1509103891_466768.html&amp;usg=AOvVaw2VN5GmhuVz9jKcs5EYbEKk\">Las pol\u00edticas feministas, a debate en Baeza<\/a> &#8211; Cadena SER<\/p>\n<p><strong>Violencia<\/strong><\/p>\n<p><a href=\"https:\/\/www.google.com\/url?sa=t&amp;rct=j&amp;q=&amp;esrc=s&amp;source=newssearch&amp;cd=18&amp;ved=0ahUKEwiFq9axlpjXAhUFOhQKHZqRBak4ChCpAgg5KAAwBw&amp;url=http%3A%2F%2Fwww.malagahoy.es%2Fmalaga%2FInvito-cuestione-violencia-genero-conmigo_0_1186081928.html&amp;usg=AOvVaw0DL8KtM_7VP363ohhahsS3\">Flor de Torres, Fiscal delegada de violencia contra la mujer: \u201cInvito al que cuestione la violencia de g\u00e9nero a que venga un d\u00eda conmigo\u201d &#8230;<\/a> -M\u00e1laga Hoy<\/p>\n<p><a href=\"https:\/\/www.google.com\/url?rct=j&amp;sa=t&amp;url=http:\/\/ubeda.ideal.es\/ubeda\/buena-coordinacion-atencion-20171027151118-nt.html&amp;ct=ga&amp;cd=CAEYACoRNjQwNjE1MzUyMjMzNTcyNDIyGWMwMzcyZWJjMmZlYWRhNTk6ZXM6ZXM6RVM&amp;usg=AFQjCNEV_hcJqlqC8VQoFmwOeysLzuR-lg\">Buena coordinaci\u00f3n en la atenci\u00f3n de los casos de violencia de g\u00e9nero gracias al acuerdo Viogen <\/a>&#8211; Ideal Digital<\/p>\n<p><a href=\"https:\/\/www.google.com\/url?sa=t&amp;rct=j&amp;q=&amp;esrc=s&amp;source=newssearch&amp;cd=39&amp;ved=0ahUKEwjGgsy3lJjXAhXFWxQKHdVVCSc4HhCpAgg7KAAwCA&amp;url=http%3A%2F%2Fwww.eldiario.es%2Fandalucia%2Fninas-violadas-asesinadas-franquistas-Aguaucho_0_701680403.html&amp;usg=AOvVaw3FRhyAUww_UUulJfjx5fPf\">Las \u00abni\u00f1as\u00bb violadas y asesinadas por los franquistas no est\u00e1n en el pozo de El Aguaucho &#8230;<\/a> &#8211; <a href=\"http:\/\/eldiario.es\">eldiario.es<\/a><\/p>\n<p><strong>Ciencia y Cultura<\/strong><\/p>\n<p><a href=\"https:\/\/www.google.com\/url?rct=j&amp;sa=t&amp;url=http:\/\/www.20minutos.es\/noticia\/3172413\/0\/academia-malaguena-ciencias-homenajea-papel-mujer-ambito-investigacion\/&amp;ct=ga&amp;cd=CAEYASoRNjQwNjE1MzUyMjMzNTcyNDIyGWMwMzcyZWJjMmZlYWRhNTk6ZXM6ZXM6RVM&amp;usg=AFQjCNHkXLly01JbI6rSmRtu5s2cwOur9g\">La Academia Malague\u00f1a de Ciencias homenajea el papel de la mujer en el \u00e1mbito de la investigaci\u00f3n &#8230; <\/a>&#8211;<a href=\"http:\/\/20minutos.es\">20minutos.es<\/a><\/p>\n<p><a href=\"http:\/\/elcorreoweb.es\/cultura\/veronica-duran-se-pone-al-frente-de-la-feria-del-libro-de-sevilla-GM3482778\">Ver\u00f3nica Dur\u00e1n se pone al frente de la Feria del Libro de Sevilla\u2026<\/a> \u2013 El Correo de Andaluc\u00eda<\/p>\n<p><a href=\"https:\/\/elpais.com\/cultura\/2017\/10\/27\/actualidad\/1509121488_100658.html\">Vanesa Mart\u00edn: \u201cOdio a los guardianes de la moral\u201d<\/a> \u2013 El Pa\u00eds<\/p>\n<p><a href=\"https:\/\/elpais.com\/cultura\/2017\/10\/29\/actualidad\/1509273297_139647.html\">La Biblia del Oso y la Espa\u00f1a de la Reforma que pudo ser<\/a> \u2013 El Pa\u00eds<\/p>\n<p><a href=\"https:\/\/www.google.com\/url?sa=t&amp;rct=j&amp;q=&amp;esrc=s&amp;source=newssearch&amp;cd=23&amp;ved=0ahUKEwjL0MaZlJjXAhWK7BQKHcwfBQM4FBCpAggrKAAwAg&amp;url=http%3A%2F%2Fwww.eldiadecordoba.es%2Focio%2FFellini-Warhol-Andalucia-Picasso-Malaga_0_1186381358.html&amp;usg=AOvVaw3bwiyfxRrGqMIi7t10osT9\">Fellini, Warhol y Andaluc\u00eda centrar\u00e1n el programa del Museo Picasso de M\u00e1laga &#8230;<\/a> &#8211; El D\u00eda de C\u00f3rdoba<\/p>\n<p><strong>Deporte<\/strong><\/p>\n<p><a href=\"https:\/\/www.google.com\/url?sa=t&amp;rct=j&amp;q=&amp;esrc=s&amp;source=newssearch&amp;cd=25&amp;cad=rja&amp;uact=8&amp;ved=0ahUKEwiZp56_m5jXAhUIaRQKHWETCOw4FBCpAggxKAAwBA&amp;url=http%3A%2F%2Fsevilla.abc.es%2Fdeportes%2Forgullodenervion%2Fnoticias%2Fsevilla-fc%2Fsevilla-femenino-sorprende-la-real-sociedad-0-1.html&amp;usg=AOvVaw1F1qQU5pcHTIaXQi4CnZtS\">El Sevilla Femenino se deshace de la Real Sociedad \u2026<\/a> &#8211; <a href=\"http:\/\/abcdesevilla.es\">abcdesevilla.es<\/a><\/p>\n<p><a href=\"http:\/\/andaluciainformacion.es\/malaga\/711558\/arranca-la-v-edicion-liga-basket-fem-35-\/\">Arranca la V edici\u00f3n Liga Basket FEM +35<\/a> &#8211; Andaluc\u00eda Informaci\u00f3n<\/p>\n<p><a href=\"http:\/\/www.eldiadecordoba.es\/deportes\/Priego-femenino-opciones-Ettu-Cup_0_1186081501.html\">El Priego femenino sigue con opciones de avanzar en la Ettu Cup<\/a> &#8211; El D\u00eda de C\u00f3rdoba<\/p>\n<p><a href=\"https:\/\/www.google.com\/url?sa=t&amp;rct=j&amp;q=&amp;esrc=s&amp;source=newssearch&amp;cd=17&amp;ved=0ahUKEwjT6M74npjXAhVCchQKHX82A-s4ChCpAgg2KAAwBg&amp;url=http%3A%2F%2Fmalaga.eldesmarque.com%2Fpolideportivo%2F55201-el-rincon-fertilidad-se-estrena-en-carranque-26-24&amp;usg=AOvVaw1FvLwFIo78VZ-DskJ2WxrU\">El Rinc\u00f3n Fertilidad se estrena en Carranque \u2026 <\/a>\u00a0&#8211; El Desmarque<\/p>\n<p>[\/toggle]<br \/> [toggle title=\u00bbEstado\u00bb]<\/p>\n<p><strong>Institucional-CCAA<\/strong><\/p>\n<p><a href=\"https:\/\/www.google.com\/url?rct=j&amp;sa=t&amp;url=http:\/\/www.elperiodicomediterraneo.com\/noticias\/contra\/ser-mujer-cientifica-reto-futuro-castellon_1103494.html&amp;ct=ga&amp;cd=CAEYACoTODg0NzgzNDk5NzYyNTY3MDkzODIZYzAzNzJlYmMyZmVhZGE1OTplczplczpFUw&amp;usg=AFQjCNFP7QMePKO4L_tEboiXgIeEMiwYqw\">Ser mujer y cient\u00edfica, reto de futuro en Castell\u00f3n <\/a>&#8211; El Peri\u00f3dico Mediterr\u00e1neo<\/p>\n<p><a href=\"https:\/\/www.google.com\/url?rct=j&amp;sa=t&amp;url=http:\/\/www.20minutos.es\/noticia\/3172853\/0\/investigadoras-cibir-participan-programa-iniciacion-tecnologia-igualdad-instituto-mujer\/&amp;ct=ga&amp;cd=CAEYACoTMjk5NjU0NjM2MjcwMjA5MTQ0NTIZYzAzNzJlYmMyZmVhZGE1OTplczplczpFUw&amp;usg=AFQjCNESTbswdK-qI2onGKv4m8e-Mj10bQ\">Investigadoras del CIBIR participan en el programa de iniciaci\u00f3n a la tecnolog\u00eda en igualdad del &#8230; <\/a>&#8211; <a href=\"http:\/\/20minutos.es\">20minutos.es<\/a><\/p>\n<p><a href=\"http:\/\/mujeremprendedora.net\/foro-navarro-de-liderazgo-femenino\/\">Foro Navarro de Liderazgo femenino<\/a> \u2013 Mujeremprendedora.net<\/p>\n<p><a href=\"https:\/\/www.google.com\/url?sa=t&amp;rct=j&amp;q=&amp;esrc=s&amp;source=newssearch&amp;cd=16&amp;ved=0ahUKEwili4KCmJjXAhVHwxQKHbNjCTQ4ChCpAgg0KAAwBQ&amp;url=http%3A%2F%2Fwww.eldiariomontanes.es%2Feconomia%2Fmundo-valientes-tener-20171028213222-ntvo.html&amp;usg=AOvVaw2RgIcOU1M2a2l0G5mbfUEk\">\u00abEl mundo es para los valientes, hay que tener alegr\u00eda y pasi\u00f3n\u00bb<\/a> &#8211; El Diario Montanes<\/p>\n<p><a href=\"http:\/\/www.eladelantado.com\/noticia\/local\/243776\/el_ayuntamiento_de_segovia_refrenda_el_pacto_de_estado_contra_la_violencia_de_genero\">El Ayuntamiento de Segovia refrenda el Pacto de Estado contra la violencia &#8230;<\/a> &#8211; El Adelantado de Segovia<\/p>\n<p>\u00a0<\/p>\n<p><strong>Econom\u00eda y Empresas<\/strong><\/p>\n<p><a href=\"https:\/\/www.google.com\/url?sa=t&amp;rct=j&amp;q=&amp;esrc=s&amp;source=newssearch&amp;cd=11&amp;ved=0ahUKEwjH1sPIn5jXAhXHyRQKHfq7AQ04ChCpAgglKAAwAA&amp;url=https%3A%2F%2Fwww.trendencias.com%2Ffeminismo%2Fsoy-la-que-mas-dinero-gana-de-la-familia&amp;usg=AOvVaw0hJBjOVJ-E8iLw9PvoZtg4\">Soy la que m\u00e1s dinero gana de la familia<\/a> &#8211; Trendencias<\/p>\n<p><a href=\"https:\/\/elpais.com\/economia\/2017\/10\/27\/actualidad\/1509124027_860940.html\">Familias peque\u00f1as con grandes problemas<\/a> \u2013 El Pa\u00eds<\/p>\n<p><strong>Actualidad<\/strong><\/p>\n<p><a href=\"http:\/\/www.eleconomista.es\/legislacion\/noticias\/8709592\/10\/17\/Mas-de-200-mujeres-juristas-reivindican-una-ley-integral-de-igualdad-.html\">M\u00e1s de 200 mujeres juristas reivindican una ley integral de igualdad<\/a> &#8211; elEconomista.es<\/p>\n<p><a href=\"http:\/\/ecodiario.eleconomista.es\/salud\/noticias\/8709886\/10\/17\/Solo-el-39-de-las-mujeres-reconoce-los-sintomas-del-infarto-agudo-de-miocardio.html\">S\u00f3lo el 39% de las mujeres reconoce los s\u00edntomas del infarto agudo &#8230;<\/a> &#8211; Ecodiario<\/p>\n<p><strong>Violencia<\/strong><\/p>\n<p><a href=\"http:\/\/www.elmundo.es\/comunidad-valenciana\/2017\/10\/29\/59f5c30722601d314b8b45a6.html\">Seis de cada diez v\u00edctimas de violencia machista atendidas por la red p\u00fablica denunciaron a sus agresores<\/a> -El Mundo<\/p>\n<p><a href=\"https:\/\/www.google.com\/url?rct=j&amp;sa=t&amp;url=https:\/\/www.uv.es\/uvweb\/universidad\/es\/videos\/listado-videos\/app-liad-prevencion-violencia-genero-adolescentes-1285868042985\/Recurs.html%3Fid%3D1286022560943&amp;ct=ga&amp;cd=CAEYACoUMTY1OTY1Mzc3MDE5MjAyNTEzMzYyGWUyZGVmYTdkNWRhOTE1N2Q6ZXM6ZXM6RVM&amp;usg=AFQjCNHr80vNZnew66qlvkziOe13NQSRrg\">App Liad@s: Prevenci\u00f3n de violencia de g\u00e9nero en adolescentes <\/a>&#8211; Universitat de Val\u00e8ncia<\/p>\n<p><a href=\"http:\/\/www.publico.es\/sociedad\/medicos-familia-exigen-mas-formacion.html\">M\u00e9dicos de familia exigen m\u00e1s formaci\u00f3n para detectar casos de violencia de g\u00e9nero<\/a> -P\u00fablico<\/p>\n<p><a href=\"http:\/\/www.elmundo.es\/loc\/famosos\/2017\/10\/29\/59f35498e5fdea2e3f8b4601.html\">Cristina Piaget habla de los abusos: \u00abNo soy puta, soy modelo\u00bb<\/a> \u2013 El Mundo<\/p>\n<p><strong>Ciencia y Cultura<\/strong><\/p>\n<p><a href=\"https:\/\/www.google.com\/url?rct=j&amp;sa=t&amp;url=http:\/\/eldia.es\/cultura\/2017-10-29\/7--RAE-arrastra-deficit-mujeres-es-necesario-resolver.htm&amp;ct=ga&amp;cd=CAEYACoTMzg1OTk5OTQ1MTYwNzE3ODQxMTIZYzAzNzJlYmMyZmVhZGE1OTplczplczpFUw&amp;usg=AFQjCNE68uIMK7A4DkuqN4Q0zOmYmbi7rw\">\u00abLa RAE arrastra un d\u00e9ficit de mujeres que es necesario resolver\u00bb <\/a>&#8211; <a href=\"http:\/\/eldia.es\">eldia.es<\/a><\/p>\n<p><a href=\"http:\/\/www.elmundo.es\/yodona\/lifestyle\/2017\/10\/28\/59f43c3d22601d36318b461b.html\">Carmen Zapata, Presidenta Asociaci\u00f3n MIM: \u00abAconsejo a las mujeres que no desistan, tienen las mismas capacidades que los hombres\u00bb<\/a>\u2013 El Mundo<\/p>\n<p><a href=\"https:\/\/www.google.com\/url?rct=j&amp;sa=t&amp;url=http:\/\/www.lasprovincias.es\/culturas\/marina-nunez-crea-20171027005550-ntvo.html&amp;ct=ga&amp;cd=CAEYAioTMTg1Nzk1Nzg1NTQ2NTYyOTY2MjIZYzAzNzJlYmMyZmVhZGE1OTplczplczpFUw&amp;usg=AFQjCNGD47yhA8nsHziu-NBkS5UfrAT8rA\">Marina N\u00fa\u00f1ez crea una ilusi\u00f3n \u00f3ptica en la fachada del IVAM <\/a>&#8211; Las Provincias<\/p>\n<p><a href=\"http:\/\/mujeremprendedora.net\/ute-lemper-presenta-ultimo-tango-berlin\/\">Ute Lemper presenta \u2018\u00daltimo tango en Berl\u00edn\u2019<\/a> \u2013 Mujeremprendedora.net<\/p>\n<p><a href=\"http:\/\/mujeremprendedora.net\/testimonio-una-muestra-de-lita-cabellut\/\">\u2018Testimonio\u2019, una muestra de Lita Cabellut<\/a> \u2013 Mujeremprendedora.net<\/p>\n<p><strong>Deporte<\/strong>\u00a0\u00a0\u00a0<\/p>\n<p><a href=\"https:\/\/www.google.com\/url?rct=j&amp;sa=t&amp;url=http:\/\/www.marca.com\/buzz\/2017\/10\/26\/59f1ae50468aeb69348b463d.html&amp;ct=ga&amp;cd=CAEYAyoUMTE5NDI0ODg5OTA2MDAxMzMyNDQyGWMwMzcyZWJjMmZlYWRhNTk6ZXM6ZXM6RVM&amp;usg=AFQjCNEt-Yr83YJrNfzkIj-m6wKRn8KjwA\">La campeona de lucha libre que pide pelear contra hombres: \u00abGan\u00e9 a m\u00e1s de 100\u00bb <\/a>\u00a0&#8211; Marca.com<\/p>\n<p><a href=\"http:\/\/www.laopinion.es\/deportes\/2017\/10\/28\/gema-hassen-bey-inicia-martes\/820776.html\">Gema Hassen-Bey inicia el martes la ascensi\u00f3n a El Teide<\/a> &#8211; La Opini\u00f3n de Tenerife<\/p>\n<p><a href=\"http:\/\/www.mundodeportivo.com\/atletismo\/20171029\/432455089752\/la-marroqui-boulaid-gana-el-medio-maraton-de-la-mujer-en-madrid.html\">La marroqu\u00ed Boulaid gana el Medio Marat\u00f3n de la Mujer en Madrid<\/a> &#8211; Mundo Deportivo<\/p>\n<div class=\"jqDnR\">\n<p>[\/toggle]<\/p>\n<\/div>\n<p>[toggle title=\u00bbInternacional\u00bb]<\/p>\n<p><a href=\"https:\/\/www.google.com\/url?rct=j&amp;sa=t&amp;url=http:\/\/www.eluniversal.com.mx\/nacion\/sociedad\/onu-persiste-desigualdad-contra-mujer-en-empresas&amp;ct=ga&amp;cd=CAEYACoTNzk3MzQxNjQ1OTk0NjcwMDUzMzIZYzAzNzJlYmMyZmVhZGE1OTplczplczpFUw&amp;usg=AFQjCNFqfhGuaV9dCRAv6-xNgtY9TDYzug\">ONU: persiste desigualdad contra mujer en empresas <\/a>&#8211; El Universal<\/p>\n<p><a href=\"http:\/\/ctxt.es\/es\/20171025\/Firmas\/15849\/desigualdad-genero-europa-mercado-laboral.htm\">Las mujeres de la UE ganan un 16% menos que los hombres &#8211; P\u00fablico<br \/> <\/a><a href=\"https:\/\/www.google.com\/url?rct=j&amp;sa=t&amp;url=http:\/\/www.iprofesional.com\/notas\/257862-management-walmart-ceo-forbes-kremlin-gestion-mars-otros-jacqueline-mars-juicy-fruit-pedigree-whiskas-uncle-ben-jacqueline-instituto-smithsoniano-candyland-Las-barras-de-chocolate-que-convirtieron-a-Jacqueline-Mars-en-una-de-las-mujeres-mas-ricas-del-mundo&amp;ct=ga&amp;cd=CAEYASoTMTYxODk3Mzc3NTMwOTIxMjkzNzIZYzAzNzJlYmMyZmVhZGE1OTplczplczpFUw&amp;usg=AFQjCNG5JFDXFKC6hKne9dzH5l1DhQdmwQ\">Las barras de chocolate que convirtieron a Jacqueline Mars en una de las mujeres m\u00e1s ricas del mundo&#8230; <\/a>&#8211; <a href=\"http:\/\/iprofesional.com\">iprofesional.com<\/a><\/p>\n<p><a href=\"https:\/\/www.google.com\/url?sa=t&amp;rct=j&amp;q=&amp;esrc=s&amp;source=newssearch&amp;cd=26&amp;ved=0ahUKEwjb35XQkJjXAhVDcRQKHb-oA3Q4FBCpAggzKAAwBQ&amp;url=https%3A%2F%2Fwww.infobae.com%2Famerica%2Fwapo%2F2017%2F10%2F30%2Flas-mujeres-ocupan-solo-el-diez-por-ciento-de-los-cargos-ejecutivos-en-los-estados-unidos%2F&amp;usg=AOvVaw1UMS9hVjZrP-dwvh38a5G8\">Las mujeres ocupan s\u00f3lo el diez por ciento de los cargos ejecutivos en los EEUU &#8230;<\/a> &#8211; Infobae.com<\/p>\n<p><a href=\"http:\/\/www.publico.es\/economia\/berlin-paris-aceptan-batalla-evasion-fiscal-multinacionales.html\">Berl\u00edn y Par\u00eds aceptan la batalla contra la evasi\u00f3n fiscal de las multinacionales<\/a> &#8211; P\u00fablico<\/p>\n<p><a href=\"http:\/\/www.publico.es\/internacional\/mujeres-trump-women-s-march-convoca-primer-congreso-eeuu-organizarse-gobierno-trump.html\">Women&#8217;s March convoca su primer congreso en EEUU para organizarse contra el gobierno de Trump<\/a> &#8211; P\u00fablico<\/p>\n<p><a href=\"https:\/\/www.google.com\/url?sa=t&amp;rct=j&amp;q=&amp;esrc=s&amp;source=newssearch&amp;cd=58&amp;ved=0ahUKEwjusdTikZjXAhUDWhQKHVl_ASk4MhCpAgg5KAAwBw&amp;url=http%3A%2F%2Fwww.ticbeat.com%2Ftecnologias%2Fson-las-mujeres-mejores-que-los-hombres-bajo-presion-un-informe-dice-que-si%2F&amp;usg=AOvVaw030RkxpQBDZDqrnEtxO-hg\">\u00bfSon las mujeres mejores que los hombres bajo presi\u00f3n? Un informe dice que s\u00ed &#8230;<\/a> &#8211; TICbeat<\/p>\n<p><a href=\"https:\/\/elpais.com\/internacional\/2017\/10\/25\/mundo_global\/1508935020_925164.html\">Las abuelas sudafricanas capaces de dejarte K. O.<\/a> \u2013 El Pa\u00eds<\/p>\n<p><a href=\"http:\/\/www.publico.es\/sociedad\/gobierno-britanico-investiga-conducta-sexual-alto-cargo-secretaria.html\">El Gobierno brit\u00e1nico investiga la conducta sexual de un alto cargo con su secretaria<\/a> \u2013 P\u00fablico<\/p>\n<p><a href=\"http:\/\/www.publico.es\/internacional\/violencia-sexual-recrudece-drama-guerra-sudan-sur.html\">La violencia sexual recrudece el drama de la guerra en Sud\u00e1n del Sur<\/a>&#8211; P\u00fablico<\/p>\n<p><a href=\"https:\/\/elpais.com\/cultura\/2017\/10\/29\/actualidad\/1509289818_540556.html\">Rose McGowan, v\u00edctima de abusos sexuales de Weinstein: \u201cEs hora de limpiar la casa\u201d<\/a> \u2013 El Pa\u00eds<\/p>\n<p><a href=\"http:\/\/blogs.publico.es\/strambotic\/2017\/10\/spiderman_weinstein\/\">El c\u00f3mic de Spider Man que denunci\u00f3 los abusos sexuales de Weinstein en 2002<\/a> &#8211; P\u00fablico<\/p>\n<p><a href=\"https:\/\/www.google.com\/url?rct=j&amp;sa=t&amp;url=http:\/\/www.elperiodico.com\/es\/sociedad\/20171029\/un-libro-descubre-la-trayectoria-de-15-cientificas-eclipsadas-por-ser-mujeres-6388211&amp;ct=ga&amp;cd=CAEYASoUMTU5NTEyNTU2MTI1OTcxMTA1ODEyGWMwMzcyZWJjMmZlYWRhNTk6ZXM6ZXM6RVM&amp;usg=AFQjCNGy1JqlM8dE7lEl-n46Wi5nB8DH_g\">Un libro descubre la trayectoria de 15 cient\u00edficas eclipsadas por ser mujeres &#8211; <\/a>El Peri\u00f3dico<\/p>\n<p><a href=\"http:\/\/www.elmundo.es\/cultura\/cine\/2017\/10\/29\/59f4c511e2704edc0c8b466f.html\">Leonora Carrington, por el camino del dolor hacia el surrealismo<\/a> \u2013 El Mundo<\/p>\n<p><a href=\"http:\/\/www.elmundo.es\/deportes\/futbol\/2017\/10\/30\/59f6f024468aeb2a568b458e.html\">Arabia Saud\u00ed construir\u00e1 tres estadios con zonas para mujeres acompa\u00f1adas<\/a>\u2013 El Mundo<\/p>\n<p><a href=\"https:\/\/elpais.com\/deportes\/2017\/10\/29\/actualidad\/1509269386_142930.html\">Wozniacki reverdece con la Copa de Maestras<\/a> \u2013 El Pa\u00eds<\/p>\n<p>[\/toggle]<\/p>\n<\/div>\n<\/div>\n<\/div>\n<\/div>\n<\/div>\n<\/div>\n","protected":false},"excerpt":{"rendered":"<p>M\u00aa Jes\u00fas Almazor:\u00bbLas empresas deben incorporar mujeres en puestos directivos\u201d-200 <a href=\"https:\/\/cklcomunicaciones.es\/coop\/noticiasinfockl_30-10-2017\/\">[&#8230;]<\/a><\/p>\n","protected":false},"author":3,"featured_media":0,"comment_status":"closed","ping_status":"closed","sticky":false,"template":"","format":"standard","meta":{"footnotes":""},"categories":[298,623],"tags":[],"class_list":["post-12624","post","type-post","status-publish","format-standard","hentry","category-newsletter","category-nwl-2-0"],"yoast_head":"<!-- This site is optimized with the Yoast SEO plugin v27.5 - https:\/\/yoast.com\/product\/yoast-seo-wordpress\/ -->\n<title>Noticias Info CKL n\u00ba 2.011 - 30\/10\/17<\/title>\n<meta name=\"description\" content=\"M\u00aa Jes\u00fas Almazor:&quot;Las empresas deben incorporar mujeres en puestos directivos\u201d-200 mujeres juristas reivindican una Ley Integral de Igualdad\" \/>\n<meta name=\"robots\" content=\"index, follow, max-snippet:-1, max-image-preview:large, max-video-preview:-1\" \/>\n<link rel=\"canonical\" href=\"https:\/\/cklcomunicaciones.es\/coop\/noticiasinfockl_30-10-2017\/\" \/>\n<meta property=\"og:locale\" content=\"es_ES\" \/>\n<meta property=\"og:type\" content=\"article\" \/>\n<meta property=\"og:title\" content=\"Noticias Info CKL n\u00ba 2.011 - 30\/10\/17\" \/>\n<meta property=\"og:description\" content=\"M\u00aa Jes\u00fas Almazor:&quot;Las empresas deben incorporar mujeres en puestos directivos\u201d-200 mujeres juristas reivindican una Ley Integral de Igualdad\" \/>\n<meta property=\"og:url\" content=\"https:\/\/cklcomunicaciones.es\/coop\/noticiasinfockl_30-10-2017\/\" \/>\n<meta property=\"og:site_name\" content=\"CKL Comunicaciones\" \/>\n<meta property=\"article:published_time\" content=\"2017-10-30T11:43:24+00:00\" \/>\n<meta property=\"article:modified_time\" content=\"2025-01-17T15:37:39+00:00\" \/>\n<meta property=\"og:image\" content=\"https:\/\/cklcomunicaciones.es\/coop\/wp-content\/uploads\/2021\/04\/CKL-MiradaDistinta-newsletter2021_1200-x-675.jpg\" \/>\n\t<meta property=\"og:image:width\" content=\"1200\" \/>\n\t<meta property=\"og:image:height\" content=\"676\" \/>\n\t<meta property=\"og:image:type\" content=\"image\/jpeg\" \/>\n<meta name=\"author\" content=\"ckl\" \/>\n<meta name=\"twitter:card\" content=\"summary_large_image\" \/>\n<meta name=\"twitter:label1\" content=\"Escrito por\" \/>\n\t<meta name=\"twitter:data1\" content=\"ckl\" \/>\n\t<meta name=\"twitter:label2\" content=\"Tiempo de lectura\" \/>\n\t<meta name=\"twitter:data2\" content=\"5 minutos\" \/>\n<script type=\"application\/ld+json\" class=\"yoast-schema-graph\">{\"@context\":\"https:\\\/\\\/schema.org\",\"@graph\":[{\"@type\":\"Article\",\"@id\":\"https:\\\/\\\/cklcomunicaciones.es\\\/coop\\\/noticiasinfockl_30-10-2017\\\/#article\",\"isPartOf\":{\"@id\":\"https:\\\/\\\/cklcomunicaciones.es\\\/coop\\\/noticiasinfockl_30-10-2017\\\/\"},\"author\":{\"name\":\"ckl\",\"@id\":\"https:\\\/\\\/cklcomunicaciones.es\\\/coop\\\/#\\\/schema\\\/person\\\/929a6837f7626450bbb50cee1aef266e\"},\"headline\":\"Noticias Info CKL n\u00ba 2.011 &#8211; 30\\\/10\\\/17\",\"datePublished\":\"2017-10-30T11:43:24+00:00\",\"dateModified\":\"2025-01-17T15:37:39+00:00\",\"mainEntityOfPage\":{\"@id\":\"https:\\\/\\\/cklcomunicaciones.es\\\/coop\\\/noticiasinfockl_30-10-2017\\\/\"},\"wordCount\":1021,\"articleSection\":[\"Newsletter\",\"Nwl v2.0\"],\"inLanguage\":\"es\"},{\"@type\":\"WebPage\",\"@id\":\"https:\\\/\\\/cklcomunicaciones.es\\\/coop\\\/noticiasinfockl_30-10-2017\\\/\",\"url\":\"https:\\\/\\\/cklcomunicaciones.es\\\/coop\\\/noticiasinfockl_30-10-2017\\\/\",\"name\":\"Noticias Info CKL n\u00ba 2.011 - 30\\\/10\\\/17\",\"isPartOf\":{\"@id\":\"https:\\\/\\\/cklcomunicaciones.es\\\/coop\\\/#website\"},\"datePublished\":\"2017-10-30T11:43:24+00:00\",\"dateModified\":\"2025-01-17T15:37:39+00:00\",\"author\":{\"@id\":\"https:\\\/\\\/cklcomunicaciones.es\\\/coop\\\/#\\\/schema\\\/person\\\/929a6837f7626450bbb50cee1aef266e\"},\"description\":\"M\u00aa Jes\u00fas Almazor:\\\"Las empresas deben incorporar mujeres en puestos directivos\u201d-200 mujeres juristas reivindican una Ley Integral de Igualdad\",\"breadcrumb\":{\"@id\":\"https:\\\/\\\/cklcomunicaciones.es\\\/coop\\\/noticiasinfockl_30-10-2017\\\/#breadcrumb\"},\"inLanguage\":\"es\",\"potentialAction\":[{\"@type\":\"ReadAction\",\"target\":[\"https:\\\/\\\/cklcomunicaciones.es\\\/coop\\\/noticiasinfockl_30-10-2017\\\/\"]}]},{\"@type\":\"BreadcrumbList\",\"@id\":\"https:\\\/\\\/cklcomunicaciones.es\\\/coop\\\/noticiasinfockl_30-10-2017\\\/#breadcrumb\",\"itemListElement\":[{\"@type\":\"ListItem\",\"position\":1,\"name\":\"Portada\",\"item\":\"https:\\\/\\\/cklcomunicaciones.es\\\/coop\\\/\"},{\"@type\":\"ListItem\",\"position\":2,\"name\":\"Noticias Info CKL n\u00ba 2.011 &#8211; 30\\\/10\\\/17\"}]},{\"@type\":\"WebSite\",\"@id\":\"https:\\\/\\\/cklcomunicaciones.es\\\/coop\\\/#website\",\"url\":\"https:\\\/\\\/cklcomunicaciones.es\\\/coop\\\/\",\"name\":\"CKL Comunicaciones\",\"description\":\"Sitio web de CKL Comunicaciones coop , la consultora de comunicaci\u00f3n y estrategia\",\"potentialAction\":[{\"@type\":\"SearchAction\",\"target\":{\"@type\":\"EntryPoint\",\"urlTemplate\":\"https:\\\/\\\/cklcomunicaciones.es\\\/coop\\\/?s={search_term_string}\"},\"query-input\":{\"@type\":\"PropertyValueSpecification\",\"valueRequired\":true,\"valueName\":\"search_term_string\"}}],\"inLanguage\":\"es\"},{\"@type\":\"Person\",\"@id\":\"https:\\\/\\\/cklcomunicaciones.es\\\/coop\\\/#\\\/schema\\\/person\\\/929a6837f7626450bbb50cee1aef266e\",\"name\":\"ckl\",\"image\":{\"@type\":\"ImageObject\",\"inLanguage\":\"es\",\"@id\":\"https:\\\/\\\/secure.gravatar.com\\\/avatar\\\/c82db564e8a669bf6023357a157b9dc4780f4d4c618f2ad1d71a6a5dede45057?s=96&d=mm&r=g\",\"url\":\"https:\\\/\\\/secure.gravatar.com\\\/avatar\\\/c82db564e8a669bf6023357a157b9dc4780f4d4c618f2ad1d71a6a5dede45057?s=96&d=mm&r=g\",\"contentUrl\":\"https:\\\/\\\/secure.gravatar.com\\\/avatar\\\/c82db564e8a669bf6023357a157b9dc4780f4d4c618f2ad1d71a6a5dede45057?s=96&d=mm&r=g\",\"caption\":\"ckl\"},\"url\":\"https:\\\/\\\/cklcomunicaciones.es\\\/coop\\\/author\\\/cklcomunicaciones\\\/\"}]}<\/script>\n<!-- \/ Yoast SEO plugin. -->","yoast_head_json":{"title":"Noticias Info CKL n\u00ba 2.011 - 30\/10\/17","description":"M\u00aa Jes\u00fas Almazor:\"Las empresas deben incorporar mujeres en puestos directivos\u201d-200 mujeres juristas reivindican una Ley Integral de Igualdad","robots":{"index":"index","follow":"follow","max-snippet":"max-snippet:-1","max-image-preview":"max-image-preview:large","max-video-preview":"max-video-preview:-1"},"canonical":"https:\/\/cklcomunicaciones.es\/coop\/noticiasinfockl_30-10-2017\/","og_locale":"es_ES","og_type":"article","og_title":"Noticias Info CKL n\u00ba 2.011 - 30\/10\/17","og_description":"M\u00aa Jes\u00fas Almazor:\"Las empresas deben incorporar mujeres en puestos directivos\u201d-200 mujeres juristas reivindican una Ley Integral de Igualdad","og_url":"https:\/\/cklcomunicaciones.es\/coop\/noticiasinfockl_30-10-2017\/","og_site_name":"CKL Comunicaciones","article_published_time":"2017-10-30T11:43:24+00:00","article_modified_time":"2025-01-17T15:37:39+00:00","og_image":[{"width":1200,"height":676,"url":"https:\/\/cklcomunicaciones.es\/coop\/wp-content\/uploads\/2021\/04\/CKL-MiradaDistinta-newsletter2021_1200-x-675.jpg","type":"image\/jpeg"}],"author":"ckl","twitter_card":"summary_large_image","twitter_misc":{"Escrito por":"ckl","Tiempo de lectura":"5 minutos"},"schema":{"@context":"https:\/\/schema.org","@graph":[{"@type":"Article","@id":"https:\/\/cklcomunicaciones.es\/coop\/noticiasinfockl_30-10-2017\/#article","isPartOf":{"@id":"https:\/\/cklcomunicaciones.es\/coop\/noticiasinfockl_30-10-2017\/"},"author":{"name":"ckl","@id":"https:\/\/cklcomunicaciones.es\/coop\/#\/schema\/person\/929a6837f7626450bbb50cee1aef266e"},"headline":"Noticias Info CKL n\u00ba 2.011 &#8211; 30\/10\/17","datePublished":"2017-10-30T11:43:24+00:00","dateModified":"2025-01-17T15:37:39+00:00","mainEntityOfPage":{"@id":"https:\/\/cklcomunicaciones.es\/coop\/noticiasinfockl_30-10-2017\/"},"wordCount":1021,"articleSection":["Newsletter","Nwl v2.0"],"inLanguage":"es"},{"@type":"WebPage","@id":"https:\/\/cklcomunicaciones.es\/coop\/noticiasinfockl_30-10-2017\/","url":"https:\/\/cklcomunicaciones.es\/coop\/noticiasinfockl_30-10-2017\/","name":"Noticias Info CKL n\u00ba 2.011 - 30\/10\/17","isPartOf":{"@id":"https:\/\/cklcomunicaciones.es\/coop\/#website"},"datePublished":"2017-10-30T11:43:24+00:00","dateModified":"2025-01-17T15:37:39+00:00","author":{"@id":"https:\/\/cklcomunicaciones.es\/coop\/#\/schema\/person\/929a6837f7626450bbb50cee1aef266e"},"description":"M\u00aa Jes\u00fas Almazor:\"Las empresas deben incorporar mujeres en puestos directivos\u201d-200 mujeres juristas reivindican una Ley Integral de Igualdad","breadcrumb":{"@id":"https:\/\/cklcomunicaciones.es\/coop\/noticiasinfockl_30-10-2017\/#breadcrumb"},"inLanguage":"es","potentialAction":[{"@type":"ReadAction","target":["https:\/\/cklcomunicaciones.es\/coop\/noticiasinfockl_30-10-2017\/"]}]},{"@type":"BreadcrumbList","@id":"https:\/\/cklcomunicaciones.es\/coop\/noticiasinfockl_30-10-2017\/#breadcrumb","itemListElement":[{"@type":"ListItem","position":1,"name":"Portada","item":"https:\/\/cklcomunicaciones.es\/coop\/"},{"@type":"ListItem","position":2,"name":"Noticias Info CKL n\u00ba 2.011 &#8211; 30\/10\/17"}]},{"@type":"WebSite","@id":"https:\/\/cklcomunicaciones.es\/coop\/#website","url":"https:\/\/cklcomunicaciones.es\/coop\/","name":"CKL Comunicaciones","description":"Sitio web de CKL Comunicaciones coop , la consultora de comunicaci\u00f3n y estrategia","potentialAction":[{"@type":"SearchAction","target":{"@type":"EntryPoint","urlTemplate":"https:\/\/cklcomunicaciones.es\/coop\/?s={search_term_string}"},"query-input":{"@type":"PropertyValueSpecification","valueRequired":true,"valueName":"search_term_string"}}],"inLanguage":"es"},{"@type":"Person","@id":"https:\/\/cklcomunicaciones.es\/coop\/#\/schema\/person\/929a6837f7626450bbb50cee1aef266e","name":"ckl","image":{"@type":"ImageObject","inLanguage":"es","@id":"https:\/\/secure.gravatar.com\/avatar\/c82db564e8a669bf6023357a157b9dc4780f4d4c618f2ad1d71a6a5dede45057?s=96&d=mm&r=g","url":"https:\/\/secure.gravatar.com\/avatar\/c82db564e8a669bf6023357a157b9dc4780f4d4c618f2ad1d71a6a5dede45057?s=96&d=mm&r=g","contentUrl":"https:\/\/secure.gravatar.com\/avatar\/c82db564e8a669bf6023357a157b9dc4780f4d4c618f2ad1d71a6a5dede45057?s=96&d=mm&r=g","caption":"ckl"},"url":"https:\/\/cklcomunicaciones.es\/coop\/author\/cklcomunicaciones\/"}]}},"_links":{"self":[{"href":"https:\/\/cklcomunicaciones.es\/coop\/wp-json\/wp\/v2\/posts\/12624","targetHints":{"allow":["GET"]}}],"collection":[{"href":"https:\/\/cklcomunicaciones.es\/coop\/wp-json\/wp\/v2\/posts"}],"about":[{"href":"https:\/\/cklcomunicaciones.es\/coop\/wp-json\/wp\/v2\/types\/post"}],"author":[{"embeddable":true,"href":"https:\/\/cklcomunicaciones.es\/coop\/wp-json\/wp\/v2\/users\/3"}],"replies":[{"embeddable":true,"href":"https:\/\/cklcomunicaciones.es\/coop\/wp-json\/wp\/v2\/comments?post=12624"}],"version-history":[{"count":0,"href":"https:\/\/cklcomunicaciones.es\/coop\/wp-json\/wp\/v2\/posts\/12624\/revisions"}],"wp:attachment":[{"href":"https:\/\/cklcomunicaciones.es\/coop\/wp-json\/wp\/v2\/media?parent=12624"}],"wp:term":[{"taxonomy":"category","embeddable":true,"href":"https:\/\/cklcomunicaciones.es\/coop\/wp-json\/wp\/v2\/categories?post=12624"},{"taxonomy":"post_tag","embeddable":true,"href":"https:\/\/cklcomunicaciones.es\/coop\/wp-json\/wp\/v2\/tags?post=12624"}],"curies":[{"name":"wp","href":"https:\/\/api.w.org\/{rel}","templated":true}]}}