{"id":12532,"date":"2017-10-19T12:08:53","date_gmt":"2017-10-19T10:08:53","guid":{"rendered":"http:\/\/www.cklcomunicaciones.es\/?p=12532"},"modified":"2017-10-19T12:08:53","modified_gmt":"2017-10-19T10:08:53","slug":"ocde_pensionesmujeres","status":"publish","type":"post","link":"https:\/\/cklcomunicaciones.es\/coop\/ocde_pensionesmujeres\/","title":{"rendered":"OCDE alerta del riesgo para las pensiones de mujeres y perfiles de baja cualificaci\u00f3n"},"content":{"rendered":"<div id=\"pl-12532\"  class=\"panel-layout\" >\n<div id=\"pg-12532-0\"  class=\"panel-grid panel-no-style\"  data-style=\"{&quot;background_display&quot;:&quot;tile&quot;,&quot;lsow_dark_bg&quot;:&quot;&quot;,&quot;cell_alignment&quot;:&quot;flex-start&quot;}\" >\n<div id=\"pgc-12532-0-0\"  class=\"panel-grid-cell panel-grid-cell-mobile-last\"  data-style=\"{&quot;background_display&quot;:&quot;tile&quot;,&quot;vertical_alignment&quot;:&quot;auto&quot;}\"  data-weight=\"0.85\" >\n<div id=\"panel-12532-0-0-0\" class=\"so-panel widget widget_sow-editor panel-first-child panel-last-child\" data-index=\"0\" data-style=\"{&quot;background_image_attachment&quot;:false,&quot;background_display&quot;:&quot;tile&quot;}\" >\n<div class=\"so-widget-sow-editor so-widget-sow-editor-base\">\n<div class=\"siteorigin-widget-tinymce textwidget\">\n<p class=\"entradilla\">La OCDE alert\u00f3 hoy de que en Espa\u00f1a, debido a las carreras profesionales irregulares y al envejecimiento acelerado de la poblaci\u00f3n, las personas con baja cualificaci\u00f3n y las mujeres corren el riesgo de no disponer de \u00abpensiones decentes\u00bb en el futuro. En un informe publicado hoy sobre el aumento de las desigualdades en la tercera edad, la Organizaci\u00f3n para la Cooperaci\u00f3n y el Desarrollo Econ\u00f3mico (OCDE) hace notar que en Espa\u00f1a esos dos grupos son particularmente vulnerables debido a los menores periodos de cotizaci\u00f3n, que se traducen en menores derechos de pensi\u00f3n.\u00a0 M\u00e1s informaci\u00f3n:\u00a0 (<span style=\"color: #ff0000;\"><a href=\"http:\/\/www.expansion.com\/economia\/2017\/10\/18\/59e7378022601dc2068b4657.html\" target=\"_blank\" rel=\"noopener\"><span style=\"color: #ff0000;\">Expansi\u00f3n 18\/10\/17<\/span><\/a><a href=\"http:\/\/www.ticbeat.com\/empresa-b2b\/los-paises-con-mayor-brecha-salarial-entre-mujeres-y-hombres\/\" target=\"_blank\" rel=\"noopener\">)<\/a><\/span><\/p>\n<p class=\"p2\">\u00a0<\/p>\n<\/div>\n<\/div>\n<\/div>\n<\/div>\n<div id=\"pgc-12532-0-1\"  class=\"panel-grid-cell panel-grid-cell-empty\"  data-weight=\"0.15\" ><\/div>\n<\/div>\n<\/div>\n","protected":false},"excerpt":{"rendered":"<p>La OCDE alert\u00f3 hoy de que en Espa\u00f1a, debido a <a href=\"https:\/\/cklcomunicaciones.es\/coop\/ocde_pensionesmujeres\/\">[&#8230;]<\/a><\/p>\n","protected":false},"author":3,"featured_media":0,"comment_status":"closed","ping_status":"closed","sticky":false,"template":"","format":"standard","meta":{"footnotes":""},"categories":[299],"tags":[96,124,133],"class_list":["post-12532","post","type-post","status-publish","format-standard","hentry","category-noticias-destacadas","tag-mujeres","tag-ocde","tag-pensiones"],"yoast_head":"<!-- This site is optimized with the Yoast SEO plugin v27.5 - https:\/\/yoast.com\/product\/yoast-seo-wordpress\/ -->\n<title>OCDE alerta del riesgo para pensiones de mujeres y perfiles poco cualificados<\/title>\n<meta name=\"description\" content=\"La OCDE alert\u00f3 hoy que las mujeres y las personas con baja cualificaci\u00f3n corren el riesgo de no disponer de &quot;pensiones decentes&quot; en el futuro.\" \/>\n<meta name=\"robots\" content=\"index, follow, max-snippet:-1, max-image-preview:large, max-video-preview:-1\" \/>\n<link rel=\"canonical\" href=\"https:\/\/cklcomunicaciones.es\/coop\/ocde_pensionesmujeres\/\" \/>\n<meta property=\"og:locale\" content=\"es_ES\" \/>\n<meta property=\"og:type\" content=\"article\" \/>\n<meta property=\"og:title\" content=\"OCDE alerta del riesgo para pensiones de mujeres y perfiles poco cualificados\" \/>\n<meta property=\"og:description\" content=\"La OCDE alert\u00f3 hoy que las mujeres y las personas con baja cualificaci\u00f3n corren el riesgo de no disponer de &quot;pensiones decentes&quot; en el futuro.\" \/>\n<meta property=\"og:url\" content=\"https:\/\/cklcomunicaciones.es\/coop\/ocde_pensionesmujeres\/\" \/>\n<meta property=\"og:site_name\" content=\"CKL Comunicaciones\" \/>\n<meta property=\"article:published_time\" content=\"2017-10-19T10:08:53+00:00\" \/>\n<meta property=\"og:image\" content=\"https:\/\/cklcomunicaciones.es\/coop\/wp-content\/uploads\/2021\/04\/CKL-MiradaDistinta-newsletter2021_1200-x-675.jpg\" \/>\n\t<meta property=\"og:image:width\" content=\"1200\" \/>\n\t<meta property=\"og:image:height\" content=\"676\" \/>\n\t<meta property=\"og:image:type\" content=\"image\/jpeg\" \/>\n<meta name=\"author\" content=\"ckl\" \/>\n<meta name=\"twitter:card\" content=\"summary_large_image\" \/>\n<meta name=\"twitter:label1\" content=\"Escrito por\" \/>\n\t<meta name=\"twitter:data1\" content=\"ckl\" \/>\n\t<meta name=\"twitter:label2\" content=\"Tiempo de lectura\" \/>\n\t<meta name=\"twitter:data2\" content=\"1 minuto\" \/>\n<script type=\"application\/ld+json\" class=\"yoast-schema-graph\">{\"@context\":\"https:\\\/\\\/schema.org\",\"@graph\":[{\"@type\":\"Article\",\"@id\":\"https:\\\/\\\/cklcomunicaciones.es\\\/coop\\\/ocde_pensionesmujeres\\\/#article\",\"isPartOf\":{\"@id\":\"https:\\\/\\\/cklcomunicaciones.es\\\/coop\\\/ocde_pensionesmujeres\\\/\"},\"author\":{\"name\":\"ckl\",\"@id\":\"https:\\\/\\\/cklcomunicaciones.es\\\/coop\\\/#\\\/schema\\\/person\\\/929a6837f7626450bbb50cee1aef266e\"},\"headline\":\"OCDE alerta del riesgo para las pensiones de mujeres y perfiles de baja cualificaci\u00f3n\",\"datePublished\":\"2017-10-19T10:08:53+00:00\",\"mainEntityOfPage\":{\"@id\":\"https:\\\/\\\/cklcomunicaciones.es\\\/coop\\\/ocde_pensionesmujeres\\\/\"},\"wordCount\":122,\"keywords\":[\"mujeres\",\"OCDE\",\"pensiones\"],\"articleSection\":[\"noticias destacadas\"],\"inLanguage\":\"es\"},{\"@type\":\"WebPage\",\"@id\":\"https:\\\/\\\/cklcomunicaciones.es\\\/coop\\\/ocde_pensionesmujeres\\\/\",\"url\":\"https:\\\/\\\/cklcomunicaciones.es\\\/coop\\\/ocde_pensionesmujeres\\\/\",\"name\":\"OCDE alerta del riesgo para pensiones de mujeres y perfiles poco cualificados\",\"isPartOf\":{\"@id\":\"https:\\\/\\\/cklcomunicaciones.es\\\/coop\\\/#website\"},\"datePublished\":\"2017-10-19T10:08:53+00:00\",\"author\":{\"@id\":\"https:\\\/\\\/cklcomunicaciones.es\\\/coop\\\/#\\\/schema\\\/person\\\/929a6837f7626450bbb50cee1aef266e\"},\"description\":\"La OCDE alert\u00f3 hoy que las mujeres y las personas con baja cualificaci\u00f3n corren el riesgo de no disponer de \\\"pensiones decentes\\\" en el futuro.\",\"breadcrumb\":{\"@id\":\"https:\\\/\\\/cklcomunicaciones.es\\\/coop\\\/ocde_pensionesmujeres\\\/#breadcrumb\"},\"inLanguage\":\"es\",\"potentialAction\":[{\"@type\":\"ReadAction\",\"target\":[\"https:\\\/\\\/cklcomunicaciones.es\\\/coop\\\/ocde_pensionesmujeres\\\/\"]}]},{\"@type\":\"BreadcrumbList\",\"@id\":\"https:\\\/\\\/cklcomunicaciones.es\\\/coop\\\/ocde_pensionesmujeres\\\/#breadcrumb\",\"itemListElement\":[{\"@type\":\"ListItem\",\"position\":1,\"name\":\"Portada\",\"item\":\"https:\\\/\\\/cklcomunicaciones.es\\\/coop\\\/\"},{\"@type\":\"ListItem\",\"position\":2,\"name\":\"OCDE alerta del riesgo para las pensiones de mujeres y perfiles de baja cualificaci\u00f3n\"}]},{\"@type\":\"WebSite\",\"@id\":\"https:\\\/\\\/cklcomunicaciones.es\\\/coop\\\/#website\",\"url\":\"https:\\\/\\\/cklcomunicaciones.es\\\/coop\\\/\",\"name\":\"CKL Comunicaciones\",\"description\":\"Sitio web de CKL Comunicaciones coop , la consultora de comunicaci\u00f3n y estrategia\",\"potentialAction\":[{\"@type\":\"SearchAction\",\"target\":{\"@type\":\"EntryPoint\",\"urlTemplate\":\"https:\\\/\\\/cklcomunicaciones.es\\\/coop\\\/?s={search_term_string}\"},\"query-input\":{\"@type\":\"PropertyValueSpecification\",\"valueRequired\":true,\"valueName\":\"search_term_string\"}}],\"inLanguage\":\"es\"},{\"@type\":\"Person\",\"@id\":\"https:\\\/\\\/cklcomunicaciones.es\\\/coop\\\/#\\\/schema\\\/person\\\/929a6837f7626450bbb50cee1aef266e\",\"name\":\"ckl\",\"image\":{\"@type\":\"ImageObject\",\"inLanguage\":\"es\",\"@id\":\"https:\\\/\\\/secure.gravatar.com\\\/avatar\\\/c82db564e8a669bf6023357a157b9dc4780f4d4c618f2ad1d71a6a5dede45057?s=96&d=mm&r=g\",\"url\":\"https:\\\/\\\/secure.gravatar.com\\\/avatar\\\/c82db564e8a669bf6023357a157b9dc4780f4d4c618f2ad1d71a6a5dede45057?s=96&d=mm&r=g\",\"contentUrl\":\"https:\\\/\\\/secure.gravatar.com\\\/avatar\\\/c82db564e8a669bf6023357a157b9dc4780f4d4c618f2ad1d71a6a5dede45057?s=96&d=mm&r=g\",\"caption\":\"ckl\"},\"url\":\"https:\\\/\\\/cklcomunicaciones.es\\\/coop\\\/author\\\/cklcomunicaciones\\\/\"}]}<\/script>\n<!-- \/ Yoast SEO plugin. -->","yoast_head_json":{"title":"OCDE alerta del riesgo para pensiones de mujeres y perfiles poco cualificados","description":"La OCDE alert\u00f3 hoy que las mujeres y las personas con baja cualificaci\u00f3n corren el riesgo de no disponer de \"pensiones decentes\" en el futuro.","robots":{"index":"index","follow":"follow","max-snippet":"max-snippet:-1","max-image-preview":"max-image-preview:large","max-video-preview":"max-video-preview:-1"},"canonical":"https:\/\/cklcomunicaciones.es\/coop\/ocde_pensionesmujeres\/","og_locale":"es_ES","og_type":"article","og_title":"OCDE alerta del riesgo para pensiones de mujeres y perfiles poco cualificados","og_description":"La OCDE alert\u00f3 hoy que las mujeres y las personas con baja cualificaci\u00f3n corren el riesgo de no disponer de \"pensiones decentes\" en el futuro.","og_url":"https:\/\/cklcomunicaciones.es\/coop\/ocde_pensionesmujeres\/","og_site_name":"CKL Comunicaciones","article_published_time":"2017-10-19T10:08:53+00:00","og_image":[{"width":1200,"height":676,"url":"https:\/\/cklcomunicaciones.es\/coop\/wp-content\/uploads\/2021\/04\/CKL-MiradaDistinta-newsletter2021_1200-x-675.jpg","type":"image\/jpeg"}],"author":"ckl","twitter_card":"summary_large_image","twitter_misc":{"Escrito por":"ckl","Tiempo de lectura":"1 minuto"},"schema":{"@context":"https:\/\/schema.org","@graph":[{"@type":"Article","@id":"https:\/\/cklcomunicaciones.es\/coop\/ocde_pensionesmujeres\/#article","isPartOf":{"@id":"https:\/\/cklcomunicaciones.es\/coop\/ocde_pensionesmujeres\/"},"author":{"name":"ckl","@id":"https:\/\/cklcomunicaciones.es\/coop\/#\/schema\/person\/929a6837f7626450bbb50cee1aef266e"},"headline":"OCDE alerta del riesgo para las pensiones de mujeres y perfiles de baja cualificaci\u00f3n","datePublished":"2017-10-19T10:08:53+00:00","mainEntityOfPage":{"@id":"https:\/\/cklcomunicaciones.es\/coop\/ocde_pensionesmujeres\/"},"wordCount":122,"keywords":["mujeres","OCDE","pensiones"],"articleSection":["noticias destacadas"],"inLanguage":"es"},{"@type":"WebPage","@id":"https:\/\/cklcomunicaciones.es\/coop\/ocde_pensionesmujeres\/","url":"https:\/\/cklcomunicaciones.es\/coop\/ocde_pensionesmujeres\/","name":"OCDE alerta del riesgo para pensiones de mujeres y perfiles poco cualificados","isPartOf":{"@id":"https:\/\/cklcomunicaciones.es\/coop\/#website"},"datePublished":"2017-10-19T10:08:53+00:00","author":{"@id":"https:\/\/cklcomunicaciones.es\/coop\/#\/schema\/person\/929a6837f7626450bbb50cee1aef266e"},"description":"La OCDE alert\u00f3 hoy que las mujeres y las personas con baja cualificaci\u00f3n corren el riesgo de no disponer de \"pensiones decentes\" en el futuro.","breadcrumb":{"@id":"https:\/\/cklcomunicaciones.es\/coop\/ocde_pensionesmujeres\/#breadcrumb"},"inLanguage":"es","potentialAction":[{"@type":"ReadAction","target":["https:\/\/cklcomunicaciones.es\/coop\/ocde_pensionesmujeres\/"]}]},{"@type":"BreadcrumbList","@id":"https:\/\/cklcomunicaciones.es\/coop\/ocde_pensionesmujeres\/#breadcrumb","itemListElement":[{"@type":"ListItem","position":1,"name":"Portada","item":"https:\/\/cklcomunicaciones.es\/coop\/"},{"@type":"ListItem","position":2,"name":"OCDE alerta del riesgo para las pensiones de mujeres y perfiles de baja cualificaci\u00f3n"}]},{"@type":"WebSite","@id":"https:\/\/cklcomunicaciones.es\/coop\/#website","url":"https:\/\/cklcomunicaciones.es\/coop\/","name":"CKL Comunicaciones","description":"Sitio web de CKL Comunicaciones coop , la consultora de comunicaci\u00f3n y estrategia","potentialAction":[{"@type":"SearchAction","target":{"@type":"EntryPoint","urlTemplate":"https:\/\/cklcomunicaciones.es\/coop\/?s={search_term_string}"},"query-input":{"@type":"PropertyValueSpecification","valueRequired":true,"valueName":"search_term_string"}}],"inLanguage":"es"},{"@type":"Person","@id":"https:\/\/cklcomunicaciones.es\/coop\/#\/schema\/person\/929a6837f7626450bbb50cee1aef266e","name":"ckl","image":{"@type":"ImageObject","inLanguage":"es","@id":"https:\/\/secure.gravatar.com\/avatar\/c82db564e8a669bf6023357a157b9dc4780f4d4c618f2ad1d71a6a5dede45057?s=96&d=mm&r=g","url":"https:\/\/secure.gravatar.com\/avatar\/c82db564e8a669bf6023357a157b9dc4780f4d4c618f2ad1d71a6a5dede45057?s=96&d=mm&r=g","contentUrl":"https:\/\/secure.gravatar.com\/avatar\/c82db564e8a669bf6023357a157b9dc4780f4d4c618f2ad1d71a6a5dede45057?s=96&d=mm&r=g","caption":"ckl"},"url":"https:\/\/cklcomunicaciones.es\/coop\/author\/cklcomunicaciones\/"}]}},"_links":{"self":[{"href":"https:\/\/cklcomunicaciones.es\/coop\/wp-json\/wp\/v2\/posts\/12532","targetHints":{"allow":["GET"]}}],"collection":[{"href":"https:\/\/cklcomunicaciones.es\/coop\/wp-json\/wp\/v2\/posts"}],"about":[{"href":"https:\/\/cklcomunicaciones.es\/coop\/wp-json\/wp\/v2\/types\/post"}],"author":[{"embeddable":true,"href":"https:\/\/cklcomunicaciones.es\/coop\/wp-json\/wp\/v2\/users\/3"}],"replies":[{"embeddable":true,"href":"https:\/\/cklcomunicaciones.es\/coop\/wp-json\/wp\/v2\/comments?post=12532"}],"version-history":[{"count":0,"href":"https:\/\/cklcomunicaciones.es\/coop\/wp-json\/wp\/v2\/posts\/12532\/revisions"}],"wp:attachment":[{"href":"https:\/\/cklcomunicaciones.es\/coop\/wp-json\/wp\/v2\/media?parent=12532"}],"wp:term":[{"taxonomy":"category","embeddable":true,"href":"https:\/\/cklcomunicaciones.es\/coop\/wp-json\/wp\/v2\/categories?post=12532"},{"taxonomy":"post_tag","embeddable":true,"href":"https:\/\/cklcomunicaciones.es\/coop\/wp-json\/wp\/v2\/tags?post=12532"}],"curies":[{"name":"wp","href":"https:\/\/api.w.org\/{rel}","templated":true}]}}