{"id":12466,"date":"2017-10-17T11:41:14","date_gmt":"2017-10-17T09:41:14","guid":{"rendered":"http:\/\/www.cklcomunicaciones.es\/?p=12466"},"modified":"2025-01-17T16:37:40","modified_gmt":"2025-01-17T15:37:40","slug":"17-10-2017","status":"publish","type":"post","link":"https:\/\/cklcomunicaciones.es\/coop\/17-10-2017\/","title":{"rendered":"Noticias Info CKL n\u00ba 2.002 &#8211; 17\/10\/17"},"content":{"rendered":"<div id=\"pl-12466\"  class=\"panel-layout\" >\n<div id=\"pg-12466-0\"  class=\"panel-grid panel-no-style\"  data-style=\"{&quot;background_display&quot;:&quot;tile&quot;,&quot;lsow_dark_bg&quot;:&quot;&quot;,&quot;cell_alignment&quot;:&quot;flex-start&quot;}\" >\n<div id=\"pgc-12466-0-0\"  class=\"panel-grid-cell\"  data-weight=\"1\" >\n<div id=\"panel-12466-0-0-0\" class=\"so-panel widget widget_sow-editor panel-first-child panel-last-child\" data-index=\"0\" data-style=\"{&quot;background_image_attachment&quot;:false,&quot;background_display&quot;:&quot;tile&quot;}\" >\n<div class=\"so-widget-sow-editor so-widget-sow-editor-base\">\n<div class=\"siteorigin-widget-tinymce textwidget\">\n<p><strong>Andaluc\u00eda: GDRs destinar\u00e1n 37 mill de euros a proyectos que avancen en igualdad de g\u00e9nero-El 51% de mujeres al frente de una familia monoparental est\u00e1 desempleada-Marisa Paredes, Goya de Honor 2018-Campa\u00f1a #MeToo <br \/> <\/strong><\/p>\n<p>[toggle type=\u00bbfirst\u00bb title=\u00bbConvocatorias\u00bb]<\/p>\n<ul>\n<li>Campa\u00f1a <strong>Wikimujeres: Las escritoras dan la cara<\/strong>. El objetivo es incorporar im\u00e1genes en Wikipedia de las escritoras que tienen art\u00edculo pero que no tienen fotograf\u00eda para ilustrar el texto. M\u00e1s informaci\u00f3n: <a href=\"http:\/\/www.cklcomunicaciones.es\/las-escritoras-da-la-cara-2017-10-10\/\">http:\/\/www.cklcomunicaciones.es\/las-escritoras-da-la-cara-2017-10-10\/<\/a><\/li>\n<li><strong><a href=\"http:\/\/www.juntadeandalucia.es\/iam\/catalogo\/doc\/convocatorias\/2017-genero\/SE-conferencia-sobre-Kate-Millet.jpg\">Kate Millet<\/a><\/strong><a href=\"http:\/\/www.juntadeandalucia.es\/iam\/catalogo\/doc\/convocatorias\/2017-genero\/SE-conferencia-sobre-Kate-Millet.jpg\">t: Homenaje p\u00f3stumo<\/a>. Fundaci\u00f3n Fulmen y F\u00f3rum de Pol\u00edtica Feminista. 25 de octubre de 2017<\/li>\n<\/ul>\n<p>[\/toggle]<\/p>\n<p>[toggle type=\u00bbfirst\u00bb title=\u00bbComunicaci\u00f3n\u00bb]<\/p>\n<p><a href=\"https:\/\/publimetro.pe\/actualidad\/noticia-periodista-tiene-que-aprender-dominar-lenguaje-66149\">Judith Gonz\u00e1lez (Fundeu): \u201cEl periodista tiene que aprender a dominar el lenguaje\u201d<\/a> &#8211; Publimetro Per\u00fa<\/p>\n<p><a href=\"http:\/\/www.elmundo.es\/internacional\/2017\/10\/16\/59e4de71ca47413e348b45b2.html\">Asesinan a la periodista Daphne Caruana que hab\u00eda acusado de corrupci\u00f3n al Gobierno de Malta<\/a> \u2013 El Mundo<\/p>\n<p><a href=\"http:\/\/tn.com.ar\/tecno\/twittendencias\/metoo-la-campana-contra-el-acoso-sexual-que-arrasa-en-twitter_827909\">#MeToo, la campa\u00f1a contra el acoso sexual que arrasa en Twitter<\/a> &#8211; Todo Noticias<\/p>\n<p>[toggle type=\u00bbfirst\u00bb title=\u00bbAndaluc\u00eda\u00bb]<\/p>\n<p><strong>Econom\u00eda y Empresas<\/strong><\/p>\n<p><a href=\"http:\/\/www.europapress.es\/esandalucia\/sevilla\/noticia-gdr-destinaran-andalucia-mas-37-millones-euros-proyectos-avancen-igualdad-genero-20171016124710.html\">Los GDR destinar\u00e1n en Andaluc\u00eda m\u00e1s de 37 millones de euros a proyectos que avancen en igualdad de g\u00e9nero &#8230;<\/a> -Europa Press<\/p>\n<p><a href=\"http:\/\/mujeremprendedora.net\/mujerruraltic-reivindica-la-transformacion-de-las-mujeres-en-sus-municipios\/\">#MujerRuralTIC visibiliza la transformaci\u00f3n de las mujeres<\/a> \u2013 Mujeremprendedora.net<\/p>\n<p><a href=\"https:\/\/www.google.es\/url?sa=t&amp;rct=j&amp;q=&amp;esrc=s&amp;source=newssearch&amp;cd=14&amp;ved=0ahUKEwj85L6apffWAhWCahoKHaA5Cxs4ChCpAgguKAAwAw&amp;url=http%3A%2F%2Fwww.20minutos.es%2Fnoticia%2F3161623%2F0%2Fdiputacion-documentara-situacion-mujer-rural-con-proyecto-capsula-tiempo%2F&amp;usg=AOvVaw1uZDuhZELiPzR4o9WhVMBb\">La Diputaci\u00f3n de Huelva documentar\u00e1 la situaci\u00f3n de la mujer rural con el proyecto \u201cLa capsula del tiempo\u201d &#8230;<\/a> &#8211; <a href=\"http:\/\/20minutos.es\">20minutos.es<\/a><\/p>\n<p><a href=\"https:\/\/www.google.es\/url?sa=t&amp;rct=j&amp;q=&amp;esrc=s&amp;source=newssearch&amp;cd=5&amp;ved=0ahUKEwjqvcCvp_fWAhVL0xoKHXHEDuQQqQIIMSgAMAQ&amp;url=http%3A%2F%2Fwww.lavanguardia.com%2Flocal%2Fsevilla%2F20171016%2F432123890313%2Fla-famp-aboga-por-impulsar-la-cooperacion-al-desarrollo.html&amp;usg=AOvVaw2YCObotK_a8KiB-oGUbJke\">La FAMP aboga por impulsar la cooperaci\u00f3n al desarrollo<\/a> &#8211; La Vanguardia<\/p>\n<p><a href=\"http:\/\/elcorreoweb.es\/andalucia\/montero-anuncia-para-diciembre-una-oferta-extraordinaria-de-32-817-plazas-de-empleo-publico-en-tres-anos-HX3451779\">La Junta oferta 32.817 plazas de empleo p\u00fablico<\/a> &#8211; El Correo<\/p>\n<p><a href=\"http:\/\/www.diariodesevilla.es\/andalucia\/Andalucia-recibe-FLA-millones-total_0_1182182436.html\">Andaluc\u00eda recibe del FLA m\u00e1s de 4.600 millones, un 17% del total<\/a> &#8211; Diario de Sevilla<\/p>\n<p><strong>Actualidad<\/strong><\/p>\n<p><a href=\"http:\/\/www.juntadeandalucia.es\/presidencia\/portavoz\/sociedad\/126332\/partir\/iam\/aumenta\/presupuesto\/refuerza\/red\/atencion\/directa\/mujeres\/ambito\/rural\">El IAM aumenta un 3,8% su presupuesto y refuerza la atenci\u00f3n a mujeres del \u00e1mbito rural<\/a> \u2013 Oficina del Portavoz<\/p>\n<p><a href=\"https:\/\/www.google.es\/url?sa=t&amp;rct=j&amp;q=&amp;esrc=s&amp;source=newssearch&amp;cd=56&amp;ved=0ahUKEwiZlOaIqPfWAhWJXBoKHU1SDSs4MhCpAgg0KAAwBQ&amp;url=http%3A%2F%2Fsevilla.abc.es%2Fsevilla%2Fsevi-rosario-fernandez-normalmente-mujeres-profesionales-mar-mas-responsables-hombres-201710170054_noticia.html&amp;usg=AOvVaw36U4Es-9oH8pvrjSwcRZFj\">Rosario Fern\u00e1ndez, capitana: \u201cNormalmente las mujeres profesionales del mar son m\u00e1s responsables que los hombres\u201d&#8230;<\/a>&#8211; <a href=\"http:\/\/abcdesevilla.es\">abcdesevilla.es<\/a><\/p>\n<p><a href=\"https:\/\/www.google.com\/url?rct=j&amp;sa=t&amp;url=http:\/\/www.almeria24h.com\/noticia.php%3Fnoticia%3D42227&amp;ct=ga&amp;cd=CAEYBCoTMzg2NzkxNjE0NDY2OTU4MjQyNDIZYzAzNzJlYmMyZmVhZGE1OTplczplczpFUw&amp;usg=AFQjCNEXf9NyjsFqrqfV5dx2RIfhMS2RZQ\">Pacto contra el Antigitanismo. El Instituto Aandaluz de la Mujer se suma para promover una &#8230; <\/a>&#8211; Almer\u00eda 24h<\/p>\n<p><a href=\"http:\/\/www.europapress.es\/esandalucia\/cordoba\/noticia-sanchez-rubio-afirma-mayores-andaluces-son-activo-social-economico-imprescindible-20171016141423.html\">S\u00e1nchez Rubio afirma que los mayores andaluces \u00abson un activo econ\u00f3mico imprescindible\u201d &#8230;<\/a> &#8211; Europa Press<\/p>\n<p><strong>Ciencia y Cultura<\/strong><\/p>\n<p><a href=\"http:\/\/www.juntadeandalucia.es\/presidencia\/portavoz\/cultura\/126380\/presidenta\/junta\/andalucia\/susana\/diaz\/centro\/interpretacion\/camaron\/isla\/san\/fernando\/cadiz\/museo\/protocolo\/convenio\/ayuntamiento\">D\u00edaz apuesta por el flamenco como escaparate universal de Andaluc\u00eda y generador de riqueza<\/a> \u2013 Oficina del Portavoz<\/p>\n<p><a href=\"https:\/\/www.google.es\/url?sa=t&amp;rct=j&amp;q=&amp;esrc=s&amp;source=newssearch&amp;cd=11&amp;ved=0ahUKEwiNiq2qq_fWAhUEmBoKHb_jBfs4ChCpAgglKAAwAA&amp;url=http%3A%2F%2Fandaluciainformacion.es%2Fsevilla%2F708431%2Fvuelven-las-dependientas%2F&amp;usg=AOvVaw20Vx5Z5o8WWhV85e5AmPHn\">Vuelven &#8216;Las Dependientas&#8217;<\/a> &#8211; Andaluc\u00eda Informaci\u00f3n<\/p>\n<p><a href=\"http:\/\/www.europapress.es\/andalucia\/malaga-00356\/noticia-relatos-alma-danielle-van-zadelhof-recibe-mas-30000-visitas-cac-malaga-20171016150942.html\">&#8216;Relatos del alma&#8217; de Danielle van Zadelhof recibe m\u00e1s de 30.000 visitas &#8230;<\/a> Europa Press<\/p>\n<p><a href=\"http:\/\/andaluciainformacion.es\/malaga\/708378\/la-junta-visibiliza-el-papel-de-las-escritoras-en-malaga\/\">La Junta visibiliza el papel de las escritoras en M\u00e1laga<\/a> -Andaluc\u00eda Informaci\u00f3n<\/p>\n<p><a href=\"http:\/\/www.diariodesevilla.es\/universidadsinlimites\/Cafe-Ciencia-Arte-Universidad-Sevilla_0_1182182351.html\">Caf\u00e9 con Ciencia y <em>Arte<\/em>, encuentro en la Universidad de Sevilla<\/a> &#8211; Diario de Sevilla<\/p>\n<p><strong>Deporte<\/strong><\/p>\n<p><a href=\"https:\/\/www.google.es\/url?sa=t&amp;rct=j&amp;q=&amp;esrc=s&amp;source=newssearch&amp;cd=1&amp;ved=0ahUKEwift86cqvfWAhWGORoKHQsTDUkQqQIIJigAMAA&amp;url=http%3A%2F%2Fwww.eldiario.es%2Fnidos%2FBlanca-Manchon_0_692930915.html&amp;usg=AOvVaw0LmdomTkxUURoFBoyuSDDW\">Blanca Manch\u00f3n: \u201cEn el deporte para ser madre hay que desaparecer o esconderse\u00bb<\/a> &#8211; <a href=\"http:\/\/eldiario.es\">eldiario.es<\/a><\/p>\n<p><a href=\"http:\/\/cordopolis.es\/2017\/10\/16\/el-kickboxing-femenino-conquista-vista-alegre\/\">El kickboxing femenino conquista Vista Alegre<\/a> &#8211; Cord\u00f3polis<\/p>\n<p>[\/toggle]<br \/> [toggle title=\u00bbEstado\u00bb]<\/p>\n<p><strong>Institucional-CCAA<\/strong><\/p>\n<p><a href=\"https:\/\/www.google.com\/url?rct=j&amp;sa=t&amp;url=https:\/\/www.eldigitalcastillalamancha.es\/economia\/751885701\/Presentada-la-III-Universidad-de-la-Mujer-Rural-en-Castilla-La-Mancha.html&amp;ct=ga&amp;cd=CAEYACoTMzg2NzkxNjE0NDY2OTU4MjQyNDIZYzAzNzJlYmMyZmVhZGE1OTplczplczpFUw&amp;usg=AFQjCNFV72s-yqmXhWPAMiv9USiL2n7X8g\">Presentada la III Universidad de la Mujer Rural en Castilla-La Mancha<\/a> &#8211; El Digital de Castilla la Mancha<\/p>\n<p><a href=\"https:\/\/www.google.com\/url?rct=j&amp;sa=t&amp;url=http:\/\/www.elperiodicodearagon.com\/noticias\/economia\/brecha-salarial-medio-rural-llega-25_1235089.html&amp;ct=ga&amp;cd=CAEYAioUMTQ2Nzg4NDU1ODcxMDkwOTUxODkyGWMwMzcyZWJjMmZlYWRhNTk6ZXM6ZXM6RVM&amp;usg=AFQjCNG8hIX7lP9_4EHCrJLB9HfrFTpXqg\">La brecha salarial en el medio rural llega hasta el 25% <\/a>&#8211; El Peri\u00f3dico de Arag\u00f3n<\/p>\n<p><a href=\"http:\/\/eldia.es\/tenerife\/2017-10-17\/2-Impulsan-proyectos-mujeres-emprendedoras-traves-WomenIN.htm\">Impulsan 30 proyectos para mujeres emprendedoras a trav\u00e9s de Women In &#8230;<\/a> &#8211; <a href=\"http:\/\/eldia.es\">eldia.es<\/a><\/p>\n<p><a href=\"https:\/\/www.google.es\/url?sa=t&amp;rct=j&amp;q=&amp;esrc=s&amp;source=newssearch&amp;cd=2&amp;ved=0ahUKEwjWsKLYp_fWAhWIPRoKHbQyAbgQqQIIKCgAMAE&amp;url=http%3A%2F%2Fnoticias.juridicas.com%2Factualidad%2Fnoticias%2F12416-un-proyecto-murciano-contra-la-violencia-machista-ganador-de-dos-premios-de-la-comision-europea-%2F&amp;usg=AOvVaw1vlxAibZHibJkK3ya-8yZ-\">Un proyecto murciano contra la violencia machista ganador de dos premios en la Comisi\u00f3n Europea &#8230;<\/a> -Noticias Jur\u00eddicas<\/p>\n<p><a href=\"http:\/\/www.diariovasco.com\/sociedad\/explotaciones-agrarias-vascas-20171016160022-nt.html\">El 37 % de las explotaciones agrarias vascas est\u00e1n a nombre de mujeres &#8230;<\/a> &#8211; Diario Vasco<\/p>\n<p><strong>Econom\u00eda y Empresas<\/strong><\/p>\n<p><a href=\"https:\/\/www.google.es\/url?sa=t&amp;rct=j&amp;q=&amp;esrc=s&amp;source=newssearch&amp;cd=39&amp;ved=0ahUKEwjfp7_io_fWAhUIfRoKHXOQDoY4HhCpAgg9KAAwCA&amp;url=https%3A%2F%2Fwww.agrodigital.com%2F2017%2F10%2F17%2F317483%2F&amp;usg=AOvVaw1a8pDtQ9AVEo8u-Z3XmRoC\">Concedidos los VIII Premios de Excelencia a la Innovaci\u00f3n para las Mujeres Rurales &#8230;<\/a> -Agrodigital<\/p>\n<p><a href=\"http:\/\/www.rrhhdigital.com\/secciones\/actualidad\/126895\/El-51-de-las-mujeres-al-frente-de-una-familia-monoparental-esta-desempleada\">El 51% de las mujeres al frente de una familia monoparental est\u00e1 desempleada &#8230;<\/a> &#8211; RRHHDigital<\/p>\n<p><a href=\"https:\/\/elpais.com\/economia\/2017\/10\/16\/actualidad\/1508180457_369296.html\">La patronal el\u00e9ctrica, UNESA estar\u00e1 presidida por Marina Serrano \u2026 <\/a>&#8211; El Pa\u00eds<\/p>\n<p><strong>Actualidad<\/strong><\/p>\n<p><a href=\"https:\/\/www.google.com\/url?rct=j&amp;sa=t&amp;url=http:\/\/www.abc.es\/familia\/padres-hijos\/abci-madres-espana-segundo-pais-europa-madres-primerizas-mas-mayores-201710161129_noticia.html&amp;ct=ga&amp;cd=CAEYACoUMTU0MzU0NTYzMzYwMDA5NDA0NDEyGWMwMzcyZWJjMmZlYWRhNTk6ZXM6ZXM6RVM&amp;usg=AFQjCNH3p8hp-p7h4fRuxjdt4a2bYPzX2A\">Espa\u00f1a, el segundo pa\u00eds de Europa con madres primerizas m\u00e1s mayores <\/a>&#8211; Abc.es<\/p>\n<p><a href=\"https:\/\/www.google.com\/url?rct=j&amp;sa=t&amp;url=http:\/\/www.publico.es\/sociedad\/feminizacion-pobreza-principal-causa-pobreza-mujer.html&amp;ct=ga&amp;cd=CAEYASoUMTIyMTU1MzkzNDM1MTk5MzUwMTYyGWMwMzcyZWJjMmZlYWRhNTk6ZXM6ZXM6RVM&amp;usg=AFQjCNHJb69MvRlf610P7oD8LBhiJJh-ag\">Principal causa de la pobreza: ser mujer <\/a>&#8211; P\u00fablico<\/p>\n<p><a href=\"http:\/\/www.eleconomista.es\/internacional-eleconomista\/noticias\/8679037\/10\/17\/Espana-elegida-miembro-el-Consejo-de-Derechos-Humanos-de-la-ONU.html\">Espa\u00f1a, elegida miembro el Consejo de Derechos Humanos de la ONU &#8230;<\/a> &#8211; elEconomista.es<\/p>\n<p><strong>Violencia<\/strong><\/p>\n<p><a href=\"https:\/\/www.google.es\/url?sa=t&amp;rct=j&amp;q=&amp;esrc=s&amp;source=newssearch&amp;cd=43&amp;ved=0ahUKEwiC2v_PqffWAhUDahoKHWcWDTU4KBCpAggqKAAwAg&amp;url=http%3A%2F%2Fwww.eldiario.es%2Fzonacritica%2Fbarbijaputa-campana_contra_violencia_de_genero_6_697890230.html&amp;usg=AOvVaw3wcBRE2X9FuNYR0o5E7yHn\">Campa\u00f1as machistas contra el machismo. Gobierno de Espa\u00f1a<\/a> &#8211; <a href=\"http:\/\/eldiario.es\">eldiario.es<\/a><\/p>\n<p><strong>Ciencia y Cultura<\/strong><\/p>\n<p><a href=\"https:\/\/www.google.com\/url?rct=j&amp;sa=t&amp;url=http:\/\/www.lavanguardia.com\/local\/canarias\/20171016\/432127351300\/el-iac-escoge-a-henrietta-leavitt-para-despertar-vocacion-cientifica-en-ninas.html&amp;ct=ga&amp;cd=CAEYAioUMTY0MDI0MzgyMTcyODc5NzM2MTMyGWMwMzcyZWJjMmZlYWRhNTk6ZXM6ZXM6RVM&amp;usg=AFQjCNE_mL2uvg354vjRI0FKX_oG-52rrg\">El Instituto Astrof\u00edsico de Canarias escoge a Henrietta Leavitt para despertar vocaci\u00f3n cient\u00edfica en ni\u00f1as <\/a>&#8211; La Vanguardia<\/p>\n<p><a href=\"https:\/\/elpais.com\/cultura\/2017\/10\/16\/actualidad\/1508172984_580457.html\">Marisa Paredes, Goya de Honor 2018<\/a> \u2013 El Pa\u00eds<\/p>\n<p><a href=\"https:\/\/www.google.com\/url?rct=j&amp;sa=t&amp;url=https:\/\/elpais.com\/elpais\/2017\/10\/16\/mujeres\/1508156287_434790.html&amp;ct=ga&amp;cd=CAEYACoSMTAxMzU2NTczMDYxNTEwMzk4MhljMDM3MmViYzJmZWFkYTU5OmVzOmVzOkVT&amp;usg=AFQjCNF_yhJ8Loz5DZfH_IJjR41GsfP3tQ\">\u201cNuestra \u00fanica misi\u00f3n es morir\u201d <\/a>\u2013 El Pa\u00eds<\/p>\n<p><a href=\"http:\/\/www.publico.es\/culturas\/entrevista-amarna-miller.html\">Amarna Miller: \u00abEn Espa\u00f1a la gente no se moja\u00bb<\/a> &#8211; P\u00fablico<\/p>\n<p><a href=\"http:\/\/www.elmundo.es\/f5\/comparte\/2017\/10\/16\/59e4b892ca4741bb428b4584.html\">De Helena a Medea: \u00bfC\u00f3mo ser\u00edan los mitos cl\u00e1sicos escritos por mujeres?<\/a> \u2013 El Mundo<\/p>\n<p><a href=\"http:\/\/www.lanacion.com.ar\/2072750-cristina-morato-la-mujer-es-el-motor-del-mundo\">Cristina Morat\u00f3: \u00abLa mujer es el motor del mundo\u00bb<\/a> \u2013 La Naci\u00f3n<\/p>\n<p><strong>Deporte<\/strong>\u00a0\u00a0\u00a0<\/p>\n<p><a href=\"https:\/\/as.com\/masdeporte\/2017\/10\/16\/polideportivo\/1508188695_213316.html\">Patricia Garc\u00eda traslada los valores del rugby a la sociedad<\/a> \u2013 As.com<\/p>\n<div class=\"jqDnR\">\n<p>[\/toggle]<\/p>\n<\/div>\n<p>[toggle title=\u00bbInternacional\u00bb]<\/p>\n<p><a href=\"http:\/\/www.ticbeat.com\/empresa-b2b\/los-paises-con-mayor-brecha-salarial-entre-mujeres-y-hombres\/\">Los pa\u00edses con mayor brecha salarial entre mujeres y hombres<\/a> &#8211; TICbeat<\/p>\n<p><a href=\"https:\/\/mundo.sputniknews.com\/seguridad\/201710171073234942-seguridad-mujeres-moscu-thomson\/\">Mosc\u00fa, capital segura y de alto nivel de desarrollo para las mujeres<\/a> &#8211; Sputnik Mundo<\/p>\n<p><a href=\"http:\/\/washingtonhispanic.com\/portal\/internacional\/la-economia-mundial-se-encuentra-en-buen-momento\/\">La econom\u00eda mundial se encuentra en buen momento<\/a> &#8211; Washington Hispanic<\/p>\n<p><a href=\"https:\/\/es.vietnamplus.vn\/vietnam-revisa-tareas-de-lucha-contra-desigualdad-de-genero\/79078.vnp\">Vietnam revisa tareas de lucha contra desigualdad de g\u00e9nero<\/a> &#8211; Vietnam+<\/p>\n<p><a href=\"https:\/\/elpais.com\/cultura\/2017\/10\/16\/actualidad\/1508155441_341683.html\">Bj\u00f6rk denuncia el acoso sexual de \u201cun director dan\u00e9s\u201d<\/a> \u2013 El Pa\u00eds<\/p>\n<p><a href=\"http:\/\/www.elmundo.es\/happy-fm\/2017\/10\/16\/59e47883e5fdea0a658b460a.html\">Angelina Jolie, Cara Delevingne, Eva Green&#8230; Las 43 mujeres que han acusado a Harvey Weinstein<\/a> \u2013 El Mundo<\/p>\n<p><a href=\"http:\/\/www.conacytprensa.mx\/index.php\/sociedad\/politica-cientifica\/18714-ganadoras-becas-l-oreal-unesco-mujeres-ciencia-2017\">Ganadoras de Becas L&#8217;Or\u00e9al-Unesco para Mujeres en la Ciencia &#8230;<\/a> -Agencia Informativa Conacyt<\/p>\n<p><a href=\"https:\/\/elpais.com\/elpais\/2017\/10\/16\/gente\/1508146047_244023.html\">Lena Dunham, candidata para dirigir la revista \u2018Glamour\u2019<\/a>\u2013 El Pa\u00eds<\/p>\n<p>[\/toggle]<\/p>\n<\/div>\n<\/div>\n<\/div>\n<\/div>\n<\/div>\n<\/div>\n","protected":false},"excerpt":{"rendered":"<p>Andaluc\u00eda: GDRs destinar\u00e1n 37 mill de euros a proyectos que <a href=\"https:\/\/cklcomunicaciones.es\/coop\/17-10-2017\/\">[&#8230;]<\/a><\/p>\n","protected":false},"author":3,"featured_media":0,"comment_status":"closed","ping_status":"closed","sticky":false,"template":"","format":"standard","meta":{"footnotes":""},"categories":[298,623],"tags":[],"class_list":["post-12466","post","type-post","status-publish","format-standard","hentry","category-newsletter","category-nwl-2-0"],"yoast_head":"<!-- This site is optimized with the Yoast SEO plugin v27.5 - https:\/\/yoast.com\/product\/yoast-seo-wordpress\/ -->\n<title>Noticias Info CKL n\u00ba 2.002 - 17\/10\/17<\/title>\n<meta name=\"description\" content=\"Noticias Info CKL n\u00ba 2.002 - 17\/10\/17\" \/>\n<meta name=\"robots\" content=\"index, follow, max-snippet:-1, max-image-preview:large, max-video-preview:-1\" \/>\n<link rel=\"canonical\" href=\"https:\/\/cklcomunicaciones.es\/coop\/17-10-2017\/\" \/>\n<meta property=\"og:locale\" content=\"es_ES\" \/>\n<meta property=\"og:type\" content=\"article\" \/>\n<meta property=\"og:title\" content=\"Noticias Info CKL n\u00ba 2.002 - 17\/10\/17\" \/>\n<meta property=\"og:description\" content=\"Noticias Info CKL n\u00ba 2.002 - 17\/10\/17\" \/>\n<meta property=\"og:url\" content=\"https:\/\/cklcomunicaciones.es\/coop\/17-10-2017\/\" \/>\n<meta property=\"og:site_name\" content=\"CKL Comunicaciones\" \/>\n<meta property=\"article:published_time\" content=\"2017-10-17T09:41:14+00:00\" \/>\n<meta property=\"article:modified_time\" content=\"2025-01-17T15:37:40+00:00\" \/>\n<meta property=\"og:image\" content=\"https:\/\/cklcomunicaciones.es\/coop\/wp-content\/uploads\/2021\/04\/CKL-MiradaDistinta-newsletter2021_1200-x-675.jpg\" \/>\n\t<meta property=\"og:image:width\" content=\"1200\" \/>\n\t<meta property=\"og:image:height\" content=\"676\" \/>\n\t<meta property=\"og:image:type\" content=\"image\/jpeg\" \/>\n<meta name=\"author\" content=\"ckl\" \/>\n<meta name=\"twitter:card\" content=\"summary_large_image\" \/>\n<meta name=\"twitter:label1\" content=\"Escrito por\" \/>\n\t<meta name=\"twitter:data1\" content=\"ckl\" \/>\n\t<meta name=\"twitter:label2\" content=\"Tiempo de lectura\" \/>\n\t<meta name=\"twitter:data2\" content=\"4 minutos\" \/>\n<script type=\"application\/ld+json\" class=\"yoast-schema-graph\">{\"@context\":\"https:\\\/\\\/schema.org\",\"@graph\":[{\"@type\":\"Article\",\"@id\":\"https:\\\/\\\/cklcomunicaciones.es\\\/coop\\\/17-10-2017\\\/#article\",\"isPartOf\":{\"@id\":\"https:\\\/\\\/cklcomunicaciones.es\\\/coop\\\/17-10-2017\\\/\"},\"author\":{\"name\":\"ckl\",\"@id\":\"https:\\\/\\\/cklcomunicaciones.es\\\/coop\\\/#\\\/schema\\\/person\\\/929a6837f7626450bbb50cee1aef266e\"},\"headline\":\"Noticias Info CKL n\u00ba 2.002 &#8211; 17\\\/10\\\/17\",\"datePublished\":\"2017-10-17T09:41:14+00:00\",\"dateModified\":\"2025-01-17T15:37:40+00:00\",\"mainEntityOfPage\":{\"@id\":\"https:\\\/\\\/cklcomunicaciones.es\\\/coop\\\/17-10-2017\\\/\"},\"wordCount\":850,\"articleSection\":[\"Newsletter\",\"Nwl v2.0\"],\"inLanguage\":\"es\"},{\"@type\":\"WebPage\",\"@id\":\"https:\\\/\\\/cklcomunicaciones.es\\\/coop\\\/17-10-2017\\\/\",\"url\":\"https:\\\/\\\/cklcomunicaciones.es\\\/coop\\\/17-10-2017\\\/\",\"name\":\"Noticias Info CKL n\u00ba 2.002 - 17\\\/10\\\/17\",\"isPartOf\":{\"@id\":\"https:\\\/\\\/cklcomunicaciones.es\\\/coop\\\/#website\"},\"datePublished\":\"2017-10-17T09:41:14+00:00\",\"dateModified\":\"2025-01-17T15:37:40+00:00\",\"author\":{\"@id\":\"https:\\\/\\\/cklcomunicaciones.es\\\/coop\\\/#\\\/schema\\\/person\\\/929a6837f7626450bbb50cee1aef266e\"},\"description\":\"Noticias Info CKL n\u00ba 2.002 - 17\\\/10\\\/17\",\"breadcrumb\":{\"@id\":\"https:\\\/\\\/cklcomunicaciones.es\\\/coop\\\/17-10-2017\\\/#breadcrumb\"},\"inLanguage\":\"es\",\"potentialAction\":[{\"@type\":\"ReadAction\",\"target\":[\"https:\\\/\\\/cklcomunicaciones.es\\\/coop\\\/17-10-2017\\\/\"]}]},{\"@type\":\"BreadcrumbList\",\"@id\":\"https:\\\/\\\/cklcomunicaciones.es\\\/coop\\\/17-10-2017\\\/#breadcrumb\",\"itemListElement\":[{\"@type\":\"ListItem\",\"position\":1,\"name\":\"Portada\",\"item\":\"https:\\\/\\\/cklcomunicaciones.es\\\/coop\\\/\"},{\"@type\":\"ListItem\",\"position\":2,\"name\":\"Noticias Info CKL n\u00ba 2.002 &#8211; 17\\\/10\\\/17\"}]},{\"@type\":\"WebSite\",\"@id\":\"https:\\\/\\\/cklcomunicaciones.es\\\/coop\\\/#website\",\"url\":\"https:\\\/\\\/cklcomunicaciones.es\\\/coop\\\/\",\"name\":\"CKL Comunicaciones\",\"description\":\"Sitio web de CKL Comunicaciones coop , la consultora de comunicaci\u00f3n y estrategia\",\"potentialAction\":[{\"@type\":\"SearchAction\",\"target\":{\"@type\":\"EntryPoint\",\"urlTemplate\":\"https:\\\/\\\/cklcomunicaciones.es\\\/coop\\\/?s={search_term_string}\"},\"query-input\":{\"@type\":\"PropertyValueSpecification\",\"valueRequired\":true,\"valueName\":\"search_term_string\"}}],\"inLanguage\":\"es\"},{\"@type\":\"Person\",\"@id\":\"https:\\\/\\\/cklcomunicaciones.es\\\/coop\\\/#\\\/schema\\\/person\\\/929a6837f7626450bbb50cee1aef266e\",\"name\":\"ckl\",\"image\":{\"@type\":\"ImageObject\",\"inLanguage\":\"es\",\"@id\":\"https:\\\/\\\/secure.gravatar.com\\\/avatar\\\/c82db564e8a669bf6023357a157b9dc4780f4d4c618f2ad1d71a6a5dede45057?s=96&d=mm&r=g\",\"url\":\"https:\\\/\\\/secure.gravatar.com\\\/avatar\\\/c82db564e8a669bf6023357a157b9dc4780f4d4c618f2ad1d71a6a5dede45057?s=96&d=mm&r=g\",\"contentUrl\":\"https:\\\/\\\/secure.gravatar.com\\\/avatar\\\/c82db564e8a669bf6023357a157b9dc4780f4d4c618f2ad1d71a6a5dede45057?s=96&d=mm&r=g\",\"caption\":\"ckl\"},\"url\":\"https:\\\/\\\/cklcomunicaciones.es\\\/coop\\\/author\\\/cklcomunicaciones\\\/\"}]}<\/script>\n<!-- \/ Yoast SEO plugin. -->","yoast_head_json":{"title":"Noticias Info CKL n\u00ba 2.002 - 17\/10\/17","description":"Noticias Info CKL n\u00ba 2.002 - 17\/10\/17","robots":{"index":"index","follow":"follow","max-snippet":"max-snippet:-1","max-image-preview":"max-image-preview:large","max-video-preview":"max-video-preview:-1"},"canonical":"https:\/\/cklcomunicaciones.es\/coop\/17-10-2017\/","og_locale":"es_ES","og_type":"article","og_title":"Noticias Info CKL n\u00ba 2.002 - 17\/10\/17","og_description":"Noticias Info CKL n\u00ba 2.002 - 17\/10\/17","og_url":"https:\/\/cklcomunicaciones.es\/coop\/17-10-2017\/","og_site_name":"CKL Comunicaciones","article_published_time":"2017-10-17T09:41:14+00:00","article_modified_time":"2025-01-17T15:37:40+00:00","og_image":[{"width":1200,"height":676,"url":"https:\/\/cklcomunicaciones.es\/coop\/wp-content\/uploads\/2021\/04\/CKL-MiradaDistinta-newsletter2021_1200-x-675.jpg","type":"image\/jpeg"}],"author":"ckl","twitter_card":"summary_large_image","twitter_misc":{"Escrito por":"ckl","Tiempo de lectura":"4 minutos"},"schema":{"@context":"https:\/\/schema.org","@graph":[{"@type":"Article","@id":"https:\/\/cklcomunicaciones.es\/coop\/17-10-2017\/#article","isPartOf":{"@id":"https:\/\/cklcomunicaciones.es\/coop\/17-10-2017\/"},"author":{"name":"ckl","@id":"https:\/\/cklcomunicaciones.es\/coop\/#\/schema\/person\/929a6837f7626450bbb50cee1aef266e"},"headline":"Noticias Info CKL n\u00ba 2.002 &#8211; 17\/10\/17","datePublished":"2017-10-17T09:41:14+00:00","dateModified":"2025-01-17T15:37:40+00:00","mainEntityOfPage":{"@id":"https:\/\/cklcomunicaciones.es\/coop\/17-10-2017\/"},"wordCount":850,"articleSection":["Newsletter","Nwl v2.0"],"inLanguage":"es"},{"@type":"WebPage","@id":"https:\/\/cklcomunicaciones.es\/coop\/17-10-2017\/","url":"https:\/\/cklcomunicaciones.es\/coop\/17-10-2017\/","name":"Noticias Info CKL n\u00ba 2.002 - 17\/10\/17","isPartOf":{"@id":"https:\/\/cklcomunicaciones.es\/coop\/#website"},"datePublished":"2017-10-17T09:41:14+00:00","dateModified":"2025-01-17T15:37:40+00:00","author":{"@id":"https:\/\/cklcomunicaciones.es\/coop\/#\/schema\/person\/929a6837f7626450bbb50cee1aef266e"},"description":"Noticias Info CKL n\u00ba 2.002 - 17\/10\/17","breadcrumb":{"@id":"https:\/\/cklcomunicaciones.es\/coop\/17-10-2017\/#breadcrumb"},"inLanguage":"es","potentialAction":[{"@type":"ReadAction","target":["https:\/\/cklcomunicaciones.es\/coop\/17-10-2017\/"]}]},{"@type":"BreadcrumbList","@id":"https:\/\/cklcomunicaciones.es\/coop\/17-10-2017\/#breadcrumb","itemListElement":[{"@type":"ListItem","position":1,"name":"Portada","item":"https:\/\/cklcomunicaciones.es\/coop\/"},{"@type":"ListItem","position":2,"name":"Noticias Info CKL n\u00ba 2.002 &#8211; 17\/10\/17"}]},{"@type":"WebSite","@id":"https:\/\/cklcomunicaciones.es\/coop\/#website","url":"https:\/\/cklcomunicaciones.es\/coop\/","name":"CKL Comunicaciones","description":"Sitio web de CKL Comunicaciones coop , la consultora de comunicaci\u00f3n y estrategia","potentialAction":[{"@type":"SearchAction","target":{"@type":"EntryPoint","urlTemplate":"https:\/\/cklcomunicaciones.es\/coop\/?s={search_term_string}"},"query-input":{"@type":"PropertyValueSpecification","valueRequired":true,"valueName":"search_term_string"}}],"inLanguage":"es"},{"@type":"Person","@id":"https:\/\/cklcomunicaciones.es\/coop\/#\/schema\/person\/929a6837f7626450bbb50cee1aef266e","name":"ckl","image":{"@type":"ImageObject","inLanguage":"es","@id":"https:\/\/secure.gravatar.com\/avatar\/c82db564e8a669bf6023357a157b9dc4780f4d4c618f2ad1d71a6a5dede45057?s=96&d=mm&r=g","url":"https:\/\/secure.gravatar.com\/avatar\/c82db564e8a669bf6023357a157b9dc4780f4d4c618f2ad1d71a6a5dede45057?s=96&d=mm&r=g","contentUrl":"https:\/\/secure.gravatar.com\/avatar\/c82db564e8a669bf6023357a157b9dc4780f4d4c618f2ad1d71a6a5dede45057?s=96&d=mm&r=g","caption":"ckl"},"url":"https:\/\/cklcomunicaciones.es\/coop\/author\/cklcomunicaciones\/"}]}},"_links":{"self":[{"href":"https:\/\/cklcomunicaciones.es\/coop\/wp-json\/wp\/v2\/posts\/12466","targetHints":{"allow":["GET"]}}],"collection":[{"href":"https:\/\/cklcomunicaciones.es\/coop\/wp-json\/wp\/v2\/posts"}],"about":[{"href":"https:\/\/cklcomunicaciones.es\/coop\/wp-json\/wp\/v2\/types\/post"}],"author":[{"embeddable":true,"href":"https:\/\/cklcomunicaciones.es\/coop\/wp-json\/wp\/v2\/users\/3"}],"replies":[{"embeddable":true,"href":"https:\/\/cklcomunicaciones.es\/coop\/wp-json\/wp\/v2\/comments?post=12466"}],"version-history":[{"count":0,"href":"https:\/\/cklcomunicaciones.es\/coop\/wp-json\/wp\/v2\/posts\/12466\/revisions"}],"wp:attachment":[{"href":"https:\/\/cklcomunicaciones.es\/coop\/wp-json\/wp\/v2\/media?parent=12466"}],"wp:term":[{"taxonomy":"category","embeddable":true,"href":"https:\/\/cklcomunicaciones.es\/coop\/wp-json\/wp\/v2\/categories?post=12466"},{"taxonomy":"post_tag","embeddable":true,"href":"https:\/\/cklcomunicaciones.es\/coop\/wp-json\/wp\/v2\/tags?post=12466"}],"curies":[{"name":"wp","href":"https:\/\/api.w.org\/{rel}","templated":true}]}}