{"id":12451,"date":"2017-10-10T09:57:31","date_gmt":"2017-10-10T07:57:31","guid":{"rendered":"http:\/\/www.cklcomunicaciones.es\/?p=12451"},"modified":"2017-10-10T09:57:31","modified_gmt":"2017-10-10T07:57:31","slug":"las-escritoras-da-la-cara-2017-10-10","status":"publish","type":"post","link":"https:\/\/cklcomunicaciones.es\/coop\/las-escritoras-da-la-cara-2017-10-10\/","title":{"rendered":"Campa\u00f1a \u00abLas escritoras dan la cara\u00bb de Wikimujeres en el D\u00eda de las Escritoras"},"content":{"rendered":"<h3>CKL Comunicaciones se suma a la campa\u00f1a Las escritoras dan la cara de Wikimujeres en el D\u00eda de las Escritoras<\/h3>\n<h4>Con motivo de la segunda edici\u00f3n del D\u00eda de las escritoras que se celebra el pr\u00f3ximo 16 de octubre de 2017, Wikimujeres grupo de usuarias de Wikimedia lanza la convocatoria: <strong>Las escritoras dan la cara<\/strong>.<\/h4>\n<p>El objetivo es incorporar im\u00e1genes en Wikipedia de las escritoras que tienen art\u00edculo pero que no tienen fotograf\u00eda para ilustrar el texto.<\/p>\n<p>C\u00f3mo puedes participar en la campa\u00f1a:<\/p>\n<ul>\n<li>Si conoces a alguna escritora que tenga art\u00edculo en Wikipedia y puedes hacerle una fotograf\u00eda directamente hazsela (p\u00eddele permiso, claro) y sube t\u00fa la fotograf\u00eda como material de autor\u00eda propia.<\/li>\n<li>Si tienes en tus archivos fotogr\u00e1ficos de material propio alguna fotograf\u00eda donde hay alguna escritora ser\u00eda genial que la compartas. Libera alguna imagen de tu autor\u00eda para el uso colectivo.<\/li>\n<li>Si eres escritora y tienes un art\u00edculo en wikipedia y tienes alguna fotograf\u00eda tuya de la que tengas cedidos derechos puedes hacer una donaci\u00f3n de la misma subi\u00e9ndola al repositorio de commons.<\/li>\n<\/ul>\n<p>Y recuerda a\u00f1adir la etiqueta D\u00eda de las Escritoras 2017 en Commons y compartir en las redes con #LasEscritorasDanLaCara.<\/p>\n<p>M\u00e1s informaci\u00f3n:<\/p>\n<div class=\"text_exposed_show\">\n<div class=\"video-shortcode\">\n<blockquote class=\"wp-embedded-content\" data-secret=\"cjQWhqX3Et\"><p><a href=\"https:\/\/wikimujeres.wiki\/2017\/10\/07\/dia-de-las-escritoras-2017-wikimujeres-las-escritoras-dan-la-cara\/\">D\u00eda de las escritoras 2017. Wikimujeres: Las escritoras dan la cara<\/a><\/p><\/blockquote>\n<p><iframe class=\"wp-embedded-content\" sandbox=\"allow-scripts\" security=\"restricted\" style=\"position: absolute; visibility: hidden;\" title=\"\u00abD\u00eda de las escritoras 2017. Wikimujeres: Las escritoras dan la cara\u00bb \u2014 \" src=\"https:\/\/wikimujeres.wiki\/2017\/10\/07\/dia-de-las-escritoras-2017-wikimujeres-las-escritoras-dan-la-cara\/embed\/#?secret=cjQWhqX3Et\" data-secret=\"cjQWhqX3Et\" width=\"600\" height=\"338\" frameborder=\"0\" marginwidth=\"0\" marginheight=\"0\" scrolling=\"no\"><\/iframe><\/div>\n<p>Equipo CKL<\/p>\n<\/div>\n","protected":false},"excerpt":{"rendered":"<p>CKL Comunicaciones se suma a la campa\u00f1a Las escritoras dan <a href=\"https:\/\/cklcomunicaciones.es\/coop\/las-escritoras-da-la-cara-2017-10-10\/\">[&#8230;]<\/a><\/p>\n","protected":false},"author":3,"featured_media":12452,"comment_status":"closed","ping_status":"closed","sticky":false,"template":"","format":"standard","meta":{"footnotes":""},"categories":[297],"tags":[],"class_list":["post-12451","post","type-post","status-publish","format-standard","has-post-thumbnail","hentry","category-actualidad"],"yoast_head":"<!-- This site is optimized with the Yoast SEO plugin v27.5 - https:\/\/yoast.com\/product\/yoast-seo-wordpress\/ -->\n<title>CKL se suma a la campa\u00f1a de Wikimujeres &quot;Las escritoras dan la cara&quot;<\/title>\n<meta name=\"description\" content=\"CKL Comunicaciones se suma a &quot;Las escritoras dan la cara&quot; de Wikimujeres, grupo de usuarias de Wikimedia, en el D\u00eda de las escritoras 16 de octubre de 2017\" \/>\n<meta name=\"robots\" content=\"index, follow, max-snippet:-1, max-image-preview:large, max-video-preview:-1\" \/>\n<link rel=\"canonical\" href=\"https:\/\/cklcomunicaciones.es\/coop\/las-escritoras-da-la-cara-2017-10-10\/\" \/>\n<meta property=\"og:locale\" content=\"es_ES\" \/>\n<meta property=\"og:type\" content=\"article\" \/>\n<meta property=\"og:title\" content=\"CKL se suma a la campa\u00f1a de Wikimujeres &quot;Las escritoras dan la cara&quot;\" \/>\n<meta property=\"og:description\" content=\"CKL Comunicaciones se suma a &quot;Las escritoras dan la cara&quot; de Wikimujeres, grupo de usuarias de Wikimedia, en el D\u00eda de las escritoras 16 de octubre de 2017\" \/>\n<meta property=\"og:url\" content=\"https:\/\/cklcomunicaciones.es\/coop\/las-escritoras-da-la-cara-2017-10-10\/\" \/>\n<meta property=\"og:site_name\" content=\"CKL Comunicaciones\" \/>\n<meta property=\"article:published_time\" content=\"2017-10-10T07:57:31+00:00\" \/>\n<meta property=\"og:image\" content=\"https:\/\/cklcomunicaciones.es\/coop\/wp-content\/uploads\/2017\/10\/Wikimujeres-logocuadrado.jpg\" \/>\n\t<meta property=\"og:image:width\" content=\"200\" \/>\n\t<meta property=\"og:image:height\" content=\"200\" \/>\n\t<meta property=\"og:image:type\" content=\"image\/jpeg\" \/>\n<meta name=\"author\" content=\"ckl\" \/>\n<meta name=\"twitter:card\" content=\"summary_large_image\" \/>\n<meta name=\"twitter:label1\" content=\"Escrito por\" \/>\n\t<meta name=\"twitter:data1\" content=\"ckl\" \/>\n\t<meta name=\"twitter:label2\" content=\"Tiempo de lectura\" \/>\n\t<meta name=\"twitter:data2\" content=\"1 minuto\" \/>\n<script type=\"application\/ld+json\" class=\"yoast-schema-graph\">{\"@context\":\"https:\\\/\\\/schema.org\",\"@graph\":[{\"@type\":\"Article\",\"@id\":\"https:\\\/\\\/cklcomunicaciones.es\\\/coop\\\/las-escritoras-da-la-cara-2017-10-10\\\/#article\",\"isPartOf\":{\"@id\":\"https:\\\/\\\/cklcomunicaciones.es\\\/coop\\\/las-escritoras-da-la-cara-2017-10-10\\\/\"},\"author\":{\"name\":\"ckl\",\"@id\":\"https:\\\/\\\/cklcomunicaciones.es\\\/coop\\\/#\\\/schema\\\/person\\\/929a6837f7626450bbb50cee1aef266e\"},\"headline\":\"Campa\u00f1a \u00abLas escritoras dan la cara\u00bb de Wikimujeres en el D\u00eda de las Escritoras\",\"datePublished\":\"2017-10-10T07:57:31+00:00\",\"mainEntityOfPage\":{\"@id\":\"https:\\\/\\\/cklcomunicaciones.es\\\/coop\\\/las-escritoras-da-la-cara-2017-10-10\\\/\"},\"wordCount\":243,\"image\":{\"@id\":\"https:\\\/\\\/cklcomunicaciones.es\\\/coop\\\/las-escritoras-da-la-cara-2017-10-10\\\/#primaryimage\"},\"thumbnailUrl\":\"https:\\\/\\\/cklcomunicaciones.es\\\/coop\\\/wp-content\\\/uploads\\\/2017\\\/10\\\/Wikimujeres-logocuadrado.jpg\",\"articleSection\":[\"Actualidad\"],\"inLanguage\":\"es\"},{\"@type\":\"WebPage\",\"@id\":\"https:\\\/\\\/cklcomunicaciones.es\\\/coop\\\/las-escritoras-da-la-cara-2017-10-10\\\/\",\"url\":\"https:\\\/\\\/cklcomunicaciones.es\\\/coop\\\/las-escritoras-da-la-cara-2017-10-10\\\/\",\"name\":\"CKL se suma a la campa\u00f1a de Wikimujeres \\\"Las escritoras dan la cara\\\"\",\"isPartOf\":{\"@id\":\"https:\\\/\\\/cklcomunicaciones.es\\\/coop\\\/#website\"},\"primaryImageOfPage\":{\"@id\":\"https:\\\/\\\/cklcomunicaciones.es\\\/coop\\\/las-escritoras-da-la-cara-2017-10-10\\\/#primaryimage\"},\"image\":{\"@id\":\"https:\\\/\\\/cklcomunicaciones.es\\\/coop\\\/las-escritoras-da-la-cara-2017-10-10\\\/#primaryimage\"},\"thumbnailUrl\":\"https:\\\/\\\/cklcomunicaciones.es\\\/coop\\\/wp-content\\\/uploads\\\/2017\\\/10\\\/Wikimujeres-logocuadrado.jpg\",\"datePublished\":\"2017-10-10T07:57:31+00:00\",\"author\":{\"@id\":\"https:\\\/\\\/cklcomunicaciones.es\\\/coop\\\/#\\\/schema\\\/person\\\/929a6837f7626450bbb50cee1aef266e\"},\"description\":\"CKL Comunicaciones se suma a \\\"Las escritoras dan la cara\\\" de Wikimujeres, grupo de usuarias de Wikimedia, en el D\u00eda de las escritoras 16 de octubre de 2017\",\"breadcrumb\":{\"@id\":\"https:\\\/\\\/cklcomunicaciones.es\\\/coop\\\/las-escritoras-da-la-cara-2017-10-10\\\/#breadcrumb\"},\"inLanguage\":\"es\",\"potentialAction\":[{\"@type\":\"ReadAction\",\"target\":[\"https:\\\/\\\/cklcomunicaciones.es\\\/coop\\\/las-escritoras-da-la-cara-2017-10-10\\\/\"]}]},{\"@type\":\"ImageObject\",\"inLanguage\":\"es\",\"@id\":\"https:\\\/\\\/cklcomunicaciones.es\\\/coop\\\/las-escritoras-da-la-cara-2017-10-10\\\/#primaryimage\",\"url\":\"https:\\\/\\\/cklcomunicaciones.es\\\/coop\\\/wp-content\\\/uploads\\\/2017\\\/10\\\/Wikimujeres-logocuadrado.jpg\",\"contentUrl\":\"https:\\\/\\\/cklcomunicaciones.es\\\/coop\\\/wp-content\\\/uploads\\\/2017\\\/10\\\/Wikimujeres-logocuadrado.jpg\",\"width\":200,\"height\":200,\"caption\":\"Wikimujeres Logotipo del grupo de usuarias de Wikimedia\"},{\"@type\":\"BreadcrumbList\",\"@id\":\"https:\\\/\\\/cklcomunicaciones.es\\\/coop\\\/las-escritoras-da-la-cara-2017-10-10\\\/#breadcrumb\",\"itemListElement\":[{\"@type\":\"ListItem\",\"position\":1,\"name\":\"Portada\",\"item\":\"https:\\\/\\\/cklcomunicaciones.es\\\/coop\\\/\"},{\"@type\":\"ListItem\",\"position\":2,\"name\":\"Campa\u00f1a \u00abLas escritoras dan la cara\u00bb de Wikimujeres en el D\u00eda de las Escritoras\"}]},{\"@type\":\"WebSite\",\"@id\":\"https:\\\/\\\/cklcomunicaciones.es\\\/coop\\\/#website\",\"url\":\"https:\\\/\\\/cklcomunicaciones.es\\\/coop\\\/\",\"name\":\"CKL Comunicaciones\",\"description\":\"Sitio web de CKL Comunicaciones coop , la consultora de comunicaci\u00f3n y estrategia\",\"potentialAction\":[{\"@type\":\"SearchAction\",\"target\":{\"@type\":\"EntryPoint\",\"urlTemplate\":\"https:\\\/\\\/cklcomunicaciones.es\\\/coop\\\/?s={search_term_string}\"},\"query-input\":{\"@type\":\"PropertyValueSpecification\",\"valueRequired\":true,\"valueName\":\"search_term_string\"}}],\"inLanguage\":\"es\"},{\"@type\":\"Person\",\"@id\":\"https:\\\/\\\/cklcomunicaciones.es\\\/coop\\\/#\\\/schema\\\/person\\\/929a6837f7626450bbb50cee1aef266e\",\"name\":\"ckl\",\"image\":{\"@type\":\"ImageObject\",\"inLanguage\":\"es\",\"@id\":\"https:\\\/\\\/secure.gravatar.com\\\/avatar\\\/c82db564e8a669bf6023357a157b9dc4780f4d4c618f2ad1d71a6a5dede45057?s=96&d=mm&r=g\",\"url\":\"https:\\\/\\\/secure.gravatar.com\\\/avatar\\\/c82db564e8a669bf6023357a157b9dc4780f4d4c618f2ad1d71a6a5dede45057?s=96&d=mm&r=g\",\"contentUrl\":\"https:\\\/\\\/secure.gravatar.com\\\/avatar\\\/c82db564e8a669bf6023357a157b9dc4780f4d4c618f2ad1d71a6a5dede45057?s=96&d=mm&r=g\",\"caption\":\"ckl\"},\"url\":\"https:\\\/\\\/cklcomunicaciones.es\\\/coop\\\/author\\\/cklcomunicaciones\\\/\"}]}<\/script>\n<!-- \/ Yoast SEO plugin. -->","yoast_head_json":{"title":"CKL se suma a la campa\u00f1a de Wikimujeres \"Las escritoras dan la cara\"","description":"CKL Comunicaciones se suma a \"Las escritoras dan la cara\" de Wikimujeres, grupo de usuarias de Wikimedia, en el D\u00eda de las escritoras 16 de octubre de 2017","robots":{"index":"index","follow":"follow","max-snippet":"max-snippet:-1","max-image-preview":"max-image-preview:large","max-video-preview":"max-video-preview:-1"},"canonical":"https:\/\/cklcomunicaciones.es\/coop\/las-escritoras-da-la-cara-2017-10-10\/","og_locale":"es_ES","og_type":"article","og_title":"CKL se suma a la campa\u00f1a de Wikimujeres \"Las escritoras dan la cara\"","og_description":"CKL Comunicaciones se suma a \"Las escritoras dan la cara\" de Wikimujeres, grupo de usuarias de Wikimedia, en el D\u00eda de las escritoras 16 de octubre de 2017","og_url":"https:\/\/cklcomunicaciones.es\/coop\/las-escritoras-da-la-cara-2017-10-10\/","og_site_name":"CKL Comunicaciones","article_published_time":"2017-10-10T07:57:31+00:00","og_image":[{"width":200,"height":200,"url":"https:\/\/cklcomunicaciones.es\/coop\/wp-content\/uploads\/2017\/10\/Wikimujeres-logocuadrado.jpg","type":"image\/jpeg"}],"author":"ckl","twitter_card":"summary_large_image","twitter_misc":{"Escrito por":"ckl","Tiempo de lectura":"1 minuto"},"schema":{"@context":"https:\/\/schema.org","@graph":[{"@type":"Article","@id":"https:\/\/cklcomunicaciones.es\/coop\/las-escritoras-da-la-cara-2017-10-10\/#article","isPartOf":{"@id":"https:\/\/cklcomunicaciones.es\/coop\/las-escritoras-da-la-cara-2017-10-10\/"},"author":{"name":"ckl","@id":"https:\/\/cklcomunicaciones.es\/coop\/#\/schema\/person\/929a6837f7626450bbb50cee1aef266e"},"headline":"Campa\u00f1a \u00abLas escritoras dan la cara\u00bb de Wikimujeres en el D\u00eda de las Escritoras","datePublished":"2017-10-10T07:57:31+00:00","mainEntityOfPage":{"@id":"https:\/\/cklcomunicaciones.es\/coop\/las-escritoras-da-la-cara-2017-10-10\/"},"wordCount":243,"image":{"@id":"https:\/\/cklcomunicaciones.es\/coop\/las-escritoras-da-la-cara-2017-10-10\/#primaryimage"},"thumbnailUrl":"https:\/\/cklcomunicaciones.es\/coop\/wp-content\/uploads\/2017\/10\/Wikimujeres-logocuadrado.jpg","articleSection":["Actualidad"],"inLanguage":"es"},{"@type":"WebPage","@id":"https:\/\/cklcomunicaciones.es\/coop\/las-escritoras-da-la-cara-2017-10-10\/","url":"https:\/\/cklcomunicaciones.es\/coop\/las-escritoras-da-la-cara-2017-10-10\/","name":"CKL se suma a la campa\u00f1a de Wikimujeres \"Las escritoras dan la cara\"","isPartOf":{"@id":"https:\/\/cklcomunicaciones.es\/coop\/#website"},"primaryImageOfPage":{"@id":"https:\/\/cklcomunicaciones.es\/coop\/las-escritoras-da-la-cara-2017-10-10\/#primaryimage"},"image":{"@id":"https:\/\/cklcomunicaciones.es\/coop\/las-escritoras-da-la-cara-2017-10-10\/#primaryimage"},"thumbnailUrl":"https:\/\/cklcomunicaciones.es\/coop\/wp-content\/uploads\/2017\/10\/Wikimujeres-logocuadrado.jpg","datePublished":"2017-10-10T07:57:31+00:00","author":{"@id":"https:\/\/cklcomunicaciones.es\/coop\/#\/schema\/person\/929a6837f7626450bbb50cee1aef266e"},"description":"CKL Comunicaciones se suma a \"Las escritoras dan la cara\" de Wikimujeres, grupo de usuarias de Wikimedia, en el D\u00eda de las escritoras 16 de octubre de 2017","breadcrumb":{"@id":"https:\/\/cklcomunicaciones.es\/coop\/las-escritoras-da-la-cara-2017-10-10\/#breadcrumb"},"inLanguage":"es","potentialAction":[{"@type":"ReadAction","target":["https:\/\/cklcomunicaciones.es\/coop\/las-escritoras-da-la-cara-2017-10-10\/"]}]},{"@type":"ImageObject","inLanguage":"es","@id":"https:\/\/cklcomunicaciones.es\/coop\/las-escritoras-da-la-cara-2017-10-10\/#primaryimage","url":"https:\/\/cklcomunicaciones.es\/coop\/wp-content\/uploads\/2017\/10\/Wikimujeres-logocuadrado.jpg","contentUrl":"https:\/\/cklcomunicaciones.es\/coop\/wp-content\/uploads\/2017\/10\/Wikimujeres-logocuadrado.jpg","width":200,"height":200,"caption":"Wikimujeres Logotipo del grupo de usuarias de Wikimedia"},{"@type":"BreadcrumbList","@id":"https:\/\/cklcomunicaciones.es\/coop\/las-escritoras-da-la-cara-2017-10-10\/#breadcrumb","itemListElement":[{"@type":"ListItem","position":1,"name":"Portada","item":"https:\/\/cklcomunicaciones.es\/coop\/"},{"@type":"ListItem","position":2,"name":"Campa\u00f1a \u00abLas escritoras dan la cara\u00bb de Wikimujeres en el D\u00eda de las Escritoras"}]},{"@type":"WebSite","@id":"https:\/\/cklcomunicaciones.es\/coop\/#website","url":"https:\/\/cklcomunicaciones.es\/coop\/","name":"CKL Comunicaciones","description":"Sitio web de CKL Comunicaciones coop , la consultora de comunicaci\u00f3n y estrategia","potentialAction":[{"@type":"SearchAction","target":{"@type":"EntryPoint","urlTemplate":"https:\/\/cklcomunicaciones.es\/coop\/?s={search_term_string}"},"query-input":{"@type":"PropertyValueSpecification","valueRequired":true,"valueName":"search_term_string"}}],"inLanguage":"es"},{"@type":"Person","@id":"https:\/\/cklcomunicaciones.es\/coop\/#\/schema\/person\/929a6837f7626450bbb50cee1aef266e","name":"ckl","image":{"@type":"ImageObject","inLanguage":"es","@id":"https:\/\/secure.gravatar.com\/avatar\/c82db564e8a669bf6023357a157b9dc4780f4d4c618f2ad1d71a6a5dede45057?s=96&d=mm&r=g","url":"https:\/\/secure.gravatar.com\/avatar\/c82db564e8a669bf6023357a157b9dc4780f4d4c618f2ad1d71a6a5dede45057?s=96&d=mm&r=g","contentUrl":"https:\/\/secure.gravatar.com\/avatar\/c82db564e8a669bf6023357a157b9dc4780f4d4c618f2ad1d71a6a5dede45057?s=96&d=mm&r=g","caption":"ckl"},"url":"https:\/\/cklcomunicaciones.es\/coop\/author\/cklcomunicaciones\/"}]}},"_links":{"self":[{"href":"https:\/\/cklcomunicaciones.es\/coop\/wp-json\/wp\/v2\/posts\/12451","targetHints":{"allow":["GET"]}}],"collection":[{"href":"https:\/\/cklcomunicaciones.es\/coop\/wp-json\/wp\/v2\/posts"}],"about":[{"href":"https:\/\/cklcomunicaciones.es\/coop\/wp-json\/wp\/v2\/types\/post"}],"author":[{"embeddable":true,"href":"https:\/\/cklcomunicaciones.es\/coop\/wp-json\/wp\/v2\/users\/3"}],"replies":[{"embeddable":true,"href":"https:\/\/cklcomunicaciones.es\/coop\/wp-json\/wp\/v2\/comments?post=12451"}],"version-history":[{"count":0,"href":"https:\/\/cklcomunicaciones.es\/coop\/wp-json\/wp\/v2\/posts\/12451\/revisions"}],"wp:featuredmedia":[{"embeddable":true,"href":"https:\/\/cklcomunicaciones.es\/coop\/wp-json\/wp\/v2\/media\/12452"}],"wp:attachment":[{"href":"https:\/\/cklcomunicaciones.es\/coop\/wp-json\/wp\/v2\/media?parent=12451"}],"wp:term":[{"taxonomy":"category","embeddable":true,"href":"https:\/\/cklcomunicaciones.es\/coop\/wp-json\/wp\/v2\/categories?post=12451"},{"taxonomy":"post_tag","embeddable":true,"href":"https:\/\/cklcomunicaciones.es\/coop\/wp-json\/wp\/v2\/tags?post=12451"}],"curies":[{"name":"wp","href":"https:\/\/api.w.org\/{rel}","templated":true}]}}