{"id":12170,"date":"2017-10-02T11:34:56","date_gmt":"2017-10-02T09:34:56","guid":{"rendered":"http:\/\/www.cklcomunicaciones.es\/?p=12170"},"modified":"2025-01-17T16:37:42","modified_gmt":"2025-01-17T15:37:42","slug":"02-10-2017","status":"publish","type":"post","link":"https:\/\/cklcomunicaciones.es\/coop\/02-10-2017\/","title":{"rendered":"Noticias Info CKL n\u00ba 1.992 &#8211; 02\/10\/17"},"content":{"rendered":"<div id=\"pl-12170\"  class=\"panel-layout\" >\n<div id=\"pg-12170-0\"  class=\"panel-grid panel-no-style\"  data-style=\"{&quot;background_display&quot;:&quot;tile&quot;,&quot;lsow_dark_bg&quot;:&quot;&quot;,&quot;cell_alignment&quot;:&quot;flex-start&quot;}\" >\n<div id=\"pgc-12170-0-0\"  class=\"panel-grid-cell\"  data-weight=\"1\" >\n<div id=\"panel-12170-0-0-0\" class=\"so-panel widget widget_sow-editor panel-first-child panel-last-child\" data-index=\"0\" data-style=\"{&quot;background_image_attachment&quot;:false,&quot;background_display&quot;:&quot;tile&quot;}\" >\n<div class=\"so-widget-sow-editor so-widget-sow-editor-base\">\n<div class=\"siteorigin-widget-tinymce textwidget\">\n<p><strong>Yo tambi\u00e9n me quiero independizar-Almudena Villegas, Premio Nacional de Gastronom\u00eda-Tras la pista de inform\u00e1ticas-El &#8216;Airbnb&#8217; de las madres solteras-Ellas, las mujeres borradas de libros de Historia del Arte<br \/> <\/strong><\/p>\n<p>[toggle type=\u00bbfirst\u00bb title=\u00bbConvocatorias\u00bb]<\/p>\n<ul>\n<li><a href=\"http:\/\/www.cfp.us.es\/cursos\/fc\/violencia-de-genero-comunicacion-y-calidad-informativa\/3411\/\">Curso de Formaci\u00f3n Continua &#8216;Violencia de G\u00e9nero: Comunicaci\u00f3n y Calidad Informativa&#8217;<\/a> (I Edici\u00f3n). Departamento de Periodismo II de la Universidad de Sevilla. Del 24 de octubre al 16 de noviembre de 2017. Ampliaci\u00f3n de matr\u00edcula y de plazas hasta el 10 de octubre<\/li>\n<li><a href=\"http:\/\/www1.ccul.junta-andalucia.es\/cultura\/caletras\/opencms\/es\/portal\/letras_capitales\/eventos\/2017.10.03.granada.olalla.castro.html\">Presentaci\u00f3n del libro &#8216;Entre lugares de la Modernidad: filosof\u00eda, literatura y terceros espacios&#8217;, de Olalla Castro<\/a>. Centro Andaluz de las Letras. Biblioteca de Andaluc\u00eda. 3 de octubre de 2017 a las 20:00 h.<\/li>\n<li><a href=\"http:\/\/www.juntadeandalucia.es\/cultura\/caletras\/opencms\/es\/portal\/letras_capitales\/eventos\/2017.10.03.sevilla.almudena.grandes.html\">Presentaci\u00f3n del libro &#8216;Los pacientes del doctor Garc\u00eda&#8217;, de Almudena Grandes<\/a>. Centro Andaluz de las Letras. Biblioteca P\u00fablica Provincial de Sevilla. 3 de octubre de 2017 a las 19:30 h.<\/li>\n<\/ul>\n<p>[\/toggle]<\/p>\n<p>[toggle type=\u00bbfirst\u00bb title=\u00bbComunicaci\u00f3n\u00bb]<\/p>\n<p><a href=\"http:\/\/www.publico.es\/sociedad\/propuestas-semana-llevan-congreso-debate-libros-texto.html\">Dos propuestas en una semana llevan al Congreso el debate sobre los libros de texto<\/a> &#8211; P\u00fablico<\/p>\n<p><a href=\"http:\/\/www.zeleb.es\/tv\/la-aplaudida-reaccion-de-carme-chaparro-tras-el-comentario-machista-de-albiol-luego-nos-llaman-feminazis\">Carme Chaparro, tras el comentario machista de Albiol: \u00abLuego nos llaman feminazis\u201d<\/a> &#8211; P\u00fablico<\/p>\n<p><a href=\"https:\/\/www.google.com\/url?rct=j&amp;sa=t&amp;url=https:\/\/www.lavozdegalicia.es\/noticia\/ourense\/ourense\/2017\/10\/01\/publicidad-mujer-eternos-cliches-femeninos\/0003_201710O1C119912.htm&amp;ct=ga&amp;cd=CAEYACoTODQxNTc5MTAwODU3MzcyMDMyNjIZYzAzNzJlYmMyZmVhZGE1OTplczplczpFUw&amp;usg=AFQjCNGe5XeZ3xxh9-3M9UBZsKk7opvSMA\">Publicidad y mujer, o los eternos \u00abclich\u00e9s femeninos\u00bb <\/a>&#8211; La Voz de Galicia<\/p>\n<p><a href=\"http:\/\/www.infobae.com\/espacio-no-editorial\/2017\/10\/01\/mujeres-tech-una-minoria-activa-con-presente-y-futuro\/\">Mujeres tech: una minor\u00eda activa con presente y futuro<\/a> &#8211; Infobae.com<\/p>\n<p><a href=\"https:\/\/elpais.com\/tecnologia\/2017\/09\/29\/actualidad\/1506678093_107653.html\">Google presenta un plan de apoyo a los medios de comunicaci\u00f3n de pago<\/a> \u2013 El Pa\u00eds<\/p>\n<p>[\/toggle]<\/p>\n<p>[toggle type=\u00bbfirst\u00bb title=\u00bbAndaluc\u00eda\u00bb]<\/p>\n<p><strong>Institucional<\/strong><\/p>\n<p><a href=\"http:\/\/www.diariodesevilla.es\/andalucia\/Junta-minimo-fondos-violencia-machista_0_1177382268.html\">La Junta exige un m\u00ednimo de fondos para el pacto contra la violencia de g\u00e9nero &#8230;<\/a>&#8211; Diario de Sevilla<\/p>\n<p><strong>Econom\u00eda y Empresas<\/strong><\/p>\n<p><a href=\"https:\/\/www.google.es\/url?sa=t&amp;rct=j&amp;q=&amp;esrc=s&amp;source=newssearch&amp;cd=17&amp;ved=0ahUKEwje4-GoyNHWAhUHYlAKHX9KAHs4ChCpAgg0KAAwBg&amp;url=http%3A%2F%2Fandaluciainformacion.es%2Fandalucia%2F704898%2Fllopis-no-queremos-la-foto-queremos-participar%2F&amp;usg=AOvVaw35pODzl49mXN9uDMAQfin-\">Llopis, Presidenta de la Asociaci\u00f3n de Empresarias Hispalenses: \u201cNo queremos la foto, queremos participar\u201d<\/a> \u2013 Andaluc\u00eda Informaci\u00f3n<\/p>\n<p><a href=\"http:\/\/sevilla.abc.es\/sevilla\/sevi-perfil-parado-larga-duracion-mujer-joven-estudios-primarios-y-sin-prestacion-desempleo-201710010807_noticia.html\">Perfil del parado de larga duraci\u00f3n en Sevilla: mujer joven, con estudios y sin prestaci\u00f3n &#8230;<\/a> &#8211; <a href=\"http:\/\/abcdesevilla.es\">abcdesevilla.es<\/a><\/p>\n<p><a href=\"https:\/\/www.google.es\/url?sa=t&amp;rct=j&amp;q=&amp;esrc=s&amp;source=newssearch&amp;cd=71&amp;ved=0ahUKEwiY867Yw9HWAhUJYlAKHUPgDHw4RhCpAgglKAAwAA&amp;url=http%3A%2F%2Fwww.20minutos.es%2Fnoticia%2F3148374%2F0%2Fjunta-telefonica-ayuntamiento-se-unen-para-impulsar-innovacion-con-andalucia-open-future%2F&amp;usg=AOvVaw3BiSrG1I5koBjzC71R0mL7\">Junta, Telef\u00f3nica y Ayuntamiento de C\u00e1diz se unen para impulsar la innovaci\u00f3n con Andaluc\u00eda Open Future &#8230;<\/a> &#8211; <a href=\"http:\/\/20minutos.es\">20minutos.es<\/a><\/p>\n<p><strong>Actualidad<\/strong><\/p>\n<p><a href=\"http:\/\/sevilla.abc.es\/andalucia\/cordoba\/sevi-almudena-villegas-premio-nacional-gastronomia-201710020929_noticia.html\">Almudena Villegas, Premio Nacional de Gastronom\u00eda<\/a> &#8211; <a href=\"http:\/\/abcdesevilla.es\">abcdesevilla.es<\/a><\/p>\n<p><a href=\"https:\/\/www.google.com\/url?rct=j&amp;sa=t&amp;url=http:\/\/www.teleprensa.com\/andalucia\/la-junta-lanza-la-campana-corazonadas-de-vida-dirigida-a-concienciar-a-la-mujer-sobre-los-sintomas-de-un-infarto.html&amp;ct=ga&amp;cd=CAEYAioTOTM4ODIwODI5MTExNzE1MTA5NjIZYzAzNzJlYmMyZmVhZGE1OTplczplczpFUw&amp;usg=AFQjCNFpzQcyYEG2bBodYPl5paWTili9_g\">La Junta lanza la campa\u00f1a &#8216;Corazonadas de Vida&#8217; dirigida a concienciar a la mujer sobre los &#8230; <\/a>&#8211; Teleprensa peri\u00f3dico digital<\/p>\n<p><a href=\"https:\/\/www.google.com\/url?rct=j&amp;sa=t&amp;url=http:\/\/www.20minutos.es\/noticia\/3148361\/0\/instituto-andaluz-mujer-organiza-obra-teatro-didactico-sobre-voto-femenino-espana\/&amp;ct=ga&amp;cd=CAEYACoUMTMxMDA2OTcyMTYzNDQxNDI4ODYyGWMwMzcyZWJjMmZlYWRhNTk6ZXM6ZXM6RVM&amp;usg=AFQjCNHK1udkrBFwHaNW9CxVZ2cQQvtFrg\">El Instituto Andaluz de la Mujer organiza una obra de teatro did\u00e1ctico sobre el voto femenino en &#8230;<\/a>&#8211;<a href=\"http:\/\/20minutos.es\">20minutos.es<\/a><\/p>\n<p><a href=\"https:\/\/www.google.com\/url?rct=j&amp;sa=t&amp;url=http:\/\/www.20minutos.es\/noticia\/3148633\/0\/fuengirola-se-suma-al-proyecto-merezco-calle-para-reivindicar-papel-mujer\/&amp;ct=ga&amp;cd=CAEYDCoUMTc0NTM2OTEzNzIxNjQ1MjYzNDEyGWMwMzcyZWJjMmZlYWRhNTk6ZXM6ZXM6RVM&amp;usg=AFQjCNFSNGP-NoWqAdULAibPmP08n41s5Q\">Fuengirola se suma al proyecto &#8216;Merezco una calle&#8217; para reivindicar el papel de la mujer <\/a>&#8211; <a href=\"http:\/\/20minutos.es\">20minutos.es<\/a><\/p>\n<p><a href=\"https:\/\/www.google.es\/url?sa=t&amp;rct=j&amp;q=&amp;esrc=s&amp;source=newssearch&amp;cd=7&amp;ved=0ahUKEwjauOPFwdHWAhXEmLQKHVDmBZ0QqQIINygAMAY&amp;url=http%3A%2F%2Fwww.diariosur.es%2Fmalaga-capital%2Fmaterno-20171002190112-nt.html&amp;usg=AOvVaw1FBMRKPFp-b9bK65RUW3Br\">El Materno ofrece a mujeres con c\u00e1ncer la alternativa de preservar su fertilidad &#8230;<\/a> -Sur Digital<\/p>\n<p><a href=\"http:\/\/www.juntadeandalucia.es\/presidencia\/portavoz\/sociedad\/125865\/junta\/financiara\/proyectos\/ongd\/millones\/realizar\/actuaciones\/cooperacion\/desarrollo\/Igualdad\/Politicas\/Sociales\">M\u00e1s de 25 millones para proyectos de cooperaci\u00f3n al desarrollo de las ONGD andaluzas<\/a> \u2013 Oficina del Portavoz<\/p>\n<p><a href=\"https:\/\/www.google.es\/url?sa=t&amp;rct=j&amp;q=&amp;esrc=s&amp;source=newssearch&amp;cd=1&amp;ved=0ahUKEwjQzdTMwNHWAhVJJFAKHQhtAfoQqQIIJigAMAA&amp;url=http%3A%2F%2Fwww.granadadigital.es%2Fsanchez-rubio-destaca-la-labor-fundamental-de-las-personas-mayores-en-el-avance-de-andalucia%2F&amp;usg=AOvVaw2e5FYVUSdcTQSvD8-D_dk-\">S\u00e1nchez Rubio destaca \u201cla labor fundamental de las personas en el avance de Andaluc\u00eda &#8230;<\/a>-GranadaDigital<\/p>\n<p><strong>Violencia<\/strong><\/p>\n<p><a href=\"http:\/\/www.europapress.es\/andalucia\/noticia-fiscalia-superior-andalucia-aprecia-repunte-delitos-violencia-genero-acoso-cometidos-menores-20171001100234.html\">La Fiscal\u00eda Superior de Andaluc\u00eda ve un \u00abrepunte\u00bb de delitos de violencia de g\u00e9nero y acoso cometidos por menores &#8230;<\/a> &#8211; Europa Press<\/p>\n<p><a href=\"http:\/\/andaluciainformacion.es\/andalucia\/704945\/desarticulada-una-red-dedicada-a-la-pornografia-infantil-por-whatsapp\/\">Desarticulada una red dedicada a la pornograf\u00eda infantil por Whatsapp<\/a> &#8211; Andaluc\u00eda Informaci\u00f3n<\/p>\n<p><strong>Ciencia y Cultura<\/strong><\/p>\n<p><a href=\"https:\/\/www.google.com\/url?rct=j&amp;sa=t&amp;url=http:\/\/www.ideal.es\/almeria\/almeria\/almeria-rinde-ante-20170930013032-ntvo.html&amp;ct=ga&amp;cd=CAEYACoSODkxNjIzOTc1MjY1MTUyMzk4MhllMWU3N2QxNTYwOThhOGUzOmVzOmVzOkVT&amp;usg=AFQjCNHdPtutMTslOQU6GWsX4tjaosl35A\">Almer\u00eda se rinde ante la investigaci\u00f3n <\/a>&#8211;\u00a0 Ideal Digital<\/p>\n<p><a href=\"http:\/\/www.granadahoy.com\/granada\/pista-informaticas_0_1177982618.html\">Tras la pista de las inform\u00e1ticas<\/a> &#8211; Granada Hoy<\/p>\n<p><a href=\"https:\/\/www.google.com\/url?rct=j&amp;sa=t&amp;url=http:\/\/www.diariojaen.es\/provincia\/alcala\/proyeccion-de-33-cortometrajes-en-la-fase-final-del-festival-visualizame-AM3259938&amp;ct=ga&amp;cd=CAEYACoTNzI4NDE0NTQ3MTM4MTg2MjI0MDIZYzAzNzJlYmMyZmVhZGE1OTplczplczpFUw&amp;usg=AFQjCNEHVt1GS8oGCXdOYuvUMtUQnQzCEA\">Proyecci\u00f3n de 33 cortometrajes en la fase final del festival Visual\u00edzame <\/a>-Diario Ja\u00e9n<\/p>\n<p><a href=\"http:\/\/elcorreoweb.es\/cultura\/desprejuiciando-nueva-york-XN3395321\">Desprejuiciando Nueva York<\/a> \u2013 El Correo de Andaluc\u00eda<\/p>\n<p><a href=\"http:\/\/cadenaser.com\/emisora\/2017\/09\/30\/radio_cordoba\/1506791736_195288.html\">La Fundaci\u00f3n Ateneo de Andaluc\u00eda defienden sustituir la fuerza por la palabra<\/a> &#8211; Cadena SER<\/p>\n<p><strong>Deporte<\/strong><\/p>\n<p><a href=\"http:\/\/www.malagahoy.es\/deportes\/Adriana-futbol-sencillo-Femenino_0_1177982710.html\">Con Adriana el f\u00fatbol es m\u00e1s sencillo para el Femenino<\/a> &#8211; M\u00e1laga Hoy<\/p>\n<p><a href=\"http:\/\/www.diariocordoba.com\/noticias\/deportes\/priego-femenino-accede-segunda-ronda-continental_1175472.html\">El Priego femenino accede a la segunda ronda continental<\/a> &#8211; Diario C\u00f3rdoba<\/p>\n<p><a href=\"http:\/\/www.historiasdeluz.es\/con-luz-propia\/en-el-deporte\/noticias-andalucia-laura-perez-futbol\">Laura P\u00e9rez, rapidez con el bal\u00f3n para llegar a lo m\u00e1s alto del f\u00fatbol &#8230;<\/a> &#8211; Historias de Luz<\/p>\n<p>[\/toggle]<br \/> [toggle title=\u00bbEstado\u00bb]<\/p>\n<p><strong>Institucional-CCAA<\/strong><\/p>\n<p><a href=\"https:\/\/www.google.com\/url?rct=j&amp;sa=t&amp;url=http:\/\/www.castillalamancha.es\/actualidad\/notasdeprensa\/el-gobierno-regional-firma-un-protocolo-para-la-prevenci%25C3%25B3n-y-actuaci%25C3%25B3n-ante-la-mutilaci%25C3%25B3n-genital&amp;ct=ga&amp;cd=CAEYACoUMTU3NjU5NTg3Nzk4NTg5Nzk4NTIyGWMwMzcyZWJjMmZlYWRhNTk6ZXM6ZXM6RVM&amp;usg=AFQjCNG7r4yYBnSXkylC7C3Bw0X_8VEerQ\">El Gobierno regional firma un protocolo para la prevenci\u00f3n y actuaci\u00f3n ante la mutilaci\u00f3n genital &#8230;<\/a>&#8211;<a href=\"http:\/\/castillalamancha.es\">castillalamancha.es<\/a><\/p>\n<p><a href=\"https:\/\/www.google.com\/url?rct=j&amp;sa=t&amp;url=http:\/\/www.farodevigo.es\/portada-arousa\/2017\/10\/01\/igualdad-oportunidades-mujeres-sector-mar\/1759324.html&amp;ct=ga&amp;cd=CAEYACoTNTg4ODkzNzE1ODkwMTU4Mjk4ODIZYzAzNzJlYmMyZmVhZGE1OTplczplczpFUw&amp;usg=AFQjCNGMDKC1SI7h0Hl7RYJpY1rnwMuBwA\">Igualdad de oportunidades para las mujeres en el sector del mar <\/a>&#8211; Faro de Vigo<\/p>\n<p><a href=\"https:\/\/www.google.com\/url?rct=j&amp;sa=t&amp;url=http:\/\/www.radiohuesca.com\/noticia\/593007\/El-IAM-pone-en-marcha-la-campana-Te-mereces-ser-feliz-contra-la-violencia-de-genero-en-mujeres-mayores&amp;ct=ga&amp;cd=CAEYACoSNDQwNDI1NDI5OTM5MjYwNjc1MhljMDM3MmViYzJmZWFkYTU5OmVzOmVzOkVT&amp;usg=AFQjCNGI7BsE77Pbyl6EA5b5OJrj3doCag\">El Instituto Aragon\u00e9s de la Mujer pone en marcha la campa\u00f1a \u201cTe mereces ser feliz\u201d contra la violencia de g\u00e9nero en &#8230; <\/a>&#8211; Radio Huesca<\/p>\n<p><a href=\"http:\/\/www.elmundo.es\/madrid\/2017\/10\/01\/59cfc6b822601da90b8b45c2.html\">Madrid tiene 75.052 mujeres maltratadas censadas en el sistema policial Viogen<\/a> \u2013 El Mundo<\/p>\n<p><a href=\"https:\/\/www.google.com\/url?rct=j&amp;sa=t&amp;url=http:\/\/www.elperiodicoextremadura.com\/noticias\/caceres\/mujer-centro-universo-creativo_1043497.html&amp;ct=ga&amp;cd=CAEYAyoTMTUxODA0MzUzNTUxODAzODU3NzIZYzAzNzJlYmMyZmVhZGE1OTplczplczpFUw&amp;usg=AFQjCNHBI8yWoWldvYDyVqfZPoGRZ8FFHg\">La mujer, en el centro del universo creativo <\/a>&#8211; El Peri\u00f3dico Extremadura<\/p>\n<p><strong>Econom\u00eda y Empresas<\/strong><\/p>\n<p><a href=\"http:\/\/www.20minutos.es\/noticia\/3148742\/0\/programa-crear-emprendedoras-iese-ue\/\">&#8216;Women Angels for Entrepreneurs&#8217;, un programa para \u00abfabricar &#8230;<\/a> &#8211; <a href=\"http:\/\/20minutos.es\">20minutos.es<\/a><\/p>\n<p><a href=\"http:\/\/mujeremprendedora.net\/ninos-emprendedores-protagonistas-proximo-south-summit\/\">Los ni\u00f1os y ni\u00f1as emprendedoras, protagonistas del pr\u00f3ximo South Summit<\/a> \u2013 Mujeremprendedora.net<\/p>\n<p><strong>Actualidad<\/strong><\/p>\n<p><a href=\"https:\/\/www.google.es\/url?sa=t&amp;rct=j&amp;q=&amp;esrc=s&amp;source=newssearch&amp;cd=1&amp;ved=0ahUKEwjAqpKWx9HWAhWMZVAKHbnLBXoQqQIIJigAMAA&amp;url=http%3A%2F%2Fwww.huffingtonpost.es%2F2017%2F10%2F01%2Fyo-tambien-me-quiero-independizar_a_23228587%2F&amp;usg=AOvVaw3nbcjGPoZPopqrqGlooR24\">Yo tambi\u00e9n me quiero independizar<\/a> &#8211; El Huffington Post<\/p>\n<p><a href=\"http:\/\/www.elmundo.es\/andalucia\/2017\/09\/29\/59ce7e1e46163f6a5d8b45b9.html\">El \u00edndice de mortalidad por infarto es mayor en las mujeres<\/a> \u2013 El Mundo<\/p>\n<p><a href=\"https:\/\/elpais.com\/elpais\/2017\/09\/18\/ciencia\/1505726405_368472.html\">Dora Romaguera, doctora: \u201cLa obesidad hoy en d\u00eda es un problema que afecta a los m\u00e1s pobres\u201d<\/a> \u2013 El Pa\u00eds<\/p>\n<p><a href=\"https:\/\/www.elconfidencial.com\/espana\/2017-10-01\/pisos-compartidos-madres-solteras_1442418\/\">El &#8216;Airbnb&#8217; de las madres solteras, la alternativa para el ahorro y la &#8230;<\/a> &#8211; El Confidencial<\/p>\n<p><strong>Violencia<\/strong><\/p>\n<p><a href=\"http:\/\/www.publico.es\/sociedad\/violencia-genero-matratador-mata-mujer-espalda.html\">El maltratador mata a la mujer por la espalda<\/a> &#8211; P\u00fablico<\/p>\n<p><a href=\"https:\/\/elpais.com\/ccaa\/2017\/10\/01\/catalunya\/1506868127_521798.html\">Los Mossos investigan si un hombre ha matado a su mujer y su beb\u00e9 y se ha suicidado<\/a> \u2013 El Pa\u00eds<\/p>\n<p><a href=\"http:\/\/www.publico.es\/sociedad\/condenado-coaccionar-pareja-foto-aparecia-semidesnuda.html\">Condenado por coaccionar a su pareja con una foto en la que aparec\u00eda semidesnuda<\/a> -P\u00fablico<\/p>\n<p><strong>Ciencia y Cultura<\/strong><\/p>\n<p><a href=\"https:\/\/observatorioigualdadurjc.wordpress.com\/2017\/09\/29\/el-observatorio-de-igualdad-de-genero-de-la-universidad-rey-juan-carlos-lanza-la-tercera-campana-ellasinvestigan\/\">El Observatorio de Igualdad de G\u00e9nero de la Universidad Rey Juan Carlos lanza la tercera campa\u00f1a #EllasInvestigan<\/a> &#8211; observatorioigualdadurjc<\/p>\n<p><a href=\"http:\/\/www.publico.es\/culturas\/ada-lovelace-mujer-invento-informatica.html\">Ada Lovelace, la mujer que se invent\u00f3 la inform\u00e1tica<\/a> &#8211; P\u00fablico<\/p>\n<p><a href=\"http:\/\/mujeremprendedora.net\/ii-dia-de-las-escritoras-mujeres-saber-y-poder\/\">II D\u00eda de las Escritoras: \u2018Mujeres, saber y poder\u2019<\/a> \u2013 Mujeremprendedora.net<\/p>\n<p><a href=\"https:\/\/www.elconfidencial.com\/cultura\/2017-10-02\/mujeres-artistas-olvidadas-arte-silenciadas_1450809\/\">Ellas, las mujeres que fueron borradas de los libros de Historia del Arte &#8230;<\/a> &#8211; El Confidencial<\/p>\n<p><a href=\"https:\/\/www.google.es\/url?sa=t&amp;rct=j&amp;q=&amp;esrc=s&amp;source=newssearch&amp;cd=16&amp;ved=0ahUKEwjguovmwdHWAhXFIlAKHQ66AEE4ChCpAggzKAAwBQ&amp;url=http%3A%2F%2Fwww.infobae.com%2Fcultura%2F2017%2F10%2F01%2Flola-montes-una-mujer-marcada-por-el-escandalo-que-tuvo-el-mundo-a-sus-pies%2F&amp;usg=AOvVaw3BsRgY8FW7NfJizLWwXPdx\">Lola Montes, una mujer marcada por el esc\u00e1ndalo que tuvo el mundo a sus pies&#8230;<\/a> &#8211; Infobae.com<\/p>\n<p><strong>Deporte<\/strong>\u00a0\u00a0\u00a0<\/p>\n<p><a href=\"https:\/\/as.com\/baloncesto\/2017\/09\/30\/portada\/1506803944_801468.html\">El deporte femenino se abre camino en la televisi\u00f3n en directo<\/a> &#8211; As\u00a0<\/p>\n<p><a href=\"http:\/\/www.elmundo.es\/comunidad-valenciana\/2017\/09\/30\/59cfc209ca474187718b45e2.html\">Carolina Mar\u00edn, Ona Carbonell y Pareja fomentan deporte femenino en Valencia<\/a> \u2013 El Mundo<\/p>\n<p><a href=\"https:\/\/as.com\/futbol\/2017\/10\/02\/champions\/1506909274_840003.html\">Las rojiblancas, lanzadas en la vuelta a la Champions League<\/a> &#8211; As<\/p>\n<div class=\"jqDnR\">\n<p>[\/toggle]<\/p>\n<\/div>\n<p>[toggle title=\u00bbInternacional\u00bb]<\/p>\n<p><a href=\"http:\/\/mujeremprendedora.net\/tres-mujeres-son-reconocidas-distinciones-ministro-asuntos-exteriores-japon\/\">Tres mujeres son reconocidas por el Ministro de Asuntos Exteriores de Jap\u00f3n<\/a> \u2013 Mujeremprendedora.net<\/p>\n<p><a href=\"http:\/\/www.publico.es\/internacional\/leila-khaled-occidente-considera-nuestra-resistencia-acto-terrorista-terrorismo-ocupacion.html\">Leila Khaled, miembro Frente para la Liberaci\u00f3n de Palestina: \u201cOccidente considera nuestra resistencia como un acto terrorista cuando el terrorismo es la ocupaci\u00f3n\u00bb<\/a> &#8211; P\u00fablico<\/p>\n<p><a href=\"http:\/\/www.elmundo.es\/sociedad\/2017\/09\/30\/59cf713b46163fee708b45dd.html\">Austria proh\u00edbe el burka<\/a> \u2013 El Mundo<\/p>\n<p><a href=\"http:\/\/www.revistavanityfair.es\/actualidad\/articulos\/tawakkol-karman-nobel-de-la-paz-yemen-primavera-arabe-entrevista\/26413\">Tawakkol Karman, Nobel de la Paz: \u00abNuestras mujeres est\u00e1n trabajando para las siguientes generaciones\u201d &#8230;<\/a><\/p>\n<p><a href=\"http:\/\/www.lasexta.com\/noticias\/internacional\/daesh-asume-autoria-asesinato-dos-mujeres-marsella_2017100259d1df3f0cf202015660a2a5.html\">Daesh asume la autor\u00eda del asesinato de dos mujeres en Marsella<\/a> -LaSexta Noticias<\/p>\n<p><a href=\"https:\/\/www.google.com\/url?rct=j&amp;sa=t&amp;url=https:\/\/elpais.com\/cultura\/2017\/09\/28\/actualidad\/1506615467_446714.html&amp;ct=ga&amp;cd=CAEYAyoTOTM4ODIwODI5MTExNzE1MTA5NjIZYzAzNzJlYmMyZmVhZGE1OTplczplczpFUw&amp;usg=AFQjCNHXWPGXAwIbEO6RjWg6EQNn57Ke8A\">Suecia, el para\u00edso de las mujeres cineastas <\/a>\u2013 El Pa\u00eds<\/p>\n<p><a href=\"http:\/\/www.elmundo.es\/pais-vasco\/2017\/09\/30\/59cf7d03468aebda5b8b459e.html\">Glen Close: \u201cSi me dan un Oscar, espero no recogerlo en silla de ruedas\u00bb<\/a> \u2013 El Mundo<\/p>\n<p>[\/toggle]<\/p>\n<\/div>\n<\/div>\n<\/div>\n<\/div>\n<\/div>\n<\/div>\n","protected":false},"excerpt":{"rendered":"<p>Yo tambi\u00e9n me quiero independizar-Almudena Villegas, Premio Nacional de Gastronom\u00eda-Tras <a href=\"https:\/\/cklcomunicaciones.es\/coop\/02-10-2017\/\">[&#8230;]<\/a><\/p>\n","protected":false},"author":3,"featured_media":0,"comment_status":"closed","ping_status":"closed","sticky":false,"template":"","format":"standard","meta":{"footnotes":""},"categories":[298,623],"tags":[],"class_list":["post-12170","post","type-post","status-publish","format-standard","hentry","category-newsletter","category-nwl-2-0"],"yoast_head":"<!-- This site is optimized with the Yoast SEO plugin v27.4 - https:\/\/yoast.com\/product\/yoast-seo-wordpress\/ -->\n<title>Noticias Info CKL n\u00ba 1.992 - 02\/10\/17<\/title>\n<meta name=\"description\" content=\"Noticias Info CKL n\u00ba 1.992 - 02\/10\/17\" \/>\n<meta name=\"robots\" content=\"index, follow, max-snippet:-1, max-image-preview:large, max-video-preview:-1\" \/>\n<link rel=\"canonical\" href=\"https:\/\/cklcomunicaciones.es\/coop\/02-10-2017\/\" \/>\n<meta property=\"og:locale\" content=\"es_ES\" \/>\n<meta property=\"og:type\" content=\"article\" \/>\n<meta property=\"og:title\" content=\"Noticias Info CKL n\u00ba 1.992 - 02\/10\/17\" \/>\n<meta property=\"og:description\" content=\"Noticias Info CKL n\u00ba 1.992 - 02\/10\/17\" \/>\n<meta property=\"og:url\" content=\"https:\/\/cklcomunicaciones.es\/coop\/02-10-2017\/\" \/>\n<meta property=\"og:site_name\" content=\"CKL Comunicaciones\" \/>\n<meta property=\"article:published_time\" content=\"2017-10-02T09:34:56+00:00\" \/>\n<meta property=\"article:modified_time\" content=\"2025-01-17T15:37:42+00:00\" \/>\n<meta property=\"og:image\" content=\"https:\/\/cklcomunicaciones.es\/coop\/wp-content\/uploads\/2021\/04\/CKL-MiradaDistinta-newsletter2021_1200-x-675.jpg\" \/>\n\t<meta property=\"og:image:width\" content=\"1200\" \/>\n\t<meta property=\"og:image:height\" content=\"676\" \/>\n\t<meta property=\"og:image:type\" content=\"image\/jpeg\" \/>\n<meta name=\"author\" content=\"ckl\" \/>\n<meta name=\"twitter:card\" content=\"summary_large_image\" \/>\n<meta name=\"twitter:label1\" content=\"Escrito por\" \/>\n\t<meta name=\"twitter:data1\" content=\"ckl\" \/>\n\t<meta name=\"twitter:label2\" content=\"Tiempo de lectura\" \/>\n\t<meta name=\"twitter:data2\" content=\"5 minutos\" \/>\n<script type=\"application\/ld+json\" class=\"yoast-schema-graph\">{\"@context\":\"https:\\\/\\\/schema.org\",\"@graph\":[{\"@type\":\"Article\",\"@id\":\"https:\\\/\\\/cklcomunicaciones.es\\\/coop\\\/02-10-2017\\\/#article\",\"isPartOf\":{\"@id\":\"https:\\\/\\\/cklcomunicaciones.es\\\/coop\\\/02-10-2017\\\/\"},\"author\":{\"name\":\"ckl\",\"@id\":\"https:\\\/\\\/cklcomunicaciones.es\\\/coop\\\/#\\\/schema\\\/person\\\/929a6837f7626450bbb50cee1aef266e\"},\"headline\":\"Noticias Info CKL n\u00ba 1.992 &#8211; 02\\\/10\\\/17\",\"datePublished\":\"2017-10-02T09:34:56+00:00\",\"dateModified\":\"2025-01-17T15:37:42+00:00\",\"mainEntityOfPage\":{\"@id\":\"https:\\\/\\\/cklcomunicaciones.es\\\/coop\\\/02-10-2017\\\/\"},\"wordCount\":1080,\"articleSection\":[\"Newsletter\",\"Nwl v2.0\"],\"inLanguage\":\"es\"},{\"@type\":\"WebPage\",\"@id\":\"https:\\\/\\\/cklcomunicaciones.es\\\/coop\\\/02-10-2017\\\/\",\"url\":\"https:\\\/\\\/cklcomunicaciones.es\\\/coop\\\/02-10-2017\\\/\",\"name\":\"Noticias Info CKL n\u00ba 1.992 - 02\\\/10\\\/17\",\"isPartOf\":{\"@id\":\"https:\\\/\\\/cklcomunicaciones.es\\\/coop\\\/#website\"},\"datePublished\":\"2017-10-02T09:34:56+00:00\",\"dateModified\":\"2025-01-17T15:37:42+00:00\",\"author\":{\"@id\":\"https:\\\/\\\/cklcomunicaciones.es\\\/coop\\\/#\\\/schema\\\/person\\\/929a6837f7626450bbb50cee1aef266e\"},\"description\":\"Noticias Info CKL n\u00ba 1.992 - 02\\\/10\\\/17\",\"breadcrumb\":{\"@id\":\"https:\\\/\\\/cklcomunicaciones.es\\\/coop\\\/02-10-2017\\\/#breadcrumb\"},\"inLanguage\":\"es\",\"potentialAction\":[{\"@type\":\"ReadAction\",\"target\":[\"https:\\\/\\\/cklcomunicaciones.es\\\/coop\\\/02-10-2017\\\/\"]}]},{\"@type\":\"BreadcrumbList\",\"@id\":\"https:\\\/\\\/cklcomunicaciones.es\\\/coop\\\/02-10-2017\\\/#breadcrumb\",\"itemListElement\":[{\"@type\":\"ListItem\",\"position\":1,\"name\":\"Portada\",\"item\":\"https:\\\/\\\/cklcomunicaciones.es\\\/coop\\\/\"},{\"@type\":\"ListItem\",\"position\":2,\"name\":\"Noticias Info CKL n\u00ba 1.992 &#8211; 02\\\/10\\\/17\"}]},{\"@type\":\"WebSite\",\"@id\":\"https:\\\/\\\/cklcomunicaciones.es\\\/coop\\\/#website\",\"url\":\"https:\\\/\\\/cklcomunicaciones.es\\\/coop\\\/\",\"name\":\"CKL Comunicaciones\",\"description\":\"Sitio web de CKL Comunicaciones coop , la consultora de comunicaci\u00f3n y estrategia\",\"potentialAction\":[{\"@type\":\"SearchAction\",\"target\":{\"@type\":\"EntryPoint\",\"urlTemplate\":\"https:\\\/\\\/cklcomunicaciones.es\\\/coop\\\/?s={search_term_string}\"},\"query-input\":{\"@type\":\"PropertyValueSpecification\",\"valueRequired\":true,\"valueName\":\"search_term_string\"}}],\"inLanguage\":\"es\"},{\"@type\":\"Person\",\"@id\":\"https:\\\/\\\/cklcomunicaciones.es\\\/coop\\\/#\\\/schema\\\/person\\\/929a6837f7626450bbb50cee1aef266e\",\"name\":\"ckl\",\"image\":{\"@type\":\"ImageObject\",\"inLanguage\":\"es\",\"@id\":\"https:\\\/\\\/secure.gravatar.com\\\/avatar\\\/c82db564e8a669bf6023357a157b9dc4780f4d4c618f2ad1d71a6a5dede45057?s=96&d=mm&r=g\",\"url\":\"https:\\\/\\\/secure.gravatar.com\\\/avatar\\\/c82db564e8a669bf6023357a157b9dc4780f4d4c618f2ad1d71a6a5dede45057?s=96&d=mm&r=g\",\"contentUrl\":\"https:\\\/\\\/secure.gravatar.com\\\/avatar\\\/c82db564e8a669bf6023357a157b9dc4780f4d4c618f2ad1d71a6a5dede45057?s=96&d=mm&r=g\",\"caption\":\"ckl\"},\"url\":\"https:\\\/\\\/cklcomunicaciones.es\\\/coop\\\/author\\\/cklcomunicaciones\\\/\"}]}<\/script>\n<!-- \/ Yoast SEO plugin. -->","yoast_head_json":{"title":"Noticias Info CKL n\u00ba 1.992 - 02\/10\/17","description":"Noticias Info CKL n\u00ba 1.992 - 02\/10\/17","robots":{"index":"index","follow":"follow","max-snippet":"max-snippet:-1","max-image-preview":"max-image-preview:large","max-video-preview":"max-video-preview:-1"},"canonical":"https:\/\/cklcomunicaciones.es\/coop\/02-10-2017\/","og_locale":"es_ES","og_type":"article","og_title":"Noticias Info CKL n\u00ba 1.992 - 02\/10\/17","og_description":"Noticias Info CKL n\u00ba 1.992 - 02\/10\/17","og_url":"https:\/\/cklcomunicaciones.es\/coop\/02-10-2017\/","og_site_name":"CKL Comunicaciones","article_published_time":"2017-10-02T09:34:56+00:00","article_modified_time":"2025-01-17T15:37:42+00:00","og_image":[{"width":1200,"height":676,"url":"https:\/\/cklcomunicaciones.es\/coop\/wp-content\/uploads\/2021\/04\/CKL-MiradaDistinta-newsletter2021_1200-x-675.jpg","type":"image\/jpeg"}],"author":"ckl","twitter_card":"summary_large_image","twitter_misc":{"Escrito por":"ckl","Tiempo de lectura":"5 minutos"},"schema":{"@context":"https:\/\/schema.org","@graph":[{"@type":"Article","@id":"https:\/\/cklcomunicaciones.es\/coop\/02-10-2017\/#article","isPartOf":{"@id":"https:\/\/cklcomunicaciones.es\/coop\/02-10-2017\/"},"author":{"name":"ckl","@id":"https:\/\/cklcomunicaciones.es\/coop\/#\/schema\/person\/929a6837f7626450bbb50cee1aef266e"},"headline":"Noticias Info CKL n\u00ba 1.992 &#8211; 02\/10\/17","datePublished":"2017-10-02T09:34:56+00:00","dateModified":"2025-01-17T15:37:42+00:00","mainEntityOfPage":{"@id":"https:\/\/cklcomunicaciones.es\/coop\/02-10-2017\/"},"wordCount":1080,"articleSection":["Newsletter","Nwl v2.0"],"inLanguage":"es"},{"@type":"WebPage","@id":"https:\/\/cklcomunicaciones.es\/coop\/02-10-2017\/","url":"https:\/\/cklcomunicaciones.es\/coop\/02-10-2017\/","name":"Noticias Info CKL n\u00ba 1.992 - 02\/10\/17","isPartOf":{"@id":"https:\/\/cklcomunicaciones.es\/coop\/#website"},"datePublished":"2017-10-02T09:34:56+00:00","dateModified":"2025-01-17T15:37:42+00:00","author":{"@id":"https:\/\/cklcomunicaciones.es\/coop\/#\/schema\/person\/929a6837f7626450bbb50cee1aef266e"},"description":"Noticias Info CKL n\u00ba 1.992 - 02\/10\/17","breadcrumb":{"@id":"https:\/\/cklcomunicaciones.es\/coop\/02-10-2017\/#breadcrumb"},"inLanguage":"es","potentialAction":[{"@type":"ReadAction","target":["https:\/\/cklcomunicaciones.es\/coop\/02-10-2017\/"]}]},{"@type":"BreadcrumbList","@id":"https:\/\/cklcomunicaciones.es\/coop\/02-10-2017\/#breadcrumb","itemListElement":[{"@type":"ListItem","position":1,"name":"Portada","item":"https:\/\/cklcomunicaciones.es\/coop\/"},{"@type":"ListItem","position":2,"name":"Noticias Info CKL n\u00ba 1.992 &#8211; 02\/10\/17"}]},{"@type":"WebSite","@id":"https:\/\/cklcomunicaciones.es\/coop\/#website","url":"https:\/\/cklcomunicaciones.es\/coop\/","name":"CKL Comunicaciones","description":"Sitio web de CKL Comunicaciones coop , la consultora de comunicaci\u00f3n y estrategia","potentialAction":[{"@type":"SearchAction","target":{"@type":"EntryPoint","urlTemplate":"https:\/\/cklcomunicaciones.es\/coop\/?s={search_term_string}"},"query-input":{"@type":"PropertyValueSpecification","valueRequired":true,"valueName":"search_term_string"}}],"inLanguage":"es"},{"@type":"Person","@id":"https:\/\/cklcomunicaciones.es\/coop\/#\/schema\/person\/929a6837f7626450bbb50cee1aef266e","name":"ckl","image":{"@type":"ImageObject","inLanguage":"es","@id":"https:\/\/secure.gravatar.com\/avatar\/c82db564e8a669bf6023357a157b9dc4780f4d4c618f2ad1d71a6a5dede45057?s=96&d=mm&r=g","url":"https:\/\/secure.gravatar.com\/avatar\/c82db564e8a669bf6023357a157b9dc4780f4d4c618f2ad1d71a6a5dede45057?s=96&d=mm&r=g","contentUrl":"https:\/\/secure.gravatar.com\/avatar\/c82db564e8a669bf6023357a157b9dc4780f4d4c618f2ad1d71a6a5dede45057?s=96&d=mm&r=g","caption":"ckl"},"url":"https:\/\/cklcomunicaciones.es\/coop\/author\/cklcomunicaciones\/"}]}},"_links":{"self":[{"href":"https:\/\/cklcomunicaciones.es\/coop\/wp-json\/wp\/v2\/posts\/12170","targetHints":{"allow":["GET"]}}],"collection":[{"href":"https:\/\/cklcomunicaciones.es\/coop\/wp-json\/wp\/v2\/posts"}],"about":[{"href":"https:\/\/cklcomunicaciones.es\/coop\/wp-json\/wp\/v2\/types\/post"}],"author":[{"embeddable":true,"href":"https:\/\/cklcomunicaciones.es\/coop\/wp-json\/wp\/v2\/users\/3"}],"replies":[{"embeddable":true,"href":"https:\/\/cklcomunicaciones.es\/coop\/wp-json\/wp\/v2\/comments?post=12170"}],"version-history":[{"count":0,"href":"https:\/\/cklcomunicaciones.es\/coop\/wp-json\/wp\/v2\/posts\/12170\/revisions"}],"wp:attachment":[{"href":"https:\/\/cklcomunicaciones.es\/coop\/wp-json\/wp\/v2\/media?parent=12170"}],"wp:term":[{"taxonomy":"category","embeddable":true,"href":"https:\/\/cklcomunicaciones.es\/coop\/wp-json\/wp\/v2\/categories?post=12170"},{"taxonomy":"post_tag","embeddable":true,"href":"https:\/\/cklcomunicaciones.es\/coop\/wp-json\/wp\/v2\/tags?post=12170"}],"curies":[{"name":"wp","href":"https:\/\/api.w.org\/{rel}","templated":true}]}}