{"id":11418,"date":"2017-09-15T14:23:06","date_gmt":"2017-09-15T12:23:06","guid":{"rendered":"http:\/\/www.cklcomunicaciones.es\/?p=11418"},"modified":"2025-01-17T16:37:44","modified_gmt":"2025-01-17T15:37:44","slug":"15-09-2017","status":"publish","type":"post","link":"https:\/\/cklcomunicaciones.es\/coop\/15-09-2017\/","title":{"rendered":"Noticias Info CKL n\u00ba 1.981 &#8211; 15\/09\/17"},"content":{"rendered":"<div id=\"pl-11418\"  class=\"panel-layout\" >\n<div id=\"pg-11418-0\"  class=\"panel-grid panel-no-style\"  data-style=\"{&quot;background_display&quot;:&quot;tile&quot;,&quot;lsow_dark_bg&quot;:&quot;&quot;,&quot;cell_alignment&quot;:&quot;flex-start&quot;}\" >\n<div id=\"pgc-11418-0-0\"  class=\"panel-grid-cell\"  data-weight=\"1\" >\n<div id=\"panel-11418-0-0-0\" class=\"so-panel widget widget_sow-editor panel-first-child panel-last-child\" data-index=\"0\" data-style=\"{&quot;background_image_attachment&quot;:false,&quot;background_display&quot;:&quot;tile&quot;}\" >\n<div class=\"so-widget-sow-editor so-widget-sow-editor-base\">\n<div class=\"siteorigin-widget-tinymce textwidget\">\n<p><strong>Carmona(CGPJ):\u201cLas muertes por violencia de g\u00e9nero son fallo del sistema\u00bb-Espa\u00f1a: Las aut\u00f3nomas representan el 33,9%-Mujeres y cultura: M\u00e1s consumidoras, pero menos presencia-Maruja Mallo, vanguardia y estridencia<\/strong><\/p>\n<p>[toggle type=\u00bbfirst\u00bb title=\u00bbConvocatorias\u00bb]<\/p>\n<ul>\n<li><a href=\"http:\/\/www.juntadeandalucia.es\/iam\/catalogo\/doc\/convocatorias\/2017-iam\/AL-chicas-nuevas-mabel-lozano.jpg\">&#8216;Chicas Nuevas 24 H&#8217;<\/a>. Centro Provincial del Instituto Andaluz de la Mujer de Almer\u00eda. Museo de Almer\u00eda, 19 de septiembre de 2017<\/li>\n<li><a href=\"http:\/\/canalfedme.es\/2017\/09\/12\/encuentro-anual-de-escaladoras\/\">X Encuentro de Escaladoras FEDME y III Encuentro de Escaladoras FAM<\/a>. Comit\u00e9 de Mujeres de la Federaci\u00f3n Andaluza de Monta\u00f1ismo, junto con la Federaci\u00f3n Espa\u00f1ola de Deportes de Monta\u00f1a. Reguchillos (Ja\u00e9n), 20, 21 y 22 de octubre de 2017<\/li>\n<li><a href=\"http:\/\/www.violenciagenero.msssi.gob.es\/laDelegacionInforma\/2017\/pdfs\/DGVG_Informa_VI_Convocatoria_ayudas_Fundacion_Mutua_Mad_2017.pdf\">VI Convocatoria anual de ayudas a proyectos de acci\u00f3n social de la Fundaci\u00f3n Mutua Madrile\u00f1a<\/a>. Plazo hasta el 4 de octubre de 2017<\/li>\n<\/ul>\n<p>[\/toggle]<\/p>\n<p>[toggle type=\u00bbfirst\u00bb title=\u00bbComunicaci\u00f3n\u00bb]<\/p>\n<p><a href=\"http:\/\/www.eldiario.es\/andalucia\/propietario-alterne-Cartaya-publicidad-prevista_0_686631923.html\">El propietario del club de alterne de Cartaya retira la publicidad y &#8230;<\/a><\/p>\n<p><a href=\"http:\/\/eldiario.es\">eldiario.es<\/a><\/p>\n<p>Adem\u00e1s, ha se\u00f1alado el alcalde, \u00abel Consistorio puso de inmediato la publicidad detectada en conocimiento del <em>Instituto Andaluz de la Mujer<\/em>, para que<\/p>\n<p><a href=\"http:\/\/www.laopiniondemurcia.es\/cartagena\/2017\/09\/14\/vuelta-cole-prostibulos-cartagena\/859910.html\">La &#8216;vuelta al cole&#8217; de los prost\u00edbulos, tambi\u00e9n en Cartagena<\/a><\/p>\n<p>La Opini\u00f3n de Murcia<\/p>\n<p>La pol\u00e9mica est\u00e1 servida despu\u00e9s de que en Huelva el <em>Instituto Andaluz de la<\/em> <em>Mujer<\/em> (IAM) haya denunciado hoy al Observatorio Andaluz de la Publicidad<\/p>\n<p><a href=\"http:\/\/ladobe.com.mx\/2017\/09\/lista-la-primera-radio-comunitaria-feminista-la-cdmx\/\">Lista, la primera radio comunitaria feminista de la CDMX<\/a><\/p>\n<p>Lado B<\/p>\n<p>Las voces de las <em>mujeres<\/em>, sus demandas y sus propuestas se escuchar\u00e1n con &#8230; civiles, <em>Comunicaci\u00f3n<\/em> e Informaci\u00f3n de la <em>Mujer<\/em>, A.C. (CIMAC), <em>Mujeres<\/em> en\u00a0<\/p>\n<p>[\/toggle]<\/p>\n<p>[toggle type=\u00bbfirst\u00bb title=\u00bbAndaluc\u00eda\u00bb]<\/p>\n<p><strong>Econom\u00eda y Empresas<\/strong><\/p>\n<p><a href=\"http:\/\/mujeremprendedora.net\/alianzasimparables-celebra-segunda-edicion\/\">#AlianzasImparables celebra su segunda edici\u00f3n<\/a><\/p>\n<p>Mujeremprendedora.net<\/p>\n<p>La Asociaci\u00f3n Red Profesional #MujeresImparables ha celebrado en el Hotel Royal Hideaway Sancti Petri la II edici\u00f3n de #AlianzasImparables, un innovador formato de visibilizaci\u00f3n de emprendimientos de \u00e9xito.<\/p>\n<p><a href=\"http:\/\/www.diariodesevilla.es\/aquilaprovincia\/Arranca-septiembre-proyecto-mentoring-BemprendedorasB_0_1172882736.html\">Arranca en septiembre el proyecto de &#8216;mentoring&#8217; para <em>mujeres<\/em> &#8230;<\/a><\/p>\n<p>Diario de Sevilla<\/p>\n<p>Durante este mes de septiembre, se pone en marcha la primera edici\u00f3n del proyecto denominado Mentoring para <em>Mujeres Emprendedoras<\/em>, una iniciativa de la<\/p>\n<p><a href=\"https:\/\/www.google.es\/url?sa=t&amp;rct=j&amp;q=&amp;esrc=s&amp;source=newssearch&amp;cd=5&amp;ved=0ahUKEwje67CDhafWAhVRlxQKHW8nCi0QqQIIMCgAMAQ&amp;url=http%3A%2F%2Fwww.lavozdealmeria.es%2FNoticias%2F137816%2F4%2F%25E2%2580%2598El-Cable%25E2%2580%2599-se-convierte-en-una-f%25C3%25A1brica-de-ideas-de-negocio-y-crea-16-empresas&amp;usg=AFQjCNHjDczGe8kvGpS51n5VyFxXoUK09A\">&#8216;El Cable&#8217; se convierte en una f\u00e1brica de ideas de negocio y crea 16 &#8230;<\/a><\/p>\n<p>La Voz de Almer\u00eda<\/p>\n<p>Sin embargo, los emprendedores que acuden al centro son hombres en su inmensa mayor\u00eda, puesto que solo el 17% son <em>mujeres<\/em> y la media de edad es de 34<\/p>\n<p><a href=\"http:\/\/www.agroinformacion.com\/andalucia-apuesta-prorrogar-la-pac-actual-2024-dar-los-agricultores-la-estabilidad-necesitan\/\">Andaluc\u00eda apuesta por prorrogar la PAC actual hasta 2024 para dar &#8230;<\/a><\/p>\n<p>AgroInformaci\u00f3n<\/p>\n<p>El consejero de Agricultura, Pesca y Desarrollo Rural de la Junta e <em>Andaluc\u00eda<\/em>, Rodrigo S\u00e1nchez Haro, se ha mostrado convencido de que \u201ces necesario\u00a0<\/p>\n<p><a href=\"https:\/\/www.google.es\/url?sa=t&amp;rct=j&amp;q=&amp;esrc=s&amp;source=newssearch&amp;cd=70&amp;ved=0ahUKEwiV4tf-iafWAhWE1hQKHTUiB244PBCpAghAKAAwCQ&amp;url=http%3A%2F%2Fwww.eldiario.es%2Fandalucia%2FMontero-esfuerzo-Andalucia-Gobierno-diligencia_0_686631625.html&amp;usg=AFQjCNEo1iPQnQhViEIvwHryM9gRS3eaBA\">Andaluc\u00eda ha recuperado desde 2013 un total de 1.348 millones de euros en su lucha contra el fraude fiscal &#8230;<\/a><\/p>\n<p><a href=\"http:\/\/eldiario.es\">eldiario.es<\/a><\/p>\n<p>Ha recordado Montero que la lucha contra el fraude fiscal en <em>Andaluc\u00eda<\/em> acumula un total de 1.348 millones de euros recaudados desde el a\u00f1o 2013, de los que<\/p>\n<p><strong>Actualidad<\/strong><\/p>\n<p><a href=\"http:\/\/www.malaga.es\/igualdad\/2471\/com1_md3_cd-33513\/diputaciones-andaluzas-coordinan-mensaje-internacional-contra-violencia-genero\">Diputaciones andaluzas coordinan el mensaje del D\u00eda Internacional contra la Violencia de G\u00e9nero &#8230;<\/a><\/p>\n<p>Diputaci\u00f3n de M\u00e1laga<\/p>\n<p>&#8230; desde estas administraciones provinciales con motivo de la celebraci\u00f3n, el pr\u00f3ximo 25 de noviembre, del D\u00eda Internacional contra la <em>Violencia de G\u00e9nero<\/em><\/p>\n<p><strong>Violencia<\/strong><\/p>\n<p><a href=\"https:\/\/www.google.es\/url?sa=t&amp;rct=j&amp;q=&amp;esrc=s&amp;source=newssearch&amp;cd=31&amp;ved=0ahUKEwiuy7nwgqfWAhXDvxQKHWJJDms4HhCpAgglKAAwAA&amp;url=http%3A%2F%2Fwww.laopiniondemalaga.es%2Fmalaga%2F2017%2F09%2F15%2Fpolicia-protege-3151-mujeres-37%2F955632.html&amp;usg=AFQjCNGej4F-l9BVuxBAlWzk6wgLgx8zqg\">La polic\u00eda protege a 3.151 <em>mujeres<\/em> y 37 menores de la violencia &#8230;<\/a><\/p>\n<p>La Opini\u00f3n de M\u00e1laga<\/p>\n<p>En la regi\u00f3n, el sistema de seguimiento de los casos de violencia de g\u00e9nero hasta finales de julio ten\u00eda activos 15.062 casos de <em>mujeres<\/em> y 232 de menores<\/p>\n<p><a href=\"http:\/\/www.granadadigital.es\/atarfe-firma-un-protocolo-para-proteger-a-mujeres-e-hijos-victimas-de-la-violencia-de-genero\/\">Atarfe firma un protocolo para proteger a mujeres e hijos v\u00edctimas de &#8230;<\/a><\/p>\n<p>GranadaDigital<\/p>\n<p>Por su parte, el coordinador de la Unidad de <em>violencia de g\u00e9nero<\/em> de la Subdelegaci\u00f3n del Gobierno en Granada, Emilio Castellano Rodr\u00edguez, ha agradecido\u00a0.<\/p>\n<p><a href=\"http:\/\/www.publico.es\/sociedad\/san-fermin-juicio-supuesta-violacion-grupal-sanfermines-comenzara-13-noviembre.html\">El juicio por la supuesta violaci\u00f3n grupal en Sanfermines empezar\u00e1 el 13 de noviembre<\/a><\/p>\n<p>P\u00fablico<\/p>\n<p>El fiscal pide m\u00e1s de 22 a\u00f1os de c\u00e1rcel para cada uno de los acusados y abonar una indemnizaci\u00f3n conjunta para la v\u00edctima de 100.000 euros. El\u00a0tribunal estima prevalente la declaraci\u00f3n presencial de la joven.<\/p>\n<p><strong>\u00a0Ciencia y Cultura<\/strong><\/p>\n<p><a href=\"http:\/\/www.juntadeandalucia.es\/presidencia\/portavoz\/cultura\/125348\/museo\/malaga\/prestara\/especial\/atencion\/mujeres\/escolares\/colectivos\/menos\/acceso\/cultura\">El Museo de M\u00e1laga centra su programaci\u00f3n en mujeres, escolares y colectivos con dif\u00edcil acceso a la cultura<\/a><\/p>\n<p>Oficina del Portavoz<\/p>\n<p>El Palacio de la Aduana acoger\u00e1 talleres did\u00e1cticos para personas discapacidad visual o auditiva y actividades para hogares de acogida<\/p>\n<p><a href=\"https:\/\/www.google.com\/url?rct=j&amp;sa=t&amp;url=http:\/\/www.diariosur.es\/axarquia\/mujeres-cultura-consumidoras-20170914135133-nt.html&amp;ct=ga&amp;cd=CAEYAyoUMTExMTg3MzU2NDQwNjY1NTE4MDAyGWMwMzcyZWJjMmZlYWRhNTk6ZXM6ZXM6RVM&amp;usg=AFQjCNFdb1h8CY6VkFpmejapyspd4itwdQ\">Mujeres y cultura: M\u00e1s consumidoras, pero con menos presencia <\/a><\/p>\n<p>Sur Digital<\/p>\n<p>Las mujeres leen m\u00e1s que los hombres, son mayor\u00eda en las salas de &#8230; en colaboraci\u00f3n con el Instituto Andaluz de la Mujer (IAM), Banco Sabadell y\u00a0<\/p>\n<p><a href=\"http:\/\/cimamujerescineastas.es\/alcances-2017-entregara-el-premio-cima-a-la-mejor-cineasta\/\">Alcances 2017 entregar\u00e1 el Premio CIMA a la Mujer Cineasta \u2026 <\/a><\/p>\n<p><a href=\"http:\/\/cimamujerescineastas.es\">cimamujerescineastas.es<\/a><\/p>\n<p>La delegaci\u00f3n de CIMA en Andaluc\u00eda entregar\u00e1 por tercera vez en el Festival de Cine Documental Alcances el Premio CIMA a la Mejor Cineasta. El certamen celebra su 49 edici\u00f3n entre el 15 y el 22 de septiembre en C\u00e1diz.<\/p>\n<p><a href=\"http:\/\/elcorreoweb.es\/cultura\/el-xxv-aniversario-de-la-expo-92-protagonista-del-cartel-de-la-sexta-edicion-de-la-noche-en-blanco-EE3327060\">La Expo\u201992, protagonista de la Noche en Blanco<\/a><\/p>\n<p>El Correo de Andaluc\u00eda<\/p>\n<p>El XXV Aniversario de la Expo\u201992, inspira el cartel de la sexta edici\u00f3n de la Noche en Blanco.<\/p>\n<p><strong>Deporte<\/strong><\/p>\n<p><a href=\"http:\/\/cordopolis.es\/2017\/09\/15\/tu-quieres-ser-piconera\/\">\u00bfT\u00fa quieres ser Piconera?<\/a><\/p>\n<p>Cord\u00f3polis-<\/p>\n<p>Las instalaciones de la delegaci\u00f3n cordobesa de la Federaci\u00f3n <em>Andaluza<\/em> de &#8230; La academia de f\u00fatbol <em>femenino<\/em> Piconeras es un club deportivo sin \u00e1nimo de ..<\/p>\n<p><a href=\"http:\/\/huelva24.com\/not\/103961\/matalascanas-acoge-este-fin-de-semana-el-mundialito-de-futvoley\">Matalasca\u00f1as acoge este fin de semana el Mundialito de Futvoley<\/a><\/p>\n<p>Huelva24-<\/p>\n<p>Organizado por la Asociaci\u00f3n Andaluza de Futvoley con la supervisi\u00f3n de la Federation &#8230; El evento ha sido presentado este jueves por el concejal de <em>Deportes<\/em> del &#8230; Cleyton Alv\u00e9s, y la jugadora brasile\u00f1a de Voley <em>Femenino<\/em> Lana Miranda<\/p>\n<p>[\/toggle]<br \/> [toggle title=\u00bbEstado\u00bb]<\/p>\n<p><strong>Institucional-CCAA<\/strong><\/p>\n<p><a href=\"https:\/\/www.google.com\/url?rct=j&amp;sa=t&amp;url=http:\/\/www.20minutos.es\/noticia\/3134411\/0\/aragon-creara-primera-unidad-forense-espana-para-valorar-casos-violencia-genero\/&amp;ct=ga&amp;cd=CAEYBSoSOTI0OTE2MTQxNDk2MTA2OTI5MhljMDM3MmViYzJmZWFkYTU5OmVzOmVzOkVT&amp;usg=AFQjCNFtJIfG3UEHo2ixxDeLbr6tVcz8uQ\">Arag\u00f3n crear\u00e1 la primera Unidad Forense de Espa\u00f1a para valorar casos de violencia de g\u00e9nero <\/a><\/p>\n<p><a href=\"http:\/\/20minutos.es\">20minutos.es<\/a><\/p>\n<p>&#8230; y de enfermer\u00eda; m\u00e9dicos forenses y equipos psicosociales de la Administraci\u00f3n de Justicia y profesionales del Instituto Aragon\u00e9s de la Mujer<\/p>\n<p><a href=\"http:\/\/www.laprovincia.es\/las-palmas\/2017\/09\/14\/programa-clara-ayuda-mejorar-empleabilidad\/977596.html\">El Programa Clara ayuda mejorar la empleabilidad de las <em>mujeres<\/em><\/a><\/p>\n<p>La Provincia<\/p>\n<p>El Programa Clara ayuda mejorar la empleabilidad de las mujeres &#8230; que est\u00e1 cofinanciada por el Fondo Social Europeo y el <em>Instituto de la Mujer<\/em> con la qu<\/p>\n<p><a href=\"https:\/\/www.google.es\/url?sa=t&amp;rct=j&amp;q=&amp;esrc=s&amp;source=newssearch&amp;cd=6&amp;ved=0ahUKEwjc3LiBgqfWAhUBShQKHQXgBBUQqQIINCgAMAU&amp;url=http%3A%2F%2Fwww.20minutos.es%2Fnoticia%2F3135361%2F0%2F1-1-2-atendera-mujeres-victimas-explotacion-sexual%2F&amp;usg=AFQjCNH2J-6EkWC7C2PFpEGKGPgroRlYZQ\">El &#8216;1-1-2&#8217; atender\u00e1 a <em>mujeres<\/em> v\u00edctimas de explotaci\u00f3n sexual en Murcia\u2026<\/a><\/p>\n<p><a href=\"http:\/\/20minutos.es\">20minutos.es<\/a><\/p>\n<p>Entre los recursos para atender a las v\u00edctimas de esta lacra destaca el dispositivo &#8216;1-1-2&#8217; espec\u00edfico para <em>mujeres<\/em> v\u00edctimas de violencia, que canaliza las\u00a0<\/p>\n<p><a href=\"http:\/\/eldia.es\/tenerife\/2017-09-15\/6-WomenIN-programa-insular-mujeres-emprendedoras.htm\">WomenIN, un programa insular para emprendedoras<\/a><\/p>\n<p><a href=\"http:\/\/eldia.es\">eldia.es<\/a><\/p>\n<p>El Parque Cient\u00edfico y Tecnol\u00f3gico INtech Tenerife impulsa este programa orientado a impulsar el incremento de <em>mujeres<\/em> emprendedoras en la Isla, as\u00ed como el<\/p>\n<p><strong>Econom\u00eda y Empresas<\/strong><\/p>\n<p><a href=\"http:\/\/mujeremprendedora.net\/empresaris-ofrece-claves-iniciar-negocio\/\">Empresari@s ofrece las claves para iniciar un negocio<\/a><\/p>\n<p>Mujeremprendedora.net<\/p>\n<p>El encuentro tendr\u00e1 lugar el d\u00eda 25 a las 10.00 horas en el Auditorio de la Torre Bankia (<a href=\"https:\/\/maps.google.com\/?q=Paseo+de+la+Castellana+189&amp;entry=gmail&amp;source=g\">Paseo de la Castellana 189<\/a>) Empresarias de diferentes regiones acudir\u00e1n a Madrid el pr\u00f3ximo 25 de septiembre\u00a0para participar en la presentaci\u00f3n de su libro Empresari@s, una manera de estar en el mundo (editorial Loquenoexiste).<\/p>\n<p><a href=\"http:\/\/mujeremprendedora.net\/letonia-pais-mas-equilibrado-cifra-autonomos\/\">Las aut\u00f3nomas representan en Espa\u00f1a el 33,9% del total \u2026<\/a><\/p>\n<p>Mujeremprendedora.net<\/p>\n<p>A finales de 2016 Espa\u00f1a contaba con 3.028.600 aut\u00f3nomos, lo que supone un crecimiento de 164.100 nuevos aut\u00f3nomos en los \u00faltimos cinco a\u00f1os, seg\u00fan los datos publicados por y analizados por la Federaci\u00f3n Nacional de Asociaciones de Trabajadores Aut\u00f3nomos, ATA.<\/p>\n<p><strong>\u00a0Actualidad<\/strong><\/p>\n<p><a href=\"https:\/\/www.google.com\/url?rct=j&amp;sa=t&amp;url=https:\/\/www.medicina21.com\/Notas_de_Prensa-V11261.html&amp;ct=ga&amp;cd=CAEYASoUMTQ4OTYzOTU4NDE2MDcxNjcwODUyGWMwMzcyZWJjMmZlYWRhNTk6ZXM6ZXM6RVM&amp;usg=AFQjCNET_H8QFhPkrkLFXwNe-IkWO_VvTw\">La salud de la mujer en el entorno laboral, uno de los temas centrales del 4\u00ba Women 360 Congress <\/a><\/p>\n<p>Medicina21.com<\/p>\n<p>Dolors Soler, especialista en dolor cr\u00f3nico del Instituto Guttmann. &#8230; a m\u00e1s de 300 directivas y empresarias para hablar de salud, mujer y empresa<\/p>\n<p><a href=\"https:\/\/www.google.es\/url?sa=t&amp;rct=j&amp;q=&amp;esrc=s&amp;source=newssearch&amp;cd=25&amp;ved=0ahUKEwjs5__AgqfWAhVLXBQKHaz9CME4FBCpAggvKAAwBA&amp;url=http%3A%2F%2Fwww.20minutos.es%2Fopiniones%2Firene-lozano-carta-mujeres-amenazadas-3135030%2F&amp;usg=AFQjCNHeg88AMyJ_AwrnTYg0t7rCr5zPDQ\">Carta a Anna Gabriel, In\u00e9s Arrimadas y Cristina Fallar\u00e1s, <em>mujeres<\/em> &#8230;<\/a><\/p>\n<p><a href=\"http:\/\/20minutos.es\">20minutos.es<\/a><\/p>\n<p>Irene Lozano \u2026 Las tres hab\u00e9is recibido amenazas execrables por una raz\u00f3n: sois <em>mujeres<\/em>. En el siglo XXI todas las <em>mujeres<\/em> occidentales con presencia p\u00fablica parten con un\u00a0<\/p>\n<p><strong>Violencia<\/strong><\/p>\n<p><a href=\"http:\/\/eldia.es\/sociedad\/2017-09-15\/9-muertes-violencia-genero-son-fallo-sistema.htm\">M\u00aa \u00c1ngeles Carmona, Presidenta del Observatorio de Violencia de G\u00e9nero (CGPJ): \u201cLas muertes por <em>violencia de g\u00e9nero<\/em> son un fallo del sistema\u00bb<\/a><\/p>\n<p><a href=\"http:\/\/eldia.es\">eldia.es<\/a><\/p>\n<p>La presidenta del Observatorio de <em>Violencia de G\u00e9nero<\/em> y Vocal del Consejo General del Poder Judicial, Mar\u00eda \u00c1ngeles Carmona, reconoci\u00f3 ayer que \u00abtodos\u00bb\u00a0&#8230;<\/p>\n<p><strong>Ciencia y Cultura<\/strong><\/p>\n<p><a href=\"http:\/\/cimamujerescineastas.es\/agnes-varda-y-monica-bellucci-premios-donostia-65-edicion\/\">Agnes Varda y Monica Bellucci Premios Donostia en la 65 Edici\u00f3n del Festival de San Sebasti\u00e1n \u2026<\/a><\/p>\n<p><a href=\"http:\/\/cimamujerescineastas.es\">cimamujerescineastas.es<\/a><\/p>\n<p>La gran cineasta Agn\u00e8s Varda y la actriz Monica Bellucci recibir\u00e1n el Premio Donostia en la 65 edici\u00f3n del Festival de San Sebasti\u00e1n<\/p>\n<p><a href=\"http:\/\/www.elmundo.es\/cultura\/2017\/09\/14\/59ba708a22601d875f8b45b7.html\">Maruja Mallo: 50% vanguardia, 50% estridencia<\/a><\/p>\n<p>El Mundo<\/p>\n<p>La Galer\u00eda Guillermo de Osma desvela el proceso creativo de la pintora de &#8216;Mensaje del mar&#8217; o &#8216;Escaparate&#8217;, a trav\u00e9s de obras emblem\u00e1ticas e in\u00e9ditas<\/p>\n<p><a href=\"http:\/\/www.elmundo.es\/album\/metropoli\/cine\/2017\/09\/14\/59ba7613e2704e3d6f8b45b9.html\">Mar\u00eda Valverde: una vida de cine<\/a><\/p>\n<p>El Mundo<\/p>\n<p>Mar\u00eda Valverde vive su particular edad dorada. En los dos \u00faltimos a\u00f1os ha participado en ocho pel\u00edculas (Ali y Nino es la \u00faltima que se ha estrenado en Espa\u00f1a). Debut\u00f3 con 16 a\u00f1os en el filme La flaqueza del bolchevique, interpretaci\u00f3n con la que consigui\u00f3 el Goya a la Mejor Actriz Revelaci\u00f3n. S<\/p>\n<p><strong>Deporte<\/strong>\u00a0\u00a0\u00a0\u00a0\u00a0\u00a0\u00a0\u00a0\u00a0\u00a0\u00a0\u00a0\u00a0\u00a0\u00a0\u00a0\u00a0\u00a0\u00a0\u00a0\u00a0\u00a0\u00a0\u00a0\u00a0\u00a0\u00a0\u00a0\u00a0\u00a0\u00a0\u00a0\u00a0\u00a0\u00a0\u00a0\u00a0\u00a0\u00a0\u00a0\u00a0\u00a0\u00a0\u00a0\u00a0\u00a0\u00a0\u00a0\u00a0\u00a0\u00a0\u00a0\u00a0\u00a0\u00a0\u00a0\u00a0\u00a0\u00a0\u00a0\u00a0\u00a0\u00a0\u00a0\u00a0\u00a0\u00a0\u00a0\u00a0\u00a0\u00a0\u00a0\u00a0\u00a0\u00a0\u00a0\u00a0\u00a0\u00a0\u00a0\u00a0\u00a0\u00a0\u00a0\u00a0\u00a0\u00a0\u00a0\u00a0\u00a0\u00a0\u00a0\u00a0\u00a0\u00a0\u00a0\u00a0\u00a0\u00a0\u00a0\u00a0\u00a0\u00a0\u00a0\u00a0\u00a0\u00a0\u00a0\u00a0\u00a0\u00a0\u00a0\u00a0\u00a0\u00a0\u00a0\u00a0\u00a0\u00a0\u00a0\u00a0\u00a0\u00a0\u00a0\u00a0\u00a0\u00a0\u00a0\u00a0\u00a0\u00a0\u00a0\u00a0\u00a0\u00a0<\/p>\n<p><a href=\"https:\/\/elpais.com\/deportes\/2017\/09\/14\/actualidad\/1505412410_202226.html\">Conchita Mart\u00ednez deja de ser seleccionadora de Copa Davis y Copa Federaci\u00f3n: \u201cNo me merec\u00eda un final as\u00ed\u201d<\/a><\/p>\n<p>El Pa\u00eds<\/p>\n<p>Tras dos a\u00f1os en el cargo, la federaci\u00f3n decide no ampliar el contrato de la extenista para dirigir los equipos masculino y femenino que vence ahora<\/p>\n<p><a href=\"https:\/\/ultimahora.es\/deportes\/futbol\/2017\/09\/14\/291725\/seleccion-espanola-femenina-jugara-palma-noviembre.html\">La selecci\u00f3n espa\u00f1ola femenina jugar\u00e1 en Palma el 28 de noviembre<\/a><\/p>\n<p>\u00daltima hora<\/p>\n<p>La Federaci\u00f3n Espa\u00f1ola ha anunciado este jueves que ha llegado a un acuerdo con el presidente de la Territorial balear, Miquel Bestard, para que la selecci\u00f3n<\/p>\n<div class=\"jqDnR\">\n<p>[\/toggle]<\/p>\n<\/div>\n<p>[toggle title=\u00bbInternacional\u00bb]<\/p>\n<p><a href=\"http:\/\/mujeremprendedora.net\/onu-mujeres-crea-coalicion-innovacion-acercar-mas-mujeres-tecnologia-emprendimiento\/\">ONU Mujeres crea la Coalici\u00f3n de Innovaci\u00f3n para acercar la tecnolog\u00eda y el emprendimiento<\/a><\/p>\n<p>Mujeremprendedora.net<\/p>\n<p>ONU Mujeres ha lanzado oficialmente este jueves la Coalici\u00f3n de Innovaci\u00f3n Global para el Cambio en la ciudad de Nueva York, una alianza que re\u00fane a 22 socios del sector privado, organizaciones sin fines de lucro e instituciones acad\u00e9micas que trabajar\u00e1 para impulsar la acci\u00f3n de toda la industria para hacer que la innovaci\u00f3n y tecnolog\u00eda funcionen mejor para las mujeres y las ni\u00f1as<\/p>\n<p><a href=\"http:\/\/www.20minutos.es\/noticia\/3135247\/0\/tres-trabajadoras-demandan-google-por-pagar-menos-mujeres-que-hombres\/\">Tres extrabajadoras demandan a Google por pagar menos a las mujeres &#8230;<\/a><\/p>\n<p><a href=\"http:\/\/20minutos.es\">20minutos.es<\/a><\/p>\n<p>Las demandantes aseguran que Google paga a los empleados masculinos mucho m\u00e1s dinero que a las <em>mujeres<\/em> por realizar el mismo trabajo o uno muy\u00a0<\/p>\n<p><a href=\"http:\/\/mujeremprendedora.net\/booking-com-impulsa-programa-women-in-tech\/\">Booking.com impulsa el programa \u2018Women in Tech\u2019<\/a><\/p>\n<p>Mujeremprendedora.net<\/p>\n<p>Booking.com ha anunciado una colaboraci\u00f3n exclusiva con \u2018Women in Tech\u2019, que tendr\u00e1 lugar este a\u00f1o en la Web Summit, mediante la cual se realizar\u00e1 un programa de&#8230;<\/p>\n<p><a href=\"http:\/\/cadenaser.com\/ser\/2017\/09\/15\/internacional\/1505464314_550102.html\">T\u00fanez permitir\u00e1 a las <em>mujeres<\/em> musulmanas casarse con hombres de otra religi\u00f3n &#8230;<\/a><\/p>\n<p>Cadena SER<\/p>\n<p>El ministro tunecino de Justicia, Ghazi Jeribi firm\u00f3 este jueves un decreto que acaba con una antigua ley isl\u00e1mica y autoriza a las <em>mujeres<\/em> musulmanas de su\u00a0<\/p>\n<p><a href=\"http:\/\/www.publico.es\/culturas\/detroit-kathryn-bigelow-no-racismo-no-opcion.html\">Kathryn Bigelow: \u00abPara m\u00ed, no hacer nada contra el racismo no es una opci\u00f3n\u00bb<\/a><\/p>\n<p>P\u00fablico<\/p>\n<p>Bego\u00f1a Pi\u00f1a \u2026 La cineasta destapa un episodio de feroz violencia racista durante los disturbios de 1967 en &#8216;Detroit&#8217;<\/p>\n<p>\u00a0[\/toggle]<\/p>\n<\/div>\n<\/div>\n<\/div>\n<\/div>\n<\/div>\n<\/div>\n","protected":false},"excerpt":{"rendered":"<p>Carmona(CGPJ):\u201cLas muertes por violencia de g\u00e9nero son fallo del sistema\u00bb-Espa\u00f1a: <a href=\"https:\/\/cklcomunicaciones.es\/coop\/15-09-2017\/\">[&#8230;]<\/a><\/p>\n","protected":false},"author":3,"featured_media":0,"comment_status":"closed","ping_status":"closed","sticky":false,"template":"","format":"standard","meta":{"footnotes":""},"categories":[298,623],"tags":[],"class_list":["post-11418","post","type-post","status-publish","format-standard","hentry","category-newsletter","category-nwl-2-0"],"yoast_head":"<!-- This site is optimized with the Yoast SEO plugin v27.5 - https:\/\/yoast.com\/product\/yoast-seo-wordpress\/ -->\n<title>Noticias Info CKL n\u00ba 1.981 - 15\/09\/17<\/title>\n<meta name=\"description\" content=\"Noticias Info CKL n\u00ba 1.981 - 15\/09\/17\" \/>\n<meta name=\"robots\" content=\"index, follow, max-snippet:-1, max-image-preview:large, max-video-preview:-1\" \/>\n<link rel=\"canonical\" href=\"https:\/\/cklcomunicaciones.es\/coop\/15-09-2017\/\" \/>\n<meta property=\"og:locale\" content=\"es_ES\" \/>\n<meta property=\"og:type\" content=\"article\" \/>\n<meta property=\"og:title\" content=\"Noticias Info CKL n\u00ba 1.981 - 15\/09\/17\" \/>\n<meta property=\"og:description\" content=\"Noticias Info CKL n\u00ba 1.981 - 15\/09\/17\" \/>\n<meta property=\"og:url\" content=\"https:\/\/cklcomunicaciones.es\/coop\/15-09-2017\/\" \/>\n<meta property=\"og:site_name\" content=\"CKL Comunicaciones\" \/>\n<meta property=\"article:published_time\" content=\"2017-09-15T12:23:06+00:00\" \/>\n<meta property=\"article:modified_time\" content=\"2025-01-17T15:37:44+00:00\" \/>\n<meta property=\"og:image\" content=\"https:\/\/cklcomunicaciones.es\/coop\/wp-content\/uploads\/2021\/04\/CKL-MiradaDistinta-newsletter2021_1200-x-675.jpg\" \/>\n\t<meta property=\"og:image:width\" content=\"1200\" \/>\n\t<meta property=\"og:image:height\" content=\"676\" \/>\n\t<meta property=\"og:image:type\" content=\"image\/jpeg\" \/>\n<meta name=\"author\" content=\"ckl\" \/>\n<meta name=\"twitter:card\" content=\"summary_large_image\" \/>\n<meta name=\"twitter:label1\" content=\"Escrito por\" \/>\n\t<meta name=\"twitter:data1\" content=\"ckl\" \/>\n\t<meta name=\"twitter:label2\" content=\"Tiempo de lectura\" \/>\n\t<meta name=\"twitter:data2\" content=\"9 minutos\" \/>\n<script type=\"application\/ld+json\" class=\"yoast-schema-graph\">{\"@context\":\"https:\\\/\\\/schema.org\",\"@graph\":[{\"@type\":\"Article\",\"@id\":\"https:\\\/\\\/cklcomunicaciones.es\\\/coop\\\/15-09-2017\\\/#article\",\"isPartOf\":{\"@id\":\"https:\\\/\\\/cklcomunicaciones.es\\\/coop\\\/15-09-2017\\\/\"},\"author\":{\"name\":\"ckl\",\"@id\":\"https:\\\/\\\/cklcomunicaciones.es\\\/coop\\\/#\\\/schema\\\/person\\\/929a6837f7626450bbb50cee1aef266e\"},\"headline\":\"Noticias Info CKL n\u00ba 1.981 &#8211; 15\\\/09\\\/17\",\"datePublished\":\"2017-09-15T12:23:06+00:00\",\"dateModified\":\"2025-01-17T15:37:44+00:00\",\"mainEntityOfPage\":{\"@id\":\"https:\\\/\\\/cklcomunicaciones.es\\\/coop\\\/15-09-2017\\\/\"},\"wordCount\":1862,\"articleSection\":[\"Newsletter\",\"Nwl v2.0\"],\"inLanguage\":\"es\"},{\"@type\":\"WebPage\",\"@id\":\"https:\\\/\\\/cklcomunicaciones.es\\\/coop\\\/15-09-2017\\\/\",\"url\":\"https:\\\/\\\/cklcomunicaciones.es\\\/coop\\\/15-09-2017\\\/\",\"name\":\"Noticias Info CKL n\u00ba 1.981 - 15\\\/09\\\/17\",\"isPartOf\":{\"@id\":\"https:\\\/\\\/cklcomunicaciones.es\\\/coop\\\/#website\"},\"datePublished\":\"2017-09-15T12:23:06+00:00\",\"dateModified\":\"2025-01-17T15:37:44+00:00\",\"author\":{\"@id\":\"https:\\\/\\\/cklcomunicaciones.es\\\/coop\\\/#\\\/schema\\\/person\\\/929a6837f7626450bbb50cee1aef266e\"},\"description\":\"Noticias Info CKL n\u00ba 1.981 - 15\\\/09\\\/17\",\"breadcrumb\":{\"@id\":\"https:\\\/\\\/cklcomunicaciones.es\\\/coop\\\/15-09-2017\\\/#breadcrumb\"},\"inLanguage\":\"es\",\"potentialAction\":[{\"@type\":\"ReadAction\",\"target\":[\"https:\\\/\\\/cklcomunicaciones.es\\\/coop\\\/15-09-2017\\\/\"]}]},{\"@type\":\"BreadcrumbList\",\"@id\":\"https:\\\/\\\/cklcomunicaciones.es\\\/coop\\\/15-09-2017\\\/#breadcrumb\",\"itemListElement\":[{\"@type\":\"ListItem\",\"position\":1,\"name\":\"Portada\",\"item\":\"https:\\\/\\\/cklcomunicaciones.es\\\/coop\\\/\"},{\"@type\":\"ListItem\",\"position\":2,\"name\":\"Noticias Info CKL n\u00ba 1.981 &#8211; 15\\\/09\\\/17\"}]},{\"@type\":\"WebSite\",\"@id\":\"https:\\\/\\\/cklcomunicaciones.es\\\/coop\\\/#website\",\"url\":\"https:\\\/\\\/cklcomunicaciones.es\\\/coop\\\/\",\"name\":\"CKL Comunicaciones\",\"description\":\"Sitio web de CKL Comunicaciones coop , la consultora de comunicaci\u00f3n y estrategia\",\"potentialAction\":[{\"@type\":\"SearchAction\",\"target\":{\"@type\":\"EntryPoint\",\"urlTemplate\":\"https:\\\/\\\/cklcomunicaciones.es\\\/coop\\\/?s={search_term_string}\"},\"query-input\":{\"@type\":\"PropertyValueSpecification\",\"valueRequired\":true,\"valueName\":\"search_term_string\"}}],\"inLanguage\":\"es\"},{\"@type\":\"Person\",\"@id\":\"https:\\\/\\\/cklcomunicaciones.es\\\/coop\\\/#\\\/schema\\\/person\\\/929a6837f7626450bbb50cee1aef266e\",\"name\":\"ckl\",\"image\":{\"@type\":\"ImageObject\",\"inLanguage\":\"es\",\"@id\":\"https:\\\/\\\/secure.gravatar.com\\\/avatar\\\/c82db564e8a669bf6023357a157b9dc4780f4d4c618f2ad1d71a6a5dede45057?s=96&d=mm&r=g\",\"url\":\"https:\\\/\\\/secure.gravatar.com\\\/avatar\\\/c82db564e8a669bf6023357a157b9dc4780f4d4c618f2ad1d71a6a5dede45057?s=96&d=mm&r=g\",\"contentUrl\":\"https:\\\/\\\/secure.gravatar.com\\\/avatar\\\/c82db564e8a669bf6023357a157b9dc4780f4d4c618f2ad1d71a6a5dede45057?s=96&d=mm&r=g\",\"caption\":\"ckl\"},\"url\":\"https:\\\/\\\/cklcomunicaciones.es\\\/coop\\\/author\\\/cklcomunicaciones\\\/\"}]}<\/script>\n<!-- \/ Yoast SEO plugin. -->","yoast_head_json":{"title":"Noticias Info CKL n\u00ba 1.981 - 15\/09\/17","description":"Noticias Info CKL n\u00ba 1.981 - 15\/09\/17","robots":{"index":"index","follow":"follow","max-snippet":"max-snippet:-1","max-image-preview":"max-image-preview:large","max-video-preview":"max-video-preview:-1"},"canonical":"https:\/\/cklcomunicaciones.es\/coop\/15-09-2017\/","og_locale":"es_ES","og_type":"article","og_title":"Noticias Info CKL n\u00ba 1.981 - 15\/09\/17","og_description":"Noticias Info CKL n\u00ba 1.981 - 15\/09\/17","og_url":"https:\/\/cklcomunicaciones.es\/coop\/15-09-2017\/","og_site_name":"CKL Comunicaciones","article_published_time":"2017-09-15T12:23:06+00:00","article_modified_time":"2025-01-17T15:37:44+00:00","og_image":[{"width":1200,"height":676,"url":"https:\/\/cklcomunicaciones.es\/coop\/wp-content\/uploads\/2021\/04\/CKL-MiradaDistinta-newsletter2021_1200-x-675.jpg","type":"image\/jpeg"}],"author":"ckl","twitter_card":"summary_large_image","twitter_misc":{"Escrito por":"ckl","Tiempo de lectura":"9 minutos"},"schema":{"@context":"https:\/\/schema.org","@graph":[{"@type":"Article","@id":"https:\/\/cklcomunicaciones.es\/coop\/15-09-2017\/#article","isPartOf":{"@id":"https:\/\/cklcomunicaciones.es\/coop\/15-09-2017\/"},"author":{"name":"ckl","@id":"https:\/\/cklcomunicaciones.es\/coop\/#\/schema\/person\/929a6837f7626450bbb50cee1aef266e"},"headline":"Noticias Info CKL n\u00ba 1.981 &#8211; 15\/09\/17","datePublished":"2017-09-15T12:23:06+00:00","dateModified":"2025-01-17T15:37:44+00:00","mainEntityOfPage":{"@id":"https:\/\/cklcomunicaciones.es\/coop\/15-09-2017\/"},"wordCount":1862,"articleSection":["Newsletter","Nwl v2.0"],"inLanguage":"es"},{"@type":"WebPage","@id":"https:\/\/cklcomunicaciones.es\/coop\/15-09-2017\/","url":"https:\/\/cklcomunicaciones.es\/coop\/15-09-2017\/","name":"Noticias Info CKL n\u00ba 1.981 - 15\/09\/17","isPartOf":{"@id":"https:\/\/cklcomunicaciones.es\/coop\/#website"},"datePublished":"2017-09-15T12:23:06+00:00","dateModified":"2025-01-17T15:37:44+00:00","author":{"@id":"https:\/\/cklcomunicaciones.es\/coop\/#\/schema\/person\/929a6837f7626450bbb50cee1aef266e"},"description":"Noticias Info CKL n\u00ba 1.981 - 15\/09\/17","breadcrumb":{"@id":"https:\/\/cklcomunicaciones.es\/coop\/15-09-2017\/#breadcrumb"},"inLanguage":"es","potentialAction":[{"@type":"ReadAction","target":["https:\/\/cklcomunicaciones.es\/coop\/15-09-2017\/"]}]},{"@type":"BreadcrumbList","@id":"https:\/\/cklcomunicaciones.es\/coop\/15-09-2017\/#breadcrumb","itemListElement":[{"@type":"ListItem","position":1,"name":"Portada","item":"https:\/\/cklcomunicaciones.es\/coop\/"},{"@type":"ListItem","position":2,"name":"Noticias Info CKL n\u00ba 1.981 &#8211; 15\/09\/17"}]},{"@type":"WebSite","@id":"https:\/\/cklcomunicaciones.es\/coop\/#website","url":"https:\/\/cklcomunicaciones.es\/coop\/","name":"CKL Comunicaciones","description":"Sitio web de CKL Comunicaciones coop , la consultora de comunicaci\u00f3n y estrategia","potentialAction":[{"@type":"SearchAction","target":{"@type":"EntryPoint","urlTemplate":"https:\/\/cklcomunicaciones.es\/coop\/?s={search_term_string}"},"query-input":{"@type":"PropertyValueSpecification","valueRequired":true,"valueName":"search_term_string"}}],"inLanguage":"es"},{"@type":"Person","@id":"https:\/\/cklcomunicaciones.es\/coop\/#\/schema\/person\/929a6837f7626450bbb50cee1aef266e","name":"ckl","image":{"@type":"ImageObject","inLanguage":"es","@id":"https:\/\/secure.gravatar.com\/avatar\/c82db564e8a669bf6023357a157b9dc4780f4d4c618f2ad1d71a6a5dede45057?s=96&d=mm&r=g","url":"https:\/\/secure.gravatar.com\/avatar\/c82db564e8a669bf6023357a157b9dc4780f4d4c618f2ad1d71a6a5dede45057?s=96&d=mm&r=g","contentUrl":"https:\/\/secure.gravatar.com\/avatar\/c82db564e8a669bf6023357a157b9dc4780f4d4c618f2ad1d71a6a5dede45057?s=96&d=mm&r=g","caption":"ckl"},"url":"https:\/\/cklcomunicaciones.es\/coop\/author\/cklcomunicaciones\/"}]}},"_links":{"self":[{"href":"https:\/\/cklcomunicaciones.es\/coop\/wp-json\/wp\/v2\/posts\/11418","targetHints":{"allow":["GET"]}}],"collection":[{"href":"https:\/\/cklcomunicaciones.es\/coop\/wp-json\/wp\/v2\/posts"}],"about":[{"href":"https:\/\/cklcomunicaciones.es\/coop\/wp-json\/wp\/v2\/types\/post"}],"author":[{"embeddable":true,"href":"https:\/\/cklcomunicaciones.es\/coop\/wp-json\/wp\/v2\/users\/3"}],"replies":[{"embeddable":true,"href":"https:\/\/cklcomunicaciones.es\/coop\/wp-json\/wp\/v2\/comments?post=11418"}],"version-history":[{"count":0,"href":"https:\/\/cklcomunicaciones.es\/coop\/wp-json\/wp\/v2\/posts\/11418\/revisions"}],"wp:attachment":[{"href":"https:\/\/cklcomunicaciones.es\/coop\/wp-json\/wp\/v2\/media?parent=11418"}],"wp:term":[{"taxonomy":"category","embeddable":true,"href":"https:\/\/cklcomunicaciones.es\/coop\/wp-json\/wp\/v2\/categories?post=11418"},{"taxonomy":"post_tag","embeddable":true,"href":"https:\/\/cklcomunicaciones.es\/coop\/wp-json\/wp\/v2\/tags?post=11418"}],"curies":[{"name":"wp","href":"https:\/\/api.w.org\/{rel}","templated":true}]}}