{"id":11073,"date":"2017-08-15T18:27:32","date_gmt":"2017-08-15T16:27:32","guid":{"rendered":"http:\/\/www.cklcomunicaciones.es\/?page_id=11073"},"modified":"2025-01-16T12:38:19","modified_gmt":"2025-01-16T11:38:19","slug":"direccion-proyectos","status":"publish","type":"post","link":"https:\/\/cklcomunicaciones.es\/coop\/direccion-proyectos\/","title":{"rendered":"Direcci\u00f3n de proyectos"},"content":{"rendered":"<div id=\"pl-11073\" class=\"panel-layout\">\n<div id=\"pg-11073-0\" class=\"panel-grid panel-has-style\" data-style=\"{&quot;padding&quot;:&quot;30px 30px 30px 30px&quot;,&quot;mobile_padding&quot;:&quot;0px 0px 0px 0px&quot;,&quot;background_display&quot;:&quot;tile&quot;,&quot;lsow_dark_bg&quot;:&quot;&quot;,&quot;row_stretch&quot;:&quot;full-stretched&quot;,&quot;cell_alignment&quot;:&quot;flex-start&quot;}\">\n<div class=\"siteorigin-panels-stretch panel-row-style panel-row-style-for-11073-0\" data-stretch-type=\"full-stretched\">\n<div id=\"pgc-11073-0-0\" class=\"panel-grid-cell panel-grid-cell-empty\" data-weight=\"0.100002055921\"><\/div>\n<div id=\"pgc-11073-0-1\" class=\"panel-grid-cell\" data-weight=\"0.15\">\n<div id=\"panel-11073-0-1-0\" class=\"so-panel widget widget_sow-image panel-first-child panel-last-child\" data-index=\"0\" data-style=\"{&quot;background_display&quot;:&quot;tile&quot;}\">\n<div class=\"so-widget-sow-image so-widget-sow-image-default-eef982a7180b\">\n<div class=\"sow-image-container\"><img decoding=\"async\" class=\"lazyload so-widget-image\" src=\"https:\/\/cklcomunicaciones.es\/coop\/wp-content\/uploads\/2017\/06\/direccion-proyectos-ckl.png\" data-orig-src=\"https:\/\/cklcomunicaciones.es\/coop\/wp-content\/uploads\/2017\/06\/direccion-proyectos-ckl.png\" data-sizes=\"auto\" data-orig-sizes=\"(max-width: 295px) 100vw, 295px\" srcset=\"data:image\/svg+xml,%3Csvg%20xmlns%3D%27http%3A%2F%2Fwww.w3.org%2F2000%2Fsvg%27%20width%3D%27295%27%20height%3D%27295%27%20viewBox%3D%270%200%20295%20295%27%3E%3Crect%20width%3D%27295%27%20height%3D%27295%27%20fill-opacity%3D%220%22%2F%3E%3C%2Fsvg%3E\" data-srcset=\"https:\/\/cklcomunicaciones.es\/coop\/wp-content\/uploads\/2017\/06\/direccion-proyectos-ckl.png 295w, https:\/\/cklcomunicaciones.es\/coop\/wp-content\/uploads\/2017\/06\/direccion-proyectos-ckl-150x150.png 150w, https:\/\/cklcomunicaciones.es\/coop\/wp-content\/uploads\/2017\/06\/direccion-proyectos-ckl-180x180.png 180w\" alt=\"director-proyectos\" width=\"295\" height=\"295\" \/><\/div>\n<\/div>\n<\/div>\n<\/div>\n<div id=\"pgc-11073-0-2\" class=\"panel-grid-cell\" data-weight=\"0.499473684211\">\n<div id=\"panel-11073-0-2-0\" class=\"so-panel widget widget_sow-editor panel-first-child panel-last-child\" data-index=\"1\" data-style=\"{&quot;background_display&quot;:&quot;tile&quot;}\">\n<div class=\"so-widget-sow-editor so-widget-sow-editor-base\">\n<div class=\"siteorigin-widget-tinymce textwidget\">\n<p><span style=\"color: #ff0000;\">CKL Comunicaciones Coop<\/span> desarrolla la direcci\u00f3n de proyectos de sus clientes con el objetivo de lograr los resultados esperados mediante la gesti\u00f3n integral del proceso. Para ello, formaliza una estrategia acorde con la filosof\u00eda del proyecto, crea sinergias, promueve un desarrollo coherente de todas las actuaciones y se implica en la coordinaci\u00f3n del mismo a todos los niveles.<\/p>\n<p>Se elige un procedimiento sencillo y efectivo que facilite la coordinaci\u00f3n y el seguimiento de las acciones, que agilice los canales y los flujos de informaci\u00f3n ascendente, descendente y horizontal y que integre el trabajo de los departamentos y sus responsables, implic\u00e1ndolos en el proyecto.<\/p>\n<p>La direcci\u00f3n de proyectos se realiza desde las nuevas formas de liderazgo que involucran al equipo en la construcci\u00f3n del proyecto, en la toma de decisiones, en la adecuada producci\u00f3n y canalizaci\u00f3n de la informaci\u00f3n, en la organizaci\u00f3n y coordinaci\u00f3n de las actuaciones, en la implementaci\u00f3n y seguimiento del plan de trabajo del proyecto y finalmente en su finalizaci\u00f3n y obtenci\u00f3n de resultados positivos.<\/p>\n<\/div>\n<\/div>\n<\/div>\n<\/div>\n<div id=\"pgc-11073-0-3\" class=\"panel-grid-cell panel-grid-cell-mobile-last\" data-weight=\"0.150526315789\">\n<div id=\"panel-11073-0-3-0\" class=\"so-panel widget widget_mo-button panel-first-child panel-last-child\" data-index=\"2\">\n<div class=\"so-widget-mo-button so-widget-mo-button-default-d75171398898\">\n<div style=\"text-align: center; float: center;\"><a class=\"button red rounded\" href=\"https:\/\/cklcomunicaciones.es\/coop\/porfolio\/\" target=\"_blank\" rel=\"noopener\">M\u00e1s servicios<\/a><\/div>\n<\/div>\n<\/div>\n<\/div>\n<div id=\"pgc-11073-0-4\" class=\"panel-grid-cell panel-grid-cell-empty\" data-weight=\"0.0999979440789\"><\/div>\n<\/div>\n<\/div>\n<\/div>\n","protected":false},"excerpt":{"rendered":"<p>CKL Comunicaciones Coop desarrolla la direcci\u00f3n de proyectos de sus <a href=\"https:\/\/cklcomunicaciones.es\/coop\/direccion-proyectos\/\">[&#8230;]<\/a><\/p>\n","protected":false},"author":3,"featured_media":8446,"comment_status":"closed","ping_status":"closed","sticky":false,"template":"","format":"standard","meta":{"footnotes":""},"categories":[617,611],"tags":[],"class_list":["post-11073","post","type-post","status-publish","format-standard","has-post-thumbnail","hentry","category-617","category-servicios"],"yoast_head":"<!-- This site is optimized with the Yoast SEO plugin v27.5 - https:\/\/yoast.com\/product\/yoast-seo-wordpress\/ -->\n<title>Asumimos la direcci\u00f3n de proyectos con t\u00e9cnicas de liderazgo<\/title>\n<meta name=\"description\" content=\"CKL asume de forma \u00edntegra la direcci\u00f3n de proyectos. Empleamos nuevas formas de liderazgo que involucran a los equipos y coordinamos todas las acciones.\" \/>\n<meta name=\"robots\" content=\"index, follow, max-snippet:-1, max-image-preview:large, max-video-preview:-1\" \/>\n<link rel=\"canonical\" href=\"https:\/\/cklcomunicaciones.es\/coop\/direccion-proyectos\/\" \/>\n<meta property=\"og:locale\" content=\"es_ES\" \/>\n<meta property=\"og:type\" content=\"article\" \/>\n<meta property=\"og:title\" content=\"Asumimos la direcci\u00f3n de proyectos con t\u00e9cnicas de liderazgo\" \/>\n<meta property=\"og:description\" content=\"CKL asume de forma \u00edntegra la direcci\u00f3n de proyectos. Empleamos nuevas formas de liderazgo que involucran a los equipos y coordinamos todas las acciones.\" \/>\n<meta property=\"og:url\" content=\"https:\/\/cklcomunicaciones.es\/coop\/direccion-proyectos\/\" \/>\n<meta property=\"og:site_name\" content=\"CKL Comunicaciones\" \/>\n<meta property=\"article:published_time\" content=\"2017-08-15T16:27:32+00:00\" \/>\n<meta property=\"article:modified_time\" content=\"2025-01-16T11:38:19+00:00\" \/>\n<meta property=\"og:image\" content=\"https:\/\/cklcomunicaciones.es\/coop\/wp-content\/uploads\/2017\/06\/direccion-proyectos-ckl.png\" \/>\n\t<meta property=\"og:image:width\" content=\"295\" \/>\n\t<meta property=\"og:image:height\" content=\"295\" \/>\n\t<meta property=\"og:image:type\" content=\"image\/png\" \/>\n<meta name=\"author\" content=\"ckl\" \/>\n<meta name=\"twitter:card\" content=\"summary_large_image\" \/>\n<meta name=\"twitter:label1\" content=\"Escrito por\" \/>\n\t<meta name=\"twitter:data1\" content=\"ckl\" \/>\n\t<meta name=\"twitter:label2\" content=\"Tiempo de lectura\" \/>\n\t<meta name=\"twitter:data2\" content=\"2 minutos\" \/>\n<script type=\"application\/ld+json\" class=\"yoast-schema-graph\">{\"@context\":\"https:\\\/\\\/schema.org\",\"@graph\":[{\"@type\":\"Article\",\"@id\":\"https:\\\/\\\/cklcomunicaciones.es\\\/coop\\\/direccion-proyectos\\\/#article\",\"isPartOf\":{\"@id\":\"https:\\\/\\\/cklcomunicaciones.es\\\/coop\\\/direccion-proyectos\\\/\"},\"author\":{\"name\":\"ckl\",\"@id\":\"https:\\\/\\\/cklcomunicaciones.es\\\/coop\\\/#\\\/schema\\\/person\\\/929a6837f7626450bbb50cee1aef266e\"},\"headline\":\"Direcci\u00f3n de proyectos\",\"datePublished\":\"2017-08-15T16:27:32+00:00\",\"dateModified\":\"2025-01-16T11:38:19+00:00\",\"mainEntityOfPage\":{\"@id\":\"https:\\\/\\\/cklcomunicaciones.es\\\/coop\\\/direccion-proyectos\\\/\"},\"wordCount\":191,\"image\":{\"@id\":\"https:\\\/\\\/cklcomunicaciones.es\\\/coop\\\/direccion-proyectos\\\/#primaryimage\"},\"thumbnailUrl\":\"https:\\\/\\\/cklcomunicaciones.es\\\/coop\\\/wp-content\\\/uploads\\\/2017\\\/06\\\/direccion-proyectos-ckl.png\",\"articleSection\":[\"360\u00ba\",\"Servicios\"],\"inLanguage\":\"es\"},{\"@type\":\"WebPage\",\"@id\":\"https:\\\/\\\/cklcomunicaciones.es\\\/coop\\\/direccion-proyectos\\\/\",\"url\":\"https:\\\/\\\/cklcomunicaciones.es\\\/coop\\\/direccion-proyectos\\\/\",\"name\":\"Asumimos la direcci\u00f3n de proyectos con t\u00e9cnicas de liderazgo\",\"isPartOf\":{\"@id\":\"https:\\\/\\\/cklcomunicaciones.es\\\/coop\\\/#website\"},\"primaryImageOfPage\":{\"@id\":\"https:\\\/\\\/cklcomunicaciones.es\\\/coop\\\/direccion-proyectos\\\/#primaryimage\"},\"image\":{\"@id\":\"https:\\\/\\\/cklcomunicaciones.es\\\/coop\\\/direccion-proyectos\\\/#primaryimage\"},\"thumbnailUrl\":\"https:\\\/\\\/cklcomunicaciones.es\\\/coop\\\/wp-content\\\/uploads\\\/2017\\\/06\\\/direccion-proyectos-ckl.png\",\"datePublished\":\"2017-08-15T16:27:32+00:00\",\"dateModified\":\"2025-01-16T11:38:19+00:00\",\"author\":{\"@id\":\"https:\\\/\\\/cklcomunicaciones.es\\\/coop\\\/#\\\/schema\\\/person\\\/929a6837f7626450bbb50cee1aef266e\"},\"description\":\"CKL asume de forma \u00edntegra la direcci\u00f3n de proyectos. Empleamos nuevas formas de liderazgo que involucran a los equipos y coordinamos todas las acciones.\",\"breadcrumb\":{\"@id\":\"https:\\\/\\\/cklcomunicaciones.es\\\/coop\\\/direccion-proyectos\\\/#breadcrumb\"},\"inLanguage\":\"es\",\"potentialAction\":[{\"@type\":\"ReadAction\",\"target\":[\"https:\\\/\\\/cklcomunicaciones.es\\\/coop\\\/direccion-proyectos\\\/\"]}]},{\"@type\":\"ImageObject\",\"inLanguage\":\"es\",\"@id\":\"https:\\\/\\\/cklcomunicaciones.es\\\/coop\\\/direccion-proyectos\\\/#primaryimage\",\"url\":\"https:\\\/\\\/cklcomunicaciones.es\\\/coop\\\/wp-content\\\/uploads\\\/2017\\\/06\\\/direccion-proyectos-ckl.png\",\"contentUrl\":\"https:\\\/\\\/cklcomunicaciones.es\\\/coop\\\/wp-content\\\/uploads\\\/2017\\\/06\\\/direccion-proyectos-ckl.png\",\"width\":295,\"height\":295,\"caption\":\"director-proyectos\"},{\"@type\":\"BreadcrumbList\",\"@id\":\"https:\\\/\\\/cklcomunicaciones.es\\\/coop\\\/direccion-proyectos\\\/#breadcrumb\",\"itemListElement\":[{\"@type\":\"ListItem\",\"position\":1,\"name\":\"Portada\",\"item\":\"https:\\\/\\\/cklcomunicaciones.es\\\/coop\\\/\"},{\"@type\":\"ListItem\",\"position\":2,\"name\":\"Direcci\u00f3n de proyectos\"}]},{\"@type\":\"WebSite\",\"@id\":\"https:\\\/\\\/cklcomunicaciones.es\\\/coop\\\/#website\",\"url\":\"https:\\\/\\\/cklcomunicaciones.es\\\/coop\\\/\",\"name\":\"CKL Comunicaciones\",\"description\":\"Sitio web de CKL Comunicaciones coop , la consultora de comunicaci\u00f3n y estrategia\",\"potentialAction\":[{\"@type\":\"SearchAction\",\"target\":{\"@type\":\"EntryPoint\",\"urlTemplate\":\"https:\\\/\\\/cklcomunicaciones.es\\\/coop\\\/?s={search_term_string}\"},\"query-input\":{\"@type\":\"PropertyValueSpecification\",\"valueRequired\":true,\"valueName\":\"search_term_string\"}}],\"inLanguage\":\"es\"},{\"@type\":\"Person\",\"@id\":\"https:\\\/\\\/cklcomunicaciones.es\\\/coop\\\/#\\\/schema\\\/person\\\/929a6837f7626450bbb50cee1aef266e\",\"name\":\"ckl\",\"image\":{\"@type\":\"ImageObject\",\"inLanguage\":\"es\",\"@id\":\"https:\\\/\\\/secure.gravatar.com\\\/avatar\\\/c82db564e8a669bf6023357a157b9dc4780f4d4c618f2ad1d71a6a5dede45057?s=96&d=mm&r=g\",\"url\":\"https:\\\/\\\/secure.gravatar.com\\\/avatar\\\/c82db564e8a669bf6023357a157b9dc4780f4d4c618f2ad1d71a6a5dede45057?s=96&d=mm&r=g\",\"contentUrl\":\"https:\\\/\\\/secure.gravatar.com\\\/avatar\\\/c82db564e8a669bf6023357a157b9dc4780f4d4c618f2ad1d71a6a5dede45057?s=96&d=mm&r=g\",\"caption\":\"ckl\"},\"url\":\"https:\\\/\\\/cklcomunicaciones.es\\\/coop\\\/author\\\/cklcomunicaciones\\\/\"}]}<\/script>\n<!-- \/ Yoast SEO plugin. -->","yoast_head_json":{"title":"Asumimos la direcci\u00f3n de proyectos con t\u00e9cnicas de liderazgo","description":"CKL asume de forma \u00edntegra la direcci\u00f3n de proyectos. Empleamos nuevas formas de liderazgo que involucran a los equipos y coordinamos todas las acciones.","robots":{"index":"index","follow":"follow","max-snippet":"max-snippet:-1","max-image-preview":"max-image-preview:large","max-video-preview":"max-video-preview:-1"},"canonical":"https:\/\/cklcomunicaciones.es\/coop\/direccion-proyectos\/","og_locale":"es_ES","og_type":"article","og_title":"Asumimos la direcci\u00f3n de proyectos con t\u00e9cnicas de liderazgo","og_description":"CKL asume de forma \u00edntegra la direcci\u00f3n de proyectos. Empleamos nuevas formas de liderazgo que involucran a los equipos y coordinamos todas las acciones.","og_url":"https:\/\/cklcomunicaciones.es\/coop\/direccion-proyectos\/","og_site_name":"CKL Comunicaciones","article_published_time":"2017-08-15T16:27:32+00:00","article_modified_time":"2025-01-16T11:38:19+00:00","og_image":[{"width":295,"height":295,"url":"https:\/\/cklcomunicaciones.es\/coop\/wp-content\/uploads\/2017\/06\/direccion-proyectos-ckl.png","type":"image\/png"}],"author":"ckl","twitter_card":"summary_large_image","twitter_misc":{"Escrito por":"ckl","Tiempo de lectura":"2 minutos"},"schema":{"@context":"https:\/\/schema.org","@graph":[{"@type":"Article","@id":"https:\/\/cklcomunicaciones.es\/coop\/direccion-proyectos\/#article","isPartOf":{"@id":"https:\/\/cklcomunicaciones.es\/coop\/direccion-proyectos\/"},"author":{"name":"ckl","@id":"https:\/\/cklcomunicaciones.es\/coop\/#\/schema\/person\/929a6837f7626450bbb50cee1aef266e"},"headline":"Direcci\u00f3n de proyectos","datePublished":"2017-08-15T16:27:32+00:00","dateModified":"2025-01-16T11:38:19+00:00","mainEntityOfPage":{"@id":"https:\/\/cklcomunicaciones.es\/coop\/direccion-proyectos\/"},"wordCount":191,"image":{"@id":"https:\/\/cklcomunicaciones.es\/coop\/direccion-proyectos\/#primaryimage"},"thumbnailUrl":"https:\/\/cklcomunicaciones.es\/coop\/wp-content\/uploads\/2017\/06\/direccion-proyectos-ckl.png","articleSection":["360\u00ba","Servicios"],"inLanguage":"es"},{"@type":"WebPage","@id":"https:\/\/cklcomunicaciones.es\/coop\/direccion-proyectos\/","url":"https:\/\/cklcomunicaciones.es\/coop\/direccion-proyectos\/","name":"Asumimos la direcci\u00f3n de proyectos con t\u00e9cnicas de liderazgo","isPartOf":{"@id":"https:\/\/cklcomunicaciones.es\/coop\/#website"},"primaryImageOfPage":{"@id":"https:\/\/cklcomunicaciones.es\/coop\/direccion-proyectos\/#primaryimage"},"image":{"@id":"https:\/\/cklcomunicaciones.es\/coop\/direccion-proyectos\/#primaryimage"},"thumbnailUrl":"https:\/\/cklcomunicaciones.es\/coop\/wp-content\/uploads\/2017\/06\/direccion-proyectos-ckl.png","datePublished":"2017-08-15T16:27:32+00:00","dateModified":"2025-01-16T11:38:19+00:00","author":{"@id":"https:\/\/cklcomunicaciones.es\/coop\/#\/schema\/person\/929a6837f7626450bbb50cee1aef266e"},"description":"CKL asume de forma \u00edntegra la direcci\u00f3n de proyectos. Empleamos nuevas formas de liderazgo que involucran a los equipos y coordinamos todas las acciones.","breadcrumb":{"@id":"https:\/\/cklcomunicaciones.es\/coop\/direccion-proyectos\/#breadcrumb"},"inLanguage":"es","potentialAction":[{"@type":"ReadAction","target":["https:\/\/cklcomunicaciones.es\/coop\/direccion-proyectos\/"]}]},{"@type":"ImageObject","inLanguage":"es","@id":"https:\/\/cklcomunicaciones.es\/coop\/direccion-proyectos\/#primaryimage","url":"https:\/\/cklcomunicaciones.es\/coop\/wp-content\/uploads\/2017\/06\/direccion-proyectos-ckl.png","contentUrl":"https:\/\/cklcomunicaciones.es\/coop\/wp-content\/uploads\/2017\/06\/direccion-proyectos-ckl.png","width":295,"height":295,"caption":"director-proyectos"},{"@type":"BreadcrumbList","@id":"https:\/\/cklcomunicaciones.es\/coop\/direccion-proyectos\/#breadcrumb","itemListElement":[{"@type":"ListItem","position":1,"name":"Portada","item":"https:\/\/cklcomunicaciones.es\/coop\/"},{"@type":"ListItem","position":2,"name":"Direcci\u00f3n de proyectos"}]},{"@type":"WebSite","@id":"https:\/\/cklcomunicaciones.es\/coop\/#website","url":"https:\/\/cklcomunicaciones.es\/coop\/","name":"CKL Comunicaciones","description":"Sitio web de CKL Comunicaciones coop , la consultora de comunicaci\u00f3n y estrategia","potentialAction":[{"@type":"SearchAction","target":{"@type":"EntryPoint","urlTemplate":"https:\/\/cklcomunicaciones.es\/coop\/?s={search_term_string}"},"query-input":{"@type":"PropertyValueSpecification","valueRequired":true,"valueName":"search_term_string"}}],"inLanguage":"es"},{"@type":"Person","@id":"https:\/\/cklcomunicaciones.es\/coop\/#\/schema\/person\/929a6837f7626450bbb50cee1aef266e","name":"ckl","image":{"@type":"ImageObject","inLanguage":"es","@id":"https:\/\/secure.gravatar.com\/avatar\/c82db564e8a669bf6023357a157b9dc4780f4d4c618f2ad1d71a6a5dede45057?s=96&d=mm&r=g","url":"https:\/\/secure.gravatar.com\/avatar\/c82db564e8a669bf6023357a157b9dc4780f4d4c618f2ad1d71a6a5dede45057?s=96&d=mm&r=g","contentUrl":"https:\/\/secure.gravatar.com\/avatar\/c82db564e8a669bf6023357a157b9dc4780f4d4c618f2ad1d71a6a5dede45057?s=96&d=mm&r=g","caption":"ckl"},"url":"https:\/\/cklcomunicaciones.es\/coop\/author\/cklcomunicaciones\/"}]}},"_links":{"self":[{"href":"https:\/\/cklcomunicaciones.es\/coop\/wp-json\/wp\/v2\/posts\/11073","targetHints":{"allow":["GET"]}}],"collection":[{"href":"https:\/\/cklcomunicaciones.es\/coop\/wp-json\/wp\/v2\/posts"}],"about":[{"href":"https:\/\/cklcomunicaciones.es\/coop\/wp-json\/wp\/v2\/types\/post"}],"author":[{"embeddable":true,"href":"https:\/\/cklcomunicaciones.es\/coop\/wp-json\/wp\/v2\/users\/3"}],"replies":[{"embeddable":true,"href":"https:\/\/cklcomunicaciones.es\/coop\/wp-json\/wp\/v2\/comments?post=11073"}],"version-history":[{"count":0,"href":"https:\/\/cklcomunicaciones.es\/coop\/wp-json\/wp\/v2\/posts\/11073\/revisions"}],"wp:featuredmedia":[{"embeddable":true,"href":"https:\/\/cklcomunicaciones.es\/coop\/wp-json\/wp\/v2\/media\/8446"}],"wp:attachment":[{"href":"https:\/\/cklcomunicaciones.es\/coop\/wp-json\/wp\/v2\/media?parent=11073"}],"wp:term":[{"taxonomy":"category","embeddable":true,"href":"https:\/\/cklcomunicaciones.es\/coop\/wp-json\/wp\/v2\/categories?post=11073"},{"taxonomy":"post_tag","embeddable":true,"href":"https:\/\/cklcomunicaciones.es\/coop\/wp-json\/wp\/v2\/tags?post=11073"}],"curies":[{"name":"wp","href":"https:\/\/api.w.org\/{rel}","templated":true}]}}